{"id":1922,"date":"2021-04-01T17:21:51","date_gmt":"2021-04-01T17:21:51","guid":{"rendered":"https:\/\/www.africa-press.net\/cameroun\/politique\/cameroun-can-2021-le-ministre-des-sports-et-de-leducation-physique-nomme-le-directeur-du-tournoi-et-ses-adjoints"},"modified":"2021-04-01T22:30:39","modified_gmt":"2021-04-01T22:30:39","slug":"cameroun-can-2021-le-ministre-des-sports-et-de-leducation-physique-nomme-le-directeur-du-tournoi-et-ses-adjoints","status":"publish","type":"post","link":"https:\/\/www.africa-press.net\/cameroun\/sports\/cameroun-can-2021-le-ministre-des-sports-et-de-leducation-physique-nomme-le-directeur-du-tournoi-et-ses-adjoints","title":{"rendered":"Cameroun &#8211; CAN 2021: Le ministre des Sports et de l\u2019Education Physique nomme le directeur du tournoi et ses adjoints"},"content":{"rendered":"<p><span style=\"color: #ff6600\"><strong><a href=\"https:\/\/www.africa-press.net\/\">Africa-Press<\/a> &#8211; <a href=\"https:\/\/www.africa-press.net\/cameroun\">Cameroun<\/a>. <\/strong><\/span><b>Narcisse Mouelle Kombi <\/b>, le ministre des Sports et de l\u2019Education Physique, qui est aussi le pr\u00e9sident du comit\u00e9 local d\u2019organisation du CHAN 2020 et de la CAN 2021, vient de renouveler sa confiance \u00e0 Michel Dissake Mbarga. Le directeur du tournoi du 6\u00e8me Championnat d\u2019Afrique des Nations de football (CHAN) a \u00e9t\u00e9 port\u00e9 \u00e0 la t\u00eate de l\u2019organisation de la Coupe d\u2019Afrique des Nations ce 1er Avril 2021. Comme pour lui, la note qui nomme ses adjoints, David Ojong et Paul Mebizo\u2019o, a \u00e9t\u00e9 lue au journal de 13 heures du Poste National de la CRTV ce 1er avril 2021. Cet acte est pris deux jours apr\u00e8s la dissolution de la direction du Tournoi CHAN, des Commissions techniques centrales et des Comit\u00e9s de sites constat\u00e9e le 30 mars 2021, \u00e0 travers une d\u00e9cision \u00e9crite sign\u00e9e du ministre des Sports et de l\u2019Education Physique par ailleurs pr\u00e9sident du comit\u00e9 d\u2019organisation local du Championnat d\u2019Afrique des Nations TOTAL 2020 et de la Coupe d\u2019Afrique des Nations 2021.<\/p>\n<p>Le lundi 28 mars 2021, le ministre des Sports et de l\u2019Education Physique Narcisse Mouelle Kombi avait re\u00e7u, de fa\u00e7on officielle et conform\u00e9ment aux dispositions statutaires du Comit\u00e9 d\u2019organisation du Championnat d\u2019Afrique des Nations (CHAN) 2020 et de la Coupe d\u2019Afrique des Nations (CHAN) 2021, le Rapport G\u00e9n\u00e9ral du Championnat d&rsquo;Afrique des Nations CHAN TOTAL CAMEROUN 2020, des mains de Michel DISSAKE MBARGA, le directeur du Tournoi.<\/p>\n<p>Selon Narcisse Mouelle Kombi, cette action marquait \u00abla fin des activit\u00e9s et la dissolution ipso jur\u00e9, c&rsquo;est-\u00e0-dire de plein droit, des organes techniques du COCAN dans le cadre de l&rsquo;organisation du Championnat d&rsquo;Afrique des Nations de Football CHAN\u00bb. Il indiquait que les prochains jours seraient consacr\u00e9s \u00e0 la mise sur pied de l&rsquo;\u00e9quipe devant \u0153uvrer \u00e0 l&rsquo;organisation prochaine de la Coupe d&rsquo;Afrique des Nations de Football CAN CAMEROUN 2021. Le comit\u00e9 d\u2019organisation local du Championnat d\u2019Afrique des Nations TOTAL 2020 et de la Coupe d\u2019Afrique des Nations 2021 avait \u00e9t\u00e9 cr\u00e9\u00e9 le 4 juin 2019 par d\u00e9cret du pr\u00e9sident de la R\u00e9publique.<\/p>\n<p>Ce comit\u00e9 dont l\u2019appellation abr\u00e9g\u00e9e est \u00abCOCAN 20-21\u00bb rempla\u00e7ait celui que Paul Biya avait mis sur pied en ao\u00fbt 2017. Il avait d\u00fb \u00eatre remplac\u00e9 apr\u00e8s le retrait de la CAN 2019 au Cameroun le 30 novembre 2018 pour cause d\u2019impr\u00e9paration. Il devait jouer le r\u00f4le d\u2019interface entre le COCAN 20-21 et la Conf\u00e9d\u00e9ration Africaine de Football (CAF), assurer la liaison entre les Commissions Techniques et les Comit\u00e9s de Site, organiser et de contr\u00f4ler l\u2019activit\u00e9 des Officiers de Liaison, \u00e9laborer les rapports sur l\u2019\u00e9tat d\u2019avancement des pr\u00e9paratifs du CHAN Total 2020, pr\u00e9parer les r\u00e9unions et d\u2019\u00e9laborer les compte-rendus des sessions du COCAN 20-21, veiller \u00e0 la bonne ex\u00e9cution des d\u00e9cisions du COCAN 20-21, \u00e9laborer les compte-rendus quotidiens du d\u00e9roulement du CHAN Total Cameroun 2020, proposer au COCAN 20-21, toute mesure n\u00e9cessaire au fonctionnement harmonieux des Commissions Techniques et des Comit\u00e9s de site ainsi qu\u2019au bon d\u00e9roulement du CHAN Total 2020, rendre r\u00e9guli\u00e8rement compte de son action au COCAN 20-21 et ex\u00e9cuter toutes autres missions \u00e0 elle confi\u00e9es par le COCAN 20-21.<\/p>\n","protected":false},"excerpt":{"rendered":"<p>Africa-Press &#8211; Cameroun. Narcisse Mouelle Kombi , le ministre des Sports et de l\u2019Education Physique, qui est aussi le pr\u00e9sident du comit\u00e9 local d\u2019organisation du CHAN 2020 et de la CAN 2021, vient de renouveler sa confiance \u00e0 Michel Dissake Mbarga. Le directeur du tournoi du 6\u00e8me Championnat d\u2019Afrique des Nations de football (CHAN) a [&hellip;]<\/p>\n","protected":false},"author":82,"featured_media":1921,"comment_status":"open","ping_status":"closed","sticky":false,"template":"","format":"standard","meta":{"footnotes":""},"categories":[11,6,10],"tags":[36,50,49],"class_list":["post-1922","post","type-post","status-publish","format-standard","has-post-thumbnail","hentry","category-homepage-french","category-sports","category-toutes-les-actualites","tag-africa-press","tag-africa-press-cameroun","tag-cameroun"],"yoast_head":"<!-- This site is optimized with the Yoast SEO Premium plugin v26.1 (Yoast SEO v27.0) - https:\/\/yoast.com\/product\/yoast-seo-premium-wordpress\/ -->\n<title>Cameroun - CAN 2021: Le ministre des Sports et de l\u2019Education Physique nomme le directeur du tournoi et ses adjoints - Cameroun<\/title>\n<meta name=\"description\" content=\"Narcisse Mouelle Kombi , le ministre des Sports et de l\u2019Education Physique, qui est aussi le pr\u00e9sident du comit\u00e9 ...\" \/>\n<meta name=\"robots\" content=\"index, follow, max-snippet:-1, max-image-preview:large, max-video-preview:-1\" \/>\n<link rel=\"canonical\" href=\"https:\/\/www.africa-press.net\/cameroun\/sports\/cameroun-can-2021-le-ministre-des-sports-et-de-leducation-physique-nomme-le-directeur-du-tournoi-et-ses-adjoints\" \/>\n<meta property=\"og:locale\" content=\"fr_FR\" \/>\n<meta property=\"og:type\" content=\"article\" \/>\n<meta property=\"og:title\" content=\"Cameroun - CAN 2021: Le ministre des Sports et de l\u2019Education Physique nomme le directeur du tournoi et ses adjoints\" \/>\n<meta property=\"og:description\" content=\"Narcisse Mouelle Kombi , le ministre des Sports et de l\u2019Education Physique, qui est aussi le pr\u00e9sident du comit\u00e9 ...\" \/>\n<meta property=\"og:url\" content=\"https:\/\/www.africa-press.net\/cameroun\/sports\/cameroun-can-2021-le-ministre-des-sports-et-de-leducation-physique-nomme-le-directeur-du-tournoi-et-ses-adjoints\" \/>\n<meta property=\"og:site_name\" content=\"Cameroun\" \/>\n<meta property=\"article:published_time\" content=\"2021-04-01T17:21:51+00:00\" \/>\n<meta property=\"article:modified_time\" content=\"2021-04-01T22:30:39+00:00\" \/>\n<meta property=\"og:image\" content=\"https:\/\/static.africa-press.net\/cameroun\/sites\/57\/2021\/04\/img-60664249dcbb9.jpg\" \/>\n\t<meta property=\"og:image:width\" content=\"800\" \/>\n\t<meta property=\"og:image:height\" content=\"779\" \/>\n\t<meta property=\"og:image:type\" content=\"image\/jpeg\" \/>\n<meta name=\"author\" content=\"cfeditorfr\" \/>\n<meta name=\"twitter:card\" content=\"summary_large_image\" \/>\n<meta name=\"twitter:label1\" content=\"\u00c9crit par\" \/>\n\t<meta name=\"twitter:data1\" content=\"cfeditorfr\" \/>\n\t<meta name=\"twitter:label2\" content=\"Dur\u00e9e de lecture estim\u00e9e\" \/>\n\t<meta name=\"twitter:data2\" content=\"3 minutes\" \/>\n<script type=\"application\/ld+json\" class=\"yoast-schema-graph\">{\"@context\":\"https:\/\/schema.org\",\"@graph\":[{\"@type\":\"Article\",\"@id\":\"https:\/\/www.africa-press.net\/cameroun\/sports\/cameroun-can-2021-le-ministre-des-sports-et-de-leducation-physique-nomme-le-directeur-du-tournoi-et-ses-adjoints#article\",\"isPartOf\":{\"@id\":\"https:\/\/www.africa-press.net\/cameroun\/sports\/cameroun-can-2021-le-ministre-des-sports-et-de-leducation-physique-nomme-le-directeur-du-tournoi-et-ses-adjoints\"},\"author\":{\"name\":\"cfeditorfr\",\"@id\":\"https:\/\/www.africa-press.net\/cameroun\/#\/schema\/person\/2b1cf3cd81a31e3cd26889ca66d677f1\"},\"headline\":\"Cameroun &#8211; CAN 2021: Le ministre des Sports et de l\u2019Education Physique nomme le directeur du tournoi et ses adjoints\",\"datePublished\":\"2021-04-01T17:21:51+00:00\",\"dateModified\":\"2021-04-01T22:30:39+00:00\",\"mainEntityOfPage\":{\"@id\":\"https:\/\/www.africa-press.net\/cameroun\/sports\/cameroun-can-2021-le-ministre-des-sports-et-de-leducation-physique-nomme-le-directeur-du-tournoi-et-ses-adjoints\"},\"wordCount\":570,\"commentCount\":0,\"image\":{\"@id\":\"https:\/\/www.africa-press.net\/cameroun\/sports\/cameroun-can-2021-le-ministre-des-sports-et-de-leducation-physique-nomme-le-directeur-du-tournoi-et-ses-adjoints#primaryimage\"},\"thumbnailUrl\":\"https:\/\/static.africa-press.net\/cameroun\/sites\/57\/2021\/04\/img-60664249dcbb9.jpg\",\"keywords\":[\"Africa Press\",\"Africa Press-Cameroun\",\"Cameroun\"],\"articleSection\":[\"homepage-french\",\"Sports\",\"Toutes les actualit\u00e9s\"],\"inLanguage\":\"fr-FR\",\"potentialAction\":[{\"@type\":\"CommentAction\",\"name\":\"Comment\",\"target\":[\"https:\/\/www.africa-press.net\/cameroun\/sports\/cameroun-can-2021-le-ministre-des-sports-et-de-leducation-physique-nomme-le-directeur-du-tournoi-et-ses-adjoints#respond\"]}]},{\"@type\":\"WebPage\",\"@id\":\"https:\/\/www.africa-press.net\/cameroun\/sports\/cameroun-can-2021-le-ministre-des-sports-et-de-leducation-physique-nomme-le-directeur-du-tournoi-et-ses-adjoints\",\"url\":\"https:\/\/www.africa-press.net\/cameroun\/sports\/cameroun-can-2021-le-ministre-des-sports-et-de-leducation-physique-nomme-le-directeur-du-tournoi-et-ses-adjoints\",\"name\":\"Cameroun - CAN 2021: Le ministre des Sports et de l\u2019Education Physique nomme le directeur du tournoi et ses adjoints - Cameroun\",\"isPartOf\":{\"@id\":\"https:\/\/www.africa-press.net\/cameroun\/#website\"},\"primaryImageOfPage\":{\"@id\":\"https:\/\/www.africa-press.net\/cameroun\/sports\/cameroun-can-2021-le-ministre-des-sports-et-de-leducation-physique-nomme-le-directeur-du-tournoi-et-ses-adjoints#primaryimage\"},\"image\":{\"@id\":\"https:\/\/www.africa-press.net\/cameroun\/sports\/cameroun-can-2021-le-ministre-des-sports-et-de-leducation-physique-nomme-le-directeur-du-tournoi-et-ses-adjoints#primaryimage\"},\"thumbnailUrl\":\"https:\/\/static.africa-press.net\/cameroun\/sites\/57\/2021\/04\/img-60664249dcbb9.jpg\",\"datePublished\":\"2021-04-01T17:21:51+00:00\",\"dateModified\":\"2021-04-01T22:30:39+00:00\",\"author\":{\"@id\":\"https:\/\/www.africa-press.net\/cameroun\/#\/schema\/person\/2b1cf3cd81a31e3cd26889ca66d677f1\"},\"description\":\"Narcisse Mouelle Kombi , le ministre des Sports et de l\u2019Education Physique, qui est aussi le pr\u00e9sident du comit\u00e9 ...\",\"breadcrumb\":{\"@id\":\"https:\/\/www.africa-press.net\/cameroun\/sports\/cameroun-can-2021-le-ministre-des-sports-et-de-leducation-physique-nomme-le-directeur-du-tournoi-et-ses-adjoints#breadcrumb\"},\"inLanguage\":\"fr-FR\",\"potentialAction\":[{\"@type\":\"ReadAction\",\"target\":[\"https:\/\/www.africa-press.net\/cameroun\/sports\/cameroun-can-2021-le-ministre-des-sports-et-de-leducation-physique-nomme-le-directeur-du-tournoi-et-ses-adjoints\"]}]},{\"@type\":\"ImageObject\",\"inLanguage\":\"fr-FR\",\"@id\":\"https:\/\/www.africa-press.net\/cameroun\/sports\/cameroun-can-2021-le-ministre-des-sports-et-de-leducation-physique-nomme-le-directeur-du-tournoi-et-ses-adjoints#primaryimage\",\"url\":\"https:\/\/static.africa-press.net\/cameroun\/sites\/57\/2021\/04\/img-60664249dcbb9.jpg\",\"contentUrl\":\"https:\/\/static.africa-press.net\/cameroun\/sites\/57\/2021\/04\/img-60664249dcbb9.jpg\",\"width\":800,\"height\":779,\"caption\":\"Cameroun - CAN 2021: Le ministre des Sports et de l\u2019Education Physique nomme le directeur du tournoi et ses adjoints\"},{\"@type\":\"BreadcrumbList\",\"@id\":\"https:\/\/www.africa-press.net\/cameroun\/sports\/cameroun-can-2021-le-ministre-des-sports-et-de-leducation-physique-nomme-le-directeur-du-tournoi-et-ses-adjoints#breadcrumb\",\"itemListElement\":[{\"@type\":\"ListItem\",\"position\":1,\"name\":\"Accueil\",\"item\":\"https:\/\/www.africa-press.net\/cameroun\/\"},{\"@type\":\"ListItem\",\"position\":2,\"name\":\"Cameroun &#8211; CAN 2021: Le ministre des Sports et de l\u2019Education Physique nomme le directeur du tournoi et ses adjoints\"}]},{\"@type\":\"WebSite\",\"@id\":\"https:\/\/www.africa-press.net\/cameroun\/#website\",\"url\":\"https:\/\/www.africa-press.net\/cameroun\/\",\"name\":\"Cameroun\",\"description\":\"Just another Africa News Agency Sites site\",\"potentialAction\":[{\"@type\":\"SearchAction\",\"target\":{\"@type\":\"EntryPoint\",\"urlTemplate\":\"https:\/\/www.africa-press.net\/cameroun\/?s={search_term_string}\"},\"query-input\":{\"@type\":\"PropertyValueSpecification\",\"valueRequired\":true,\"valueName\":\"search_term_string\"}}],\"inLanguage\":\"fr-FR\"},{\"@type\":\"Person\",\"@id\":\"https:\/\/www.africa-press.net\/cameroun\/#\/schema\/person\/2b1cf3cd81a31e3cd26889ca66d677f1\",\"name\":\"cfeditorfr\"}]}<\/script>\n<!-- \/ Yoast SEO Premium plugin. -->","yoast_head_json":{"title":"Cameroun - CAN 2021: Le ministre des Sports et de l\u2019Education Physique nomme le directeur du tournoi et ses adjoints - Cameroun","description":"Narcisse Mouelle Kombi , le ministre des Sports et de l\u2019Education Physique, qui est aussi le pr\u00e9sident du comit\u00e9 ...","robots":{"index":"index","follow":"follow","max-snippet":"max-snippet:-1","max-image-preview":"max-image-preview:large","max-video-preview":"max-video-preview:-1"},"canonical":"https:\/\/www.africa-press.net\/cameroun\/sports\/cameroun-can-2021-le-ministre-des-sports-et-de-leducation-physique-nomme-le-directeur-du-tournoi-et-ses-adjoints","og_locale":"fr_FR","og_type":"article","og_title":"Cameroun - CAN 2021: Le ministre des Sports et de l\u2019Education Physique nomme le directeur du tournoi et ses adjoints","og_description":"Narcisse Mouelle Kombi , le ministre des Sports et de l\u2019Education Physique, qui est aussi le pr\u00e9sident du comit\u00e9 ...","og_url":"https:\/\/www.africa-press.net\/cameroun\/sports\/cameroun-can-2021-le-ministre-des-sports-et-de-leducation-physique-nomme-le-directeur-du-tournoi-et-ses-adjoints","og_site_name":"Cameroun","article_published_time":"2021-04-01T17:21:51+00:00","article_modified_time":"2021-04-01T22:30:39+00:00","og_image":[{"width":800,"height":779,"url":"https:\/\/static.africa-press.net\/cameroun\/sites\/57\/2021\/04\/img-60664249dcbb9.jpg","type":"image\/jpeg"}],"author":"cfeditorfr","twitter_card":"summary_large_image","twitter_misc":{"\u00c9crit par":"cfeditorfr","Dur\u00e9e de lecture estim\u00e9e":"3 minutes"},"schema":{"@context":"https:\/\/schema.org","@graph":[{"@type":"Article","@id":"https:\/\/www.africa-press.net\/cameroun\/sports\/cameroun-can-2021-le-ministre-des-sports-et-de-leducation-physique-nomme-le-directeur-du-tournoi-et-ses-adjoints#article","isPartOf":{"@id":"https:\/\/www.africa-press.net\/cameroun\/sports\/cameroun-can-2021-le-ministre-des-sports-et-de-leducation-physique-nomme-le-directeur-du-tournoi-et-ses-adjoints"},"author":{"name":"cfeditorfr","@id":"https:\/\/www.africa-press.net\/cameroun\/#\/schema\/person\/2b1cf3cd81a31e3cd26889ca66d677f1"},"headline":"Cameroun &#8211; CAN 2021: Le ministre des Sports et de l\u2019Education Physique nomme le directeur du tournoi et ses adjoints","datePublished":"2021-04-01T17:21:51+00:00","dateModified":"2021-04-01T22:30:39+00:00","mainEntityOfPage":{"@id":"https:\/\/www.africa-press.net\/cameroun\/sports\/cameroun-can-2021-le-ministre-des-sports-et-de-leducation-physique-nomme-le-directeur-du-tournoi-et-ses-adjoints"},"wordCount":570,"commentCount":0,"image":{"@id":"https:\/\/www.africa-press.net\/cameroun\/sports\/cameroun-can-2021-le-ministre-des-sports-et-de-leducation-physique-nomme-le-directeur-du-tournoi-et-ses-adjoints#primaryimage"},"thumbnailUrl":"https:\/\/static.africa-press.net\/cameroun\/sites\/57\/2021\/04\/img-60664249dcbb9.jpg","keywords":["Africa Press","Africa Press-Cameroun","Cameroun"],"articleSection":["homepage-french","Sports","Toutes les actualit\u00e9s"],"inLanguage":"fr-FR","potentialAction":[{"@type":"CommentAction","name":"Comment","target":["https:\/\/www.africa-press.net\/cameroun\/sports\/cameroun-can-2021-le-ministre-des-sports-et-de-leducation-physique-nomme-le-directeur-du-tournoi-et-ses-adjoints#respond"]}]},{"@type":"WebPage","@id":"https:\/\/www.africa-press.net\/cameroun\/sports\/cameroun-can-2021-le-ministre-des-sports-et-de-leducation-physique-nomme-le-directeur-du-tournoi-et-ses-adjoints","url":"https:\/\/www.africa-press.net\/cameroun\/sports\/cameroun-can-2021-le-ministre-des-sports-et-de-leducation-physique-nomme-le-directeur-du-tournoi-et-ses-adjoints","name":"Cameroun - CAN 2021: Le ministre des Sports et de l\u2019Education Physique nomme le directeur du tournoi et ses adjoints - Cameroun","isPartOf":{"@id":"https:\/\/www.africa-press.net\/cameroun\/#website"},"primaryImageOfPage":{"@id":"https:\/\/www.africa-press.net\/cameroun\/sports\/cameroun-can-2021-le-ministre-des-sports-et-de-leducation-physique-nomme-le-directeur-du-tournoi-et-ses-adjoints#primaryimage"},"image":{"@id":"https:\/\/www.africa-press.net\/cameroun\/sports\/cameroun-can-2021-le-ministre-des-sports-et-de-leducation-physique-nomme-le-directeur-du-tournoi-et-ses-adjoints#primaryimage"},"thumbnailUrl":"https:\/\/static.africa-press.net\/cameroun\/sites\/57\/2021\/04\/img-60664249dcbb9.jpg","datePublished":"2021-04-01T17:21:51+00:00","dateModified":"2021-04-01T22:30:39+00:00","author":{"@id":"https:\/\/www.africa-press.net\/cameroun\/#\/schema\/person\/2b1cf3cd81a31e3cd26889ca66d677f1"},"description":"Narcisse Mouelle Kombi , le ministre des Sports et de l\u2019Education Physique, qui est aussi le pr\u00e9sident du comit\u00e9 ...","breadcrumb":{"@id":"https:\/\/www.africa-press.net\/cameroun\/sports\/cameroun-can-2021-le-ministre-des-sports-et-de-leducation-physique-nomme-le-directeur-du-tournoi-et-ses-adjoints#breadcrumb"},"inLanguage":"fr-FR","potentialAction":[{"@type":"ReadAction","target":["https:\/\/www.africa-press.net\/cameroun\/sports\/cameroun-can-2021-le-ministre-des-sports-et-de-leducation-physique-nomme-le-directeur-du-tournoi-et-ses-adjoints"]}]},{"@type":"ImageObject","inLanguage":"fr-FR","@id":"https:\/\/www.africa-press.net\/cameroun\/sports\/cameroun-can-2021-le-ministre-des-sports-et-de-leducation-physique-nomme-le-directeur-du-tournoi-et-ses-adjoints#primaryimage","url":"https:\/\/static.africa-press.net\/cameroun\/sites\/57\/2021\/04\/img-60664249dcbb9.jpg","contentUrl":"https:\/\/static.africa-press.net\/cameroun\/sites\/57\/2021\/04\/img-60664249dcbb9.jpg","width":800,"height":779,"caption":"Cameroun - CAN 2021: Le ministre des Sports et de l\u2019Education Physique nomme le directeur du tournoi et ses adjoints"},{"@type":"BreadcrumbList","@id":"https:\/\/www.africa-press.net\/cameroun\/sports\/cameroun-can-2021-le-ministre-des-sports-et-de-leducation-physique-nomme-le-directeur-du-tournoi-et-ses-adjoints#breadcrumb","itemListElement":[{"@type":"ListItem","position":1,"name":"Accueil","item":"https:\/\/www.africa-press.net\/cameroun\/"},{"@type":"ListItem","position":2,"name":"Cameroun &#8211; CAN 2021: Le ministre des Sports et de l\u2019Education Physique nomme le directeur du tournoi et ses adjoints"}]},{"@type":"WebSite","@id":"https:\/\/www.africa-press.net\/cameroun\/#website","url":"https:\/\/www.africa-press.net\/cameroun\/","name":"Cameroun","description":"Just another Africa News Agency Sites site","potentialAction":[{"@type":"SearchAction","target":{"@type":"EntryPoint","urlTemplate":"https:\/\/www.africa-press.net\/cameroun\/?s={search_term_string}"},"query-input":{"@type":"PropertyValueSpecification","valueRequired":true,"valueName":"search_term_string"}}],"inLanguage":"fr-FR"},{"@type":"Person","@id":"https:\/\/www.africa-press.net\/cameroun\/#\/schema\/person\/2b1cf3cd81a31e3cd26889ca66d677f1","name":"cfeditorfr"}]}},"_links":{"self":[{"href":"https:\/\/www.africa-press.net\/cameroun\/wp-json\/wp\/v2\/posts\/1922","targetHints":{"allow":["GET"]}}],"collection":[{"href":"https:\/\/www.africa-press.net\/cameroun\/wp-json\/wp\/v2\/posts"}],"about":[{"href":"https:\/\/www.africa-press.net\/cameroun\/wp-json\/wp\/v2\/types\/post"}],"author":[{"embeddable":true,"href":"https:\/\/www.africa-press.net\/cameroun\/wp-json\/wp\/v2\/users\/82"}],"replies":[{"embeddable":true,"href":"https:\/\/www.africa-press.net\/cameroun\/wp-json\/wp\/v2\/comments?post=1922"}],"version-history":[{"count":0,"href":"https:\/\/www.africa-press.net\/cameroun\/wp-json\/wp\/v2\/posts\/1922\/revisions"}],"wp:featuredmedia":[{"embeddable":true,"href":"https:\/\/www.africa-press.net\/cameroun\/wp-json\/wp\/v2\/media\/1921"}],"wp:attachment":[{"href":"https:\/\/www.africa-press.net\/cameroun\/wp-json\/wp\/v2\/media?parent=1922"}],"wp:term":[{"taxonomy":"category","embeddable":true,"href":"https:\/\/www.africa-press.net\/cameroun\/wp-json\/wp\/v2\/categories?post=1922"},{"taxonomy":"post_tag","embeddable":true,"href":"https:\/\/www.africa-press.net\/cameroun\/wp-json\/wp\/v2\/tags?post=1922"}],"curies":[{"name":"wp","href":"https:\/\/api.w.org\/{rel}","templated":true}]}}