{"id":1961,"date":"2021-04-01T19:42:11","date_gmt":"2021-04-01T19:42:11","guid":{"rendered":"https:\/\/www.africa-press.net\/cameroun\/politique\/succession-de-ni-john-fru-ndi-voici-ce-que-predit-jeune-afrique"},"modified":"2021-04-01T22:08:26","modified_gmt":"2021-04-01T22:08:26","slug":"succession-de-ni-john-fru-ndi-voici-ce-que-predit-jeune-afrique","status":"publish","type":"post","link":"https:\/\/www.africa-press.net\/cameroun\/politique\/succession-de-ni-john-fru-ndi-voici-ce-que-predit-jeune-afrique","title":{"rendered":"Succession de Ni John Fru Ndi: voici ce que pr\u00e9dit Jeune Afrique"},"content":{"rendered":"<p><span style=\"color: #ff6600\"><strong><a href=\"https:\/\/www.africa-press.net\/\">Africa-Press<\/a> &#8211; <a href=\"https:\/\/www.africa-press.net\/cameroun\">Cameroun<\/a>. <\/strong><\/span>Jeune Afrique dans son num\u00e9ro 3099 pense que le d\u00e9put\u00e9 Jean-Michel Nintcheu est bien parti pour succ\u00e9der au Chairman \u00e0 la t\u00eate du Social democratic front.<\/p>\n<p>Dans son num\u00e9ro 3099, Jeune Afrique s\u2019est pench\u00e9 sur les vies de certains partis politiques \u00e0 l\u2019instar du Social democratic front (SDF) et du Mouvement pour le renaissance du Cameroun (MRC). Concernant le SDF, le journal s\u2019est pench\u00e9 sur la succession du Chairman Ni John Fru Ndi. Pour lui, le d\u00e9put\u00e9 Jean-Michel Nintcheu est plut\u00f4t bien parti m\u00eame si l\u2019honorable Joshua Osih n\u2019a pas encore dit son dernier mot.<\/p>\n<p>\u00abDepuis l\u2019\u00e9lection pr\u00e9sidentielle de 2018, \u00e0 laquelle Fru Ndi ne s\u2019\u00e9tait d\u00e9j\u00e0 pas pr\u00e9sent\u00e9, le Social democratic front sait qu\u2019il est urgent de penser \u00e0 l\u2019avenir. A l\u2019\u00e9poque, m\u00eame selon des r\u00e9sultats officiels contest\u00e9s, Joshua Osih, le candidat du parti, n\u2019avait rassembl\u00e9 que 3,35% des suffrages, derri\u00e8re deux autres opposants Cabral Libii (6,28%) et Maurice Kamto (14,23%). Aussit\u00f4t, la fronde s\u2019\u00e9tait r\u00e9pandue dans les troupes socialistes, pr\u00f4nant un changement de cap et une opposition plus radicale au pouvoir en place. Un homme tente de capitaliser sur cette lame de fond: Jean Michel Nintcheu, d\u00e9put\u00e9 de Douala. A la fin de 2020, c\u2019est \u00e0 lui qu\u2019avait \u00e9t\u00e9 confi\u00e9e la mission de mettre sur pied la future strat\u00e9gie du parti, qui a \u00e9t\u00e9 pr\u00e9sent\u00e9e lors d\u2019une r\u00e9union du bureau national \u00e0 la mi-mars\u00bb, \u00e9crit Jeune Afrique.<\/p>\n<p>Notre confr\u00e8re pense que le d\u00e9put\u00e9 Jean-Michel Nintcheu qui est aussi le pr\u00e9sident de la Commission Action du SDF compte bien s\u2019en servir comme un tremplin pour prendre la t\u00eate du parti de la balance. L\u2019homme politique pr\u00e9sent\u00e9 comme l\u2019un des grands conservateurs du SDF est certes bien parti cependant, certains politologues qui parlent dans le num\u00e9ro suscit\u00e9 de notre confr\u00e8re pense qu\u2019il va falloir que Nintcheu reconstruise sa popularit\u00e9 et recr\u00e9e un engouement. Certains lui sugg\u00e8rent de se rallier au MRC.<\/p>\n","protected":false},"excerpt":{"rendered":"<p>Africa-Press &#8211; Cameroun. Jeune Afrique dans son num\u00e9ro 3099 pense que le d\u00e9put\u00e9 Jean-Michel Nintcheu est bien parti pour succ\u00e9der au Chairman \u00e0 la t\u00eate du Social democratic front. Dans son num\u00e9ro 3099, Jeune Afrique s\u2019est pench\u00e9 sur les vies de certains partis politiques \u00e0 l\u2019instar du Social democratic front (SDF) et du Mouvement pour [&hellip;]<\/p>\n","protected":false},"author":82,"featured_media":1960,"comment_status":"open","ping_status":"closed","sticky":false,"template":"","format":"standard","meta":{"footnotes":""},"categories":[11,2,10],"tags":[36,50,49],"class_list":["post-1961","post","type-post","status-publish","format-standard","has-post-thumbnail","hentry","category-homepage-french","category-politique","category-toutes-les-actualites","tag-africa-press","tag-africa-press-cameroun","tag-cameroun"],"yoast_head":"<!-- This site is optimized with the Yoast SEO Premium plugin v26.1 (Yoast SEO v27.0) - https:\/\/yoast.com\/product\/yoast-seo-premium-wordpress\/ -->\n<title>Succession de Ni John Fru Ndi: voici ce que pr\u00e9dit Jeune Afrique - Cameroun<\/title>\n<meta name=\"description\" content=\"Jeune Afrique dans son num\u00e9ro 3099 pense que le d\u00e9put\u00e9 Jean-Michel Nintcheu est bien parti pour succ\u00e9der au Chairman \u00e0 l ...\" \/>\n<meta name=\"robots\" content=\"index, follow, max-snippet:-1, max-image-preview:large, max-video-preview:-1\" \/>\n<link rel=\"canonical\" href=\"https:\/\/www.africa-press.net\/cameroun\/politique\/succession-de-ni-john-fru-ndi-voici-ce-que-predit-jeune-afrique\" \/>\n<meta property=\"og:locale\" content=\"fr_FR\" \/>\n<meta property=\"og:type\" content=\"article\" \/>\n<meta property=\"og:title\" content=\"Succession de Ni John Fru Ndi: voici ce que pr\u00e9dit Jeune Afrique\" \/>\n<meta property=\"og:description\" content=\"Jeune Afrique dans son num\u00e9ro 3099 pense que le d\u00e9put\u00e9 Jean-Michel Nintcheu est bien parti pour succ\u00e9der au Chairman \u00e0 l ...\" \/>\n<meta property=\"og:url\" content=\"https:\/\/www.africa-press.net\/cameroun\/politique\/succession-de-ni-john-fru-ndi-voici-ce-que-predit-jeune-afrique\" \/>\n<meta property=\"og:site_name\" content=\"Cameroun\" \/>\n<meta property=\"article:published_time\" content=\"2021-04-01T19:42:11+00:00\" \/>\n<meta property=\"article:modified_time\" content=\"2021-04-01T22:08:26+00:00\" \/>\n<meta property=\"og:image\" content=\"https:\/\/static.africa-press.net\/cameroun\/sites\/57\/2021\/04\/img-6066443ccfa07.jpg\" \/>\n\t<meta property=\"og:image:width\" content=\"720\" \/>\n\t<meta property=\"og:image:height\" content=\"479\" \/>\n\t<meta property=\"og:image:type\" content=\"image\/jpeg\" \/>\n<meta name=\"author\" content=\"cfeditorfr\" \/>\n<meta name=\"twitter:card\" content=\"summary_large_image\" \/>\n<meta name=\"twitter:label1\" content=\"\u00c9crit par\" \/>\n\t<meta name=\"twitter:data1\" content=\"cfeditorfr\" \/>\n\t<meta name=\"twitter:label2\" content=\"Dur\u00e9e de lecture estim\u00e9e\" \/>\n\t<meta name=\"twitter:data2\" content=\"2 minutes\" \/>\n<script type=\"application\/ld+json\" class=\"yoast-schema-graph\">{\"@context\":\"https:\/\/schema.org\",\"@graph\":[{\"@type\":\"Article\",\"@id\":\"https:\/\/www.africa-press.net\/cameroun\/politique\/succession-de-ni-john-fru-ndi-voici-ce-que-predit-jeune-afrique#article\",\"isPartOf\":{\"@id\":\"https:\/\/www.africa-press.net\/cameroun\/politique\/succession-de-ni-john-fru-ndi-voici-ce-que-predit-jeune-afrique\"},\"author\":{\"name\":\"cfeditorfr\",\"@id\":\"https:\/\/www.africa-press.net\/cameroun\/#\/schema\/person\/2b1cf3cd81a31e3cd26889ca66d677f1\"},\"headline\":\"Succession de Ni John Fru Ndi: voici ce que pr\u00e9dit Jeune Afrique\",\"datePublished\":\"2021-04-01T19:42:11+00:00\",\"dateModified\":\"2021-04-01T22:08:26+00:00\",\"mainEntityOfPage\":{\"@id\":\"https:\/\/www.africa-press.net\/cameroun\/politique\/succession-de-ni-john-fru-ndi-voici-ce-que-predit-jeune-afrique\"},\"wordCount\":366,\"commentCount\":0,\"image\":{\"@id\":\"https:\/\/www.africa-press.net\/cameroun\/politique\/succession-de-ni-john-fru-ndi-voici-ce-que-predit-jeune-afrique#primaryimage\"},\"thumbnailUrl\":\"https:\/\/static.africa-press.net\/cameroun\/sites\/57\/2021\/04\/img-6066443ccfa07.jpg\",\"keywords\":[\"Africa Press\",\"Africa Press-Cameroun\",\"Cameroun\"],\"articleSection\":[\"homepage-french\",\"Politique\",\"Toutes les actualit\u00e9s\"],\"inLanguage\":\"fr-FR\",\"potentialAction\":[{\"@type\":\"CommentAction\",\"name\":\"Comment\",\"target\":[\"https:\/\/www.africa-press.net\/cameroun\/politique\/succession-de-ni-john-fru-ndi-voici-ce-que-predit-jeune-afrique#respond\"]}]},{\"@type\":\"WebPage\",\"@id\":\"https:\/\/www.africa-press.net\/cameroun\/politique\/succession-de-ni-john-fru-ndi-voici-ce-que-predit-jeune-afrique\",\"url\":\"https:\/\/www.africa-press.net\/cameroun\/politique\/succession-de-ni-john-fru-ndi-voici-ce-que-predit-jeune-afrique\",\"name\":\"Succession de Ni John Fru Ndi: voici ce que pr\u00e9dit Jeune Afrique - Cameroun\",\"isPartOf\":{\"@id\":\"https:\/\/www.africa-press.net\/cameroun\/#website\"},\"primaryImageOfPage\":{\"@id\":\"https:\/\/www.africa-press.net\/cameroun\/politique\/succession-de-ni-john-fru-ndi-voici-ce-que-predit-jeune-afrique#primaryimage\"},\"image\":{\"@id\":\"https:\/\/www.africa-press.net\/cameroun\/politique\/succession-de-ni-john-fru-ndi-voici-ce-que-predit-jeune-afrique#primaryimage\"},\"thumbnailUrl\":\"https:\/\/static.africa-press.net\/cameroun\/sites\/57\/2021\/04\/img-6066443ccfa07.jpg\",\"datePublished\":\"2021-04-01T19:42:11+00:00\",\"dateModified\":\"2021-04-01T22:08:26+00:00\",\"author\":{\"@id\":\"https:\/\/www.africa-press.net\/cameroun\/#\/schema\/person\/2b1cf3cd81a31e3cd26889ca66d677f1\"},\"description\":\"Jeune Afrique dans son num\u00e9ro 3099 pense que le d\u00e9put\u00e9 Jean-Michel Nintcheu est bien parti pour succ\u00e9der au Chairman \u00e0 l ...\",\"breadcrumb\":{\"@id\":\"https:\/\/www.africa-press.net\/cameroun\/politique\/succession-de-ni-john-fru-ndi-voici-ce-que-predit-jeune-afrique#breadcrumb\"},\"inLanguage\":\"fr-FR\",\"potentialAction\":[{\"@type\":\"ReadAction\",\"target\":[\"https:\/\/www.africa-press.net\/cameroun\/politique\/succession-de-ni-john-fru-ndi-voici-ce-que-predit-jeune-afrique\"]}]},{\"@type\":\"ImageObject\",\"inLanguage\":\"fr-FR\",\"@id\":\"https:\/\/www.africa-press.net\/cameroun\/politique\/succession-de-ni-john-fru-ndi-voici-ce-que-predit-jeune-afrique#primaryimage\",\"url\":\"https:\/\/static.africa-press.net\/cameroun\/sites\/57\/2021\/04\/img-6066443ccfa07.jpg\",\"contentUrl\":\"https:\/\/static.africa-press.net\/cameroun\/sites\/57\/2021\/04\/img-6066443ccfa07.jpg\",\"width\":720,\"height\":479,\"caption\":\"Succession de Ni John Fru Ndi: voici ce que pr\u00e9dit Jeune Afrique\"},{\"@type\":\"BreadcrumbList\",\"@id\":\"https:\/\/www.africa-press.net\/cameroun\/politique\/succession-de-ni-john-fru-ndi-voici-ce-que-predit-jeune-afrique#breadcrumb\",\"itemListElement\":[{\"@type\":\"ListItem\",\"position\":1,\"name\":\"Accueil\",\"item\":\"https:\/\/www.africa-press.net\/cameroun\/\"},{\"@type\":\"ListItem\",\"position\":2,\"name\":\"Succession de Ni John Fru Ndi: voici ce que pr\u00e9dit Jeune Afrique\"}]},{\"@type\":\"WebSite\",\"@id\":\"https:\/\/www.africa-press.net\/cameroun\/#website\",\"url\":\"https:\/\/www.africa-press.net\/cameroun\/\",\"name\":\"Cameroun\",\"description\":\"Just another Africa News Agency Sites site\",\"potentialAction\":[{\"@type\":\"SearchAction\",\"target\":{\"@type\":\"EntryPoint\",\"urlTemplate\":\"https:\/\/www.africa-press.net\/cameroun\/?s={search_term_string}\"},\"query-input\":{\"@type\":\"PropertyValueSpecification\",\"valueRequired\":true,\"valueName\":\"search_term_string\"}}],\"inLanguage\":\"fr-FR\"},{\"@type\":\"Person\",\"@id\":\"https:\/\/www.africa-press.net\/cameroun\/#\/schema\/person\/2b1cf3cd81a31e3cd26889ca66d677f1\",\"name\":\"cfeditorfr\"}]}<\/script>\n<!-- \/ Yoast SEO Premium plugin. -->","yoast_head_json":{"title":"Succession de Ni John Fru Ndi: voici ce que pr\u00e9dit Jeune Afrique - Cameroun","description":"Jeune Afrique dans son num\u00e9ro 3099 pense que le d\u00e9put\u00e9 Jean-Michel Nintcheu est bien parti pour succ\u00e9der au Chairman \u00e0 l ...","robots":{"index":"index","follow":"follow","max-snippet":"max-snippet:-1","max-image-preview":"max-image-preview:large","max-video-preview":"max-video-preview:-1"},"canonical":"https:\/\/www.africa-press.net\/cameroun\/politique\/succession-de-ni-john-fru-ndi-voici-ce-que-predit-jeune-afrique","og_locale":"fr_FR","og_type":"article","og_title":"Succession de Ni John Fru Ndi: voici ce que pr\u00e9dit Jeune Afrique","og_description":"Jeune Afrique dans son num\u00e9ro 3099 pense que le d\u00e9put\u00e9 Jean-Michel Nintcheu est bien parti pour succ\u00e9der au Chairman \u00e0 l ...","og_url":"https:\/\/www.africa-press.net\/cameroun\/politique\/succession-de-ni-john-fru-ndi-voici-ce-que-predit-jeune-afrique","og_site_name":"Cameroun","article_published_time":"2021-04-01T19:42:11+00:00","article_modified_time":"2021-04-01T22:08:26+00:00","og_image":[{"width":720,"height":479,"url":"https:\/\/static.africa-press.net\/cameroun\/sites\/57\/2021\/04\/img-6066443ccfa07.jpg","type":"image\/jpeg"}],"author":"cfeditorfr","twitter_card":"summary_large_image","twitter_misc":{"\u00c9crit par":"cfeditorfr","Dur\u00e9e de lecture estim\u00e9e":"2 minutes"},"schema":{"@context":"https:\/\/schema.org","@graph":[{"@type":"Article","@id":"https:\/\/www.africa-press.net\/cameroun\/politique\/succession-de-ni-john-fru-ndi-voici-ce-que-predit-jeune-afrique#article","isPartOf":{"@id":"https:\/\/www.africa-press.net\/cameroun\/politique\/succession-de-ni-john-fru-ndi-voici-ce-que-predit-jeune-afrique"},"author":{"name":"cfeditorfr","@id":"https:\/\/www.africa-press.net\/cameroun\/#\/schema\/person\/2b1cf3cd81a31e3cd26889ca66d677f1"},"headline":"Succession de Ni John Fru Ndi: voici ce que pr\u00e9dit Jeune Afrique","datePublished":"2021-04-01T19:42:11+00:00","dateModified":"2021-04-01T22:08:26+00:00","mainEntityOfPage":{"@id":"https:\/\/www.africa-press.net\/cameroun\/politique\/succession-de-ni-john-fru-ndi-voici-ce-que-predit-jeune-afrique"},"wordCount":366,"commentCount":0,"image":{"@id":"https:\/\/www.africa-press.net\/cameroun\/politique\/succession-de-ni-john-fru-ndi-voici-ce-que-predit-jeune-afrique#primaryimage"},"thumbnailUrl":"https:\/\/static.africa-press.net\/cameroun\/sites\/57\/2021\/04\/img-6066443ccfa07.jpg","keywords":["Africa Press","Africa Press-Cameroun","Cameroun"],"articleSection":["homepage-french","Politique","Toutes les actualit\u00e9s"],"inLanguage":"fr-FR","potentialAction":[{"@type":"CommentAction","name":"Comment","target":["https:\/\/www.africa-press.net\/cameroun\/politique\/succession-de-ni-john-fru-ndi-voici-ce-que-predit-jeune-afrique#respond"]}]},{"@type":"WebPage","@id":"https:\/\/www.africa-press.net\/cameroun\/politique\/succession-de-ni-john-fru-ndi-voici-ce-que-predit-jeune-afrique","url":"https:\/\/www.africa-press.net\/cameroun\/politique\/succession-de-ni-john-fru-ndi-voici-ce-que-predit-jeune-afrique","name":"Succession de Ni John Fru Ndi: voici ce que pr\u00e9dit Jeune Afrique - Cameroun","isPartOf":{"@id":"https:\/\/www.africa-press.net\/cameroun\/#website"},"primaryImageOfPage":{"@id":"https:\/\/www.africa-press.net\/cameroun\/politique\/succession-de-ni-john-fru-ndi-voici-ce-que-predit-jeune-afrique#primaryimage"},"image":{"@id":"https:\/\/www.africa-press.net\/cameroun\/politique\/succession-de-ni-john-fru-ndi-voici-ce-que-predit-jeune-afrique#primaryimage"},"thumbnailUrl":"https:\/\/static.africa-press.net\/cameroun\/sites\/57\/2021\/04\/img-6066443ccfa07.jpg","datePublished":"2021-04-01T19:42:11+00:00","dateModified":"2021-04-01T22:08:26+00:00","author":{"@id":"https:\/\/www.africa-press.net\/cameroun\/#\/schema\/person\/2b1cf3cd81a31e3cd26889ca66d677f1"},"description":"Jeune Afrique dans son num\u00e9ro 3099 pense que le d\u00e9put\u00e9 Jean-Michel Nintcheu est bien parti pour succ\u00e9der au Chairman \u00e0 l ...","breadcrumb":{"@id":"https:\/\/www.africa-press.net\/cameroun\/politique\/succession-de-ni-john-fru-ndi-voici-ce-que-predit-jeune-afrique#breadcrumb"},"inLanguage":"fr-FR","potentialAction":[{"@type":"ReadAction","target":["https:\/\/www.africa-press.net\/cameroun\/politique\/succession-de-ni-john-fru-ndi-voici-ce-que-predit-jeune-afrique"]}]},{"@type":"ImageObject","inLanguage":"fr-FR","@id":"https:\/\/www.africa-press.net\/cameroun\/politique\/succession-de-ni-john-fru-ndi-voici-ce-que-predit-jeune-afrique#primaryimage","url":"https:\/\/static.africa-press.net\/cameroun\/sites\/57\/2021\/04\/img-6066443ccfa07.jpg","contentUrl":"https:\/\/static.africa-press.net\/cameroun\/sites\/57\/2021\/04\/img-6066443ccfa07.jpg","width":720,"height":479,"caption":"Succession de Ni John Fru Ndi: voici ce que pr\u00e9dit Jeune Afrique"},{"@type":"BreadcrumbList","@id":"https:\/\/www.africa-press.net\/cameroun\/politique\/succession-de-ni-john-fru-ndi-voici-ce-que-predit-jeune-afrique#breadcrumb","itemListElement":[{"@type":"ListItem","position":1,"name":"Accueil","item":"https:\/\/www.africa-press.net\/cameroun\/"},{"@type":"ListItem","position":2,"name":"Succession de Ni John Fru Ndi: voici ce que pr\u00e9dit Jeune Afrique"}]},{"@type":"WebSite","@id":"https:\/\/www.africa-press.net\/cameroun\/#website","url":"https:\/\/www.africa-press.net\/cameroun\/","name":"Cameroun","description":"Just another Africa News Agency Sites site","potentialAction":[{"@type":"SearchAction","target":{"@type":"EntryPoint","urlTemplate":"https:\/\/www.africa-press.net\/cameroun\/?s={search_term_string}"},"query-input":{"@type":"PropertyValueSpecification","valueRequired":true,"valueName":"search_term_string"}}],"inLanguage":"fr-FR"},{"@type":"Person","@id":"https:\/\/www.africa-press.net\/cameroun\/#\/schema\/person\/2b1cf3cd81a31e3cd26889ca66d677f1","name":"cfeditorfr"}]}},"_links":{"self":[{"href":"https:\/\/www.africa-press.net\/cameroun\/wp-json\/wp\/v2\/posts\/1961","targetHints":{"allow":["GET"]}}],"collection":[{"href":"https:\/\/www.africa-press.net\/cameroun\/wp-json\/wp\/v2\/posts"}],"about":[{"href":"https:\/\/www.africa-press.net\/cameroun\/wp-json\/wp\/v2\/types\/post"}],"author":[{"embeddable":true,"href":"https:\/\/www.africa-press.net\/cameroun\/wp-json\/wp\/v2\/users\/82"}],"replies":[{"embeddable":true,"href":"https:\/\/www.africa-press.net\/cameroun\/wp-json\/wp\/v2\/comments?post=1961"}],"version-history":[{"count":0,"href":"https:\/\/www.africa-press.net\/cameroun\/wp-json\/wp\/v2\/posts\/1961\/revisions"}],"wp:featuredmedia":[{"embeddable":true,"href":"https:\/\/www.africa-press.net\/cameroun\/wp-json\/wp\/v2\/media\/1960"}],"wp:attachment":[{"href":"https:\/\/www.africa-press.net\/cameroun\/wp-json\/wp\/v2\/media?parent=1961"}],"wp:term":[{"taxonomy":"category","embeddable":true,"href":"https:\/\/www.africa-press.net\/cameroun\/wp-json\/wp\/v2\/categories?post=1961"},{"taxonomy":"post_tag","embeddable":true,"href":"https:\/\/www.africa-press.net\/cameroun\/wp-json\/wp\/v2\/tags?post=1961"}],"curies":[{"name":"wp","href":"https:\/\/api.w.org\/{rel}","templated":true}]}}