{"id":1967,"date":"2021-04-01T20:00:33","date_gmt":"2021-04-01T20:00:33","guid":{"rendered":"https:\/\/www.africa-press.net\/cameroun\/politique\/les-camerounais-saluent-la-mise-sur-pied-dune-plateforme-commune-de-lopposition"},"modified":"2021-04-01T22:09:46","modified_gmt":"2021-04-01T22:09:46","slug":"les-camerounais-saluent-la-mise-sur-pied-dune-plateforme-commune-de-lopposition","status":"publish","type":"post","link":"https:\/\/www.africa-press.net\/cameroun\/toutes-les-actualites\/les-camerounais-saluent-la-mise-sur-pied-dune-plateforme-commune-de-lopposition","title":{"rendered":"Les camerounais saluent la mise sur pied d\u2019une plateforme commune de l\u2019opposition"},"content":{"rendered":"<p><span style=\"color: #ff6600\"><strong><a href=\"https:\/\/www.africa-press.net\/\">Africa-Press<\/a> &#8211; <a href=\"https:\/\/www.africa-press.net\/cameroun\">Cameroun<\/a>. <\/strong><\/span>Plusieurs observateurs de notre landerneau politique trouvent g\u00e9niale cette id\u00e9e de f\u00e9d\u00e9rer les \u00e9nergies pour la mise sur pied d\u2019une plateforme consensuelle au 237 (Cameroun).<\/p>\n<p>Ce mercredi 31 mars 2021 en soir\u00e9e \u00e0 Yaound\u00e9, notamment au si\u00e8ge de l\u2019UDC, plusieurs leaders des partis politiques de l\u2019opposition se sont donn\u00e9s rendez-vous le temps d\u2019un \u00e9change. Il s\u2019agit notamment de Maurice Kamto du Mrc, de Joshua Osih du Sdf, Cabral Libii du Pcrn, Tomaino Ndam Nyoya de l\u2019Udc, Pierre Kwemo de l\u2019Ums et bien plus, ceux-ci ont pos\u00e9 les bases des discussions pour contraindre le gouvernement camerounais \u00e0 r\u00e9former les institutions.<\/p>\n<p>L\u2019on apprend alors qu\u2019une plateforme de discussion s\u2019est mise en place, ils ont aussi discut\u00e9 d\u2019une volont\u00e9 consensuelle de r\u00e9viser le code \u00e9lectoral camerounais. Une initiative que plusieurs observateurs camerounais appr\u00e9cient. Les sources introduites annoncent une conf\u00e9rence de presse dans quelques heures pour mieux \u00e9clairer sur le sujet. Une initiative salu\u00e9e par les camerounais. Plusieurs estiment que ces politiciens doivent faire mieux.<\/p>\n<p>Les plates-formes<\/p>\n<p>\u00ab Ces nouveaux acteurs peuvent et doivent faire mieux que leurs pr\u00e9d\u00e9cesseurs qui nous avaient habitu\u00e9s \u00e0 des initiatives dont la dur\u00e9e de vie n\u2019exc\u00e9dait jamais les 48 heures. Les plates-formes politiques nous les avons connues dans ce pays sans v\u00e9ritablement d\u2019impact sur le changement social \u00bb, a analys\u00e9 Laurent Dubois Njinkam, juriste camerounais.<\/p>\n<p>\u00ab Le m\u00e9rite de cette rencontre de Yaound\u00e9 r\u00e9side dans le fait du rapprochement entre leaders politiques dont le discours, la vision et la strat\u00e9gie opposaient syst\u00e9matiquement il n\u2019y a pas longtemps. Nous restons donc attentifs pour voir jusqu\u2019o\u00f9 ces acteurs politiques pourront arriv\u00e9s. Pour l\u2019instant bravo pour ces images qui donnent \u00e0 esp\u00e9rer qu\u2019un autre Cameroun est possible \u00bb, a conclu l\u2019analyste politique. On reste sur le qui-vive.<\/p>\n","protected":false},"excerpt":{"rendered":"<p>Africa-Press &#8211; Cameroun. Plusieurs observateurs de notre landerneau politique trouvent g\u00e9niale cette id\u00e9e de f\u00e9d\u00e9rer les \u00e9nergies pour la mise sur pied d\u2019une plateforme consensuelle au 237 (Cameroun). Ce mercredi 31 mars 2021 en soir\u00e9e \u00e0 Yaound\u00e9, notamment au si\u00e8ge de l\u2019UDC, plusieurs leaders des partis politiques de l\u2019opposition se sont donn\u00e9s rendez-vous le temps [&hellip;]<\/p>\n","protected":false},"author":82,"featured_media":1966,"comment_status":"open","ping_status":"closed","sticky":false,"template":"","format":"standard","meta":{"footnotes":""},"categories":[21,11,10],"tags":[36,50,49],"class_list":["post-1967","post","type-post","status-publish","format-standard","has-post-thumbnail","hentry","category-communaute","category-homepage-french","category-toutes-les-actualites","tag-africa-press","tag-africa-press-cameroun","tag-cameroun"],"yoast_head":"<!-- This site is optimized with the Yoast SEO Premium plugin v26.1 (Yoast SEO v27.0) - https:\/\/yoast.com\/product\/yoast-seo-premium-wordpress\/ -->\n<title>Les camerounais saluent la mise sur pied d\u2019une plateforme commune de l\u2019opposition - Cameroun<\/title>\n<meta name=\"description\" content=\"Plusieurs observateurs de notre landerneau politique trouvent g\u00e9niale cette id\u00e9e de f\u00e9d\u00e9rer les \u00e9nergies pour la mise su ...\" \/>\n<meta name=\"robots\" content=\"index, follow, max-snippet:-1, max-image-preview:large, max-video-preview:-1\" \/>\n<link rel=\"canonical\" href=\"https:\/\/www.africa-press.net\/cameroun\/toutes-les-actualites\/les-camerounais-saluent-la-mise-sur-pied-dune-plateforme-commune-de-lopposition\" \/>\n<meta property=\"og:locale\" content=\"fr_FR\" \/>\n<meta property=\"og:type\" content=\"article\" \/>\n<meta property=\"og:title\" content=\"Les camerounais saluent la mise sur pied d\u2019une plateforme commune de l\u2019opposition\" \/>\n<meta property=\"og:description\" content=\"Plusieurs observateurs de notre landerneau politique trouvent g\u00e9niale cette id\u00e9e de f\u00e9d\u00e9rer les \u00e9nergies pour la mise su ...\" \/>\n<meta property=\"og:url\" content=\"https:\/\/www.africa-press.net\/cameroun\/toutes-les-actualites\/les-camerounais-saluent-la-mise-sur-pied-dune-plateforme-commune-de-lopposition\" \/>\n<meta property=\"og:site_name\" content=\"Cameroun\" \/>\n<meta property=\"article:published_time\" content=\"2021-04-01T20:00:33+00:00\" \/>\n<meta property=\"article:modified_time\" content=\"2021-04-01T22:09:46+00:00\" \/>\n<meta property=\"og:image\" content=\"https:\/\/static.africa-press.net\/cameroun\/sites\/57\/2021\/04\/img-606644900e50e.jpg\" \/>\n\t<meta property=\"og:image:width\" content=\"850\" \/>\n\t<meta property=\"og:image:height\" content=\"480\" \/>\n\t<meta property=\"og:image:type\" content=\"image\/jpeg\" \/>\n<meta name=\"author\" content=\"cfeditorfr\" \/>\n<meta name=\"twitter:card\" content=\"summary_large_image\" \/>\n<meta name=\"twitter:label1\" content=\"\u00c9crit par\" \/>\n\t<meta name=\"twitter:data1\" content=\"cfeditorfr\" \/>\n\t<meta name=\"twitter:label2\" content=\"Dur\u00e9e de lecture estim\u00e9e\" \/>\n\t<meta name=\"twitter:data2\" content=\"2 minutes\" \/>\n<script type=\"application\/ld+json\" class=\"yoast-schema-graph\">{\"@context\":\"https:\/\/schema.org\",\"@graph\":[{\"@type\":\"Article\",\"@id\":\"https:\/\/www.africa-press.net\/cameroun\/toutes-les-actualites\/les-camerounais-saluent-la-mise-sur-pied-dune-plateforme-commune-de-lopposition#article\",\"isPartOf\":{\"@id\":\"https:\/\/www.africa-press.net\/cameroun\/toutes-les-actualites\/les-camerounais-saluent-la-mise-sur-pied-dune-plateforme-commune-de-lopposition\"},\"author\":{\"name\":\"cfeditorfr\",\"@id\":\"https:\/\/www.africa-press.net\/cameroun\/#\/schema\/person\/2b1cf3cd81a31e3cd26889ca66d677f1\"},\"headline\":\"Les camerounais saluent la mise sur pied d\u2019une plateforme commune de l\u2019opposition\",\"datePublished\":\"2021-04-01T20:00:33+00:00\",\"dateModified\":\"2021-04-01T22:09:46+00:00\",\"mainEntityOfPage\":{\"@id\":\"https:\/\/www.africa-press.net\/cameroun\/toutes-les-actualites\/les-camerounais-saluent-la-mise-sur-pied-dune-plateforme-commune-de-lopposition\"},\"wordCount\":333,\"commentCount\":0,\"image\":{\"@id\":\"https:\/\/www.africa-press.net\/cameroun\/toutes-les-actualites\/les-camerounais-saluent-la-mise-sur-pied-dune-plateforme-commune-de-lopposition#primaryimage\"},\"thumbnailUrl\":\"https:\/\/static.africa-press.net\/cameroun\/sites\/57\/2021\/04\/img-606644900e50e.jpg\",\"keywords\":[\"Africa Press\",\"Africa Press-Cameroun\",\"Cameroun\"],\"articleSection\":[\"Communaut\u00e9\",\"homepage-french\",\"Toutes les actualit\u00e9s\"],\"inLanguage\":\"fr-FR\",\"potentialAction\":[{\"@type\":\"CommentAction\",\"name\":\"Comment\",\"target\":[\"https:\/\/www.africa-press.net\/cameroun\/toutes-les-actualites\/les-camerounais-saluent-la-mise-sur-pied-dune-plateforme-commune-de-lopposition#respond\"]}]},{\"@type\":\"WebPage\",\"@id\":\"https:\/\/www.africa-press.net\/cameroun\/toutes-les-actualites\/les-camerounais-saluent-la-mise-sur-pied-dune-plateforme-commune-de-lopposition\",\"url\":\"https:\/\/www.africa-press.net\/cameroun\/toutes-les-actualites\/les-camerounais-saluent-la-mise-sur-pied-dune-plateforme-commune-de-lopposition\",\"name\":\"Les camerounais saluent la mise sur pied d\u2019une plateforme commune de l\u2019opposition - Cameroun\",\"isPartOf\":{\"@id\":\"https:\/\/www.africa-press.net\/cameroun\/#website\"},\"primaryImageOfPage\":{\"@id\":\"https:\/\/www.africa-press.net\/cameroun\/toutes-les-actualites\/les-camerounais-saluent-la-mise-sur-pied-dune-plateforme-commune-de-lopposition#primaryimage\"},\"image\":{\"@id\":\"https:\/\/www.africa-press.net\/cameroun\/toutes-les-actualites\/les-camerounais-saluent-la-mise-sur-pied-dune-plateforme-commune-de-lopposition#primaryimage\"},\"thumbnailUrl\":\"https:\/\/static.africa-press.net\/cameroun\/sites\/57\/2021\/04\/img-606644900e50e.jpg\",\"datePublished\":\"2021-04-01T20:00:33+00:00\",\"dateModified\":\"2021-04-01T22:09:46+00:00\",\"author\":{\"@id\":\"https:\/\/www.africa-press.net\/cameroun\/#\/schema\/person\/2b1cf3cd81a31e3cd26889ca66d677f1\"},\"description\":\"Plusieurs observateurs de notre landerneau politique trouvent g\u00e9niale cette id\u00e9e de f\u00e9d\u00e9rer les \u00e9nergies pour la mise su ...\",\"breadcrumb\":{\"@id\":\"https:\/\/www.africa-press.net\/cameroun\/toutes-les-actualites\/les-camerounais-saluent-la-mise-sur-pied-dune-plateforme-commune-de-lopposition#breadcrumb\"},\"inLanguage\":\"fr-FR\",\"potentialAction\":[{\"@type\":\"ReadAction\",\"target\":[\"https:\/\/www.africa-press.net\/cameroun\/toutes-les-actualites\/les-camerounais-saluent-la-mise-sur-pied-dune-plateforme-commune-de-lopposition\"]}]},{\"@type\":\"ImageObject\",\"inLanguage\":\"fr-FR\",\"@id\":\"https:\/\/www.africa-press.net\/cameroun\/toutes-les-actualites\/les-camerounais-saluent-la-mise-sur-pied-dune-plateforme-commune-de-lopposition#primaryimage\",\"url\":\"https:\/\/static.africa-press.net\/cameroun\/sites\/57\/2021\/04\/img-606644900e50e.jpg\",\"contentUrl\":\"https:\/\/static.africa-press.net\/cameroun\/sites\/57\/2021\/04\/img-606644900e50e.jpg\",\"width\":850,\"height\":480,\"caption\":\"Les camerounais saluent la mise sur pied d\u2019une plateforme commune de l\u2019opposition\"},{\"@type\":\"BreadcrumbList\",\"@id\":\"https:\/\/www.africa-press.net\/cameroun\/toutes-les-actualites\/les-camerounais-saluent-la-mise-sur-pied-dune-plateforme-commune-de-lopposition#breadcrumb\",\"itemListElement\":[{\"@type\":\"ListItem\",\"position\":1,\"name\":\"Accueil\",\"item\":\"https:\/\/www.africa-press.net\/cameroun\/\"},{\"@type\":\"ListItem\",\"position\":2,\"name\":\"Les camerounais saluent la mise sur pied d\u2019une plateforme commune de l\u2019opposition\"}]},{\"@type\":\"WebSite\",\"@id\":\"https:\/\/www.africa-press.net\/cameroun\/#website\",\"url\":\"https:\/\/www.africa-press.net\/cameroun\/\",\"name\":\"Cameroun\",\"description\":\"Just another Africa News Agency Sites site\",\"potentialAction\":[{\"@type\":\"SearchAction\",\"target\":{\"@type\":\"EntryPoint\",\"urlTemplate\":\"https:\/\/www.africa-press.net\/cameroun\/?s={search_term_string}\"},\"query-input\":{\"@type\":\"PropertyValueSpecification\",\"valueRequired\":true,\"valueName\":\"search_term_string\"}}],\"inLanguage\":\"fr-FR\"},{\"@type\":\"Person\",\"@id\":\"https:\/\/www.africa-press.net\/cameroun\/#\/schema\/person\/2b1cf3cd81a31e3cd26889ca66d677f1\",\"name\":\"cfeditorfr\"}]}<\/script>\n<!-- \/ Yoast SEO Premium plugin. -->","yoast_head_json":{"title":"Les camerounais saluent la mise sur pied d\u2019une plateforme commune de l\u2019opposition - Cameroun","description":"Plusieurs observateurs de notre landerneau politique trouvent g\u00e9niale cette id\u00e9e de f\u00e9d\u00e9rer les \u00e9nergies pour la mise su ...","robots":{"index":"index","follow":"follow","max-snippet":"max-snippet:-1","max-image-preview":"max-image-preview:large","max-video-preview":"max-video-preview:-1"},"canonical":"https:\/\/www.africa-press.net\/cameroun\/toutes-les-actualites\/les-camerounais-saluent-la-mise-sur-pied-dune-plateforme-commune-de-lopposition","og_locale":"fr_FR","og_type":"article","og_title":"Les camerounais saluent la mise sur pied d\u2019une plateforme commune de l\u2019opposition","og_description":"Plusieurs observateurs de notre landerneau politique trouvent g\u00e9niale cette id\u00e9e de f\u00e9d\u00e9rer les \u00e9nergies pour la mise su ...","og_url":"https:\/\/www.africa-press.net\/cameroun\/toutes-les-actualites\/les-camerounais-saluent-la-mise-sur-pied-dune-plateforme-commune-de-lopposition","og_site_name":"Cameroun","article_published_time":"2021-04-01T20:00:33+00:00","article_modified_time":"2021-04-01T22:09:46+00:00","og_image":[{"width":850,"height":480,"url":"https:\/\/static.africa-press.net\/cameroun\/sites\/57\/2021\/04\/img-606644900e50e.jpg","type":"image\/jpeg"}],"author":"cfeditorfr","twitter_card":"summary_large_image","twitter_misc":{"\u00c9crit par":"cfeditorfr","Dur\u00e9e de lecture estim\u00e9e":"2 minutes"},"schema":{"@context":"https:\/\/schema.org","@graph":[{"@type":"Article","@id":"https:\/\/www.africa-press.net\/cameroun\/toutes-les-actualites\/les-camerounais-saluent-la-mise-sur-pied-dune-plateforme-commune-de-lopposition#article","isPartOf":{"@id":"https:\/\/www.africa-press.net\/cameroun\/toutes-les-actualites\/les-camerounais-saluent-la-mise-sur-pied-dune-plateforme-commune-de-lopposition"},"author":{"name":"cfeditorfr","@id":"https:\/\/www.africa-press.net\/cameroun\/#\/schema\/person\/2b1cf3cd81a31e3cd26889ca66d677f1"},"headline":"Les camerounais saluent la mise sur pied d\u2019une plateforme commune de l\u2019opposition","datePublished":"2021-04-01T20:00:33+00:00","dateModified":"2021-04-01T22:09:46+00:00","mainEntityOfPage":{"@id":"https:\/\/www.africa-press.net\/cameroun\/toutes-les-actualites\/les-camerounais-saluent-la-mise-sur-pied-dune-plateforme-commune-de-lopposition"},"wordCount":333,"commentCount":0,"image":{"@id":"https:\/\/www.africa-press.net\/cameroun\/toutes-les-actualites\/les-camerounais-saluent-la-mise-sur-pied-dune-plateforme-commune-de-lopposition#primaryimage"},"thumbnailUrl":"https:\/\/static.africa-press.net\/cameroun\/sites\/57\/2021\/04\/img-606644900e50e.jpg","keywords":["Africa Press","Africa Press-Cameroun","Cameroun"],"articleSection":["Communaut\u00e9","homepage-french","Toutes les actualit\u00e9s"],"inLanguage":"fr-FR","potentialAction":[{"@type":"CommentAction","name":"Comment","target":["https:\/\/www.africa-press.net\/cameroun\/toutes-les-actualites\/les-camerounais-saluent-la-mise-sur-pied-dune-plateforme-commune-de-lopposition#respond"]}]},{"@type":"WebPage","@id":"https:\/\/www.africa-press.net\/cameroun\/toutes-les-actualites\/les-camerounais-saluent-la-mise-sur-pied-dune-plateforme-commune-de-lopposition","url":"https:\/\/www.africa-press.net\/cameroun\/toutes-les-actualites\/les-camerounais-saluent-la-mise-sur-pied-dune-plateforme-commune-de-lopposition","name":"Les camerounais saluent la mise sur pied d\u2019une plateforme commune de l\u2019opposition - Cameroun","isPartOf":{"@id":"https:\/\/www.africa-press.net\/cameroun\/#website"},"primaryImageOfPage":{"@id":"https:\/\/www.africa-press.net\/cameroun\/toutes-les-actualites\/les-camerounais-saluent-la-mise-sur-pied-dune-plateforme-commune-de-lopposition#primaryimage"},"image":{"@id":"https:\/\/www.africa-press.net\/cameroun\/toutes-les-actualites\/les-camerounais-saluent-la-mise-sur-pied-dune-plateforme-commune-de-lopposition#primaryimage"},"thumbnailUrl":"https:\/\/static.africa-press.net\/cameroun\/sites\/57\/2021\/04\/img-606644900e50e.jpg","datePublished":"2021-04-01T20:00:33+00:00","dateModified":"2021-04-01T22:09:46+00:00","author":{"@id":"https:\/\/www.africa-press.net\/cameroun\/#\/schema\/person\/2b1cf3cd81a31e3cd26889ca66d677f1"},"description":"Plusieurs observateurs de notre landerneau politique trouvent g\u00e9niale cette id\u00e9e de f\u00e9d\u00e9rer les \u00e9nergies pour la mise su ...","breadcrumb":{"@id":"https:\/\/www.africa-press.net\/cameroun\/toutes-les-actualites\/les-camerounais-saluent-la-mise-sur-pied-dune-plateforme-commune-de-lopposition#breadcrumb"},"inLanguage":"fr-FR","potentialAction":[{"@type":"ReadAction","target":["https:\/\/www.africa-press.net\/cameroun\/toutes-les-actualites\/les-camerounais-saluent-la-mise-sur-pied-dune-plateforme-commune-de-lopposition"]}]},{"@type":"ImageObject","inLanguage":"fr-FR","@id":"https:\/\/www.africa-press.net\/cameroun\/toutes-les-actualites\/les-camerounais-saluent-la-mise-sur-pied-dune-plateforme-commune-de-lopposition#primaryimage","url":"https:\/\/static.africa-press.net\/cameroun\/sites\/57\/2021\/04\/img-606644900e50e.jpg","contentUrl":"https:\/\/static.africa-press.net\/cameroun\/sites\/57\/2021\/04\/img-606644900e50e.jpg","width":850,"height":480,"caption":"Les camerounais saluent la mise sur pied d\u2019une plateforme commune de l\u2019opposition"},{"@type":"BreadcrumbList","@id":"https:\/\/www.africa-press.net\/cameroun\/toutes-les-actualites\/les-camerounais-saluent-la-mise-sur-pied-dune-plateforme-commune-de-lopposition#breadcrumb","itemListElement":[{"@type":"ListItem","position":1,"name":"Accueil","item":"https:\/\/www.africa-press.net\/cameroun\/"},{"@type":"ListItem","position":2,"name":"Les camerounais saluent la mise sur pied d\u2019une plateforme commune de l\u2019opposition"}]},{"@type":"WebSite","@id":"https:\/\/www.africa-press.net\/cameroun\/#website","url":"https:\/\/www.africa-press.net\/cameroun\/","name":"Cameroun","description":"Just another Africa News Agency Sites site","potentialAction":[{"@type":"SearchAction","target":{"@type":"EntryPoint","urlTemplate":"https:\/\/www.africa-press.net\/cameroun\/?s={search_term_string}"},"query-input":{"@type":"PropertyValueSpecification","valueRequired":true,"valueName":"search_term_string"}}],"inLanguage":"fr-FR"},{"@type":"Person","@id":"https:\/\/www.africa-press.net\/cameroun\/#\/schema\/person\/2b1cf3cd81a31e3cd26889ca66d677f1","name":"cfeditorfr"}]}},"_links":{"self":[{"href":"https:\/\/www.africa-press.net\/cameroun\/wp-json\/wp\/v2\/posts\/1967","targetHints":{"allow":["GET"]}}],"collection":[{"href":"https:\/\/www.africa-press.net\/cameroun\/wp-json\/wp\/v2\/posts"}],"about":[{"href":"https:\/\/www.africa-press.net\/cameroun\/wp-json\/wp\/v2\/types\/post"}],"author":[{"embeddable":true,"href":"https:\/\/www.africa-press.net\/cameroun\/wp-json\/wp\/v2\/users\/82"}],"replies":[{"embeddable":true,"href":"https:\/\/www.africa-press.net\/cameroun\/wp-json\/wp\/v2\/comments?post=1967"}],"version-history":[{"count":0,"href":"https:\/\/www.africa-press.net\/cameroun\/wp-json\/wp\/v2\/posts\/1967\/revisions"}],"wp:featuredmedia":[{"embeddable":true,"href":"https:\/\/www.africa-press.net\/cameroun\/wp-json\/wp\/v2\/media\/1966"}],"wp:attachment":[{"href":"https:\/\/www.africa-press.net\/cameroun\/wp-json\/wp\/v2\/media?parent=1967"}],"wp:term":[{"taxonomy":"category","embeddable":true,"href":"https:\/\/www.africa-press.net\/cameroun\/wp-json\/wp\/v2\/categories?post=1967"},{"taxonomy":"post_tag","embeddable":true,"href":"https:\/\/www.africa-press.net\/cameroun\/wp-json\/wp\/v2\/tags?post=1967"}],"curies":[{"name":"wp","href":"https:\/\/api.w.org\/{rel}","templated":true}]}}