{"id":1976,"date":"2021-04-01T20:31:27","date_gmt":"2021-04-01T20:31:27","guid":{"rendered":"https:\/\/www.africa-press.net\/cameroun\/politique\/union-europeenne-le-visa-camerounais-menace-de-restriction"},"modified":"2021-04-01T22:11:40","modified_gmt":"2021-04-01T22:11:40","slug":"union-europeenne-le-visa-camerounais-menace-de-restriction","status":"publish","type":"post","link":"https:\/\/www.africa-press.net\/cameroun\/politique\/union-europeenne-le-visa-camerounais-menace-de-restriction","title":{"rendered":"Union europ\u00e9enne : le visa camerounais menac\u00e9 de restriction"},"content":{"rendered":"<p><span style=\"color: #ff6600\"><strong><a href=\"https:\/\/www.africa-press.net\/\">Africa-Press<\/a> &#8211; <a href=\"https:\/\/www.africa-press.net\/cameroun\">Cameroun<\/a>. <\/strong><\/span>12 autres Etats figurent \u00e9galement sur une liste \u00e9tablie par la commission de l&rsquo;Union europ\u00e9enne.<\/p>\n<p>Treize Etat d&rsquo;Afrique dont le Cameroun et du Moyen-Orient sont menac\u00e9s d&rsquo;une restriction de visas par l&rsquo;Union Europ\u00e9enne. Ces pays figurent sur une liste \u00e9tablie par la Commission europ\u00e9enne. Selon les informations du journal allemand Die Welt, relay\u00e9es par le site internet Le Bled parle, des fonctionnaires de l&rsquo;Union Europ\u00e9enne accusent plusieurs gouvernements de plusieurs pays de manquer de coop\u00e9ration quand il s&rsquo;agit de r\u00e9admettre des citoyens dont la demande d&rsquo;asile a \u00e9t\u00e9 rejet\u00e9e au sein de l&rsquo;UE.<br \/>\nLa m\u00eame source indique que les pays menac\u00e9s par cette restriction de visas Schengen figurent sur une liste \u00e9tablie par la Commission europ\u00e9enne. La volont\u00e9 des Etats de respecter le droit international et de reprendre les citoyens est \u00ab\u00a0inad\u00e9quate\u00a0\u00bb.<\/p>\n<p>Une porte-parole de la Commission europ\u00e9enne a d\u00e9clar\u00e9 \u00e0 l&rsquo;agence de presse allemande DPA qu&rsquo;il n&rsquo;\u00e9tait pas possible de confirmer quels pays faisaient l&rsquo;objet d&rsquo;un tel examen. Mais le journal allemand indique que les fonctionnaires de l&rsquo;UE veulent \u00ab\u00a0entamer un dialogue\u00a0\u00bb avec l&rsquo;Irac, l&rsquo;Iran, la Lybie, le S\u00e9n\u00e9gal, la Somalie, le Mali, la Gambie, le Cameroun. \u00c9galement, la R\u00e9publique du Conge, l&rsquo;Egypte, l&rsquo;Erythr\u00e9e, l&rsquo;Ethiopie et la Guin\u00e9e-Bissau.<\/p>\n<p>En ce qui concerne l&rsquo;augmentation des frais de visa, en f\u00e9vrier dernier, la commissaire europ\u00e9enne aux affaires int\u00e9rieures Ylva Johansson a pr\u00e9sent\u00e9 une \u00e9valuation de la coop\u00e9ration avec 39 pays en mati\u00e8re de r\u00e9admission des demandeurs d&rsquo;asile d\u00e9bout\u00e9s, apprend-on. Elle avait d\u00e9clar\u00e9 que la collaboration avec plus d&rsquo;un tiers des pays \u00e9tudi\u00e9s devait \u00eatre am\u00e9lior\u00e9e. Cependant les pays mentionn\u00e9s dans cette \u00e9valuation n&rsquo;ont pas \u00e9t\u00e9 nomm\u00e9s publiquement. Johansson a \u00e9galement affirm\u00e9 qu&rsquo;elle serait pr\u00eate \u00e0 proposer d\u00e8s cet \u00e9t\u00e9, les Etats qui devraient faire l&rsquo;objet de changements dans la politique des visas au cas o\u00f9 la coop\u00e9ration ne montre aucun signe d&rsquo;am\u00e9lioration.<\/p>\n<p>L&rsquo;augmentation des frais de visa Schengen ou la suppression de la limite de 15 jours pour le traitement des demandes de visa sont les options en instance.<\/p>\n","protected":false},"excerpt":{"rendered":"<p>Africa-Press &#8211; Cameroun. 12 autres Etats figurent \u00e9galement sur une liste \u00e9tablie par la commission de l&rsquo;Union europ\u00e9enne. Treize Etat d&rsquo;Afrique dont le Cameroun et du Moyen-Orient sont menac\u00e9s d&rsquo;une restriction de visas par l&rsquo;Union Europ\u00e9enne. Ces pays figurent sur une liste \u00e9tablie par la Commission europ\u00e9enne. Selon les informations du journal allemand Die Welt, [&hellip;]<\/p>\n","protected":false},"author":82,"featured_media":1975,"comment_status":"open","ping_status":"closed","sticky":false,"template":"","format":"standard","meta":{"footnotes":""},"categories":[11,2,10],"tags":[36,50,49],"class_list":["post-1976","post","type-post","status-publish","format-standard","has-post-thumbnail","hentry","category-homepage-french","category-politique","category-toutes-les-actualites","tag-africa-press","tag-africa-press-cameroun","tag-cameroun"],"yoast_head":"<!-- This site is optimized with the Yoast SEO Premium plugin v26.1 (Yoast SEO v27.0) - https:\/\/yoast.com\/product\/yoast-seo-premium-wordpress\/ -->\n<title>Union europ\u00e9enne : le visa camerounais menac\u00e9 de restriction - Cameroun<\/title>\n<meta name=\"description\" content=\"12 autres Etats figurent \u00e9galement sur une liste \u00e9tablie par la commission de l&#039;Union europ\u00e9enne. Treize Etat d&#039;Afrique ...\" \/>\n<meta name=\"robots\" content=\"index, follow, max-snippet:-1, max-image-preview:large, max-video-preview:-1\" \/>\n<link rel=\"canonical\" href=\"https:\/\/www.africa-press.net\/cameroun\/politique\/union-europeenne-le-visa-camerounais-menace-de-restriction\" \/>\n<meta property=\"og:locale\" content=\"fr_FR\" \/>\n<meta property=\"og:type\" content=\"article\" \/>\n<meta property=\"og:title\" content=\"Union europ\u00e9enne : le visa camerounais menac\u00e9 de restriction\" \/>\n<meta property=\"og:description\" content=\"12 autres Etats figurent \u00e9galement sur une liste \u00e9tablie par la commission de l&#039;Union europ\u00e9enne. Treize Etat d&#039;Afrique ...\" \/>\n<meta property=\"og:url\" content=\"https:\/\/www.africa-press.net\/cameroun\/politique\/union-europeenne-le-visa-camerounais-menace-de-restriction\" \/>\n<meta property=\"og:site_name\" content=\"Cameroun\" \/>\n<meta property=\"article:published_time\" content=\"2021-04-01T20:31:27+00:00\" \/>\n<meta property=\"article:modified_time\" content=\"2021-04-01T22:11:40+00:00\" \/>\n<meta property=\"og:image\" content=\"https:\/\/static.africa-press.net\/cameroun\/sites\/57\/2021\/04\/img-606645004eccf.jpg\" \/>\n\t<meta property=\"og:image:width\" content=\"1024\" \/>\n\t<meta property=\"og:image:height\" content=\"480\" \/>\n\t<meta property=\"og:image:type\" content=\"image\/jpeg\" \/>\n<meta name=\"author\" content=\"cfeditorfr\" \/>\n<meta name=\"twitter:card\" content=\"summary_large_image\" \/>\n<meta name=\"twitter:label1\" content=\"\u00c9crit par\" \/>\n\t<meta name=\"twitter:data1\" content=\"cfeditorfr\" \/>\n\t<meta name=\"twitter:label2\" content=\"Dur\u00e9e de lecture estim\u00e9e\" \/>\n\t<meta name=\"twitter:data2\" content=\"2 minutes\" \/>\n<script type=\"application\/ld+json\" class=\"yoast-schema-graph\">{\"@context\":\"https:\/\/schema.org\",\"@graph\":[{\"@type\":\"Article\",\"@id\":\"https:\/\/www.africa-press.net\/cameroun\/politique\/union-europeenne-le-visa-camerounais-menace-de-restriction#article\",\"isPartOf\":{\"@id\":\"https:\/\/www.africa-press.net\/cameroun\/politique\/union-europeenne-le-visa-camerounais-menace-de-restriction\"},\"author\":{\"name\":\"cfeditorfr\",\"@id\":\"https:\/\/www.africa-press.net\/cameroun\/#\/schema\/person\/2b1cf3cd81a31e3cd26889ca66d677f1\"},\"headline\":\"Union europ\u00e9enne : le visa camerounais menac\u00e9 de restriction\",\"datePublished\":\"2021-04-01T20:31:27+00:00\",\"dateModified\":\"2021-04-01T22:11:40+00:00\",\"mainEntityOfPage\":{\"@id\":\"https:\/\/www.africa-press.net\/cameroun\/politique\/union-europeenne-le-visa-camerounais-menace-de-restriction\"},\"wordCount\":401,\"commentCount\":0,\"image\":{\"@id\":\"https:\/\/www.africa-press.net\/cameroun\/politique\/union-europeenne-le-visa-camerounais-menace-de-restriction#primaryimage\"},\"thumbnailUrl\":\"https:\/\/static.africa-press.net\/cameroun\/sites\/57\/2021\/04\/img-606645004eccf.jpg\",\"keywords\":[\"Africa Press\",\"Africa Press-Cameroun\",\"Cameroun\"],\"articleSection\":[\"homepage-french\",\"Politique\",\"Toutes les actualit\u00e9s\"],\"inLanguage\":\"fr-FR\",\"potentialAction\":[{\"@type\":\"CommentAction\",\"name\":\"Comment\",\"target\":[\"https:\/\/www.africa-press.net\/cameroun\/politique\/union-europeenne-le-visa-camerounais-menace-de-restriction#respond\"]}]},{\"@type\":\"WebPage\",\"@id\":\"https:\/\/www.africa-press.net\/cameroun\/politique\/union-europeenne-le-visa-camerounais-menace-de-restriction\",\"url\":\"https:\/\/www.africa-press.net\/cameroun\/politique\/union-europeenne-le-visa-camerounais-menace-de-restriction\",\"name\":\"Union europ\u00e9enne : le visa camerounais menac\u00e9 de restriction - Cameroun\",\"isPartOf\":{\"@id\":\"https:\/\/www.africa-press.net\/cameroun\/#website\"},\"primaryImageOfPage\":{\"@id\":\"https:\/\/www.africa-press.net\/cameroun\/politique\/union-europeenne-le-visa-camerounais-menace-de-restriction#primaryimage\"},\"image\":{\"@id\":\"https:\/\/www.africa-press.net\/cameroun\/politique\/union-europeenne-le-visa-camerounais-menace-de-restriction#primaryimage\"},\"thumbnailUrl\":\"https:\/\/static.africa-press.net\/cameroun\/sites\/57\/2021\/04\/img-606645004eccf.jpg\",\"datePublished\":\"2021-04-01T20:31:27+00:00\",\"dateModified\":\"2021-04-01T22:11:40+00:00\",\"author\":{\"@id\":\"https:\/\/www.africa-press.net\/cameroun\/#\/schema\/person\/2b1cf3cd81a31e3cd26889ca66d677f1\"},\"description\":\"12 autres Etats figurent \u00e9galement sur une liste \u00e9tablie par la commission de l'Union europ\u00e9enne. Treize Etat d'Afrique ...\",\"breadcrumb\":{\"@id\":\"https:\/\/www.africa-press.net\/cameroun\/politique\/union-europeenne-le-visa-camerounais-menace-de-restriction#breadcrumb\"},\"inLanguage\":\"fr-FR\",\"potentialAction\":[{\"@type\":\"ReadAction\",\"target\":[\"https:\/\/www.africa-press.net\/cameroun\/politique\/union-europeenne-le-visa-camerounais-menace-de-restriction\"]}]},{\"@type\":\"ImageObject\",\"inLanguage\":\"fr-FR\",\"@id\":\"https:\/\/www.africa-press.net\/cameroun\/politique\/union-europeenne-le-visa-camerounais-menace-de-restriction#primaryimage\",\"url\":\"https:\/\/static.africa-press.net\/cameroun\/sites\/57\/2021\/04\/img-606645004eccf.jpg\",\"contentUrl\":\"https:\/\/static.africa-press.net\/cameroun\/sites\/57\/2021\/04\/img-606645004eccf.jpg\",\"width\":1024,\"height\":480,\"caption\":\"Union europ\u00e9enne : le visa camerounais menac\u00e9 de restriction\"},{\"@type\":\"BreadcrumbList\",\"@id\":\"https:\/\/www.africa-press.net\/cameroun\/politique\/union-europeenne-le-visa-camerounais-menace-de-restriction#breadcrumb\",\"itemListElement\":[{\"@type\":\"ListItem\",\"position\":1,\"name\":\"Accueil\",\"item\":\"https:\/\/www.africa-press.net\/cameroun\/\"},{\"@type\":\"ListItem\",\"position\":2,\"name\":\"Union europ\u00e9enne : le visa camerounais menac\u00e9 de restriction\"}]},{\"@type\":\"WebSite\",\"@id\":\"https:\/\/www.africa-press.net\/cameroun\/#website\",\"url\":\"https:\/\/www.africa-press.net\/cameroun\/\",\"name\":\"Cameroun\",\"description\":\"Just another Africa News Agency Sites site\",\"potentialAction\":[{\"@type\":\"SearchAction\",\"target\":{\"@type\":\"EntryPoint\",\"urlTemplate\":\"https:\/\/www.africa-press.net\/cameroun\/?s={search_term_string}\"},\"query-input\":{\"@type\":\"PropertyValueSpecification\",\"valueRequired\":true,\"valueName\":\"search_term_string\"}}],\"inLanguage\":\"fr-FR\"},{\"@type\":\"Person\",\"@id\":\"https:\/\/www.africa-press.net\/cameroun\/#\/schema\/person\/2b1cf3cd81a31e3cd26889ca66d677f1\",\"name\":\"cfeditorfr\"}]}<\/script>\n<!-- \/ Yoast SEO Premium plugin. -->","yoast_head_json":{"title":"Union europ\u00e9enne : le visa camerounais menac\u00e9 de restriction - Cameroun","description":"12 autres Etats figurent \u00e9galement sur une liste \u00e9tablie par la commission de l'Union europ\u00e9enne. Treize Etat d'Afrique ...","robots":{"index":"index","follow":"follow","max-snippet":"max-snippet:-1","max-image-preview":"max-image-preview:large","max-video-preview":"max-video-preview:-1"},"canonical":"https:\/\/www.africa-press.net\/cameroun\/politique\/union-europeenne-le-visa-camerounais-menace-de-restriction","og_locale":"fr_FR","og_type":"article","og_title":"Union europ\u00e9enne : le visa camerounais menac\u00e9 de restriction","og_description":"12 autres Etats figurent \u00e9galement sur une liste \u00e9tablie par la commission de l'Union europ\u00e9enne. Treize Etat d'Afrique ...","og_url":"https:\/\/www.africa-press.net\/cameroun\/politique\/union-europeenne-le-visa-camerounais-menace-de-restriction","og_site_name":"Cameroun","article_published_time":"2021-04-01T20:31:27+00:00","article_modified_time":"2021-04-01T22:11:40+00:00","og_image":[{"width":1024,"height":480,"url":"https:\/\/static.africa-press.net\/cameroun\/sites\/57\/2021\/04\/img-606645004eccf.jpg","type":"image\/jpeg"}],"author":"cfeditorfr","twitter_card":"summary_large_image","twitter_misc":{"\u00c9crit par":"cfeditorfr","Dur\u00e9e de lecture estim\u00e9e":"2 minutes"},"schema":{"@context":"https:\/\/schema.org","@graph":[{"@type":"Article","@id":"https:\/\/www.africa-press.net\/cameroun\/politique\/union-europeenne-le-visa-camerounais-menace-de-restriction#article","isPartOf":{"@id":"https:\/\/www.africa-press.net\/cameroun\/politique\/union-europeenne-le-visa-camerounais-menace-de-restriction"},"author":{"name":"cfeditorfr","@id":"https:\/\/www.africa-press.net\/cameroun\/#\/schema\/person\/2b1cf3cd81a31e3cd26889ca66d677f1"},"headline":"Union europ\u00e9enne : le visa camerounais menac\u00e9 de restriction","datePublished":"2021-04-01T20:31:27+00:00","dateModified":"2021-04-01T22:11:40+00:00","mainEntityOfPage":{"@id":"https:\/\/www.africa-press.net\/cameroun\/politique\/union-europeenne-le-visa-camerounais-menace-de-restriction"},"wordCount":401,"commentCount":0,"image":{"@id":"https:\/\/www.africa-press.net\/cameroun\/politique\/union-europeenne-le-visa-camerounais-menace-de-restriction#primaryimage"},"thumbnailUrl":"https:\/\/static.africa-press.net\/cameroun\/sites\/57\/2021\/04\/img-606645004eccf.jpg","keywords":["Africa Press","Africa Press-Cameroun","Cameroun"],"articleSection":["homepage-french","Politique","Toutes les actualit\u00e9s"],"inLanguage":"fr-FR","potentialAction":[{"@type":"CommentAction","name":"Comment","target":["https:\/\/www.africa-press.net\/cameroun\/politique\/union-europeenne-le-visa-camerounais-menace-de-restriction#respond"]}]},{"@type":"WebPage","@id":"https:\/\/www.africa-press.net\/cameroun\/politique\/union-europeenne-le-visa-camerounais-menace-de-restriction","url":"https:\/\/www.africa-press.net\/cameroun\/politique\/union-europeenne-le-visa-camerounais-menace-de-restriction","name":"Union europ\u00e9enne : le visa camerounais menac\u00e9 de restriction - Cameroun","isPartOf":{"@id":"https:\/\/www.africa-press.net\/cameroun\/#website"},"primaryImageOfPage":{"@id":"https:\/\/www.africa-press.net\/cameroun\/politique\/union-europeenne-le-visa-camerounais-menace-de-restriction#primaryimage"},"image":{"@id":"https:\/\/www.africa-press.net\/cameroun\/politique\/union-europeenne-le-visa-camerounais-menace-de-restriction#primaryimage"},"thumbnailUrl":"https:\/\/static.africa-press.net\/cameroun\/sites\/57\/2021\/04\/img-606645004eccf.jpg","datePublished":"2021-04-01T20:31:27+00:00","dateModified":"2021-04-01T22:11:40+00:00","author":{"@id":"https:\/\/www.africa-press.net\/cameroun\/#\/schema\/person\/2b1cf3cd81a31e3cd26889ca66d677f1"},"description":"12 autres Etats figurent \u00e9galement sur une liste \u00e9tablie par la commission de l'Union europ\u00e9enne. Treize Etat d'Afrique ...","breadcrumb":{"@id":"https:\/\/www.africa-press.net\/cameroun\/politique\/union-europeenne-le-visa-camerounais-menace-de-restriction#breadcrumb"},"inLanguage":"fr-FR","potentialAction":[{"@type":"ReadAction","target":["https:\/\/www.africa-press.net\/cameroun\/politique\/union-europeenne-le-visa-camerounais-menace-de-restriction"]}]},{"@type":"ImageObject","inLanguage":"fr-FR","@id":"https:\/\/www.africa-press.net\/cameroun\/politique\/union-europeenne-le-visa-camerounais-menace-de-restriction#primaryimage","url":"https:\/\/static.africa-press.net\/cameroun\/sites\/57\/2021\/04\/img-606645004eccf.jpg","contentUrl":"https:\/\/static.africa-press.net\/cameroun\/sites\/57\/2021\/04\/img-606645004eccf.jpg","width":1024,"height":480,"caption":"Union europ\u00e9enne : le visa camerounais menac\u00e9 de restriction"},{"@type":"BreadcrumbList","@id":"https:\/\/www.africa-press.net\/cameroun\/politique\/union-europeenne-le-visa-camerounais-menace-de-restriction#breadcrumb","itemListElement":[{"@type":"ListItem","position":1,"name":"Accueil","item":"https:\/\/www.africa-press.net\/cameroun\/"},{"@type":"ListItem","position":2,"name":"Union europ\u00e9enne : le visa camerounais menac\u00e9 de restriction"}]},{"@type":"WebSite","@id":"https:\/\/www.africa-press.net\/cameroun\/#website","url":"https:\/\/www.africa-press.net\/cameroun\/","name":"Cameroun","description":"Just another Africa News Agency Sites site","potentialAction":[{"@type":"SearchAction","target":{"@type":"EntryPoint","urlTemplate":"https:\/\/www.africa-press.net\/cameroun\/?s={search_term_string}"},"query-input":{"@type":"PropertyValueSpecification","valueRequired":true,"valueName":"search_term_string"}}],"inLanguage":"fr-FR"},{"@type":"Person","@id":"https:\/\/www.africa-press.net\/cameroun\/#\/schema\/person\/2b1cf3cd81a31e3cd26889ca66d677f1","name":"cfeditorfr"}]}},"_links":{"self":[{"href":"https:\/\/www.africa-press.net\/cameroun\/wp-json\/wp\/v2\/posts\/1976","targetHints":{"allow":["GET"]}}],"collection":[{"href":"https:\/\/www.africa-press.net\/cameroun\/wp-json\/wp\/v2\/posts"}],"about":[{"href":"https:\/\/www.africa-press.net\/cameroun\/wp-json\/wp\/v2\/types\/post"}],"author":[{"embeddable":true,"href":"https:\/\/www.africa-press.net\/cameroun\/wp-json\/wp\/v2\/users\/82"}],"replies":[{"embeddable":true,"href":"https:\/\/www.africa-press.net\/cameroun\/wp-json\/wp\/v2\/comments?post=1976"}],"version-history":[{"count":0,"href":"https:\/\/www.africa-press.net\/cameroun\/wp-json\/wp\/v2\/posts\/1976\/revisions"}],"wp:featuredmedia":[{"embeddable":true,"href":"https:\/\/www.africa-press.net\/cameroun\/wp-json\/wp\/v2\/media\/1975"}],"wp:attachment":[{"href":"https:\/\/www.africa-press.net\/cameroun\/wp-json\/wp\/v2\/media?parent=1976"}],"wp:term":[{"taxonomy":"category","embeddable":true,"href":"https:\/\/www.africa-press.net\/cameroun\/wp-json\/wp\/v2\/categories?post=1976"},{"taxonomy":"post_tag","embeddable":true,"href":"https:\/\/www.africa-press.net\/cameroun\/wp-json\/wp\/v2\/tags?post=1976"}],"curies":[{"name":"wp","href":"https:\/\/api.w.org\/{rel}","templated":true}]}}