{"id":1985,"date":"2021-04-01T21:08:21","date_gmt":"2021-04-01T21:08:21","guid":{"rendered":"https:\/\/www.africa-press.net\/cameroun\/politique\/robert-bapooh-lipot-apporte-son-soutien-a-emmanuel-macron"},"modified":"2021-04-01T22:13:34","modified_gmt":"2021-04-01T22:13:34","slug":"robert-bapooh-lipot-apporte-son-soutien-a-emmanuel-macron","status":"publish","type":"post","link":"https:\/\/www.africa-press.net\/cameroun\/politique\/robert-bapooh-lipot-apporte-son-soutien-a-emmanuel-macron","title":{"rendered":"Robert Bapooh Lipot apporte son soutien \u00e0 Emmanuel Macron"},"content":{"rendered":"<p><span style=\"color: #ff6600\"><strong><a href=\"https:\/\/www.africa-press.net\/\">Africa-Press<\/a> &#8211; <a href=\"https:\/\/www.africa-press.net\/cameroun\">Cameroun<\/a>. <\/strong><\/span>Dans une tribune libre, le Secr\u00e9taire g\u00e9n\u00e9ral de l\u2019Union des populations du Cameroun (Upc), se met aux c\u00f4t\u00e9s du Pr\u00e9sident fran\u00e7ais, Emmanuel Macron, face aux nouveaux enjeux g\u00e9opolitiques. Lire en exclusivit\u00e9 la note politique de l\u2019Honorable Robert Bapooh Lipot.<\/p>\n<p>Les \u00e9v\u00e8nements du monde contemporain notamment la Convivialit\u00e9 consacr\u00e9e entre l\u2019Allemagne et la France pour faire triompher les id\u00e9aux de l\u2019Europe Moderne, nous fondent \u00e0 penser que lorsque les enjeux et les d\u00e9fis du pr\u00e9sent appellent au Dialogue, les Peuples peuvent taire les \u00e9cueils du pass\u00e9 pour construire l\u2019Avenir.<\/p>\n<p>L\u2019Afrique a chang\u00e9, le Cameroun avec. Comme on peut le constater, elle n\u2019est plus ce coin \u00ab sauvage \u00bb de l\u2019imaginaire d\u2019un certain monde. C\u2019est une \u00e9vidence majeure. Sur le plan \u00e9conomique et g\u00e9ostrat\u00e9gique, l\u2019Afrique attire beaucoup de capitaux. Il est \u00e9galement clair qu\u2019en Afrique, la France aurait d\u00fb avoir une place de privil\u00e9gi\u00e9 surtout dans ses anciennes colonies. Car malgr\u00e9 les asp\u00e9rit\u00e9s historiques, nous partageons un si\u00e8cle et demi de vie politique, culturelle et \u00e9conomique. On peut m\u00eame affirmer sans ambages, que nous sommes condamn\u00e9s \u00e0 vivre ensemble. Or comme le disait G\u00e9rard Simon, Ancien Ambassadeur de France au Burkina Faso :<br \/>\n\u00ab Jamais depuis l\u2019Ind\u00e9pendance de ses anciennes colonies d\u2019Afrique la France n\u2019a conduit une politique \u00e0 la hauteur de ses ambitions. Nos relations privil\u00e9gi\u00e9es avec les treize pays francophone de ce continent(Afrique), bien que ciment\u00e9es depuis plus d\u2019un si\u00e8cle dans une culture et une histoire communes se d\u00e9litent et n\u2019ont plus de constance ni de visibilit\u00e9. Les sentiments de solidarit\u00e9, autrefois si denses, se sont estomp\u00e9s \u00e0 un tel degr\u00e9 que les rues de maintes capitales africaines retentissent, de plus en plus souvent, de slogans hostiles \u00e0 l\u2019ancien colonisateur, qui n\u2019a cess\u00e9 de d\u00e9cevoir leurs attentes. Pour ne pas avoir compris assez t\u00f4t l\u2019\u00e9volution du Continent et l\u2019aspiration l\u00e9gitime des peuples africains, la France paye aujourd\u2019hui le lourd tribut de ses errements pass\u00e9s. \u00bb<\/p>\n<p>La France a le devoir aujourd\u2019hui de repenser sa politique en Afrique, prenant en consid\u00e9ration une r\u00e9alit\u00e9 : la Nouvelle G\u00e9n\u00e9ration Africaine, parfois \u00e9duqu\u00e9e dans les meilleures universit\u00e9s occidentales, parle et pratique le vocabulaire de la mondialisation. La France doit par cons\u00e9quent int\u00e9grer cette Nouvelle Donne pour capitaliser ses rapports historiques avec l\u2019Afrique. Elle doit sortir de ce cercle vicieux que d\u00e9crit G\u00e9rard Simon, assumer les erreurs de son pass\u00e9 colonial et, inscrire v\u00e9ritablement sa Coop\u00e9ration avec l\u2019Afrique dans l\u2019optique du respect de la dignit\u00e9 des Peuples et de la sauvegarde de la Souverainet\u00e9 de leurs Nations. En s\u2019\u00e9loignant pour ainsi dire des fondamentaux du pacte colonial, la France deviendra cette Nation qui n\u2019a pas voulu garder exclusivement pour son Peuple, les vertus du Si\u00e8cle des Lumi\u00e8res.<\/p>\n<p>Pour l\u2019Union des Populations du Cameroun, c\u2019est le Moment Id\u00e9al de reb\u00e2tir les relations entre l\u2019Afrique et la France afin de permettre aux jeunes g\u00e9n\u00e9rations Fran\u00e7aises et Africaines d\u2019avoir en partage l\u2019Id\u00e9al de s\u00e9curisation des liens s\u00e9culiers qui unissent l\u2019Afrique et la France. Car comme le disait si bien Jacques Attali :<br \/>\n\u00ab Aujourd\u2019hui se d\u00e9cide ce que sera le monde de 2050 et se pr\u00e9pare ce qu\u2019il sera en 2100. Selon la fa\u00e7on dont nous agirons, nos enfants et nos petits-enfants habiteront un monde vivable ou traverseront un enfer en nous ha\u00efssant\u2026 l\u2019Histoire ob\u00e9it \u00e0 des lois qui permettent de la pr\u00e9voir et de l\u2019orienter \u00bb.<\/p>\n<p>Aujourd\u2019hui, avec l\u2019Afrique, la France a le devoir de reconstruire ses relations sur la base des enjeux et d\u00e9fis de la mondialisation. Parmi les multiples d\u00e9fis qui interpellent la gestion de ces relations, il y a la mise en place d\u2019une Dynamique promotrice de la Justice, du Dialogue, du Pardon, de la Paix et du D\u00e9veloppement.<br \/>\nDepuis son retour dans la sc\u00e8ne politique Camerounaise par le biais du multipartisme, apr\u00e8s son interdiction par l\u2019administration coloniale fran\u00e7aise en 1955, l\u2019UPC a choisi de peser de tout son poids dans la mise en place des Institutions Modernes susceptibles de permettre aux Camerounais de vivre dans la Paix. C\u2019est dans ce sillage que s\u2019est inscrite l\u2019Alliance RDPC\/UPC, option politique inaugur\u00e9e par le tr\u00e8s regrett\u00e9 Secr\u00e9taire G\u00e9n\u00e9ral Augustin Fr\u00e9d\u00e9ric KODOCK. Aujourd\u2019hui, nous pouvons constater que gr\u00e2ce \u00e0 cette Alliance strat\u00e9gique et la disponibilit\u00e9 du RDPC \u00e0 b\u00e9n\u00e9ficier de l\u2019exp\u00e9rience du Parti Historique, le Cameroun ne s\u2019en sort pas mal dans une Afrique boulevers\u00e9e par de multiples conflits.<\/p>\n<p>Au moment o\u00f9 notre Gouvernement s\u2019attelle \u00e0 faire du Cameroun un Pays Emergent \u00e0 l\u2019horizon 2035, l\u2019UPC souhaite que la France participe activement \u00e0 la r\u00e9alisation de cette mission salutaire pour nos populations. Elle ne doit plus \u00eatre spectatrice ou admiratrice vaincue devant la perc\u00e9e des nouveaux partenaires. La France doit encore beaucoup plus s\u2019impliquer dans le d\u00e9veloppement du Cameroun et de l\u2019Afrique. Car il y va de son Avenir et de sa Grandeur sur le plan International. A ce titre, l\u2019UPC invite le Gouvernement Fran\u00e7ais \u00e0 lancer un Plan Sp\u00e9cial de D\u00e9veloppement des D\u00e9partements du NYONG &amp; KELLE, SANAGA-MARITIME, NKAM etc, tr\u00e8s sinistr\u00e9s et o\u00f9 l\u2019Arm\u00e9e Fran\u00e7aise a laiss\u00e9 des stigmates qui n\u00e9cessitent des actions singuli\u00e8res visant \u00e0 construire une Nouvelle Id\u00e9e de la France. Nous sommes tous conscients que le regard conflictuel port\u00e9 sur la France par les Nouvelles G\u00e9n\u00e9rations Africaines trouve parfois son origine dans cette absence totale de d\u00e9veloppement dans ces lieux o\u00f9 se d\u00e9roula l\u2019histoire parfois douloureuse entre nos peuples.<\/p>\n<p>En ce qui concerne le processus d\u00e9mocratique inaugur\u00e9 dans les ann\u00e9es quatre-vingt-dix au Cameroun, des efforts majeurs ont \u00e9t\u00e9 faits. Certes, beaucoup reste \u00e0 faire sur le plan de l\u2019efficacit\u00e9 et des rendements de nos nouvelles Institutions. Mais il importe de f\u00e9liciter le Chef de l\u2019Etat Camerounais, S.E.M Paul BIYA pour ses efforts consentis quant \u00e0 la modernisation Institutionnelle de notre R\u00e9publique. Le gouvernement Fran\u00e7ais devrait nous assister dans cette action de pr\u00e9vention Institutionnelle dont la d\u00e9liquescence nous offre le triste spectacle en R\u00e9publique Centrafricaine, au Mali et au Niger. Car faudrait-il encore le rappeler, seules les Institutions R\u00e9publicaines peuvent pr\u00e9venir les pays Africains du p\u00e9ril que constituent les guerres civiles et les g\u00e9nocides. L\u2019UPC salue \u00e0 sa juste valeur, les interventions salutaires de la France au Mali, au Niger et en R\u00e9publique Centrafricaine. La France devrait assister financi\u00e8rement le Cameroun pour rendre plus op\u00e9rationnelles toutes les Institutions aff\u00e9rentes \u00e0 la Promotion de la Paix et la Sauvegarde de l\u2019Unit\u00e9 de notre Nation.<br \/>\nCe Rep\u00e8re \u00e9tabli, nous avons la ferme conviction que par un Dialogue Sinc\u00e8re et Convivial, la France et l\u2019Afrique peuvent se r\u00e9concilier et jeter les bases d\u2019une Nouvelle Coop\u00e9ration soucieuse de la sauvegarde de nos int\u00e9r\u00eats respectifs. Car, Comme l\u2019atteste l\u2019article 31 de ses statuts de 1952, il y a lieu de relever que l\u2019UPC au m\u00eame titre que l\u2019Afrique, n\u2019a jamais \u00e9t\u00e9 contre les Int\u00e9r\u00eats de la Nation Fran\u00e7aise.<\/p>\n","protected":false},"excerpt":{"rendered":"<p>Africa-Press &#8211; Cameroun. Dans une tribune libre, le Secr\u00e9taire g\u00e9n\u00e9ral de l\u2019Union des populations du Cameroun (Upc), se met aux c\u00f4t\u00e9s du Pr\u00e9sident fran\u00e7ais, Emmanuel Macron, face aux nouveaux enjeux g\u00e9opolitiques. Lire en exclusivit\u00e9 la note politique de l\u2019Honorable Robert Bapooh Lipot. Les \u00e9v\u00e8nements du monde contemporain notamment la Convivialit\u00e9 consacr\u00e9e entre l\u2019Allemagne et la [&hellip;]<\/p>\n","protected":false},"author":82,"featured_media":1984,"comment_status":"open","ping_status":"closed","sticky":false,"template":"","format":"standard","meta":{"footnotes":""},"categories":[11,2,10],"tags":[36,50,49],"class_list":["post-1985","post","type-post","status-publish","format-standard","has-post-thumbnail","hentry","category-homepage-french","category-politique","category-toutes-les-actualites","tag-africa-press","tag-africa-press-cameroun","tag-cameroun"],"yoast_head":"<!-- This site is optimized with the Yoast SEO Premium plugin v26.1 (Yoast SEO v27.0) - https:\/\/yoast.com\/product\/yoast-seo-premium-wordpress\/ -->\n<title>Robert Bapooh Lipot apporte son soutien \u00e0 Emmanuel Macron - Cameroun<\/title>\n<meta name=\"description\" content=\"Dans une tribune libre, le Secr\u00e9taire g\u00e9n\u00e9ral de l\u2019Union des populations du Cameroun (Upc), se met aux c\u00f4t\u00e9s du Pr\u00e9siden ...\" \/>\n<meta name=\"robots\" content=\"index, follow, max-snippet:-1, max-image-preview:large, max-video-preview:-1\" \/>\n<link rel=\"canonical\" href=\"https:\/\/www.africa-press.net\/cameroun\/politique\/robert-bapooh-lipot-apporte-son-soutien-a-emmanuel-macron\" \/>\n<meta property=\"og:locale\" content=\"fr_FR\" \/>\n<meta property=\"og:type\" content=\"article\" \/>\n<meta property=\"og:title\" content=\"Robert Bapooh Lipot apporte son soutien \u00e0 Emmanuel Macron\" \/>\n<meta property=\"og:description\" content=\"Dans une tribune libre, le Secr\u00e9taire g\u00e9n\u00e9ral de l\u2019Union des populations du Cameroun (Upc), se met aux c\u00f4t\u00e9s du Pr\u00e9siden ...\" \/>\n<meta property=\"og:url\" content=\"https:\/\/www.africa-press.net\/cameroun\/politique\/robert-bapooh-lipot-apporte-son-soutien-a-emmanuel-macron\" \/>\n<meta property=\"og:site_name\" content=\"Cameroun\" \/>\n<meta property=\"article:published_time\" content=\"2021-04-01T21:08:21+00:00\" \/>\n<meta property=\"article:modified_time\" content=\"2021-04-01T22:13:34+00:00\" \/>\n<meta property=\"og:image\" content=\"https:\/\/static.africa-press.net\/cameroun\/sites\/57\/2021\/04\/img-606645734f8bd.jpg\" \/>\n\t<meta property=\"og:image:width\" content=\"800\" \/>\n\t<meta property=\"og:image:height\" content=\"445\" \/>\n\t<meta property=\"og:image:type\" content=\"image\/jpeg\" \/>\n<meta name=\"author\" content=\"cfeditorfr\" \/>\n<meta name=\"twitter:card\" content=\"summary_large_image\" \/>\n<meta name=\"twitter:label1\" content=\"\u00c9crit par\" \/>\n\t<meta name=\"twitter:data1\" content=\"cfeditorfr\" \/>\n\t<meta name=\"twitter:label2\" content=\"Dur\u00e9e de lecture estim\u00e9e\" \/>\n\t<meta name=\"twitter:data2\" content=\"6 minutes\" \/>\n<script type=\"application\/ld+json\" class=\"yoast-schema-graph\">{\"@context\":\"https:\/\/schema.org\",\"@graph\":[{\"@type\":\"Article\",\"@id\":\"https:\/\/www.africa-press.net\/cameroun\/politique\/robert-bapooh-lipot-apporte-son-soutien-a-emmanuel-macron#article\",\"isPartOf\":{\"@id\":\"https:\/\/www.africa-press.net\/cameroun\/politique\/robert-bapooh-lipot-apporte-son-soutien-a-emmanuel-macron\"},\"author\":{\"name\":\"cfeditorfr\",\"@id\":\"https:\/\/www.africa-press.net\/cameroun\/#\/schema\/person\/2b1cf3cd81a31e3cd26889ca66d677f1\"},\"headline\":\"Robert Bapooh Lipot apporte son soutien \u00e0 Emmanuel Macron\",\"datePublished\":\"2021-04-01T21:08:21+00:00\",\"dateModified\":\"2021-04-01T22:13:34+00:00\",\"mainEntityOfPage\":{\"@id\":\"https:\/\/www.africa-press.net\/cameroun\/politique\/robert-bapooh-lipot-apporte-son-soutien-a-emmanuel-macron\"},\"wordCount\":1285,\"commentCount\":0,\"image\":{\"@id\":\"https:\/\/www.africa-press.net\/cameroun\/politique\/robert-bapooh-lipot-apporte-son-soutien-a-emmanuel-macron#primaryimage\"},\"thumbnailUrl\":\"https:\/\/static.africa-press.net\/cameroun\/sites\/57\/2021\/04\/img-606645734f8bd.jpg\",\"keywords\":[\"Africa Press\",\"Africa Press-Cameroun\",\"Cameroun\"],\"articleSection\":[\"homepage-french\",\"Politique\",\"Toutes les actualit\u00e9s\"],\"inLanguage\":\"fr-FR\",\"potentialAction\":[{\"@type\":\"CommentAction\",\"name\":\"Comment\",\"target\":[\"https:\/\/www.africa-press.net\/cameroun\/politique\/robert-bapooh-lipot-apporte-son-soutien-a-emmanuel-macron#respond\"]}]},{\"@type\":\"WebPage\",\"@id\":\"https:\/\/www.africa-press.net\/cameroun\/politique\/robert-bapooh-lipot-apporte-son-soutien-a-emmanuel-macron\",\"url\":\"https:\/\/www.africa-press.net\/cameroun\/politique\/robert-bapooh-lipot-apporte-son-soutien-a-emmanuel-macron\",\"name\":\"Robert Bapooh Lipot apporte son soutien \u00e0 Emmanuel Macron - Cameroun\",\"isPartOf\":{\"@id\":\"https:\/\/www.africa-press.net\/cameroun\/#website\"},\"primaryImageOfPage\":{\"@id\":\"https:\/\/www.africa-press.net\/cameroun\/politique\/robert-bapooh-lipot-apporte-son-soutien-a-emmanuel-macron#primaryimage\"},\"image\":{\"@id\":\"https:\/\/www.africa-press.net\/cameroun\/politique\/robert-bapooh-lipot-apporte-son-soutien-a-emmanuel-macron#primaryimage\"},\"thumbnailUrl\":\"https:\/\/static.africa-press.net\/cameroun\/sites\/57\/2021\/04\/img-606645734f8bd.jpg\",\"datePublished\":\"2021-04-01T21:08:21+00:00\",\"dateModified\":\"2021-04-01T22:13:34+00:00\",\"author\":{\"@id\":\"https:\/\/www.africa-press.net\/cameroun\/#\/schema\/person\/2b1cf3cd81a31e3cd26889ca66d677f1\"},\"description\":\"Dans une tribune libre, le Secr\u00e9taire g\u00e9n\u00e9ral de l\u2019Union des populations du Cameroun (Upc), se met aux c\u00f4t\u00e9s du Pr\u00e9siden ...\",\"breadcrumb\":{\"@id\":\"https:\/\/www.africa-press.net\/cameroun\/politique\/robert-bapooh-lipot-apporte-son-soutien-a-emmanuel-macron#breadcrumb\"},\"inLanguage\":\"fr-FR\",\"potentialAction\":[{\"@type\":\"ReadAction\",\"target\":[\"https:\/\/www.africa-press.net\/cameroun\/politique\/robert-bapooh-lipot-apporte-son-soutien-a-emmanuel-macron\"]}]},{\"@type\":\"ImageObject\",\"inLanguage\":\"fr-FR\",\"@id\":\"https:\/\/www.africa-press.net\/cameroun\/politique\/robert-bapooh-lipot-apporte-son-soutien-a-emmanuel-macron#primaryimage\",\"url\":\"https:\/\/static.africa-press.net\/cameroun\/sites\/57\/2021\/04\/img-606645734f8bd.jpg\",\"contentUrl\":\"https:\/\/static.africa-press.net\/cameroun\/sites\/57\/2021\/04\/img-606645734f8bd.jpg\",\"width\":800,\"height\":445,\"caption\":\"Robert Bapooh Lipot apporte son soutien \u00e0 Emmanuel Macron\"},{\"@type\":\"BreadcrumbList\",\"@id\":\"https:\/\/www.africa-press.net\/cameroun\/politique\/robert-bapooh-lipot-apporte-son-soutien-a-emmanuel-macron#breadcrumb\",\"itemListElement\":[{\"@type\":\"ListItem\",\"position\":1,\"name\":\"Accueil\",\"item\":\"https:\/\/www.africa-press.net\/cameroun\/\"},{\"@type\":\"ListItem\",\"position\":2,\"name\":\"Robert Bapooh Lipot apporte son soutien \u00e0 Emmanuel Macron\"}]},{\"@type\":\"WebSite\",\"@id\":\"https:\/\/www.africa-press.net\/cameroun\/#website\",\"url\":\"https:\/\/www.africa-press.net\/cameroun\/\",\"name\":\"Cameroun\",\"description\":\"Just another Africa News Agency Sites site\",\"potentialAction\":[{\"@type\":\"SearchAction\",\"target\":{\"@type\":\"EntryPoint\",\"urlTemplate\":\"https:\/\/www.africa-press.net\/cameroun\/?s={search_term_string}\"},\"query-input\":{\"@type\":\"PropertyValueSpecification\",\"valueRequired\":true,\"valueName\":\"search_term_string\"}}],\"inLanguage\":\"fr-FR\"},{\"@type\":\"Person\",\"@id\":\"https:\/\/www.africa-press.net\/cameroun\/#\/schema\/person\/2b1cf3cd81a31e3cd26889ca66d677f1\",\"name\":\"cfeditorfr\"}]}<\/script>\n<!-- \/ Yoast SEO Premium plugin. -->","yoast_head_json":{"title":"Robert Bapooh Lipot apporte son soutien \u00e0 Emmanuel Macron - Cameroun","description":"Dans une tribune libre, le Secr\u00e9taire g\u00e9n\u00e9ral de l\u2019Union des populations du Cameroun (Upc), se met aux c\u00f4t\u00e9s du Pr\u00e9siden ...","robots":{"index":"index","follow":"follow","max-snippet":"max-snippet:-1","max-image-preview":"max-image-preview:large","max-video-preview":"max-video-preview:-1"},"canonical":"https:\/\/www.africa-press.net\/cameroun\/politique\/robert-bapooh-lipot-apporte-son-soutien-a-emmanuel-macron","og_locale":"fr_FR","og_type":"article","og_title":"Robert Bapooh Lipot apporte son soutien \u00e0 Emmanuel Macron","og_description":"Dans une tribune libre, le Secr\u00e9taire g\u00e9n\u00e9ral de l\u2019Union des populations du Cameroun (Upc), se met aux c\u00f4t\u00e9s du Pr\u00e9siden ...","og_url":"https:\/\/www.africa-press.net\/cameroun\/politique\/robert-bapooh-lipot-apporte-son-soutien-a-emmanuel-macron","og_site_name":"Cameroun","article_published_time":"2021-04-01T21:08:21+00:00","article_modified_time":"2021-04-01T22:13:34+00:00","og_image":[{"width":800,"height":445,"url":"https:\/\/static.africa-press.net\/cameroun\/sites\/57\/2021\/04\/img-606645734f8bd.jpg","type":"image\/jpeg"}],"author":"cfeditorfr","twitter_card":"summary_large_image","twitter_misc":{"\u00c9crit par":"cfeditorfr","Dur\u00e9e de lecture estim\u00e9e":"6 minutes"},"schema":{"@context":"https:\/\/schema.org","@graph":[{"@type":"Article","@id":"https:\/\/www.africa-press.net\/cameroun\/politique\/robert-bapooh-lipot-apporte-son-soutien-a-emmanuel-macron#article","isPartOf":{"@id":"https:\/\/www.africa-press.net\/cameroun\/politique\/robert-bapooh-lipot-apporte-son-soutien-a-emmanuel-macron"},"author":{"name":"cfeditorfr","@id":"https:\/\/www.africa-press.net\/cameroun\/#\/schema\/person\/2b1cf3cd81a31e3cd26889ca66d677f1"},"headline":"Robert Bapooh Lipot apporte son soutien \u00e0 Emmanuel Macron","datePublished":"2021-04-01T21:08:21+00:00","dateModified":"2021-04-01T22:13:34+00:00","mainEntityOfPage":{"@id":"https:\/\/www.africa-press.net\/cameroun\/politique\/robert-bapooh-lipot-apporte-son-soutien-a-emmanuel-macron"},"wordCount":1285,"commentCount":0,"image":{"@id":"https:\/\/www.africa-press.net\/cameroun\/politique\/robert-bapooh-lipot-apporte-son-soutien-a-emmanuel-macron#primaryimage"},"thumbnailUrl":"https:\/\/static.africa-press.net\/cameroun\/sites\/57\/2021\/04\/img-606645734f8bd.jpg","keywords":["Africa Press","Africa Press-Cameroun","Cameroun"],"articleSection":["homepage-french","Politique","Toutes les actualit\u00e9s"],"inLanguage":"fr-FR","potentialAction":[{"@type":"CommentAction","name":"Comment","target":["https:\/\/www.africa-press.net\/cameroun\/politique\/robert-bapooh-lipot-apporte-son-soutien-a-emmanuel-macron#respond"]}]},{"@type":"WebPage","@id":"https:\/\/www.africa-press.net\/cameroun\/politique\/robert-bapooh-lipot-apporte-son-soutien-a-emmanuel-macron","url":"https:\/\/www.africa-press.net\/cameroun\/politique\/robert-bapooh-lipot-apporte-son-soutien-a-emmanuel-macron","name":"Robert Bapooh Lipot apporte son soutien \u00e0 Emmanuel Macron - Cameroun","isPartOf":{"@id":"https:\/\/www.africa-press.net\/cameroun\/#website"},"primaryImageOfPage":{"@id":"https:\/\/www.africa-press.net\/cameroun\/politique\/robert-bapooh-lipot-apporte-son-soutien-a-emmanuel-macron#primaryimage"},"image":{"@id":"https:\/\/www.africa-press.net\/cameroun\/politique\/robert-bapooh-lipot-apporte-son-soutien-a-emmanuel-macron#primaryimage"},"thumbnailUrl":"https:\/\/static.africa-press.net\/cameroun\/sites\/57\/2021\/04\/img-606645734f8bd.jpg","datePublished":"2021-04-01T21:08:21+00:00","dateModified":"2021-04-01T22:13:34+00:00","author":{"@id":"https:\/\/www.africa-press.net\/cameroun\/#\/schema\/person\/2b1cf3cd81a31e3cd26889ca66d677f1"},"description":"Dans une tribune libre, le Secr\u00e9taire g\u00e9n\u00e9ral de l\u2019Union des populations du Cameroun (Upc), se met aux c\u00f4t\u00e9s du Pr\u00e9siden ...","breadcrumb":{"@id":"https:\/\/www.africa-press.net\/cameroun\/politique\/robert-bapooh-lipot-apporte-son-soutien-a-emmanuel-macron#breadcrumb"},"inLanguage":"fr-FR","potentialAction":[{"@type":"ReadAction","target":["https:\/\/www.africa-press.net\/cameroun\/politique\/robert-bapooh-lipot-apporte-son-soutien-a-emmanuel-macron"]}]},{"@type":"ImageObject","inLanguage":"fr-FR","@id":"https:\/\/www.africa-press.net\/cameroun\/politique\/robert-bapooh-lipot-apporte-son-soutien-a-emmanuel-macron#primaryimage","url":"https:\/\/static.africa-press.net\/cameroun\/sites\/57\/2021\/04\/img-606645734f8bd.jpg","contentUrl":"https:\/\/static.africa-press.net\/cameroun\/sites\/57\/2021\/04\/img-606645734f8bd.jpg","width":800,"height":445,"caption":"Robert Bapooh Lipot apporte son soutien \u00e0 Emmanuel Macron"},{"@type":"BreadcrumbList","@id":"https:\/\/www.africa-press.net\/cameroun\/politique\/robert-bapooh-lipot-apporte-son-soutien-a-emmanuel-macron#breadcrumb","itemListElement":[{"@type":"ListItem","position":1,"name":"Accueil","item":"https:\/\/www.africa-press.net\/cameroun\/"},{"@type":"ListItem","position":2,"name":"Robert Bapooh Lipot apporte son soutien \u00e0 Emmanuel Macron"}]},{"@type":"WebSite","@id":"https:\/\/www.africa-press.net\/cameroun\/#website","url":"https:\/\/www.africa-press.net\/cameroun\/","name":"Cameroun","description":"Just another Africa News Agency Sites site","potentialAction":[{"@type":"SearchAction","target":{"@type":"EntryPoint","urlTemplate":"https:\/\/www.africa-press.net\/cameroun\/?s={search_term_string}"},"query-input":{"@type":"PropertyValueSpecification","valueRequired":true,"valueName":"search_term_string"}}],"inLanguage":"fr-FR"},{"@type":"Person","@id":"https:\/\/www.africa-press.net\/cameroun\/#\/schema\/person\/2b1cf3cd81a31e3cd26889ca66d677f1","name":"cfeditorfr"}]}},"_links":{"self":[{"href":"https:\/\/www.africa-press.net\/cameroun\/wp-json\/wp\/v2\/posts\/1985","targetHints":{"allow":["GET"]}}],"collection":[{"href":"https:\/\/www.africa-press.net\/cameroun\/wp-json\/wp\/v2\/posts"}],"about":[{"href":"https:\/\/www.africa-press.net\/cameroun\/wp-json\/wp\/v2\/types\/post"}],"author":[{"embeddable":true,"href":"https:\/\/www.africa-press.net\/cameroun\/wp-json\/wp\/v2\/users\/82"}],"replies":[{"embeddable":true,"href":"https:\/\/www.africa-press.net\/cameroun\/wp-json\/wp\/v2\/comments?post=1985"}],"version-history":[{"count":0,"href":"https:\/\/www.africa-press.net\/cameroun\/wp-json\/wp\/v2\/posts\/1985\/revisions"}],"wp:featuredmedia":[{"embeddable":true,"href":"https:\/\/www.africa-press.net\/cameroun\/wp-json\/wp\/v2\/media\/1984"}],"wp:attachment":[{"href":"https:\/\/www.africa-press.net\/cameroun\/wp-json\/wp\/v2\/media?parent=1985"}],"wp:term":[{"taxonomy":"category","embeddable":true,"href":"https:\/\/www.africa-press.net\/cameroun\/wp-json\/wp\/v2\/categories?post=1985"},{"taxonomy":"post_tag","embeddable":true,"href":"https:\/\/www.africa-press.net\/cameroun\/wp-json\/wp\/v2\/tags?post=1985"}],"curies":[{"name":"wp","href":"https:\/\/api.w.org\/{rel}","templated":true}]}}