{"id":2043,"date":"2021-04-05T14:08:24","date_gmt":"2021-04-05T14:08:24","guid":{"rendered":"https:\/\/www.africa-press.net\/cameroun\/politique\/cameroun-reaction-lhommage-du-pape-francois-au-cardinal-christian-tumi"},"modified":"2021-04-05T14:48:37","modified_gmt":"2021-04-05T14:48:37","slug":"cameroun-reaction-lhommage-du-pape-francois-au-cardinal-christian-tumi","status":"publish","type":"post","link":"https:\/\/www.africa-press.net\/cameroun\/politique\/cameroun-reaction-lhommage-du-pape-francois-au-cardinal-christian-tumi","title":{"rendered":"Cameroun &#8211; R\u00e9action: L\u2019hommage du Pape Fran\u00e7ois au Cardinal Christian Tumi"},"content":{"rendered":"<p><span style=\"color: #ff6600\"><strong><a href=\"https:\/\/www.africa-press.net\/\">Africa-Press<\/a> &#8211; <a href=\"https:\/\/www.africa-press.net\/cameroun\">Cameroun<\/a>. <\/strong><\/span>Le Chef spirituel de l\u2019\u00e9glise catholique roumaine a joint sa voix \u00e0 celle de la communaut\u00e9 internationale pour rendre un vibrant hommage au Cardinal Christian Tumi, d\u00e9c\u00e9d\u00e9 le samedi 3 avril 2021 \u00e0 Douala des suites de maladie \u00e0 l\u2019\u00e2ge de 91 ans.<\/p>\n<p>Le Pape Fran\u00e7ois a exprim\u00e9 son \u00e9motion dans une lettre envoy\u00e9e le dimanche 4 avril 2021 \u00e0 Mgr Samuel Kleda, successeur de Christian Tumi \u00e0 la t\u00eate de l\u2019Archidioc\u00e8se de Douala.<\/p>\n<p><b>\u00abApprenant avec peine le d\u00e9c\u00e8s de notre fr\u00e8re le cardinal Christian Tumi, je tiens \u00e0 vous exprimer mes condol\u00e9ances et mon union dans la pri\u00e8re avec le Coll\u00e8ge cardinalice, la famille et les proches du d\u00e9funt ainsi qu\u2019avec toutes les personnes touch\u00e9es par ce deuil\u00bb.<\/b><\/p>\n<p>Le Saint-P\u00e8re a ensuite souhait\u00e9 que l\u2019\u00e2me de l\u2019illustre disparu repose en paix. \u00abCr\u00e9\u00e9 Cardinal par saint Jean-Paul II en 1988, il fut un fid\u00e8le collaborateur des Papes assumant diverses charges au sein de la Curie Romaine. Que le Seigneur accueille son Serviteur dans sa paix et dans sa joie! En gage de r\u00e9confort, en ce temps de P\u00e2ques, je vous adresse, Excellence, la B\u00e9n\u00e9diction apostolique ainsi qu\u2019\u00e0 la famille et aux proches du Cardinal d\u00e9funt, notamment aux personnes qui l\u2019ont entour\u00e9 ces derni\u00e8res ann\u00e9es, et \u00e0 toutes celles qui prendront part, dans l\u2019esp\u00e9rance de la r\u00e9surrection, \u00e0 la c\u00e9l\u00e9bration des obs\u00e8ques\u00bb.<\/p>\n<p>Le Pape a saisi l\u2019occasion pour rappeler les actions du natif de Kikaikelaki, pour la paix et le bien-\u00eatre de ses semblables.<\/p>\n<p><b>\u00abLe Cardinal Tumi marqua de mani\u00e8re inoubliable l\u2019Eglise ainsi que la vie sociale et politique de son pays, s\u2019engageant toujours courageusement pour la d\u00e9fense de la d\u00e9mocratie et la promotion des droits humains. Parvenu \u00e0 un \u00e2ge avanc\u00e9, il resta toujours disponible au service de la paix et de la r\u00e9conciliation\u00bb.<\/b><\/p>\n<p>Reste attendu du Saint-Si\u00e8ge, le programme des obs\u00e8ques du Cardinal Christian Tumi.<\/p>\n","protected":false},"excerpt":{"rendered":"<p>Africa-Press &#8211; Cameroun. Le Chef spirituel de l\u2019\u00e9glise catholique roumaine a joint sa voix \u00e0 celle de la communaut\u00e9 internationale pour rendre un vibrant hommage au Cardinal Christian Tumi, d\u00e9c\u00e9d\u00e9 le samedi 3 avril 2021 \u00e0 Douala des suites de maladie \u00e0 l\u2019\u00e2ge de 91 ans. Le Pape Fran\u00e7ois a exprim\u00e9 son \u00e9motion dans une [&hellip;]<\/p>\n","protected":false},"author":82,"featured_media":2042,"comment_status":"open","ping_status":"closed","sticky":false,"template":"","format":"standard","meta":{"footnotes":""},"categories":[11,2,20,10],"tags":[36,50,49],"class_list":["post-2043","post","type-post","status-publish","format-standard","has-post-thumbnail","hentry","category-homepage-french","category-politique","category-top-nouvelles","category-toutes-les-actualites","tag-africa-press","tag-africa-press-cameroun","tag-cameroun"],"yoast_head":"<!-- This site is optimized with the Yoast SEO Premium plugin v26.1 (Yoast SEO v27.0) - https:\/\/yoast.com\/product\/yoast-seo-premium-wordpress\/ -->\n<title>Cameroun - R\u00e9action: L\u2019hommage du Pape Fran\u00e7ois au Cardinal Christian Tumi - Cameroun<\/title>\n<meta name=\"description\" content=\"Le Chef spirituel de l\u2019\u00e9glise catholique roumaine a joint sa voix \u00e0 celle de la communaut\u00e9 internationale pour rendre un ...\" \/>\n<meta name=\"robots\" content=\"index, follow, max-snippet:-1, max-image-preview:large, max-video-preview:-1\" \/>\n<link rel=\"canonical\" href=\"https:\/\/www.africa-press.net\/cameroun\/politique\/cameroun-reaction-lhommage-du-pape-francois-au-cardinal-christian-tumi\" \/>\n<meta property=\"og:locale\" content=\"fr_FR\" \/>\n<meta property=\"og:type\" content=\"article\" \/>\n<meta property=\"og:title\" content=\"Cameroun - R\u00e9action: L\u2019hommage du Pape Fran\u00e7ois au Cardinal Christian Tumi\" \/>\n<meta property=\"og:description\" content=\"Le Chef spirituel de l\u2019\u00e9glise catholique roumaine a joint sa voix \u00e0 celle de la communaut\u00e9 internationale pour rendre un ...\" \/>\n<meta property=\"og:url\" content=\"https:\/\/www.africa-press.net\/cameroun\/politique\/cameroun-reaction-lhommage-du-pape-francois-au-cardinal-christian-tumi\" \/>\n<meta property=\"og:site_name\" content=\"Cameroun\" \/>\n<meta property=\"article:published_time\" content=\"2021-04-05T14:08:24+00:00\" \/>\n<meta property=\"article:modified_time\" content=\"2021-04-05T14:48:37+00:00\" \/>\n<meta property=\"og:image\" content=\"https:\/\/static.africa-press.net\/cameroun\/sites\/57\/2021\/04\/img-606b23285604b.jpg\" \/>\n\t<meta property=\"og:image:width\" content=\"800\" \/>\n\t<meta property=\"og:image:height\" content=\"508\" \/>\n\t<meta property=\"og:image:type\" content=\"image\/jpeg\" \/>\n<meta name=\"author\" content=\"cfeditorfr\" \/>\n<meta name=\"twitter:card\" content=\"summary_large_image\" \/>\n<meta name=\"twitter:label1\" content=\"\u00c9crit par\" \/>\n\t<meta name=\"twitter:data1\" content=\"cfeditorfr\" \/>\n\t<meta name=\"twitter:label2\" content=\"Dur\u00e9e de lecture estim\u00e9e\" \/>\n\t<meta name=\"twitter:data2\" content=\"2 minutes\" \/>\n<script type=\"application\/ld+json\" class=\"yoast-schema-graph\">{\"@context\":\"https:\/\/schema.org\",\"@graph\":[{\"@type\":\"Article\",\"@id\":\"https:\/\/www.africa-press.net\/cameroun\/politique\/cameroun-reaction-lhommage-du-pape-francois-au-cardinal-christian-tumi#article\",\"isPartOf\":{\"@id\":\"https:\/\/www.africa-press.net\/cameroun\/politique\/cameroun-reaction-lhommage-du-pape-francois-au-cardinal-christian-tumi\"},\"author\":{\"name\":\"cfeditorfr\",\"@id\":\"https:\/\/www.africa-press.net\/cameroun\/#\/schema\/person\/2b1cf3cd81a31e3cd26889ca66d677f1\"},\"headline\":\"Cameroun &#8211; R\u00e9action: L\u2019hommage du Pape Fran\u00e7ois au Cardinal Christian Tumi\",\"datePublished\":\"2021-04-05T14:08:24+00:00\",\"dateModified\":\"2021-04-05T14:48:37+00:00\",\"mainEntityOfPage\":{\"@id\":\"https:\/\/www.africa-press.net\/cameroun\/politique\/cameroun-reaction-lhommage-du-pape-francois-au-cardinal-christian-tumi\"},\"wordCount\":354,\"commentCount\":0,\"image\":{\"@id\":\"https:\/\/www.africa-press.net\/cameroun\/politique\/cameroun-reaction-lhommage-du-pape-francois-au-cardinal-christian-tumi#primaryimage\"},\"thumbnailUrl\":\"https:\/\/static.africa-press.net\/cameroun\/sites\/57\/2021\/04\/img-606b23285604b.jpg\",\"keywords\":[\"Africa Press\",\"Africa Press-Cameroun\",\"Cameroun\"],\"articleSection\":[\"homepage-french\",\"Politique\",\"Top Nouvelles\",\"Toutes les actualit\u00e9s\"],\"inLanguage\":\"fr-FR\",\"potentialAction\":[{\"@type\":\"CommentAction\",\"name\":\"Comment\",\"target\":[\"https:\/\/www.africa-press.net\/cameroun\/politique\/cameroun-reaction-lhommage-du-pape-francois-au-cardinal-christian-tumi#respond\"]}]},{\"@type\":\"WebPage\",\"@id\":\"https:\/\/www.africa-press.net\/cameroun\/politique\/cameroun-reaction-lhommage-du-pape-francois-au-cardinal-christian-tumi\",\"url\":\"https:\/\/www.africa-press.net\/cameroun\/politique\/cameroun-reaction-lhommage-du-pape-francois-au-cardinal-christian-tumi\",\"name\":\"Cameroun - R\u00e9action: L\u2019hommage du Pape Fran\u00e7ois au Cardinal Christian Tumi - Cameroun\",\"isPartOf\":{\"@id\":\"https:\/\/www.africa-press.net\/cameroun\/#website\"},\"primaryImageOfPage\":{\"@id\":\"https:\/\/www.africa-press.net\/cameroun\/politique\/cameroun-reaction-lhommage-du-pape-francois-au-cardinal-christian-tumi#primaryimage\"},\"image\":{\"@id\":\"https:\/\/www.africa-press.net\/cameroun\/politique\/cameroun-reaction-lhommage-du-pape-francois-au-cardinal-christian-tumi#primaryimage\"},\"thumbnailUrl\":\"https:\/\/static.africa-press.net\/cameroun\/sites\/57\/2021\/04\/img-606b23285604b.jpg\",\"datePublished\":\"2021-04-05T14:08:24+00:00\",\"dateModified\":\"2021-04-05T14:48:37+00:00\",\"author\":{\"@id\":\"https:\/\/www.africa-press.net\/cameroun\/#\/schema\/person\/2b1cf3cd81a31e3cd26889ca66d677f1\"},\"description\":\"Le Chef spirituel de l\u2019\u00e9glise catholique roumaine a joint sa voix \u00e0 celle de la communaut\u00e9 internationale pour rendre un ...\",\"breadcrumb\":{\"@id\":\"https:\/\/www.africa-press.net\/cameroun\/politique\/cameroun-reaction-lhommage-du-pape-francois-au-cardinal-christian-tumi#breadcrumb\"},\"inLanguage\":\"fr-FR\",\"potentialAction\":[{\"@type\":\"ReadAction\",\"target\":[\"https:\/\/www.africa-press.net\/cameroun\/politique\/cameroun-reaction-lhommage-du-pape-francois-au-cardinal-christian-tumi\"]}]},{\"@type\":\"ImageObject\",\"inLanguage\":\"fr-FR\",\"@id\":\"https:\/\/www.africa-press.net\/cameroun\/politique\/cameroun-reaction-lhommage-du-pape-francois-au-cardinal-christian-tumi#primaryimage\",\"url\":\"https:\/\/static.africa-press.net\/cameroun\/sites\/57\/2021\/04\/img-606b23285604b.jpg\",\"contentUrl\":\"https:\/\/static.africa-press.net\/cameroun\/sites\/57\/2021\/04\/img-606b23285604b.jpg\",\"width\":800,\"height\":508,\"caption\":\"Cameroun - R\u00e9action: L\u2019hommage du Pape Fran\u00e7ois au Cardinal Christian Tumi\"},{\"@type\":\"BreadcrumbList\",\"@id\":\"https:\/\/www.africa-press.net\/cameroun\/politique\/cameroun-reaction-lhommage-du-pape-francois-au-cardinal-christian-tumi#breadcrumb\",\"itemListElement\":[{\"@type\":\"ListItem\",\"position\":1,\"name\":\"Accueil\",\"item\":\"https:\/\/www.africa-press.net\/cameroun\/\"},{\"@type\":\"ListItem\",\"position\":2,\"name\":\"Cameroun &#8211; R\u00e9action: L\u2019hommage du Pape Fran\u00e7ois au Cardinal Christian Tumi\"}]},{\"@type\":\"WebSite\",\"@id\":\"https:\/\/www.africa-press.net\/cameroun\/#website\",\"url\":\"https:\/\/www.africa-press.net\/cameroun\/\",\"name\":\"Cameroun\",\"description\":\"Just another Africa News Agency Sites site\",\"potentialAction\":[{\"@type\":\"SearchAction\",\"target\":{\"@type\":\"EntryPoint\",\"urlTemplate\":\"https:\/\/www.africa-press.net\/cameroun\/?s={search_term_string}\"},\"query-input\":{\"@type\":\"PropertyValueSpecification\",\"valueRequired\":true,\"valueName\":\"search_term_string\"}}],\"inLanguage\":\"fr-FR\"},{\"@type\":\"Person\",\"@id\":\"https:\/\/www.africa-press.net\/cameroun\/#\/schema\/person\/2b1cf3cd81a31e3cd26889ca66d677f1\",\"name\":\"cfeditorfr\"}]}<\/script>\n<!-- \/ Yoast SEO Premium plugin. -->","yoast_head_json":{"title":"Cameroun - R\u00e9action: L\u2019hommage du Pape Fran\u00e7ois au Cardinal Christian Tumi - Cameroun","description":"Le Chef spirituel de l\u2019\u00e9glise catholique roumaine a joint sa voix \u00e0 celle de la communaut\u00e9 internationale pour rendre un ...","robots":{"index":"index","follow":"follow","max-snippet":"max-snippet:-1","max-image-preview":"max-image-preview:large","max-video-preview":"max-video-preview:-1"},"canonical":"https:\/\/www.africa-press.net\/cameroun\/politique\/cameroun-reaction-lhommage-du-pape-francois-au-cardinal-christian-tumi","og_locale":"fr_FR","og_type":"article","og_title":"Cameroun - R\u00e9action: L\u2019hommage du Pape Fran\u00e7ois au Cardinal Christian Tumi","og_description":"Le Chef spirituel de l\u2019\u00e9glise catholique roumaine a joint sa voix \u00e0 celle de la communaut\u00e9 internationale pour rendre un ...","og_url":"https:\/\/www.africa-press.net\/cameroun\/politique\/cameroun-reaction-lhommage-du-pape-francois-au-cardinal-christian-tumi","og_site_name":"Cameroun","article_published_time":"2021-04-05T14:08:24+00:00","article_modified_time":"2021-04-05T14:48:37+00:00","og_image":[{"width":800,"height":508,"url":"https:\/\/static.africa-press.net\/cameroun\/sites\/57\/2021\/04\/img-606b23285604b.jpg","type":"image\/jpeg"}],"author":"cfeditorfr","twitter_card":"summary_large_image","twitter_misc":{"\u00c9crit par":"cfeditorfr","Dur\u00e9e de lecture estim\u00e9e":"2 minutes"},"schema":{"@context":"https:\/\/schema.org","@graph":[{"@type":"Article","@id":"https:\/\/www.africa-press.net\/cameroun\/politique\/cameroun-reaction-lhommage-du-pape-francois-au-cardinal-christian-tumi#article","isPartOf":{"@id":"https:\/\/www.africa-press.net\/cameroun\/politique\/cameroun-reaction-lhommage-du-pape-francois-au-cardinal-christian-tumi"},"author":{"name":"cfeditorfr","@id":"https:\/\/www.africa-press.net\/cameroun\/#\/schema\/person\/2b1cf3cd81a31e3cd26889ca66d677f1"},"headline":"Cameroun &#8211; R\u00e9action: L\u2019hommage du Pape Fran\u00e7ois au Cardinal Christian Tumi","datePublished":"2021-04-05T14:08:24+00:00","dateModified":"2021-04-05T14:48:37+00:00","mainEntityOfPage":{"@id":"https:\/\/www.africa-press.net\/cameroun\/politique\/cameroun-reaction-lhommage-du-pape-francois-au-cardinal-christian-tumi"},"wordCount":354,"commentCount":0,"image":{"@id":"https:\/\/www.africa-press.net\/cameroun\/politique\/cameroun-reaction-lhommage-du-pape-francois-au-cardinal-christian-tumi#primaryimage"},"thumbnailUrl":"https:\/\/static.africa-press.net\/cameroun\/sites\/57\/2021\/04\/img-606b23285604b.jpg","keywords":["Africa Press","Africa Press-Cameroun","Cameroun"],"articleSection":["homepage-french","Politique","Top Nouvelles","Toutes les actualit\u00e9s"],"inLanguage":"fr-FR","potentialAction":[{"@type":"CommentAction","name":"Comment","target":["https:\/\/www.africa-press.net\/cameroun\/politique\/cameroun-reaction-lhommage-du-pape-francois-au-cardinal-christian-tumi#respond"]}]},{"@type":"WebPage","@id":"https:\/\/www.africa-press.net\/cameroun\/politique\/cameroun-reaction-lhommage-du-pape-francois-au-cardinal-christian-tumi","url":"https:\/\/www.africa-press.net\/cameroun\/politique\/cameroun-reaction-lhommage-du-pape-francois-au-cardinal-christian-tumi","name":"Cameroun - R\u00e9action: L\u2019hommage du Pape Fran\u00e7ois au Cardinal Christian Tumi - Cameroun","isPartOf":{"@id":"https:\/\/www.africa-press.net\/cameroun\/#website"},"primaryImageOfPage":{"@id":"https:\/\/www.africa-press.net\/cameroun\/politique\/cameroun-reaction-lhommage-du-pape-francois-au-cardinal-christian-tumi#primaryimage"},"image":{"@id":"https:\/\/www.africa-press.net\/cameroun\/politique\/cameroun-reaction-lhommage-du-pape-francois-au-cardinal-christian-tumi#primaryimage"},"thumbnailUrl":"https:\/\/static.africa-press.net\/cameroun\/sites\/57\/2021\/04\/img-606b23285604b.jpg","datePublished":"2021-04-05T14:08:24+00:00","dateModified":"2021-04-05T14:48:37+00:00","author":{"@id":"https:\/\/www.africa-press.net\/cameroun\/#\/schema\/person\/2b1cf3cd81a31e3cd26889ca66d677f1"},"description":"Le Chef spirituel de l\u2019\u00e9glise catholique roumaine a joint sa voix \u00e0 celle de la communaut\u00e9 internationale pour rendre un ...","breadcrumb":{"@id":"https:\/\/www.africa-press.net\/cameroun\/politique\/cameroun-reaction-lhommage-du-pape-francois-au-cardinal-christian-tumi#breadcrumb"},"inLanguage":"fr-FR","potentialAction":[{"@type":"ReadAction","target":["https:\/\/www.africa-press.net\/cameroun\/politique\/cameroun-reaction-lhommage-du-pape-francois-au-cardinal-christian-tumi"]}]},{"@type":"ImageObject","inLanguage":"fr-FR","@id":"https:\/\/www.africa-press.net\/cameroun\/politique\/cameroun-reaction-lhommage-du-pape-francois-au-cardinal-christian-tumi#primaryimage","url":"https:\/\/static.africa-press.net\/cameroun\/sites\/57\/2021\/04\/img-606b23285604b.jpg","contentUrl":"https:\/\/static.africa-press.net\/cameroun\/sites\/57\/2021\/04\/img-606b23285604b.jpg","width":800,"height":508,"caption":"Cameroun - R\u00e9action: L\u2019hommage du Pape Fran\u00e7ois au Cardinal Christian Tumi"},{"@type":"BreadcrumbList","@id":"https:\/\/www.africa-press.net\/cameroun\/politique\/cameroun-reaction-lhommage-du-pape-francois-au-cardinal-christian-tumi#breadcrumb","itemListElement":[{"@type":"ListItem","position":1,"name":"Accueil","item":"https:\/\/www.africa-press.net\/cameroun\/"},{"@type":"ListItem","position":2,"name":"Cameroun &#8211; R\u00e9action: L\u2019hommage du Pape Fran\u00e7ois au Cardinal Christian Tumi"}]},{"@type":"WebSite","@id":"https:\/\/www.africa-press.net\/cameroun\/#website","url":"https:\/\/www.africa-press.net\/cameroun\/","name":"Cameroun","description":"Just another Africa News Agency Sites site","potentialAction":[{"@type":"SearchAction","target":{"@type":"EntryPoint","urlTemplate":"https:\/\/www.africa-press.net\/cameroun\/?s={search_term_string}"},"query-input":{"@type":"PropertyValueSpecification","valueRequired":true,"valueName":"search_term_string"}}],"inLanguage":"fr-FR"},{"@type":"Person","@id":"https:\/\/www.africa-press.net\/cameroun\/#\/schema\/person\/2b1cf3cd81a31e3cd26889ca66d677f1","name":"cfeditorfr"}]}},"_links":{"self":[{"href":"https:\/\/www.africa-press.net\/cameroun\/wp-json\/wp\/v2\/posts\/2043","targetHints":{"allow":["GET"]}}],"collection":[{"href":"https:\/\/www.africa-press.net\/cameroun\/wp-json\/wp\/v2\/posts"}],"about":[{"href":"https:\/\/www.africa-press.net\/cameroun\/wp-json\/wp\/v2\/types\/post"}],"author":[{"embeddable":true,"href":"https:\/\/www.africa-press.net\/cameroun\/wp-json\/wp\/v2\/users\/82"}],"replies":[{"embeddable":true,"href":"https:\/\/www.africa-press.net\/cameroun\/wp-json\/wp\/v2\/comments?post=2043"}],"version-history":[{"count":0,"href":"https:\/\/www.africa-press.net\/cameroun\/wp-json\/wp\/v2\/posts\/2043\/revisions"}],"wp:featuredmedia":[{"embeddable":true,"href":"https:\/\/www.africa-press.net\/cameroun\/wp-json\/wp\/v2\/media\/2042"}],"wp:attachment":[{"href":"https:\/\/www.africa-press.net\/cameroun\/wp-json\/wp\/v2\/media?parent=2043"}],"wp:term":[{"taxonomy":"category","embeddable":true,"href":"https:\/\/www.africa-press.net\/cameroun\/wp-json\/wp\/v2\/categories?post=2043"},{"taxonomy":"post_tag","embeddable":true,"href":"https:\/\/www.africa-press.net\/cameroun\/wp-json\/wp\/v2\/tags?post=2043"}],"curies":[{"name":"wp","href":"https:\/\/api.w.org\/{rel}","templated":true}]}}