{"id":2079,"date":"2021-04-05T16:20:15","date_gmt":"2021-04-05T16:20:15","guid":{"rendered":"https:\/\/www.africa-press.net\/cameroun\/?p=2079"},"modified":"2021-04-05T15:13:25","modified_gmt":"2021-04-05T15:13:25","slug":"cameroun-menaces-terroristes-le-cameroun-et-le-nigeria-sengagent-a-resserrer-leur-cooperation-pour-lutter-contre-le-groupe-boko-haram","status":"publish","type":"post","link":"https:\/\/www.africa-press.net\/cameroun\/politique\/cameroun-menaces-terroristes-le-cameroun-et-le-nigeria-sengagent-a-resserrer-leur-cooperation-pour-lutter-contre-le-groupe-boko-haram","title":{"rendered":"Cameroun &#8211; Menaces terroristes: Le Cameroun et le Nig\u00e9ria s\u2019engagent \u00e0 resserrer leur coop\u00e9ration pour lutter contre le groupe Boko Haram"},"content":{"rendered":"<p><span style=\"color: #ff6600\"><strong><a href=\"https:\/\/www.africa-press.net\/\">Africa-Press<\/a> &#8211; <a href=\"https:\/\/www.africa-press.net\/cameroun\">Cameroun<\/a>. <\/strong><\/span><b>Lucky Irabor<\/b>, le nouveau chef d\u2019Etat-major de l\u2019Arm\u00e9e du Nig\u00e9ria et \u00e0 la t\u00eate d\u2019une d\u00e9l\u00e9gation nig\u00e9riane, a \u00e9t\u00e9 re\u00e7u en audience le 1er avril 2021 par le ministre camerounais de la D\u00e9fense, Joseph Beti Assomo.<\/p>\n<p><b>\u00abLe Cameroun et le Nig\u00e9ria sont des amis de longue date et nous connaissons !es difficult\u00e9s que traversent le Nord du Cameroun et le Nord du Nigeria. De ce fait, j&rsquo;ai \u00e9t\u00e9 nomm\u00e9 avec certains de mes coll\u00e8gues \u00e0 la t\u00eate de l&rsquo;Arm\u00e9e du Nig\u00e9ria. C&rsquo;est de notre responsabilit\u00e9 de relever le d\u00e9fi. C&rsquo;est dans cette optique que je suis venu rencontrer mes coll\u00e8gues camerounais pour qu&rsquo;on travaille ensemble\u00bb,<\/b><\/p>\n<p>a confi\u00e9 \u00e0 la presse le g\u00e9n\u00e9ral d&rsquo;Arm\u00e9e Lucky Irabor, cit\u00e9 parle journal Le Messager de ce 5 avril 2021.<\/p>\n<p>La rencontre entre les d\u00e9l\u00e9gations camerounaises et nig\u00e9rianes a eu lieu \u00e0 huis clos, ainsi que l\u2019audience accord\u00e9e \u00e0 la d\u00e9l\u00e9gation nig\u00e9riane en matin\u00e9e par son homologue camerounais, le chef d&rsquo;\u00c9tat-Major, le g\u00e9n\u00e9ral d&rsquo;Arm\u00e9e Ren\u00e9 Claude Meka. Toutefois, renseigne le journal, Joseph Beti Assomo, au cours de la s\u00e9ance des questions orales des d\u00e9put\u00e9s aux membres du gouvernements devant la Repr\u00e9sentation nationale ce m\u00eame jour, tra\u00e7ait d\u00e9j\u00e0 les grandes lignes de la visite de la hi\u00e9rarchie militaire du Nig\u00e9ria au Cameroun.<\/p>\n<p><b>\u00abNous allons voir comment resserrer notre coop\u00e9ration dans la lutte contre Boko Haram et aussi la migration des menaces terroristes dans les r\u00e9gions du Nord-Ouest et du Sud-Ouest. L\u00e0 aussi, nous avons des soucis communs. Les menaces \u00e9tant des deux c\u00f4t\u00e9s, nous f\u00e9d\u00e9rons nos efforts\u00bb,<\/b><\/p>\n<p>a indiqu\u00e9 le patron de la D\u00e9fense dont les propos sont relay\u00e9s dans les colonnes du journal.<\/p>\n<p>Les deux pays partagent une longue fronti\u00e8re de 1200 km, difficile \u00e0 contr\u00f4ler, ce qui peut faire le nid des activit\u00e9s criminelles en tous genres. \u00abOn \u00e9tait d\u00e9j\u00e0 habitu\u00e9 au vol de b\u00e9tail transfrontalier, \u00e0 la contrebande tous azimuts. La nouvelle trouvaille est maintenant le bruit de la naissance d&rsquo;un mouvement rebelle arm\u00e9, dont les publications vid\u00e9o sur les r\u00e9seaux sociaux ne font aucun myst\u00e8re sur leur intention avou\u00e9e de marcher sur Yaound\u00e9\u00bb, indique Le Messager.<\/p>\n","protected":false},"excerpt":{"rendered":"<p>Africa-Press &#8211; Cameroun. Lucky Irabor, le nouveau chef d\u2019Etat-major de l\u2019Arm\u00e9e du Nig\u00e9ria et \u00e0 la t\u00eate d\u2019une d\u00e9l\u00e9gation nig\u00e9riane, a \u00e9t\u00e9 re\u00e7u en audience le 1er avril 2021 par le ministre camerounais de la D\u00e9fense, Joseph Beti Assomo. \u00abLe Cameroun et le Nig\u00e9ria sont des amis de longue date et nous connaissons !es difficult\u00e9s [&hellip;]<\/p>\n","protected":false},"author":82,"featured_media":2078,"comment_status":"open","ping_status":"closed","sticky":false,"template":"","format":"standard","meta":{"footnotes":""},"categories":[11,2,20,10],"tags":[36,50,49],"class_list":["post-2079","post","type-post","status-publish","format-standard","has-post-thumbnail","hentry","category-homepage-french","category-politique","category-top-nouvelles","category-toutes-les-actualites","tag-africa-press","tag-africa-press-cameroun","tag-cameroun"],"yoast_head":"<!-- This site is optimized with the Yoast SEO Premium plugin v26.1 (Yoast SEO v27.0) - https:\/\/yoast.com\/product\/yoast-seo-premium-wordpress\/ -->\n<title>Cameroun - Menaces terroristes: Le Cameroun et le Nig\u00e9ria s\u2019engagent \u00e0 resserrer leur coop\u00e9ration pour lutter contre le groupe Boko Haram - Cameroun<\/title>\n<meta name=\"description\" content=\"Lucky Irabor , le nouveau chef d\u2019Etat-major de l\u2019Arm\u00e9e du Nig\u00e9ria et \u00e0 la t\u00eate d\u2019une d\u00e9l\u00e9gation nig\u00e9riane, a \u00e9t\u00e9 ...\" \/>\n<meta name=\"robots\" content=\"index, follow, max-snippet:-1, max-image-preview:large, max-video-preview:-1\" \/>\n<link rel=\"canonical\" href=\"https:\/\/www.africa-press.net\/cameroun\/politique\/cameroun-menaces-terroristes-le-cameroun-et-le-nigeria-sengagent-a-resserrer-leur-cooperation-pour-lutter-contre-le-groupe-boko-haram\" \/>\n<meta property=\"og:locale\" content=\"fr_FR\" \/>\n<meta property=\"og:type\" content=\"article\" \/>\n<meta property=\"og:title\" content=\"Cameroun - Menaces terroristes: Le Cameroun et le Nig\u00e9ria s\u2019engagent \u00e0 resserrer leur coop\u00e9ration pour lutter contre le groupe Boko Haram\" \/>\n<meta property=\"og:description\" content=\"Lucky Irabor , le nouveau chef d\u2019Etat-major de l\u2019Arm\u00e9e du Nig\u00e9ria et \u00e0 la t\u00eate d\u2019une d\u00e9l\u00e9gation nig\u00e9riane, a \u00e9t\u00e9 ...\" \/>\n<meta property=\"og:url\" content=\"https:\/\/www.africa-press.net\/cameroun\/politique\/cameroun-menaces-terroristes-le-cameroun-et-le-nigeria-sengagent-a-resserrer-leur-cooperation-pour-lutter-contre-le-groupe-boko-haram\" \/>\n<meta property=\"og:site_name\" content=\"Cameroun\" \/>\n<meta property=\"article:published_time\" content=\"2021-04-05T16:20:15+00:00\" \/>\n<meta property=\"og:image\" content=\"https:\/\/static.africa-press.net\/cameroun\/sites\/57\/2021\/04\/img-606b2501036d0.jpg\" \/>\n\t<meta property=\"og:image:width\" content=\"800\" \/>\n\t<meta property=\"og:image:height\" content=\"533\" \/>\n\t<meta property=\"og:image:type\" content=\"image\/jpeg\" \/>\n<meta name=\"author\" content=\"cfeditorfr\" \/>\n<meta name=\"twitter:card\" content=\"summary_large_image\" \/>\n<meta name=\"twitter:label1\" content=\"\u00c9crit par\" \/>\n\t<meta name=\"twitter:data1\" content=\"cfeditorfr\" \/>\n\t<meta name=\"twitter:label2\" content=\"Dur\u00e9e de lecture estim\u00e9e\" \/>\n\t<meta name=\"twitter:data2\" content=\"2 minutes\" \/>\n<script type=\"application\/ld+json\" class=\"yoast-schema-graph\">{\"@context\":\"https:\/\/schema.org\",\"@graph\":[{\"@type\":\"Article\",\"@id\":\"https:\/\/www.africa-press.net\/cameroun\/politique\/cameroun-menaces-terroristes-le-cameroun-et-le-nigeria-sengagent-a-resserrer-leur-cooperation-pour-lutter-contre-le-groupe-boko-haram#article\",\"isPartOf\":{\"@id\":\"https:\/\/www.africa-press.net\/cameroun\/politique\/cameroun-menaces-terroristes-le-cameroun-et-le-nigeria-sengagent-a-resserrer-leur-cooperation-pour-lutter-contre-le-groupe-boko-haram\"},\"author\":{\"name\":\"cfeditorfr\",\"@id\":\"https:\/\/www.africa-press.net\/cameroun\/#\/schema\/person\/2b1cf3cd81a31e3cd26889ca66d677f1\"},\"headline\":\"Cameroun &#8211; Menaces terroristes: Le Cameroun et le Nig\u00e9ria s\u2019engagent \u00e0 resserrer leur coop\u00e9ration pour lutter contre le groupe Boko Haram\",\"datePublished\":\"2021-04-05T16:20:15+00:00\",\"mainEntityOfPage\":{\"@id\":\"https:\/\/www.africa-press.net\/cameroun\/politique\/cameroun-menaces-terroristes-le-cameroun-et-le-nigeria-sengagent-a-resserrer-leur-cooperation-pour-lutter-contre-le-groupe-boko-haram\"},\"wordCount\":428,\"commentCount\":0,\"image\":{\"@id\":\"https:\/\/www.africa-press.net\/cameroun\/politique\/cameroun-menaces-terroristes-le-cameroun-et-le-nigeria-sengagent-a-resserrer-leur-cooperation-pour-lutter-contre-le-groupe-boko-haram#primaryimage\"},\"thumbnailUrl\":\"https:\/\/static.africa-press.net\/cameroun\/sites\/57\/2021\/04\/img-606b2501036d0.jpg\",\"keywords\":[\"Africa Press\",\"Africa Press-Cameroun\",\"Cameroun\"],\"articleSection\":[\"homepage-french\",\"Politique\",\"Top Nouvelles\",\"Toutes les actualit\u00e9s\"],\"inLanguage\":\"fr-FR\",\"potentialAction\":[{\"@type\":\"CommentAction\",\"name\":\"Comment\",\"target\":[\"https:\/\/www.africa-press.net\/cameroun\/politique\/cameroun-menaces-terroristes-le-cameroun-et-le-nigeria-sengagent-a-resserrer-leur-cooperation-pour-lutter-contre-le-groupe-boko-haram#respond\"]}]},{\"@type\":\"WebPage\",\"@id\":\"https:\/\/www.africa-press.net\/cameroun\/politique\/cameroun-menaces-terroristes-le-cameroun-et-le-nigeria-sengagent-a-resserrer-leur-cooperation-pour-lutter-contre-le-groupe-boko-haram\",\"url\":\"https:\/\/www.africa-press.net\/cameroun\/politique\/cameroun-menaces-terroristes-le-cameroun-et-le-nigeria-sengagent-a-resserrer-leur-cooperation-pour-lutter-contre-le-groupe-boko-haram\",\"name\":\"Cameroun - Menaces terroristes: Le Cameroun et le Nig\u00e9ria s\u2019engagent \u00e0 resserrer leur coop\u00e9ration pour lutter contre le groupe Boko Haram - Cameroun\",\"isPartOf\":{\"@id\":\"https:\/\/www.africa-press.net\/cameroun\/#website\"},\"primaryImageOfPage\":{\"@id\":\"https:\/\/www.africa-press.net\/cameroun\/politique\/cameroun-menaces-terroristes-le-cameroun-et-le-nigeria-sengagent-a-resserrer-leur-cooperation-pour-lutter-contre-le-groupe-boko-haram#primaryimage\"},\"image\":{\"@id\":\"https:\/\/www.africa-press.net\/cameroun\/politique\/cameroun-menaces-terroristes-le-cameroun-et-le-nigeria-sengagent-a-resserrer-leur-cooperation-pour-lutter-contre-le-groupe-boko-haram#primaryimage\"},\"thumbnailUrl\":\"https:\/\/static.africa-press.net\/cameroun\/sites\/57\/2021\/04\/img-606b2501036d0.jpg\",\"datePublished\":\"2021-04-05T16:20:15+00:00\",\"author\":{\"@id\":\"https:\/\/www.africa-press.net\/cameroun\/#\/schema\/person\/2b1cf3cd81a31e3cd26889ca66d677f1\"},\"description\":\"Lucky Irabor , le nouveau chef d\u2019Etat-major de l\u2019Arm\u00e9e du Nig\u00e9ria et \u00e0 la t\u00eate d\u2019une d\u00e9l\u00e9gation nig\u00e9riane, a \u00e9t\u00e9 ...\",\"breadcrumb\":{\"@id\":\"https:\/\/www.africa-press.net\/cameroun\/politique\/cameroun-menaces-terroristes-le-cameroun-et-le-nigeria-sengagent-a-resserrer-leur-cooperation-pour-lutter-contre-le-groupe-boko-haram#breadcrumb\"},\"inLanguage\":\"fr-FR\",\"potentialAction\":[{\"@type\":\"ReadAction\",\"target\":[\"https:\/\/www.africa-press.net\/cameroun\/politique\/cameroun-menaces-terroristes-le-cameroun-et-le-nigeria-sengagent-a-resserrer-leur-cooperation-pour-lutter-contre-le-groupe-boko-haram\"]}]},{\"@type\":\"ImageObject\",\"inLanguage\":\"fr-FR\",\"@id\":\"https:\/\/www.africa-press.net\/cameroun\/politique\/cameroun-menaces-terroristes-le-cameroun-et-le-nigeria-sengagent-a-resserrer-leur-cooperation-pour-lutter-contre-le-groupe-boko-haram#primaryimage\",\"url\":\"https:\/\/static.africa-press.net\/cameroun\/sites\/57\/2021\/04\/img-606b2501036d0.jpg\",\"contentUrl\":\"https:\/\/static.africa-press.net\/cameroun\/sites\/57\/2021\/04\/img-606b2501036d0.jpg\",\"width\":800,\"height\":533,\"caption\":\"Cameroun - Menaces terroristes: Le Cameroun et le Nig\u00e9ria s\u2019engagent \u00e0 resserrer leur coop\u00e9ration pour lutter contre le groupe Boko Haram\"},{\"@type\":\"BreadcrumbList\",\"@id\":\"https:\/\/www.africa-press.net\/cameroun\/politique\/cameroun-menaces-terroristes-le-cameroun-et-le-nigeria-sengagent-a-resserrer-leur-cooperation-pour-lutter-contre-le-groupe-boko-haram#breadcrumb\",\"itemListElement\":[{\"@type\":\"ListItem\",\"position\":1,\"name\":\"Accueil\",\"item\":\"https:\/\/www.africa-press.net\/cameroun\/\"},{\"@type\":\"ListItem\",\"position\":2,\"name\":\"Cameroun &#8211; Menaces terroristes: Le Cameroun et le Nig\u00e9ria s\u2019engagent \u00e0 resserrer leur coop\u00e9ration pour lutter contre le groupe Boko Haram\"}]},{\"@type\":\"WebSite\",\"@id\":\"https:\/\/www.africa-press.net\/cameroun\/#website\",\"url\":\"https:\/\/www.africa-press.net\/cameroun\/\",\"name\":\"Cameroun\",\"description\":\"Just another Africa News Agency Sites site\",\"potentialAction\":[{\"@type\":\"SearchAction\",\"target\":{\"@type\":\"EntryPoint\",\"urlTemplate\":\"https:\/\/www.africa-press.net\/cameroun\/?s={search_term_string}\"},\"query-input\":{\"@type\":\"PropertyValueSpecification\",\"valueRequired\":true,\"valueName\":\"search_term_string\"}}],\"inLanguage\":\"fr-FR\"},{\"@type\":\"Person\",\"@id\":\"https:\/\/www.africa-press.net\/cameroun\/#\/schema\/person\/2b1cf3cd81a31e3cd26889ca66d677f1\",\"name\":\"cfeditorfr\"}]}<\/script>\n<!-- \/ Yoast SEO Premium plugin. -->","yoast_head_json":{"title":"Cameroun - Menaces terroristes: Le Cameroun et le Nig\u00e9ria s\u2019engagent \u00e0 resserrer leur coop\u00e9ration pour lutter contre le groupe Boko Haram - Cameroun","description":"Lucky Irabor , le nouveau chef d\u2019Etat-major de l\u2019Arm\u00e9e du Nig\u00e9ria et \u00e0 la t\u00eate d\u2019une d\u00e9l\u00e9gation nig\u00e9riane, a \u00e9t\u00e9 ...","robots":{"index":"index","follow":"follow","max-snippet":"max-snippet:-1","max-image-preview":"max-image-preview:large","max-video-preview":"max-video-preview:-1"},"canonical":"https:\/\/www.africa-press.net\/cameroun\/politique\/cameroun-menaces-terroristes-le-cameroun-et-le-nigeria-sengagent-a-resserrer-leur-cooperation-pour-lutter-contre-le-groupe-boko-haram","og_locale":"fr_FR","og_type":"article","og_title":"Cameroun - Menaces terroristes: Le Cameroun et le Nig\u00e9ria s\u2019engagent \u00e0 resserrer leur coop\u00e9ration pour lutter contre le groupe Boko Haram","og_description":"Lucky Irabor , le nouveau chef d\u2019Etat-major de l\u2019Arm\u00e9e du Nig\u00e9ria et \u00e0 la t\u00eate d\u2019une d\u00e9l\u00e9gation nig\u00e9riane, a \u00e9t\u00e9 ...","og_url":"https:\/\/www.africa-press.net\/cameroun\/politique\/cameroun-menaces-terroristes-le-cameroun-et-le-nigeria-sengagent-a-resserrer-leur-cooperation-pour-lutter-contre-le-groupe-boko-haram","og_site_name":"Cameroun","article_published_time":"2021-04-05T16:20:15+00:00","og_image":[{"width":800,"height":533,"url":"https:\/\/static.africa-press.net\/cameroun\/sites\/57\/2021\/04\/img-606b2501036d0.jpg","type":"image\/jpeg"}],"author":"cfeditorfr","twitter_card":"summary_large_image","twitter_misc":{"\u00c9crit par":"cfeditorfr","Dur\u00e9e de lecture estim\u00e9e":"2 minutes"},"schema":{"@context":"https:\/\/schema.org","@graph":[{"@type":"Article","@id":"https:\/\/www.africa-press.net\/cameroun\/politique\/cameroun-menaces-terroristes-le-cameroun-et-le-nigeria-sengagent-a-resserrer-leur-cooperation-pour-lutter-contre-le-groupe-boko-haram#article","isPartOf":{"@id":"https:\/\/www.africa-press.net\/cameroun\/politique\/cameroun-menaces-terroristes-le-cameroun-et-le-nigeria-sengagent-a-resserrer-leur-cooperation-pour-lutter-contre-le-groupe-boko-haram"},"author":{"name":"cfeditorfr","@id":"https:\/\/www.africa-press.net\/cameroun\/#\/schema\/person\/2b1cf3cd81a31e3cd26889ca66d677f1"},"headline":"Cameroun &#8211; Menaces terroristes: Le Cameroun et le Nig\u00e9ria s\u2019engagent \u00e0 resserrer leur coop\u00e9ration pour lutter contre le groupe Boko Haram","datePublished":"2021-04-05T16:20:15+00:00","mainEntityOfPage":{"@id":"https:\/\/www.africa-press.net\/cameroun\/politique\/cameroun-menaces-terroristes-le-cameroun-et-le-nigeria-sengagent-a-resserrer-leur-cooperation-pour-lutter-contre-le-groupe-boko-haram"},"wordCount":428,"commentCount":0,"image":{"@id":"https:\/\/www.africa-press.net\/cameroun\/politique\/cameroun-menaces-terroristes-le-cameroun-et-le-nigeria-sengagent-a-resserrer-leur-cooperation-pour-lutter-contre-le-groupe-boko-haram#primaryimage"},"thumbnailUrl":"https:\/\/static.africa-press.net\/cameroun\/sites\/57\/2021\/04\/img-606b2501036d0.jpg","keywords":["Africa Press","Africa Press-Cameroun","Cameroun"],"articleSection":["homepage-french","Politique","Top Nouvelles","Toutes les actualit\u00e9s"],"inLanguage":"fr-FR","potentialAction":[{"@type":"CommentAction","name":"Comment","target":["https:\/\/www.africa-press.net\/cameroun\/politique\/cameroun-menaces-terroristes-le-cameroun-et-le-nigeria-sengagent-a-resserrer-leur-cooperation-pour-lutter-contre-le-groupe-boko-haram#respond"]}]},{"@type":"WebPage","@id":"https:\/\/www.africa-press.net\/cameroun\/politique\/cameroun-menaces-terroristes-le-cameroun-et-le-nigeria-sengagent-a-resserrer-leur-cooperation-pour-lutter-contre-le-groupe-boko-haram","url":"https:\/\/www.africa-press.net\/cameroun\/politique\/cameroun-menaces-terroristes-le-cameroun-et-le-nigeria-sengagent-a-resserrer-leur-cooperation-pour-lutter-contre-le-groupe-boko-haram","name":"Cameroun - Menaces terroristes: Le Cameroun et le Nig\u00e9ria s\u2019engagent \u00e0 resserrer leur coop\u00e9ration pour lutter contre le groupe Boko Haram - Cameroun","isPartOf":{"@id":"https:\/\/www.africa-press.net\/cameroun\/#website"},"primaryImageOfPage":{"@id":"https:\/\/www.africa-press.net\/cameroun\/politique\/cameroun-menaces-terroristes-le-cameroun-et-le-nigeria-sengagent-a-resserrer-leur-cooperation-pour-lutter-contre-le-groupe-boko-haram#primaryimage"},"image":{"@id":"https:\/\/www.africa-press.net\/cameroun\/politique\/cameroun-menaces-terroristes-le-cameroun-et-le-nigeria-sengagent-a-resserrer-leur-cooperation-pour-lutter-contre-le-groupe-boko-haram#primaryimage"},"thumbnailUrl":"https:\/\/static.africa-press.net\/cameroun\/sites\/57\/2021\/04\/img-606b2501036d0.jpg","datePublished":"2021-04-05T16:20:15+00:00","author":{"@id":"https:\/\/www.africa-press.net\/cameroun\/#\/schema\/person\/2b1cf3cd81a31e3cd26889ca66d677f1"},"description":"Lucky Irabor , le nouveau chef d\u2019Etat-major de l\u2019Arm\u00e9e du Nig\u00e9ria et \u00e0 la t\u00eate d\u2019une d\u00e9l\u00e9gation nig\u00e9riane, a \u00e9t\u00e9 ...","breadcrumb":{"@id":"https:\/\/www.africa-press.net\/cameroun\/politique\/cameroun-menaces-terroristes-le-cameroun-et-le-nigeria-sengagent-a-resserrer-leur-cooperation-pour-lutter-contre-le-groupe-boko-haram#breadcrumb"},"inLanguage":"fr-FR","potentialAction":[{"@type":"ReadAction","target":["https:\/\/www.africa-press.net\/cameroun\/politique\/cameroun-menaces-terroristes-le-cameroun-et-le-nigeria-sengagent-a-resserrer-leur-cooperation-pour-lutter-contre-le-groupe-boko-haram"]}]},{"@type":"ImageObject","inLanguage":"fr-FR","@id":"https:\/\/www.africa-press.net\/cameroun\/politique\/cameroun-menaces-terroristes-le-cameroun-et-le-nigeria-sengagent-a-resserrer-leur-cooperation-pour-lutter-contre-le-groupe-boko-haram#primaryimage","url":"https:\/\/static.africa-press.net\/cameroun\/sites\/57\/2021\/04\/img-606b2501036d0.jpg","contentUrl":"https:\/\/static.africa-press.net\/cameroun\/sites\/57\/2021\/04\/img-606b2501036d0.jpg","width":800,"height":533,"caption":"Cameroun - Menaces terroristes: Le Cameroun et le Nig\u00e9ria s\u2019engagent \u00e0 resserrer leur coop\u00e9ration pour lutter contre le groupe Boko Haram"},{"@type":"BreadcrumbList","@id":"https:\/\/www.africa-press.net\/cameroun\/politique\/cameroun-menaces-terroristes-le-cameroun-et-le-nigeria-sengagent-a-resserrer-leur-cooperation-pour-lutter-contre-le-groupe-boko-haram#breadcrumb","itemListElement":[{"@type":"ListItem","position":1,"name":"Accueil","item":"https:\/\/www.africa-press.net\/cameroun\/"},{"@type":"ListItem","position":2,"name":"Cameroun &#8211; Menaces terroristes: Le Cameroun et le Nig\u00e9ria s\u2019engagent \u00e0 resserrer leur coop\u00e9ration pour lutter contre le groupe Boko Haram"}]},{"@type":"WebSite","@id":"https:\/\/www.africa-press.net\/cameroun\/#website","url":"https:\/\/www.africa-press.net\/cameroun\/","name":"Cameroun","description":"Just another Africa News Agency Sites site","potentialAction":[{"@type":"SearchAction","target":{"@type":"EntryPoint","urlTemplate":"https:\/\/www.africa-press.net\/cameroun\/?s={search_term_string}"},"query-input":{"@type":"PropertyValueSpecification","valueRequired":true,"valueName":"search_term_string"}}],"inLanguage":"fr-FR"},{"@type":"Person","@id":"https:\/\/www.africa-press.net\/cameroun\/#\/schema\/person\/2b1cf3cd81a31e3cd26889ca66d677f1","name":"cfeditorfr"}]}},"_links":{"self":[{"href":"https:\/\/www.africa-press.net\/cameroun\/wp-json\/wp\/v2\/posts\/2079","targetHints":{"allow":["GET"]}}],"collection":[{"href":"https:\/\/www.africa-press.net\/cameroun\/wp-json\/wp\/v2\/posts"}],"about":[{"href":"https:\/\/www.africa-press.net\/cameroun\/wp-json\/wp\/v2\/types\/post"}],"author":[{"embeddable":true,"href":"https:\/\/www.africa-press.net\/cameroun\/wp-json\/wp\/v2\/users\/82"}],"replies":[{"embeddable":true,"href":"https:\/\/www.africa-press.net\/cameroun\/wp-json\/wp\/v2\/comments?post=2079"}],"version-history":[{"count":0,"href":"https:\/\/www.africa-press.net\/cameroun\/wp-json\/wp\/v2\/posts\/2079\/revisions"}],"wp:featuredmedia":[{"embeddable":true,"href":"https:\/\/www.africa-press.net\/cameroun\/wp-json\/wp\/v2\/media\/2078"}],"wp:attachment":[{"href":"https:\/\/www.africa-press.net\/cameroun\/wp-json\/wp\/v2\/media?parent=2079"}],"wp:term":[{"taxonomy":"category","embeddable":true,"href":"https:\/\/www.africa-press.net\/cameroun\/wp-json\/wp\/v2\/categories?post=2079"},{"taxonomy":"post_tag","embeddable":true,"href":"https:\/\/www.africa-press.net\/cameroun\/wp-json\/wp\/v2\/tags?post=2079"}],"curies":[{"name":"wp","href":"https:\/\/api.w.org\/{rel}","templated":true}]}}