{"id":2126,"date":"2021-04-08T16:42:12","date_gmt":"2021-04-08T16:42:12","guid":{"rendered":"https:\/\/www.africa-press.net\/cameroun\/politique\/cameroun-carnet-noir-le-corps-de-lhomme-daffaires-pascal-monkam-rapatrie-ce-jeudi-8-avril-2021"},"modified":"2021-04-09T00:33:40","modified_gmt":"2021-04-09T00:33:40","slug":"cameroun-carnet-noir-le-corps-de-lhomme-daffaires-pascal-monkam-rapatrie-ce-jeudi-8-avril-2021","status":"publish","type":"post","link":"https:\/\/www.africa-press.net\/cameroun\/politique\/cameroun-carnet-noir-le-corps-de-lhomme-daffaires-pascal-monkam-rapatrie-ce-jeudi-8-avril-2021","title":{"rendered":"Cameroun &#8211; Carnet noir: Le corps de l\u2019homme d\u2019Affaires Pascal Monkam rapatri\u00e9 ce jeudi 8 avril 2021"},"content":{"rendered":"<p><span style=\"color: #ff6600\"><strong><a href=\"https:\/\/www.africa-press.net\/\">Africa-Press<\/a> &#8211; <a href=\"https:\/\/www.africa-press.net\/cameroun\">Cameroun<\/a>. <\/strong><\/span><b>Pascal Monkam , <\/b>entame ce jeudi 8 avril 2021, son dernier voyage, vers la terre de ses anc\u00eatres. Il a rendu l\u2019\u00e2me des suites de maladie le samedi 27 f\u00e9vrier 2021 \u00e0 Pretoria en Afrique du Sud, soit moins de deux semaines apr\u00e8s son \u00e9vacuation sanitaire \u00e0 partir de Douala. Une vid\u00e9o, qui avait alors fuit\u00e9 sur les r\u00e9seaux sociaux, montrait dans un \u00e9tat de sant\u00e9 tr\u00e8s critique, sous assistance respiratoire, couch\u00e9 dans un caisson. Il n\u2019a pas surv\u00e9cu. La d\u00e9pouille du richissime homme d\u2019Affaires sera rapatri\u00e9e ce jeudi 8 avril dans son pays natal.<\/p>\n<p><b>\u00abLe corps arrive \u00e0 l\u2019a\u00e9roport international de Douala ce jeudi vers midi. Il est pr\u00e9vu une br\u00e8ve c\u00e9r\u00e9monie avec la d\u00e9pouille en pr\u00e9sence des membres de la famille \u00e9plor\u00e9e \u00e0 la base a\u00e9rienne de Douala, avant les messes et veill\u00e9es ici \u00e0 Douala et \u00e0 Bakassa\u00bb<\/b><\/p>\n<p>, indique un membre du comit\u00e9 d\u2019organisation des obs\u00e8ques du magnat de l\u2019immobilier mort \u00e0 l\u2019\u00e2ge de 91 ans.<\/p>\n<p>Le promoteur des h\u00f4tels La Falaise aura droit \u00e0 une c\u00e9r\u00e9monie nationale d\u2019hommage. En effet, le Chef de l\u2019Etat, Paul Biya, a sign\u00e9 le lundi 5 avril dernier, un d\u00e9cret instituant des obs\u00e8ques officielles en l\u2019honneur de Pascal Monkam, Pr\u00e9sident directeur g\u00e9n\u00e9ral du Groupe soci\u00e9t\u00e9 les Etablissements Monkam.<\/p>\n<p>Le texte du pr\u00e9sident de la R\u00e9publique pr\u00e9cise que ces obs\u00e8ques officielles se d\u00e9rouleront le samedi 10 avril 2021 \u00e0 Bakassa, d\u00e9partement du Haut-Nkam, R\u00e9gion de l\u2019Ouest. Des indiscr\u00e9tions font aussi savoir que le d\u00e9funt pourrait \u00eatre d\u00e9cor\u00e9 \u00e0 titre posthume au nom du Chef de l\u2019Etat.<\/p>\n","protected":false},"excerpt":{"rendered":"<p>Africa-Press &#8211; Cameroun. Pascal Monkam , entame ce jeudi 8 avril 2021, son dernier voyage, vers la terre de ses anc\u00eatres. Il a rendu l\u2019\u00e2me des suites de maladie le samedi 27 f\u00e9vrier 2021 \u00e0 Pretoria en Afrique du Sud, soit moins de deux semaines apr\u00e8s son \u00e9vacuation sanitaire \u00e0 partir de Douala. Une vid\u00e9o, [&hellip;]<\/p>\n","protected":false},"author":82,"featured_media":2125,"comment_status":"open","ping_status":"closed","sticky":false,"template":"","format":"standard","meta":{"footnotes":""},"categories":[11,2,10],"tags":[36,50,49],"class_list":["post-2126","post","type-post","status-publish","format-standard","has-post-thumbnail","hentry","category-homepage-french","category-politique","category-toutes-les-actualites","tag-africa-press","tag-africa-press-cameroun","tag-cameroun"],"yoast_head":"<!-- This site is optimized with the Yoast SEO Premium plugin v26.1 (Yoast SEO v27.0) - https:\/\/yoast.com\/product\/yoast-seo-premium-wordpress\/ -->\n<title>Cameroun - Carnet noir: Le corps de l\u2019homme d\u2019Affaires Pascal Monkam rapatri\u00e9 ce jeudi 8 avril 2021 - Cameroun<\/title>\n<meta name=\"description\" content=\"Pascal Monkam entame ce jeudi 8 avril 2021, son dernier voyage, vers la terre de ses anc\u00eatres. Il a rendu l\u2019\u00e2me ...\" \/>\n<meta name=\"robots\" content=\"index, follow, max-snippet:-1, max-image-preview:large, max-video-preview:-1\" \/>\n<link rel=\"canonical\" href=\"https:\/\/www.africa-press.net\/cameroun\/politique\/cameroun-carnet-noir-le-corps-de-lhomme-daffaires-pascal-monkam-rapatrie-ce-jeudi-8-avril-2021\" \/>\n<meta property=\"og:locale\" content=\"fr_FR\" \/>\n<meta property=\"og:type\" content=\"article\" \/>\n<meta property=\"og:title\" content=\"Cameroun - Carnet noir: Le corps de l\u2019homme d\u2019Affaires Pascal Monkam rapatri\u00e9 ce jeudi 8 avril 2021\" \/>\n<meta property=\"og:description\" content=\"Pascal Monkam entame ce jeudi 8 avril 2021, son dernier voyage, vers la terre de ses anc\u00eatres. Il a rendu l\u2019\u00e2me ...\" \/>\n<meta property=\"og:url\" content=\"https:\/\/www.africa-press.net\/cameroun\/politique\/cameroun-carnet-noir-le-corps-de-lhomme-daffaires-pascal-monkam-rapatrie-ce-jeudi-8-avril-2021\" \/>\n<meta property=\"og:site_name\" content=\"Cameroun\" \/>\n<meta property=\"article:published_time\" content=\"2021-04-08T16:42:12+00:00\" \/>\n<meta property=\"article:modified_time\" content=\"2021-04-09T00:33:40+00:00\" \/>\n<meta property=\"og:image\" content=\"https:\/\/static.africa-press.net\/cameroun\/sites\/57\/2021\/04\/img-606f9f8f26abc.jpg\" \/>\n\t<meta property=\"og:image:width\" content=\"800\" \/>\n\t<meta property=\"og:image:height\" content=\"457\" \/>\n\t<meta property=\"og:image:type\" content=\"image\/jpeg\" \/>\n<meta name=\"author\" content=\"cfeditorfr\" \/>\n<meta name=\"twitter:card\" content=\"summary_large_image\" \/>\n<meta name=\"twitter:label1\" content=\"\u00c9crit par\" \/>\n\t<meta name=\"twitter:data1\" content=\"cfeditorfr\" \/>\n\t<meta name=\"twitter:label2\" content=\"Dur\u00e9e de lecture estim\u00e9e\" \/>\n\t<meta name=\"twitter:data2\" content=\"2 minutes\" \/>\n<script type=\"application\/ld+json\" class=\"yoast-schema-graph\">{\"@context\":\"https:\/\/schema.org\",\"@graph\":[{\"@type\":\"Article\",\"@id\":\"https:\/\/www.africa-press.net\/cameroun\/politique\/cameroun-carnet-noir-le-corps-de-lhomme-daffaires-pascal-monkam-rapatrie-ce-jeudi-8-avril-2021#article\",\"isPartOf\":{\"@id\":\"https:\/\/www.africa-press.net\/cameroun\/politique\/cameroun-carnet-noir-le-corps-de-lhomme-daffaires-pascal-monkam-rapatrie-ce-jeudi-8-avril-2021\"},\"author\":{\"name\":\"cfeditorfr\",\"@id\":\"https:\/\/www.africa-press.net\/cameroun\/#\/schema\/person\/2b1cf3cd81a31e3cd26889ca66d677f1\"},\"headline\":\"Cameroun &#8211; Carnet noir: Le corps de l\u2019homme d\u2019Affaires Pascal Monkam rapatri\u00e9 ce jeudi 8 avril 2021\",\"datePublished\":\"2021-04-08T16:42:12+00:00\",\"dateModified\":\"2021-04-09T00:33:40+00:00\",\"mainEntityOfPage\":{\"@id\":\"https:\/\/www.africa-press.net\/cameroun\/politique\/cameroun-carnet-noir-le-corps-de-lhomme-daffaires-pascal-monkam-rapatrie-ce-jeudi-8-avril-2021\"},\"wordCount\":305,\"commentCount\":0,\"image\":{\"@id\":\"https:\/\/www.africa-press.net\/cameroun\/politique\/cameroun-carnet-noir-le-corps-de-lhomme-daffaires-pascal-monkam-rapatrie-ce-jeudi-8-avril-2021#primaryimage\"},\"thumbnailUrl\":\"https:\/\/static.africa-press.net\/cameroun\/sites\/57\/2021\/04\/img-606f9f8f26abc.jpg\",\"keywords\":[\"Africa Press\",\"Africa Press-Cameroun\",\"Cameroun\"],\"articleSection\":[\"homepage-french\",\"Politique\",\"Toutes les actualit\u00e9s\"],\"inLanguage\":\"fr-FR\",\"potentialAction\":[{\"@type\":\"CommentAction\",\"name\":\"Comment\",\"target\":[\"https:\/\/www.africa-press.net\/cameroun\/politique\/cameroun-carnet-noir-le-corps-de-lhomme-daffaires-pascal-monkam-rapatrie-ce-jeudi-8-avril-2021#respond\"]}]},{\"@type\":\"WebPage\",\"@id\":\"https:\/\/www.africa-press.net\/cameroun\/politique\/cameroun-carnet-noir-le-corps-de-lhomme-daffaires-pascal-monkam-rapatrie-ce-jeudi-8-avril-2021\",\"url\":\"https:\/\/www.africa-press.net\/cameroun\/politique\/cameroun-carnet-noir-le-corps-de-lhomme-daffaires-pascal-monkam-rapatrie-ce-jeudi-8-avril-2021\",\"name\":\"Cameroun - Carnet noir: Le corps de l\u2019homme d\u2019Affaires Pascal Monkam rapatri\u00e9 ce jeudi 8 avril 2021 - Cameroun\",\"isPartOf\":{\"@id\":\"https:\/\/www.africa-press.net\/cameroun\/#website\"},\"primaryImageOfPage\":{\"@id\":\"https:\/\/www.africa-press.net\/cameroun\/politique\/cameroun-carnet-noir-le-corps-de-lhomme-daffaires-pascal-monkam-rapatrie-ce-jeudi-8-avril-2021#primaryimage\"},\"image\":{\"@id\":\"https:\/\/www.africa-press.net\/cameroun\/politique\/cameroun-carnet-noir-le-corps-de-lhomme-daffaires-pascal-monkam-rapatrie-ce-jeudi-8-avril-2021#primaryimage\"},\"thumbnailUrl\":\"https:\/\/static.africa-press.net\/cameroun\/sites\/57\/2021\/04\/img-606f9f8f26abc.jpg\",\"datePublished\":\"2021-04-08T16:42:12+00:00\",\"dateModified\":\"2021-04-09T00:33:40+00:00\",\"author\":{\"@id\":\"https:\/\/www.africa-press.net\/cameroun\/#\/schema\/person\/2b1cf3cd81a31e3cd26889ca66d677f1\"},\"description\":\"Pascal Monkam entame ce jeudi 8 avril 2021, son dernier voyage, vers la terre de ses anc\u00eatres. Il a rendu l\u2019\u00e2me ...\",\"breadcrumb\":{\"@id\":\"https:\/\/www.africa-press.net\/cameroun\/politique\/cameroun-carnet-noir-le-corps-de-lhomme-daffaires-pascal-monkam-rapatrie-ce-jeudi-8-avril-2021#breadcrumb\"},\"inLanguage\":\"fr-FR\",\"potentialAction\":[{\"@type\":\"ReadAction\",\"target\":[\"https:\/\/www.africa-press.net\/cameroun\/politique\/cameroun-carnet-noir-le-corps-de-lhomme-daffaires-pascal-monkam-rapatrie-ce-jeudi-8-avril-2021\"]}]},{\"@type\":\"ImageObject\",\"inLanguage\":\"fr-FR\",\"@id\":\"https:\/\/www.africa-press.net\/cameroun\/politique\/cameroun-carnet-noir-le-corps-de-lhomme-daffaires-pascal-monkam-rapatrie-ce-jeudi-8-avril-2021#primaryimage\",\"url\":\"https:\/\/static.africa-press.net\/cameroun\/sites\/57\/2021\/04\/img-606f9f8f26abc.jpg\",\"contentUrl\":\"https:\/\/static.africa-press.net\/cameroun\/sites\/57\/2021\/04\/img-606f9f8f26abc.jpg\",\"width\":800,\"height\":457,\"caption\":\"Cameroun - Carnet noir: Le corps de l\u2019homme d\u2019Affaires Pascal Monkam rapatri\u00e9 ce jeudi 8 avril 2021\"},{\"@type\":\"BreadcrumbList\",\"@id\":\"https:\/\/www.africa-press.net\/cameroun\/politique\/cameroun-carnet-noir-le-corps-de-lhomme-daffaires-pascal-monkam-rapatrie-ce-jeudi-8-avril-2021#breadcrumb\",\"itemListElement\":[{\"@type\":\"ListItem\",\"position\":1,\"name\":\"Accueil\",\"item\":\"https:\/\/www.africa-press.net\/cameroun\/\"},{\"@type\":\"ListItem\",\"position\":2,\"name\":\"Cameroun &#8211; Carnet noir: Le corps de l\u2019homme d\u2019Affaires Pascal Monkam rapatri\u00e9 ce jeudi 8 avril 2021\"}]},{\"@type\":\"WebSite\",\"@id\":\"https:\/\/www.africa-press.net\/cameroun\/#website\",\"url\":\"https:\/\/www.africa-press.net\/cameroun\/\",\"name\":\"Cameroun\",\"description\":\"Just another Africa News Agency Sites site\",\"potentialAction\":[{\"@type\":\"SearchAction\",\"target\":{\"@type\":\"EntryPoint\",\"urlTemplate\":\"https:\/\/www.africa-press.net\/cameroun\/?s={search_term_string}\"},\"query-input\":{\"@type\":\"PropertyValueSpecification\",\"valueRequired\":true,\"valueName\":\"search_term_string\"}}],\"inLanguage\":\"fr-FR\"},{\"@type\":\"Person\",\"@id\":\"https:\/\/www.africa-press.net\/cameroun\/#\/schema\/person\/2b1cf3cd81a31e3cd26889ca66d677f1\",\"name\":\"cfeditorfr\"}]}<\/script>\n<!-- \/ Yoast SEO Premium plugin. -->","yoast_head_json":{"title":"Cameroun - Carnet noir: Le corps de l\u2019homme d\u2019Affaires Pascal Monkam rapatri\u00e9 ce jeudi 8 avril 2021 - Cameroun","description":"Pascal Monkam entame ce jeudi 8 avril 2021, son dernier voyage, vers la terre de ses anc\u00eatres. Il a rendu l\u2019\u00e2me ...","robots":{"index":"index","follow":"follow","max-snippet":"max-snippet:-1","max-image-preview":"max-image-preview:large","max-video-preview":"max-video-preview:-1"},"canonical":"https:\/\/www.africa-press.net\/cameroun\/politique\/cameroun-carnet-noir-le-corps-de-lhomme-daffaires-pascal-monkam-rapatrie-ce-jeudi-8-avril-2021","og_locale":"fr_FR","og_type":"article","og_title":"Cameroun - Carnet noir: Le corps de l\u2019homme d\u2019Affaires Pascal Monkam rapatri\u00e9 ce jeudi 8 avril 2021","og_description":"Pascal Monkam entame ce jeudi 8 avril 2021, son dernier voyage, vers la terre de ses anc\u00eatres. Il a rendu l\u2019\u00e2me ...","og_url":"https:\/\/www.africa-press.net\/cameroun\/politique\/cameroun-carnet-noir-le-corps-de-lhomme-daffaires-pascal-monkam-rapatrie-ce-jeudi-8-avril-2021","og_site_name":"Cameroun","article_published_time":"2021-04-08T16:42:12+00:00","article_modified_time":"2021-04-09T00:33:40+00:00","og_image":[{"width":800,"height":457,"url":"https:\/\/static.africa-press.net\/cameroun\/sites\/57\/2021\/04\/img-606f9f8f26abc.jpg","type":"image\/jpeg"}],"author":"cfeditorfr","twitter_card":"summary_large_image","twitter_misc":{"\u00c9crit par":"cfeditorfr","Dur\u00e9e de lecture estim\u00e9e":"2 minutes"},"schema":{"@context":"https:\/\/schema.org","@graph":[{"@type":"Article","@id":"https:\/\/www.africa-press.net\/cameroun\/politique\/cameroun-carnet-noir-le-corps-de-lhomme-daffaires-pascal-monkam-rapatrie-ce-jeudi-8-avril-2021#article","isPartOf":{"@id":"https:\/\/www.africa-press.net\/cameroun\/politique\/cameroun-carnet-noir-le-corps-de-lhomme-daffaires-pascal-monkam-rapatrie-ce-jeudi-8-avril-2021"},"author":{"name":"cfeditorfr","@id":"https:\/\/www.africa-press.net\/cameroun\/#\/schema\/person\/2b1cf3cd81a31e3cd26889ca66d677f1"},"headline":"Cameroun &#8211; Carnet noir: Le corps de l\u2019homme d\u2019Affaires Pascal Monkam rapatri\u00e9 ce jeudi 8 avril 2021","datePublished":"2021-04-08T16:42:12+00:00","dateModified":"2021-04-09T00:33:40+00:00","mainEntityOfPage":{"@id":"https:\/\/www.africa-press.net\/cameroun\/politique\/cameroun-carnet-noir-le-corps-de-lhomme-daffaires-pascal-monkam-rapatrie-ce-jeudi-8-avril-2021"},"wordCount":305,"commentCount":0,"image":{"@id":"https:\/\/www.africa-press.net\/cameroun\/politique\/cameroun-carnet-noir-le-corps-de-lhomme-daffaires-pascal-monkam-rapatrie-ce-jeudi-8-avril-2021#primaryimage"},"thumbnailUrl":"https:\/\/static.africa-press.net\/cameroun\/sites\/57\/2021\/04\/img-606f9f8f26abc.jpg","keywords":["Africa Press","Africa Press-Cameroun","Cameroun"],"articleSection":["homepage-french","Politique","Toutes les actualit\u00e9s"],"inLanguage":"fr-FR","potentialAction":[{"@type":"CommentAction","name":"Comment","target":["https:\/\/www.africa-press.net\/cameroun\/politique\/cameroun-carnet-noir-le-corps-de-lhomme-daffaires-pascal-monkam-rapatrie-ce-jeudi-8-avril-2021#respond"]}]},{"@type":"WebPage","@id":"https:\/\/www.africa-press.net\/cameroun\/politique\/cameroun-carnet-noir-le-corps-de-lhomme-daffaires-pascal-monkam-rapatrie-ce-jeudi-8-avril-2021","url":"https:\/\/www.africa-press.net\/cameroun\/politique\/cameroun-carnet-noir-le-corps-de-lhomme-daffaires-pascal-monkam-rapatrie-ce-jeudi-8-avril-2021","name":"Cameroun - Carnet noir: Le corps de l\u2019homme d\u2019Affaires Pascal Monkam rapatri\u00e9 ce jeudi 8 avril 2021 - Cameroun","isPartOf":{"@id":"https:\/\/www.africa-press.net\/cameroun\/#website"},"primaryImageOfPage":{"@id":"https:\/\/www.africa-press.net\/cameroun\/politique\/cameroun-carnet-noir-le-corps-de-lhomme-daffaires-pascal-monkam-rapatrie-ce-jeudi-8-avril-2021#primaryimage"},"image":{"@id":"https:\/\/www.africa-press.net\/cameroun\/politique\/cameroun-carnet-noir-le-corps-de-lhomme-daffaires-pascal-monkam-rapatrie-ce-jeudi-8-avril-2021#primaryimage"},"thumbnailUrl":"https:\/\/static.africa-press.net\/cameroun\/sites\/57\/2021\/04\/img-606f9f8f26abc.jpg","datePublished":"2021-04-08T16:42:12+00:00","dateModified":"2021-04-09T00:33:40+00:00","author":{"@id":"https:\/\/www.africa-press.net\/cameroun\/#\/schema\/person\/2b1cf3cd81a31e3cd26889ca66d677f1"},"description":"Pascal Monkam entame ce jeudi 8 avril 2021, son dernier voyage, vers la terre de ses anc\u00eatres. Il a rendu l\u2019\u00e2me ...","breadcrumb":{"@id":"https:\/\/www.africa-press.net\/cameroun\/politique\/cameroun-carnet-noir-le-corps-de-lhomme-daffaires-pascal-monkam-rapatrie-ce-jeudi-8-avril-2021#breadcrumb"},"inLanguage":"fr-FR","potentialAction":[{"@type":"ReadAction","target":["https:\/\/www.africa-press.net\/cameroun\/politique\/cameroun-carnet-noir-le-corps-de-lhomme-daffaires-pascal-monkam-rapatrie-ce-jeudi-8-avril-2021"]}]},{"@type":"ImageObject","inLanguage":"fr-FR","@id":"https:\/\/www.africa-press.net\/cameroun\/politique\/cameroun-carnet-noir-le-corps-de-lhomme-daffaires-pascal-monkam-rapatrie-ce-jeudi-8-avril-2021#primaryimage","url":"https:\/\/static.africa-press.net\/cameroun\/sites\/57\/2021\/04\/img-606f9f8f26abc.jpg","contentUrl":"https:\/\/static.africa-press.net\/cameroun\/sites\/57\/2021\/04\/img-606f9f8f26abc.jpg","width":800,"height":457,"caption":"Cameroun - Carnet noir: Le corps de l\u2019homme d\u2019Affaires Pascal Monkam rapatri\u00e9 ce jeudi 8 avril 2021"},{"@type":"BreadcrumbList","@id":"https:\/\/www.africa-press.net\/cameroun\/politique\/cameroun-carnet-noir-le-corps-de-lhomme-daffaires-pascal-monkam-rapatrie-ce-jeudi-8-avril-2021#breadcrumb","itemListElement":[{"@type":"ListItem","position":1,"name":"Accueil","item":"https:\/\/www.africa-press.net\/cameroun\/"},{"@type":"ListItem","position":2,"name":"Cameroun &#8211; Carnet noir: Le corps de l\u2019homme d\u2019Affaires Pascal Monkam rapatri\u00e9 ce jeudi 8 avril 2021"}]},{"@type":"WebSite","@id":"https:\/\/www.africa-press.net\/cameroun\/#website","url":"https:\/\/www.africa-press.net\/cameroun\/","name":"Cameroun","description":"Just another Africa News Agency Sites site","potentialAction":[{"@type":"SearchAction","target":{"@type":"EntryPoint","urlTemplate":"https:\/\/www.africa-press.net\/cameroun\/?s={search_term_string}"},"query-input":{"@type":"PropertyValueSpecification","valueRequired":true,"valueName":"search_term_string"}}],"inLanguage":"fr-FR"},{"@type":"Person","@id":"https:\/\/www.africa-press.net\/cameroun\/#\/schema\/person\/2b1cf3cd81a31e3cd26889ca66d677f1","name":"cfeditorfr"}]}},"_links":{"self":[{"href":"https:\/\/www.africa-press.net\/cameroun\/wp-json\/wp\/v2\/posts\/2126","targetHints":{"allow":["GET"]}}],"collection":[{"href":"https:\/\/www.africa-press.net\/cameroun\/wp-json\/wp\/v2\/posts"}],"about":[{"href":"https:\/\/www.africa-press.net\/cameroun\/wp-json\/wp\/v2\/types\/post"}],"author":[{"embeddable":true,"href":"https:\/\/www.africa-press.net\/cameroun\/wp-json\/wp\/v2\/users\/82"}],"replies":[{"embeddable":true,"href":"https:\/\/www.africa-press.net\/cameroun\/wp-json\/wp\/v2\/comments?post=2126"}],"version-history":[{"count":0,"href":"https:\/\/www.africa-press.net\/cameroun\/wp-json\/wp\/v2\/posts\/2126\/revisions"}],"wp:featuredmedia":[{"embeddable":true,"href":"https:\/\/www.africa-press.net\/cameroun\/wp-json\/wp\/v2\/media\/2125"}],"wp:attachment":[{"href":"https:\/\/www.africa-press.net\/cameroun\/wp-json\/wp\/v2\/media?parent=2126"}],"wp:term":[{"taxonomy":"category","embeddable":true,"href":"https:\/\/www.africa-press.net\/cameroun\/wp-json\/wp\/v2\/categories?post=2126"},{"taxonomy":"post_tag","embeddable":true,"href":"https:\/\/www.africa-press.net\/cameroun\/wp-json\/wp\/v2\/tags?post=2126"}],"curies":[{"name":"wp","href":"https:\/\/api.w.org\/{rel}","templated":true}]}}