{"id":2132,"date":"2021-04-08T17:02:36","date_gmt":"2021-04-08T17:02:36","guid":{"rendered":"https:\/\/www.africa-press.net\/cameroun\/politique\/cameroun-droits-de-lhomme-le-rapport-2020-damnesty-international-epingle-les-autorites-camerounaises"},"modified":"2021-04-09T00:33:52","modified_gmt":"2021-04-09T00:33:52","slug":"cameroun-droits-de-lhomme-le-rapport-2020-damnesty-international-epingle-les-autorites-camerounaises","status":"publish","type":"post","link":"https:\/\/www.africa-press.net\/cameroun\/politique\/cameroun-droits-de-lhomme-le-rapport-2020-damnesty-international-epingle-les-autorites-camerounaises","title":{"rendered":"Cameroun &#8211; Droits de l\u2019Homme: Le rapport 2020 d\u2019Amnesty International \u00e9pingle les autorit\u00e9s camerounaises"},"content":{"rendered":"<p><span style=\"color: #ff6600\"><strong><a href=\"https:\/\/www.africa-press.net\/\">Africa-Press<\/a> &#8211; <a href=\"https:\/\/www.africa-press.net\/cameroun\">Cameroun<\/a>. <\/strong><\/span><b>Amnesty International, <\/b>a publi\u00e9 le 7 avril 2021, son rapport sur la situation des droits de l\u2019Homme dans le monde en 2020. Dans la partie consacr\u00e9e au Cameroun, l\u2019ONG d\u00e9nonce plusieurs cas d\u2019abus des droits humains, notamment ceux commis par les autorit\u00e9s.<\/p>\n<p><b>\u00ab<\/b>Les autorit\u00e9s ont continu\u00e9 de r\u00e9primer l\u2019opposition pacifique et les personnes qui les critiquaient. Des cas de torture et d\u2019autres mauvais traitements en d\u00e9tention ont \u00e9t\u00e9 signal\u00e9s\u00bb, indique le document.<\/p>\n<p>Amnesty mentionne notamment l\u2019arrestation de plusieurs militants du MRC en septembre 2020, suite \u00e0 l\u2019appel \u00e0 manifester lanc\u00e9 par leur leader, l\u2019opposant Maurice Kamto. L\u2019ONG note aussi la mort controvers\u00e9e du journaliste Samuel Wazizi en ao\u00fbt 2019, deux semaines apr\u00e8s son arrestation \u00e0 Buea (Sud-Ouest) par les forces de s\u00e9curit\u00e9 et son transf\u00e8rement \u00e0 Yaound\u00e9. Sa mort n\u2019a \u00e9t\u00e9 r\u00e9v\u00e9l\u00e9e par la presse que 10 mois plus tard.<\/p>\n<p><b>Ci-dessous, un extrait dudit rapport:<\/b><\/p>\n<p><b>LIBERT\u00c9 D\u2019EXPRESSION ET DE R\u00c9UNION<\/b><\/p>\n<p>Les autorit\u00e9s ont continu\u00e9 de r\u00e9primer l\u2019opposition pacifique, interdisant les manifestations et arr\u00eatant arbitrairement celles et ceux qui exer\u00e7aient leurs droits \u00e0 la libert\u00e9 d\u2019expression et de r\u00e9union pacifique. Le 18 septembre, quatre membres du mouvement Stand Up For Cameroon, une coalition regroupant notamment des partis politiques et des ONG, ont \u00e9t\u00e9 arr\u00eat\u00e9s par la gendarmerie \u00e0 Douala, apr\u00e8s avoir assist\u00e9 \u00e0 une r\u00e9union au si\u00e8ge du Parti populaire du Cameroun. Ils ont \u00e9t\u00e9 d\u00e9f\u00e9r\u00e9s \u00e0 un tribunal militaire sur de fausses accusations de tentative de conspiration, r\u00e9volution et insurrection. Le juge a ordonn\u00e9 leur placement en d\u00e9tention provisoire \u00e0 la prison de New Bell, o\u00f9 ils se trouvaient toujours \u00e0 la fin de l\u2019ann\u00e9e.<\/p>\n<p><b>Maurice Kamto<\/b><\/p>\n<p>a lanc\u00e9 un appel \u00e0 manifester pacifiquement le 22 septembre pour r\u00e9clamer la d\u00e9mission du Pr\u00e9sident. Les gouverneurs des r\u00e9gions de l\u2019Ouest et du Centre ont r\u00e9agi en interdisant toutes les manifestations jusqu\u2019\u00e0 nouvel ordre. Les forces de s\u00e9curit\u00e9 ont pris position autour de la maison de du 22 septembre au 8 d\u00e9cembre. Au moins 500 manifestants, membres ou sympathisants du Mouvement pour la Renaissance du Cameroun pour la plupart, ont \u00e9t\u00e9 arr\u00eat\u00e9s le 22 septembre. Selon des avocats, 160 de ces personnes \u00e9taient toujours d\u00e9tenues \u00e0 Douala, Yaound\u00e9, Bafoussam et Nkongsamba. De plus, au 9 d\u00e9cembre, 13 d\u2019entre elles avaient \u00e9t\u00e9 condamn\u00e9es \u00e0 des peines d\u2019emprisonnement par des juridictions civiles, et 14 avaient comparu devant un tribunal militaire.<\/p>\n<p><b>TORTURE ET AUTRES MAUVAIS TRAITEMENTS<\/b><\/p>\n<p>La mort en d\u00e9tention du journaliste Samuel Ebuwe Ajiekia a fini par \u00eatre r\u00e9v\u00e9l\u00e9e par des m\u00e9dias ind\u00e9pendants le 2 juin, puis par le Syndicat national des journalistes du Cameroun. On \u00e9tait sans nouvelles de lui depuis pr\u00e8s d\u2019un an, et sa mort avait \u00e9t\u00e9 tenue secr\u00e8te par les autorit\u00e9s. Le 5 juin, le minist\u00e8re de la D\u00e9fense a confirm\u00e9 son d\u00e9c\u00e8s et d\u00e9clar\u00e9 qu\u2019il \u00e9tait mort de septic\u00e9mie le17 ao\u00fbt 2019 \u00e0 l\u2019H\u00f4pital militaire du Cameroun, \u00e0 Yaound\u00e9, alors que les photos de son cadavre montraient des traces de torture et d\u2019autres mauvais traitements. Samuel Ebuwe Ajiekia avait \u00e9t\u00e9 arr\u00eat\u00e9 \u00e0 Buea, la capitale de la r\u00e9gion du Sud-Ouest, le 2 ao\u00fbt 2019, apr\u00e8s avoir critiqu\u00e9 la gestion de la crise dans les r\u00e9gions anglophones par le gouvernement. Il avait d\u2019abord \u00e9t\u00e9 d\u00e9tenu au poste de police de Buea avant d\u2019\u00eatre transf\u00e9r\u00e9 dans un lieu non r\u00e9v\u00e9l\u00e9.<\/p>\n","protected":false},"excerpt":{"rendered":"<p>Africa-Press &#8211; Cameroun. Amnesty International, a publi\u00e9 le 7 avril 2021, son rapport sur la situation des droits de l\u2019Homme dans le monde en 2020. Dans la partie consacr\u00e9e au Cameroun, l\u2019ONG d\u00e9nonce plusieurs cas d\u2019abus des droits humains, notamment ceux commis par les autorit\u00e9s. \u00abLes autorit\u00e9s ont continu\u00e9 de r\u00e9primer l\u2019opposition pacifique et les [&hellip;]<\/p>\n","protected":false},"author":82,"featured_media":2131,"comment_status":"open","ping_status":"closed","sticky":false,"template":"","format":"standard","meta":{"footnotes":""},"categories":[11,2,10],"tags":[36,50,49],"class_list":["post-2132","post","type-post","status-publish","format-standard","has-post-thumbnail","hentry","category-homepage-french","category-politique","category-toutes-les-actualites","tag-africa-press","tag-africa-press-cameroun","tag-cameroun"],"yoast_head":"<!-- This site is optimized with the Yoast SEO Premium plugin v26.1 (Yoast SEO v27.0) - https:\/\/yoast.com\/product\/yoast-seo-premium-wordpress\/ -->\n<title>Cameroun - Droits de l\u2019Homme: Le rapport 2020 d\u2019Amnesty International \u00e9pingle les autorit\u00e9s camerounaises - Cameroun<\/title>\n<meta name=\"description\" content=\"Amnesty International a publi\u00e9 le 7 avril 2021, son rapport sur la situation des droits de l\u2019Homme dans le monde ...\" \/>\n<meta name=\"robots\" content=\"index, follow, max-snippet:-1, max-image-preview:large, max-video-preview:-1\" \/>\n<link rel=\"canonical\" href=\"https:\/\/www.africa-press.net\/cameroun\/politique\/cameroun-droits-de-lhomme-le-rapport-2020-damnesty-international-epingle-les-autorites-camerounaises\" \/>\n<meta property=\"og:locale\" content=\"fr_FR\" \/>\n<meta property=\"og:type\" content=\"article\" \/>\n<meta property=\"og:title\" content=\"Cameroun - Droits de l\u2019Homme: Le rapport 2020 d\u2019Amnesty International \u00e9pingle les autorit\u00e9s camerounaises\" \/>\n<meta property=\"og:description\" content=\"Amnesty International a publi\u00e9 le 7 avril 2021, son rapport sur la situation des droits de l\u2019Homme dans le monde ...\" \/>\n<meta property=\"og:url\" content=\"https:\/\/www.africa-press.net\/cameroun\/politique\/cameroun-droits-de-lhomme-le-rapport-2020-damnesty-international-epingle-les-autorites-camerounaises\" \/>\n<meta property=\"og:site_name\" content=\"Cameroun\" \/>\n<meta property=\"article:published_time\" content=\"2021-04-08T17:02:36+00:00\" \/>\n<meta property=\"article:modified_time\" content=\"2021-04-09T00:33:52+00:00\" \/>\n<meta property=\"og:image\" content=\"https:\/\/static.africa-press.net\/cameroun\/sites\/57\/2021\/04\/img-606f9fe2b37ba.jpg\" \/>\n\t<meta property=\"og:image:width\" content=\"800\" \/>\n\t<meta property=\"og:image:height\" content=\"600\" \/>\n\t<meta property=\"og:image:type\" content=\"image\/jpeg\" \/>\n<meta name=\"author\" content=\"cfeditorfr\" \/>\n<meta name=\"twitter:card\" content=\"summary_large_image\" \/>\n<meta name=\"twitter:label1\" content=\"\u00c9crit par\" \/>\n\t<meta name=\"twitter:data1\" content=\"cfeditorfr\" \/>\n\t<meta name=\"twitter:label2\" content=\"Dur\u00e9e de lecture estim\u00e9e\" \/>\n\t<meta name=\"twitter:data2\" content=\"3 minutes\" \/>\n<script type=\"application\/ld+json\" class=\"yoast-schema-graph\">{\"@context\":\"https:\/\/schema.org\",\"@graph\":[{\"@type\":\"Article\",\"@id\":\"https:\/\/www.africa-press.net\/cameroun\/politique\/cameroun-droits-de-lhomme-le-rapport-2020-damnesty-international-epingle-les-autorites-camerounaises#article\",\"isPartOf\":{\"@id\":\"https:\/\/www.africa-press.net\/cameroun\/politique\/cameroun-droits-de-lhomme-le-rapport-2020-damnesty-international-epingle-les-autorites-camerounaises\"},\"author\":{\"name\":\"cfeditorfr\",\"@id\":\"https:\/\/www.africa-press.net\/cameroun\/#\/schema\/person\/2b1cf3cd81a31e3cd26889ca66d677f1\"},\"headline\":\"Cameroun &#8211; Droits de l\u2019Homme: Le rapport 2020 d\u2019Amnesty International \u00e9pingle les autorit\u00e9s camerounaises\",\"datePublished\":\"2021-04-08T17:02:36+00:00\",\"dateModified\":\"2021-04-09T00:33:52+00:00\",\"mainEntityOfPage\":{\"@id\":\"https:\/\/www.africa-press.net\/cameroun\/politique\/cameroun-droits-de-lhomme-le-rapport-2020-damnesty-international-epingle-les-autorites-camerounaises\"},\"wordCount\":614,\"commentCount\":0,\"image\":{\"@id\":\"https:\/\/www.africa-press.net\/cameroun\/politique\/cameroun-droits-de-lhomme-le-rapport-2020-damnesty-international-epingle-les-autorites-camerounaises#primaryimage\"},\"thumbnailUrl\":\"https:\/\/static.africa-press.net\/cameroun\/sites\/57\/2021\/04\/img-606f9fe2b37ba.jpg\",\"keywords\":[\"Africa Press\",\"Africa Press-Cameroun\",\"Cameroun\"],\"articleSection\":[\"homepage-french\",\"Politique\",\"Toutes les actualit\u00e9s\"],\"inLanguage\":\"fr-FR\",\"potentialAction\":[{\"@type\":\"CommentAction\",\"name\":\"Comment\",\"target\":[\"https:\/\/www.africa-press.net\/cameroun\/politique\/cameroun-droits-de-lhomme-le-rapport-2020-damnesty-international-epingle-les-autorites-camerounaises#respond\"]}]},{\"@type\":\"WebPage\",\"@id\":\"https:\/\/www.africa-press.net\/cameroun\/politique\/cameroun-droits-de-lhomme-le-rapport-2020-damnesty-international-epingle-les-autorites-camerounaises\",\"url\":\"https:\/\/www.africa-press.net\/cameroun\/politique\/cameroun-droits-de-lhomme-le-rapport-2020-damnesty-international-epingle-les-autorites-camerounaises\",\"name\":\"Cameroun - Droits de l\u2019Homme: Le rapport 2020 d\u2019Amnesty International \u00e9pingle les autorit\u00e9s camerounaises - Cameroun\",\"isPartOf\":{\"@id\":\"https:\/\/www.africa-press.net\/cameroun\/#website\"},\"primaryImageOfPage\":{\"@id\":\"https:\/\/www.africa-press.net\/cameroun\/politique\/cameroun-droits-de-lhomme-le-rapport-2020-damnesty-international-epingle-les-autorites-camerounaises#primaryimage\"},\"image\":{\"@id\":\"https:\/\/www.africa-press.net\/cameroun\/politique\/cameroun-droits-de-lhomme-le-rapport-2020-damnesty-international-epingle-les-autorites-camerounaises#primaryimage\"},\"thumbnailUrl\":\"https:\/\/static.africa-press.net\/cameroun\/sites\/57\/2021\/04\/img-606f9fe2b37ba.jpg\",\"datePublished\":\"2021-04-08T17:02:36+00:00\",\"dateModified\":\"2021-04-09T00:33:52+00:00\",\"author\":{\"@id\":\"https:\/\/www.africa-press.net\/cameroun\/#\/schema\/person\/2b1cf3cd81a31e3cd26889ca66d677f1\"},\"description\":\"Amnesty International a publi\u00e9 le 7 avril 2021, son rapport sur la situation des droits de l\u2019Homme dans le monde ...\",\"breadcrumb\":{\"@id\":\"https:\/\/www.africa-press.net\/cameroun\/politique\/cameroun-droits-de-lhomme-le-rapport-2020-damnesty-international-epingle-les-autorites-camerounaises#breadcrumb\"},\"inLanguage\":\"fr-FR\",\"potentialAction\":[{\"@type\":\"ReadAction\",\"target\":[\"https:\/\/www.africa-press.net\/cameroun\/politique\/cameroun-droits-de-lhomme-le-rapport-2020-damnesty-international-epingle-les-autorites-camerounaises\"]}]},{\"@type\":\"ImageObject\",\"inLanguage\":\"fr-FR\",\"@id\":\"https:\/\/www.africa-press.net\/cameroun\/politique\/cameroun-droits-de-lhomme-le-rapport-2020-damnesty-international-epingle-les-autorites-camerounaises#primaryimage\",\"url\":\"https:\/\/static.africa-press.net\/cameroun\/sites\/57\/2021\/04\/img-606f9fe2b37ba.jpg\",\"contentUrl\":\"https:\/\/static.africa-press.net\/cameroun\/sites\/57\/2021\/04\/img-606f9fe2b37ba.jpg\",\"width\":800,\"height\":600,\"caption\":\"Cameroun - Droits de l\u2019Homme: Le rapport 2020 d\u2019Amnesty International \u00e9pingle les autorit\u00e9s camerounaises\"},{\"@type\":\"BreadcrumbList\",\"@id\":\"https:\/\/www.africa-press.net\/cameroun\/politique\/cameroun-droits-de-lhomme-le-rapport-2020-damnesty-international-epingle-les-autorites-camerounaises#breadcrumb\",\"itemListElement\":[{\"@type\":\"ListItem\",\"position\":1,\"name\":\"Accueil\",\"item\":\"https:\/\/www.africa-press.net\/cameroun\/\"},{\"@type\":\"ListItem\",\"position\":2,\"name\":\"Cameroun &#8211; Droits de l\u2019Homme: Le rapport 2020 d\u2019Amnesty International \u00e9pingle les autorit\u00e9s camerounaises\"}]},{\"@type\":\"WebSite\",\"@id\":\"https:\/\/www.africa-press.net\/cameroun\/#website\",\"url\":\"https:\/\/www.africa-press.net\/cameroun\/\",\"name\":\"Cameroun\",\"description\":\"Just another Africa News Agency Sites site\",\"potentialAction\":[{\"@type\":\"SearchAction\",\"target\":{\"@type\":\"EntryPoint\",\"urlTemplate\":\"https:\/\/www.africa-press.net\/cameroun\/?s={search_term_string}\"},\"query-input\":{\"@type\":\"PropertyValueSpecification\",\"valueRequired\":true,\"valueName\":\"search_term_string\"}}],\"inLanguage\":\"fr-FR\"},{\"@type\":\"Person\",\"@id\":\"https:\/\/www.africa-press.net\/cameroun\/#\/schema\/person\/2b1cf3cd81a31e3cd26889ca66d677f1\",\"name\":\"cfeditorfr\"}]}<\/script>\n<!-- \/ Yoast SEO Premium plugin. -->","yoast_head_json":{"title":"Cameroun - Droits de l\u2019Homme: Le rapport 2020 d\u2019Amnesty International \u00e9pingle les autorit\u00e9s camerounaises - Cameroun","description":"Amnesty International a publi\u00e9 le 7 avril 2021, son rapport sur la situation des droits de l\u2019Homme dans le monde ...","robots":{"index":"index","follow":"follow","max-snippet":"max-snippet:-1","max-image-preview":"max-image-preview:large","max-video-preview":"max-video-preview:-1"},"canonical":"https:\/\/www.africa-press.net\/cameroun\/politique\/cameroun-droits-de-lhomme-le-rapport-2020-damnesty-international-epingle-les-autorites-camerounaises","og_locale":"fr_FR","og_type":"article","og_title":"Cameroun - Droits de l\u2019Homme: Le rapport 2020 d\u2019Amnesty International \u00e9pingle les autorit\u00e9s camerounaises","og_description":"Amnesty International a publi\u00e9 le 7 avril 2021, son rapport sur la situation des droits de l\u2019Homme dans le monde ...","og_url":"https:\/\/www.africa-press.net\/cameroun\/politique\/cameroun-droits-de-lhomme-le-rapport-2020-damnesty-international-epingle-les-autorites-camerounaises","og_site_name":"Cameroun","article_published_time":"2021-04-08T17:02:36+00:00","article_modified_time":"2021-04-09T00:33:52+00:00","og_image":[{"width":800,"height":600,"url":"https:\/\/static.africa-press.net\/cameroun\/sites\/57\/2021\/04\/img-606f9fe2b37ba.jpg","type":"image\/jpeg"}],"author":"cfeditorfr","twitter_card":"summary_large_image","twitter_misc":{"\u00c9crit par":"cfeditorfr","Dur\u00e9e de lecture estim\u00e9e":"3 minutes"},"schema":{"@context":"https:\/\/schema.org","@graph":[{"@type":"Article","@id":"https:\/\/www.africa-press.net\/cameroun\/politique\/cameroun-droits-de-lhomme-le-rapport-2020-damnesty-international-epingle-les-autorites-camerounaises#article","isPartOf":{"@id":"https:\/\/www.africa-press.net\/cameroun\/politique\/cameroun-droits-de-lhomme-le-rapport-2020-damnesty-international-epingle-les-autorites-camerounaises"},"author":{"name":"cfeditorfr","@id":"https:\/\/www.africa-press.net\/cameroun\/#\/schema\/person\/2b1cf3cd81a31e3cd26889ca66d677f1"},"headline":"Cameroun &#8211; Droits de l\u2019Homme: Le rapport 2020 d\u2019Amnesty International \u00e9pingle les autorit\u00e9s camerounaises","datePublished":"2021-04-08T17:02:36+00:00","dateModified":"2021-04-09T00:33:52+00:00","mainEntityOfPage":{"@id":"https:\/\/www.africa-press.net\/cameroun\/politique\/cameroun-droits-de-lhomme-le-rapport-2020-damnesty-international-epingle-les-autorites-camerounaises"},"wordCount":614,"commentCount":0,"image":{"@id":"https:\/\/www.africa-press.net\/cameroun\/politique\/cameroun-droits-de-lhomme-le-rapport-2020-damnesty-international-epingle-les-autorites-camerounaises#primaryimage"},"thumbnailUrl":"https:\/\/static.africa-press.net\/cameroun\/sites\/57\/2021\/04\/img-606f9fe2b37ba.jpg","keywords":["Africa Press","Africa Press-Cameroun","Cameroun"],"articleSection":["homepage-french","Politique","Toutes les actualit\u00e9s"],"inLanguage":"fr-FR","potentialAction":[{"@type":"CommentAction","name":"Comment","target":["https:\/\/www.africa-press.net\/cameroun\/politique\/cameroun-droits-de-lhomme-le-rapport-2020-damnesty-international-epingle-les-autorites-camerounaises#respond"]}]},{"@type":"WebPage","@id":"https:\/\/www.africa-press.net\/cameroun\/politique\/cameroun-droits-de-lhomme-le-rapport-2020-damnesty-international-epingle-les-autorites-camerounaises","url":"https:\/\/www.africa-press.net\/cameroun\/politique\/cameroun-droits-de-lhomme-le-rapport-2020-damnesty-international-epingle-les-autorites-camerounaises","name":"Cameroun - Droits de l\u2019Homme: Le rapport 2020 d\u2019Amnesty International \u00e9pingle les autorit\u00e9s camerounaises - Cameroun","isPartOf":{"@id":"https:\/\/www.africa-press.net\/cameroun\/#website"},"primaryImageOfPage":{"@id":"https:\/\/www.africa-press.net\/cameroun\/politique\/cameroun-droits-de-lhomme-le-rapport-2020-damnesty-international-epingle-les-autorites-camerounaises#primaryimage"},"image":{"@id":"https:\/\/www.africa-press.net\/cameroun\/politique\/cameroun-droits-de-lhomme-le-rapport-2020-damnesty-international-epingle-les-autorites-camerounaises#primaryimage"},"thumbnailUrl":"https:\/\/static.africa-press.net\/cameroun\/sites\/57\/2021\/04\/img-606f9fe2b37ba.jpg","datePublished":"2021-04-08T17:02:36+00:00","dateModified":"2021-04-09T00:33:52+00:00","author":{"@id":"https:\/\/www.africa-press.net\/cameroun\/#\/schema\/person\/2b1cf3cd81a31e3cd26889ca66d677f1"},"description":"Amnesty International a publi\u00e9 le 7 avril 2021, son rapport sur la situation des droits de l\u2019Homme dans le monde ...","breadcrumb":{"@id":"https:\/\/www.africa-press.net\/cameroun\/politique\/cameroun-droits-de-lhomme-le-rapport-2020-damnesty-international-epingle-les-autorites-camerounaises#breadcrumb"},"inLanguage":"fr-FR","potentialAction":[{"@type":"ReadAction","target":["https:\/\/www.africa-press.net\/cameroun\/politique\/cameroun-droits-de-lhomme-le-rapport-2020-damnesty-international-epingle-les-autorites-camerounaises"]}]},{"@type":"ImageObject","inLanguage":"fr-FR","@id":"https:\/\/www.africa-press.net\/cameroun\/politique\/cameroun-droits-de-lhomme-le-rapport-2020-damnesty-international-epingle-les-autorites-camerounaises#primaryimage","url":"https:\/\/static.africa-press.net\/cameroun\/sites\/57\/2021\/04\/img-606f9fe2b37ba.jpg","contentUrl":"https:\/\/static.africa-press.net\/cameroun\/sites\/57\/2021\/04\/img-606f9fe2b37ba.jpg","width":800,"height":600,"caption":"Cameroun - Droits de l\u2019Homme: Le rapport 2020 d\u2019Amnesty International \u00e9pingle les autorit\u00e9s camerounaises"},{"@type":"BreadcrumbList","@id":"https:\/\/www.africa-press.net\/cameroun\/politique\/cameroun-droits-de-lhomme-le-rapport-2020-damnesty-international-epingle-les-autorites-camerounaises#breadcrumb","itemListElement":[{"@type":"ListItem","position":1,"name":"Accueil","item":"https:\/\/www.africa-press.net\/cameroun\/"},{"@type":"ListItem","position":2,"name":"Cameroun &#8211; Droits de l\u2019Homme: Le rapport 2020 d\u2019Amnesty International \u00e9pingle les autorit\u00e9s camerounaises"}]},{"@type":"WebSite","@id":"https:\/\/www.africa-press.net\/cameroun\/#website","url":"https:\/\/www.africa-press.net\/cameroun\/","name":"Cameroun","description":"Just another Africa News Agency Sites site","potentialAction":[{"@type":"SearchAction","target":{"@type":"EntryPoint","urlTemplate":"https:\/\/www.africa-press.net\/cameroun\/?s={search_term_string}"},"query-input":{"@type":"PropertyValueSpecification","valueRequired":true,"valueName":"search_term_string"}}],"inLanguage":"fr-FR"},{"@type":"Person","@id":"https:\/\/www.africa-press.net\/cameroun\/#\/schema\/person\/2b1cf3cd81a31e3cd26889ca66d677f1","name":"cfeditorfr"}]}},"_links":{"self":[{"href":"https:\/\/www.africa-press.net\/cameroun\/wp-json\/wp\/v2\/posts\/2132","targetHints":{"allow":["GET"]}}],"collection":[{"href":"https:\/\/www.africa-press.net\/cameroun\/wp-json\/wp\/v2\/posts"}],"about":[{"href":"https:\/\/www.africa-press.net\/cameroun\/wp-json\/wp\/v2\/types\/post"}],"author":[{"embeddable":true,"href":"https:\/\/www.africa-press.net\/cameroun\/wp-json\/wp\/v2\/users\/82"}],"replies":[{"embeddable":true,"href":"https:\/\/www.africa-press.net\/cameroun\/wp-json\/wp\/v2\/comments?post=2132"}],"version-history":[{"count":0,"href":"https:\/\/www.africa-press.net\/cameroun\/wp-json\/wp\/v2\/posts\/2132\/revisions"}],"wp:featuredmedia":[{"embeddable":true,"href":"https:\/\/www.africa-press.net\/cameroun\/wp-json\/wp\/v2\/media\/2131"}],"wp:attachment":[{"href":"https:\/\/www.africa-press.net\/cameroun\/wp-json\/wp\/v2\/media?parent=2132"}],"wp:term":[{"taxonomy":"category","embeddable":true,"href":"https:\/\/www.africa-press.net\/cameroun\/wp-json\/wp\/v2\/categories?post=2132"},{"taxonomy":"post_tag","embeddable":true,"href":"https:\/\/www.africa-press.net\/cameroun\/wp-json\/wp\/v2\/tags?post=2132"}],"curies":[{"name":"wp","href":"https:\/\/api.w.org\/{rel}","templated":true}]}}