{"id":2135,"date":"2021-04-08T17:08:18","date_gmt":"2021-04-08T17:08:18","guid":{"rendered":"https:\/\/www.africa-press.net\/cameroun\/politique\/cameroun-infrastructures-le-ministere-de-la-defense-construit-une-eglise-et-une-ecole-pour-larchidiocese-de-yaounde"},"modified":"2021-04-09T00:30:29","modified_gmt":"2021-04-09T00:30:29","slug":"cameroun-infrastructures-le-ministere-de-la-defense-construit-une-eglise-et-une-ecole-pour-larchidiocese-de-yaounde","status":"publish","type":"post","link":"https:\/\/www.africa-press.net\/cameroun\/politique\/cameroun-infrastructures-le-ministere-de-la-defense-construit-une-eglise-et-une-ecole-pour-larchidiocese-de-yaounde","title":{"rendered":"Cameroun &#8211; Infrastructures: Le minist\u00e8re de la D\u00e9fense construit une \u00e9glise et une \u00e9cole pour l&rsquo;archidiocese de Yaound\u00e9"},"content":{"rendered":"<p><span style=\"color: #ff6600\"><strong><a href=\"https:\/\/www.africa-press.net\/\">Africa-Press<\/a> &#8211; <a href=\"https:\/\/www.africa-press.net\/cameroun\">Cameroun<\/a>. <\/strong><\/span>Une b\u00e2tisse dress\u00e9e sur une superficie de 640m carr\u00e9s pour une capacit\u00e9 d\u2019accueil de 2400 fid\u00e8les au quartier Olezoa. L&rsquo;\u00e9glise Saint Jean Baptiste rayonne . Le temple du seigneur respire le g\u00e9nie de l&rsquo;arm\u00e9e camerounaise \u00e0 travers la salle de c\u00e9l\u00e9bration, la salle de pri\u00e8re et une mezzanine. \u00c0 l&rsquo;arri\u00e8re, une annexe r\u00e9sidentielle. La touche du g\u00e9nie militaire est sous l&rsquo;admiration de Joseph Beti Assomo, ministre d\u00e9l\u00e9gu\u00e9 \u00e0 la pr\u00e9sidence charg\u00e9 de la D\u00e9fense et l&rsquo;Archev\u00eaque m\u00e9tropolitain de Yaound\u00e9.<\/p>\n<p>A quelques kilom\u00e8tres de l\u00e0, un b\u00e2timent R+3 de 20 salles de classe et un gymnase en construction au coll\u00e8ge de la retraite.<\/p>\n<p>\u00abPour ce qui est du niveau d\u2019avancement, nous sommes \u00e0 42%. Nous avons d\u00e9j\u00e0 coul\u00e9 la dalle du niveau 1. Et tous les travaux en cours actuellement sont pr\u00e9paratoires pour le coulage de la dalle du niveau 2, qui devrait intervenir d\u00e8s la semaine prochaine\u00bb, explique un Commandant du g\u00e9nie militaire au ministre d\u00e9l\u00e9gu\u00e9 \u00e0 la pr\u00e9sidence charg\u00e9 de la D\u00e9fense.<\/p>\n<p>30 personnels civils et 10 militaires sont mobilis\u00e9s pour la r\u00e9alisation de ce projet de l&rsquo;Archidiocese de Yaound\u00e9. \u00abNotre appr\u00e9ciation est unanimement satisfaisante. Il y a la technicit\u00e9, la programmation et m\u00eame l\u2019esth\u00e9tique des ouvrages. Donc, le g\u00e9nie militaire a correspondu exactement \u00e0 ce qu\u2019on attendait de ses r\u00e9alisations\u00bb, se r\u00e9jouit Monseigneur Jean Mbarga, Archev\u00eaque m\u00e9tropolitain de Yaound\u00e9.<\/p>\n<p>L\u2019ouvrage est compos\u00e9 de 20 salles de classe de 47m2 chacune d\u2019une capacit\u00e9 de 1000 \u00e0 raison de 50 \u00e9l\u00e8ves par classe, 2 salles de professeurs, 5 bureaux administratifs, 1 biblioth\u00e8que et 8 blocs de toilettes.<\/p>\n<p>Pour ce qui est du gymnase, le b\u00e2timent est de type sous-sol. Sont log\u00e9s au sous sol, deux grands bureaux, un magasin et un bloc de toilette. Au rez-de-chauss\u00e9e, on retrouve un terrain multisports (Basketball, volleyball, handball), des vestiaires, des blocs de toilettes et des gradins. Ce gymnase permet d\u2019accueillir 1200 \u00e9l\u00e8ves.<\/p>\n<p>Le g\u00e9nie militaire, qui a engag\u00e9 les constructions en novembre 2020, s&rsquo;est donn\u00e9 12 mois pour livrer le projet.<\/p>\n","protected":false},"excerpt":{"rendered":"<p>Africa-Press &#8211; Cameroun. Une b\u00e2tisse dress\u00e9e sur une superficie de 640m carr\u00e9s pour une capacit\u00e9 d\u2019accueil de 2400 fid\u00e8les au quartier Olezoa. L&rsquo;\u00e9glise Saint Jean Baptiste rayonne . Le temple du seigneur respire le g\u00e9nie de l&rsquo;arm\u00e9e camerounaise \u00e0 travers la salle de c\u00e9l\u00e9bration, la salle de pri\u00e8re et une mezzanine. \u00c0 l&rsquo;arri\u00e8re, une annexe [&hellip;]<\/p>\n","protected":false},"author":82,"featured_media":2134,"comment_status":"open","ping_status":"closed","sticky":false,"template":"","format":"standard","meta":{"footnotes":""},"categories":[11,2,10],"tags":[36,50,49],"class_list":["post-2135","post","type-post","status-publish","format-standard","has-post-thumbnail","hentry","category-homepage-french","category-politique","category-toutes-les-actualites","tag-africa-press","tag-africa-press-cameroun","tag-cameroun"],"yoast_head":"<!-- This site is optimized with the Yoast SEO Premium plugin v26.1 (Yoast SEO v27.0) - https:\/\/yoast.com\/product\/yoast-seo-premium-wordpress\/ -->\n<title>Cameroun - Infrastructures: Le minist\u00e8re de la D\u00e9fense construit une \u00e9glise et une \u00e9cole pour l&#039;archidiocese de Yaound\u00e9 - Cameroun<\/title>\n<meta name=\"description\" content=\"Une b\u00e2tisse dress\u00e9e sur une superficie de 640m carr\u00e9s pour une capacit\u00e9 d\u2019accueil de 2400 fid\u00e8les au quartier Olezoa. L&#039; ...\" \/>\n<meta name=\"robots\" content=\"index, follow, max-snippet:-1, max-image-preview:large, max-video-preview:-1\" \/>\n<link rel=\"canonical\" href=\"https:\/\/www.africa-press.net\/cameroun\/politique\/cameroun-infrastructures-le-ministere-de-la-defense-construit-une-eglise-et-une-ecole-pour-larchidiocese-de-yaounde\" \/>\n<meta property=\"og:locale\" content=\"fr_FR\" \/>\n<meta property=\"og:type\" content=\"article\" \/>\n<meta property=\"og:title\" content=\"Cameroun - Infrastructures: Le minist\u00e8re de la D\u00e9fense construit une \u00e9glise et une \u00e9cole pour l&#039;archidiocese de Yaound\u00e9\" \/>\n<meta property=\"og:description\" content=\"Une b\u00e2tisse dress\u00e9e sur une superficie de 640m carr\u00e9s pour une capacit\u00e9 d\u2019accueil de 2400 fid\u00e8les au quartier Olezoa. L&#039; ...\" \/>\n<meta property=\"og:url\" content=\"https:\/\/www.africa-press.net\/cameroun\/politique\/cameroun-infrastructures-le-ministere-de-la-defense-construit-une-eglise-et-une-ecole-pour-larchidiocese-de-yaounde\" \/>\n<meta property=\"og:site_name\" content=\"Cameroun\" \/>\n<meta property=\"article:published_time\" content=\"2021-04-08T17:08:18+00:00\" \/>\n<meta property=\"article:modified_time\" content=\"2021-04-09T00:30:29+00:00\" \/>\n<meta property=\"og:image\" content=\"https:\/\/static.africa-press.net\/cameroun\/sites\/57\/2021\/04\/img-606fa00b4afdb.jpg\" \/>\n\t<meta property=\"og:image:width\" content=\"800\" \/>\n\t<meta property=\"og:image:height\" content=\"450\" \/>\n\t<meta property=\"og:image:type\" content=\"image\/jpeg\" \/>\n<meta name=\"author\" content=\"cfeditorfr\" \/>\n<meta name=\"twitter:card\" content=\"summary_large_image\" \/>\n<meta name=\"twitter:label1\" content=\"\u00c9crit par\" \/>\n\t<meta name=\"twitter:data1\" content=\"cfeditorfr\" \/>\n\t<meta name=\"twitter:label2\" content=\"Dur\u00e9e de lecture estim\u00e9e\" \/>\n\t<meta name=\"twitter:data2\" content=\"2 minutes\" \/>\n<script type=\"application\/ld+json\" class=\"yoast-schema-graph\">{\"@context\":\"https:\/\/schema.org\",\"@graph\":[{\"@type\":\"Article\",\"@id\":\"https:\/\/www.africa-press.net\/cameroun\/politique\/cameroun-infrastructures-le-ministere-de-la-defense-construit-une-eglise-et-une-ecole-pour-larchidiocese-de-yaounde#article\",\"isPartOf\":{\"@id\":\"https:\/\/www.africa-press.net\/cameroun\/politique\/cameroun-infrastructures-le-ministere-de-la-defense-construit-une-eglise-et-une-ecole-pour-larchidiocese-de-yaounde\"},\"author\":{\"name\":\"cfeditorfr\",\"@id\":\"https:\/\/www.africa-press.net\/cameroun\/#\/schema\/person\/2b1cf3cd81a31e3cd26889ca66d677f1\"},\"headline\":\"Cameroun &#8211; Infrastructures: Le minist\u00e8re de la D\u00e9fense construit une \u00e9glise et une \u00e9cole pour l&rsquo;archidiocese de Yaound\u00e9\",\"datePublished\":\"2021-04-08T17:08:18+00:00\",\"dateModified\":\"2021-04-09T00:30:29+00:00\",\"mainEntityOfPage\":{\"@id\":\"https:\/\/www.africa-press.net\/cameroun\/politique\/cameroun-infrastructures-le-ministere-de-la-defense-construit-une-eglise-et-une-ecole-pour-larchidiocese-de-yaounde\"},\"wordCount\":387,\"commentCount\":0,\"image\":{\"@id\":\"https:\/\/www.africa-press.net\/cameroun\/politique\/cameroun-infrastructures-le-ministere-de-la-defense-construit-une-eglise-et-une-ecole-pour-larchidiocese-de-yaounde#primaryimage\"},\"thumbnailUrl\":\"https:\/\/static.africa-press.net\/cameroun\/sites\/57\/2021\/04\/img-606fa00b4afdb.jpg\",\"keywords\":[\"Africa Press\",\"Africa Press-Cameroun\",\"Cameroun\"],\"articleSection\":[\"homepage-french\",\"Politique\",\"Toutes les actualit\u00e9s\"],\"inLanguage\":\"fr-FR\",\"potentialAction\":[{\"@type\":\"CommentAction\",\"name\":\"Comment\",\"target\":[\"https:\/\/www.africa-press.net\/cameroun\/politique\/cameroun-infrastructures-le-ministere-de-la-defense-construit-une-eglise-et-une-ecole-pour-larchidiocese-de-yaounde#respond\"]}]},{\"@type\":\"WebPage\",\"@id\":\"https:\/\/www.africa-press.net\/cameroun\/politique\/cameroun-infrastructures-le-ministere-de-la-defense-construit-une-eglise-et-une-ecole-pour-larchidiocese-de-yaounde\",\"url\":\"https:\/\/www.africa-press.net\/cameroun\/politique\/cameroun-infrastructures-le-ministere-de-la-defense-construit-une-eglise-et-une-ecole-pour-larchidiocese-de-yaounde\",\"name\":\"Cameroun - Infrastructures: Le minist\u00e8re de la D\u00e9fense construit une \u00e9glise et une \u00e9cole pour l'archidiocese de Yaound\u00e9 - Cameroun\",\"isPartOf\":{\"@id\":\"https:\/\/www.africa-press.net\/cameroun\/#website\"},\"primaryImageOfPage\":{\"@id\":\"https:\/\/www.africa-press.net\/cameroun\/politique\/cameroun-infrastructures-le-ministere-de-la-defense-construit-une-eglise-et-une-ecole-pour-larchidiocese-de-yaounde#primaryimage\"},\"image\":{\"@id\":\"https:\/\/www.africa-press.net\/cameroun\/politique\/cameroun-infrastructures-le-ministere-de-la-defense-construit-une-eglise-et-une-ecole-pour-larchidiocese-de-yaounde#primaryimage\"},\"thumbnailUrl\":\"https:\/\/static.africa-press.net\/cameroun\/sites\/57\/2021\/04\/img-606fa00b4afdb.jpg\",\"datePublished\":\"2021-04-08T17:08:18+00:00\",\"dateModified\":\"2021-04-09T00:30:29+00:00\",\"author\":{\"@id\":\"https:\/\/www.africa-press.net\/cameroun\/#\/schema\/person\/2b1cf3cd81a31e3cd26889ca66d677f1\"},\"description\":\"Une b\u00e2tisse dress\u00e9e sur une superficie de 640m carr\u00e9s pour une capacit\u00e9 d\u2019accueil de 2400 fid\u00e8les au quartier Olezoa. L' ...\",\"breadcrumb\":{\"@id\":\"https:\/\/www.africa-press.net\/cameroun\/politique\/cameroun-infrastructures-le-ministere-de-la-defense-construit-une-eglise-et-une-ecole-pour-larchidiocese-de-yaounde#breadcrumb\"},\"inLanguage\":\"fr-FR\",\"potentialAction\":[{\"@type\":\"ReadAction\",\"target\":[\"https:\/\/www.africa-press.net\/cameroun\/politique\/cameroun-infrastructures-le-ministere-de-la-defense-construit-une-eglise-et-une-ecole-pour-larchidiocese-de-yaounde\"]}]},{\"@type\":\"ImageObject\",\"inLanguage\":\"fr-FR\",\"@id\":\"https:\/\/www.africa-press.net\/cameroun\/politique\/cameroun-infrastructures-le-ministere-de-la-defense-construit-une-eglise-et-une-ecole-pour-larchidiocese-de-yaounde#primaryimage\",\"url\":\"https:\/\/static.africa-press.net\/cameroun\/sites\/57\/2021\/04\/img-606fa00b4afdb.jpg\",\"contentUrl\":\"https:\/\/static.africa-press.net\/cameroun\/sites\/57\/2021\/04\/img-606fa00b4afdb.jpg\",\"width\":800,\"height\":450,\"caption\":\"Cameroun - Infrastructures: Le minist\u00e8re de la D\u00e9fense construit une \u00e9glise et une \u00e9cole pour l'archidiocese de Yaound\u00e9\"},{\"@type\":\"BreadcrumbList\",\"@id\":\"https:\/\/www.africa-press.net\/cameroun\/politique\/cameroun-infrastructures-le-ministere-de-la-defense-construit-une-eglise-et-une-ecole-pour-larchidiocese-de-yaounde#breadcrumb\",\"itemListElement\":[{\"@type\":\"ListItem\",\"position\":1,\"name\":\"Accueil\",\"item\":\"https:\/\/www.africa-press.net\/cameroun\/\"},{\"@type\":\"ListItem\",\"position\":2,\"name\":\"Cameroun &#8211; Infrastructures: Le minist\u00e8re de la D\u00e9fense construit une \u00e9glise et une \u00e9cole pour l&#8217;archidiocese de Yaound\u00e9\"}]},{\"@type\":\"WebSite\",\"@id\":\"https:\/\/www.africa-press.net\/cameroun\/#website\",\"url\":\"https:\/\/www.africa-press.net\/cameroun\/\",\"name\":\"Cameroun\",\"description\":\"Just another Africa News Agency Sites site\",\"potentialAction\":[{\"@type\":\"SearchAction\",\"target\":{\"@type\":\"EntryPoint\",\"urlTemplate\":\"https:\/\/www.africa-press.net\/cameroun\/?s={search_term_string}\"},\"query-input\":{\"@type\":\"PropertyValueSpecification\",\"valueRequired\":true,\"valueName\":\"search_term_string\"}}],\"inLanguage\":\"fr-FR\"},{\"@type\":\"Person\",\"@id\":\"https:\/\/www.africa-press.net\/cameroun\/#\/schema\/person\/2b1cf3cd81a31e3cd26889ca66d677f1\",\"name\":\"cfeditorfr\"}]}<\/script>\n<!-- \/ Yoast SEO Premium plugin. -->","yoast_head_json":{"title":"Cameroun - Infrastructures: Le minist\u00e8re de la D\u00e9fense construit une \u00e9glise et une \u00e9cole pour l'archidiocese de Yaound\u00e9 - Cameroun","description":"Une b\u00e2tisse dress\u00e9e sur une superficie de 640m carr\u00e9s pour une capacit\u00e9 d\u2019accueil de 2400 fid\u00e8les au quartier Olezoa. L' ...","robots":{"index":"index","follow":"follow","max-snippet":"max-snippet:-1","max-image-preview":"max-image-preview:large","max-video-preview":"max-video-preview:-1"},"canonical":"https:\/\/www.africa-press.net\/cameroun\/politique\/cameroun-infrastructures-le-ministere-de-la-defense-construit-une-eglise-et-une-ecole-pour-larchidiocese-de-yaounde","og_locale":"fr_FR","og_type":"article","og_title":"Cameroun - Infrastructures: Le minist\u00e8re de la D\u00e9fense construit une \u00e9glise et une \u00e9cole pour l'archidiocese de Yaound\u00e9","og_description":"Une b\u00e2tisse dress\u00e9e sur une superficie de 640m carr\u00e9s pour une capacit\u00e9 d\u2019accueil de 2400 fid\u00e8les au quartier Olezoa. L' ...","og_url":"https:\/\/www.africa-press.net\/cameroun\/politique\/cameroun-infrastructures-le-ministere-de-la-defense-construit-une-eglise-et-une-ecole-pour-larchidiocese-de-yaounde","og_site_name":"Cameroun","article_published_time":"2021-04-08T17:08:18+00:00","article_modified_time":"2021-04-09T00:30:29+00:00","og_image":[{"width":800,"height":450,"url":"https:\/\/static.africa-press.net\/cameroun\/sites\/57\/2021\/04\/img-606fa00b4afdb.jpg","type":"image\/jpeg"}],"author":"cfeditorfr","twitter_card":"summary_large_image","twitter_misc":{"\u00c9crit par":"cfeditorfr","Dur\u00e9e de lecture estim\u00e9e":"2 minutes"},"schema":{"@context":"https:\/\/schema.org","@graph":[{"@type":"Article","@id":"https:\/\/www.africa-press.net\/cameroun\/politique\/cameroun-infrastructures-le-ministere-de-la-defense-construit-une-eglise-et-une-ecole-pour-larchidiocese-de-yaounde#article","isPartOf":{"@id":"https:\/\/www.africa-press.net\/cameroun\/politique\/cameroun-infrastructures-le-ministere-de-la-defense-construit-une-eglise-et-une-ecole-pour-larchidiocese-de-yaounde"},"author":{"name":"cfeditorfr","@id":"https:\/\/www.africa-press.net\/cameroun\/#\/schema\/person\/2b1cf3cd81a31e3cd26889ca66d677f1"},"headline":"Cameroun &#8211; Infrastructures: Le minist\u00e8re de la D\u00e9fense construit une \u00e9glise et une \u00e9cole pour l&rsquo;archidiocese de Yaound\u00e9","datePublished":"2021-04-08T17:08:18+00:00","dateModified":"2021-04-09T00:30:29+00:00","mainEntityOfPage":{"@id":"https:\/\/www.africa-press.net\/cameroun\/politique\/cameroun-infrastructures-le-ministere-de-la-defense-construit-une-eglise-et-une-ecole-pour-larchidiocese-de-yaounde"},"wordCount":387,"commentCount":0,"image":{"@id":"https:\/\/www.africa-press.net\/cameroun\/politique\/cameroun-infrastructures-le-ministere-de-la-defense-construit-une-eglise-et-une-ecole-pour-larchidiocese-de-yaounde#primaryimage"},"thumbnailUrl":"https:\/\/static.africa-press.net\/cameroun\/sites\/57\/2021\/04\/img-606fa00b4afdb.jpg","keywords":["Africa Press","Africa Press-Cameroun","Cameroun"],"articleSection":["homepage-french","Politique","Toutes les actualit\u00e9s"],"inLanguage":"fr-FR","potentialAction":[{"@type":"CommentAction","name":"Comment","target":["https:\/\/www.africa-press.net\/cameroun\/politique\/cameroun-infrastructures-le-ministere-de-la-defense-construit-une-eglise-et-une-ecole-pour-larchidiocese-de-yaounde#respond"]}]},{"@type":"WebPage","@id":"https:\/\/www.africa-press.net\/cameroun\/politique\/cameroun-infrastructures-le-ministere-de-la-defense-construit-une-eglise-et-une-ecole-pour-larchidiocese-de-yaounde","url":"https:\/\/www.africa-press.net\/cameroun\/politique\/cameroun-infrastructures-le-ministere-de-la-defense-construit-une-eglise-et-une-ecole-pour-larchidiocese-de-yaounde","name":"Cameroun - Infrastructures: Le minist\u00e8re de la D\u00e9fense construit une \u00e9glise et une \u00e9cole pour l'archidiocese de Yaound\u00e9 - Cameroun","isPartOf":{"@id":"https:\/\/www.africa-press.net\/cameroun\/#website"},"primaryImageOfPage":{"@id":"https:\/\/www.africa-press.net\/cameroun\/politique\/cameroun-infrastructures-le-ministere-de-la-defense-construit-une-eglise-et-une-ecole-pour-larchidiocese-de-yaounde#primaryimage"},"image":{"@id":"https:\/\/www.africa-press.net\/cameroun\/politique\/cameroun-infrastructures-le-ministere-de-la-defense-construit-une-eglise-et-une-ecole-pour-larchidiocese-de-yaounde#primaryimage"},"thumbnailUrl":"https:\/\/static.africa-press.net\/cameroun\/sites\/57\/2021\/04\/img-606fa00b4afdb.jpg","datePublished":"2021-04-08T17:08:18+00:00","dateModified":"2021-04-09T00:30:29+00:00","author":{"@id":"https:\/\/www.africa-press.net\/cameroun\/#\/schema\/person\/2b1cf3cd81a31e3cd26889ca66d677f1"},"description":"Une b\u00e2tisse dress\u00e9e sur une superficie de 640m carr\u00e9s pour une capacit\u00e9 d\u2019accueil de 2400 fid\u00e8les au quartier Olezoa. L' ...","breadcrumb":{"@id":"https:\/\/www.africa-press.net\/cameroun\/politique\/cameroun-infrastructures-le-ministere-de-la-defense-construit-une-eglise-et-une-ecole-pour-larchidiocese-de-yaounde#breadcrumb"},"inLanguage":"fr-FR","potentialAction":[{"@type":"ReadAction","target":["https:\/\/www.africa-press.net\/cameroun\/politique\/cameroun-infrastructures-le-ministere-de-la-defense-construit-une-eglise-et-une-ecole-pour-larchidiocese-de-yaounde"]}]},{"@type":"ImageObject","inLanguage":"fr-FR","@id":"https:\/\/www.africa-press.net\/cameroun\/politique\/cameroun-infrastructures-le-ministere-de-la-defense-construit-une-eglise-et-une-ecole-pour-larchidiocese-de-yaounde#primaryimage","url":"https:\/\/static.africa-press.net\/cameroun\/sites\/57\/2021\/04\/img-606fa00b4afdb.jpg","contentUrl":"https:\/\/static.africa-press.net\/cameroun\/sites\/57\/2021\/04\/img-606fa00b4afdb.jpg","width":800,"height":450,"caption":"Cameroun - Infrastructures: Le minist\u00e8re de la D\u00e9fense construit une \u00e9glise et une \u00e9cole pour l'archidiocese de Yaound\u00e9"},{"@type":"BreadcrumbList","@id":"https:\/\/www.africa-press.net\/cameroun\/politique\/cameroun-infrastructures-le-ministere-de-la-defense-construit-une-eglise-et-une-ecole-pour-larchidiocese-de-yaounde#breadcrumb","itemListElement":[{"@type":"ListItem","position":1,"name":"Accueil","item":"https:\/\/www.africa-press.net\/cameroun\/"},{"@type":"ListItem","position":2,"name":"Cameroun &#8211; Infrastructures: Le minist\u00e8re de la D\u00e9fense construit une \u00e9glise et une \u00e9cole pour l&#8217;archidiocese de Yaound\u00e9"}]},{"@type":"WebSite","@id":"https:\/\/www.africa-press.net\/cameroun\/#website","url":"https:\/\/www.africa-press.net\/cameroun\/","name":"Cameroun","description":"Just another Africa News Agency Sites site","potentialAction":[{"@type":"SearchAction","target":{"@type":"EntryPoint","urlTemplate":"https:\/\/www.africa-press.net\/cameroun\/?s={search_term_string}"},"query-input":{"@type":"PropertyValueSpecification","valueRequired":true,"valueName":"search_term_string"}}],"inLanguage":"fr-FR"},{"@type":"Person","@id":"https:\/\/www.africa-press.net\/cameroun\/#\/schema\/person\/2b1cf3cd81a31e3cd26889ca66d677f1","name":"cfeditorfr"}]}},"_links":{"self":[{"href":"https:\/\/www.africa-press.net\/cameroun\/wp-json\/wp\/v2\/posts\/2135","targetHints":{"allow":["GET"]}}],"collection":[{"href":"https:\/\/www.africa-press.net\/cameroun\/wp-json\/wp\/v2\/posts"}],"about":[{"href":"https:\/\/www.africa-press.net\/cameroun\/wp-json\/wp\/v2\/types\/post"}],"author":[{"embeddable":true,"href":"https:\/\/www.africa-press.net\/cameroun\/wp-json\/wp\/v2\/users\/82"}],"replies":[{"embeddable":true,"href":"https:\/\/www.africa-press.net\/cameroun\/wp-json\/wp\/v2\/comments?post=2135"}],"version-history":[{"count":0,"href":"https:\/\/www.africa-press.net\/cameroun\/wp-json\/wp\/v2\/posts\/2135\/revisions"}],"wp:featuredmedia":[{"embeddable":true,"href":"https:\/\/www.africa-press.net\/cameroun\/wp-json\/wp\/v2\/media\/2134"}],"wp:attachment":[{"href":"https:\/\/www.africa-press.net\/cameroun\/wp-json\/wp\/v2\/media?parent=2135"}],"wp:term":[{"taxonomy":"category","embeddable":true,"href":"https:\/\/www.africa-press.net\/cameroun\/wp-json\/wp\/v2\/categories?post=2135"},{"taxonomy":"post_tag","embeddable":true,"href":"https:\/\/www.africa-press.net\/cameroun\/wp-json\/wp\/v2\/tags?post=2135"}],"curies":[{"name":"wp","href":"https:\/\/api.w.org\/{rel}","templated":true}]}}