{"id":2141,"date":"2021-04-08T17:25:40","date_gmt":"2021-04-08T17:25:40","guid":{"rendered":"https:\/\/www.africa-press.net\/cameroun\/politique\/cameroun-droits-humains-en-2020-voici-les-exactions-des-groupes-armes-au-cameroun-amnesty-international"},"modified":"2021-04-09T00:31:51","modified_gmt":"2021-04-09T00:31:51","slug":"cameroun-droits-humains-en-2020-voici-les-exactions-des-groupes-armes-au-cameroun-amnesty-international","status":"publish","type":"post","link":"https:\/\/www.africa-press.net\/cameroun\/politique\/cameroun-droits-humains-en-2020-voici-les-exactions-des-groupes-armes-au-cameroun-amnesty-international","title":{"rendered":"Cameroun &#8211; Droits humains: En 2020, voici les exactions des groupes arm\u00e9s au Cameroun (Amnesty International)"},"content":{"rendered":"<p><span style=\"color: #ff6600\"><strong><a href=\"https:\/\/www.africa-press.net\/\">Africa-Press<\/a> &#8211; <a href=\"https:\/\/www.africa-press.net\/cameroun\">Cameroun<\/a>. <\/strong><\/span>Au Cameroun, les autorit\u00e9s fustigent souvent le travail effectu\u00e9 par des ONG internationales, les accusant de parti pris. Yaound\u00e9 met en avant le fait que dans la plupart des cas, les rapports commis par ces organisations pointent essentiellement les cas d\u2019abus des autorit\u00e9s et autres forces de s\u00e9curit\u00e9, oubliant de souligner ceux perp\u00e9tr\u00e9s par les groupes arm\u00e9s.<\/p>\n<p>Pourtant, dans son rapport sur la situation des droits de l\u2019Homme en 2020, Amnesty International mentionne des exactions mises \u00e0 l\u2019actif des groupes arm\u00e9s s\u00e9paratistes au Nord-Ouest et au Sud-Ouest et par les membres de Boko Haram dans la r\u00e9gion de l\u2019Extr\u00eame-Nord. Le document revient notamment sur des cas d\u2019abus rendus publics au cours des douze derniers mois, qui ont tr\u00e8s souvent choqu\u00e9 l\u2019opinion nationale et internationale.<\/p>\n<p>Le cas de l\u2019attaque en octobre d\u2019une \u00e9cole \u00e0 Kumba (Sud-Ouest), qui avait co\u00fbt\u00e9 la vie \u00e0 au moins 8 \u00e9l\u00e8ves. Le cas aussi de la d\u00e9capitation en ao\u00fbt, d\u2019une jeune femme \u00e0 Muyuka toujours au Sud-Ouest, et dont les images de l\u2019horrible crime avaient \u00e9t\u00e9 diffus\u00e9es sur la toile.<\/p>\n<p>Dans la r\u00e9gion de l\u2019Extr\u00eame-Nord, Boko Haram est rest\u00e9 tr\u00e8s actif, malgr\u00e9 l\u2019action des forces de s\u00e9curit\u00e9. \u00abSelon les donn\u00e9es collect\u00e9es aupr\u00e8s des organismes de l\u2019ONU, des m\u00e9dias et d\u2019autres organisations, au moins 312 civils, dont des enfants de seulement 10 ans, ont \u00e9t\u00e9 tu\u00e9s dans au moins 412 attaques entre janvier et d\u00e9cembre\u00bb, lit-on dans le rapport.<\/p>\n<p><b>Cameroon-Info.Net vous propose l\u2019extrait du rapport li\u00e9 \u00e0 ces crimes<\/b><\/p>\n<p><b>EXACTIONS PERP\u00c9TR\u00c9ES PAR DES GROUPES ARM\u00c9S<\/b><\/p>\n<p>Des groupes arm\u00e9s s\u00e9paratistes anglophones ont continu\u00e9 de commettre de graves atteintes aux droits humains, prenant pour cible des personnes per\u00e7ues comme sympathisantes du gouvernement dans les r\u00e9gions du Nord-Ouest et du Sud-Ouest.<\/p>\n<p>Un jeune homme a \u00e9t\u00e9 tu\u00e9 et son p\u00e8re bless\u00e9 le 15 janvier pr\u00e8s de Bamenda, dans la r\u00e9gion du Nord-Ouest, alors qu\u2019ils tentaient d\u2019\u00e9viter un poste de contr\u00f4le tenu par des s\u00e9paratistes arm\u00e9s. Le 30 janvier, quatre personnes employ\u00e9es par une organisation humanitaire ont \u00e9t\u00e9 enlev\u00e9es par un groupe arm\u00e9 s\u00e9paratiste, qui les accusait de travailler pour le gouvernement. Elles ont \u00e9t\u00e9 lib\u00e9r\u00e9es le lendemain. Selon l\u2019organisation pour laquelle elles travaillaient, trois d\u2019entre elles ont \u00e9t\u00e9 frapp\u00e9es et soumises \u00e0 des tortures<\/p>\n<p>Le 7 ao\u00fbt, un travailleur humanitaire a \u00e9t\u00e9 enlev\u00e9 \u00e0 son domicile, dans la commune de Batibo, par des assaillants non identifi\u00e9s; il a ensuite \u00e9t\u00e9 tu\u00e9. Trois jours plus tard, des hommes arm\u00e9s ont tu\u00e9 un enseignant dans le quartier de Nkwen, \u00e0 Bamenda, et ont jet\u00e9 son corps dans un cours d\u2019eau. Le 11 ao\u00fbt, le cadavre d\u2019une femme de 35 ans, Confort Tumassang, a \u00e9t\u00e9 d\u00e9couvert sur une route de Muyuka, commune de la r\u00e9gion du Sud-Ouest. Elle avait \u00e9t\u00e9 d\u00e9capit\u00e9e par ses agresseurs, probablement des s\u00e9paratistes. Ceux-ci ont diffus\u00e9 une vid\u00e9o de son ex\u00e9cution sur les r\u00e9seaux sociaux, dans laquelle ils l\u2019accusaient de complicit\u00e9 avec les forces de s\u00e9curit\u00e9.<\/p>\n<p>Au moins huit \u00e9l\u00e8ves ont \u00e9t\u00e9 tu\u00e9s et plusieurs autres bless\u00e9s lors d\u2019une attaque contre une \u00e9cole le 24 octobre dans la ville de Kumba, dans le d\u00e9partement de la M\u00e9m\u00e9 (r\u00e9gion du Sud-Ouest). Les autorit\u00e9s ont accus\u00e9 des s\u00e9paratistes arm\u00e9s.<\/p>\n<p>Parall\u00e8lement, dans le contexte du conflit en cours dans la r\u00e9gion de l\u2019Extr\u00eame-Nord, des groupes arm\u00e9s li\u00e9s \u00e0 Boko Haram ont men\u00e9 des centaines d\u2019attaques, se rendant coupables de graves atteintes aux droits humains, dont certaines constituaient des crimes de guerre. Selon les donn\u00e9es collect\u00e9es aupr\u00e8s des organismes de l\u2019ONU, des m\u00e9dias et d\u2019autres organisations, au moins 312 civils, dont des enfants de seulement 10 ans, ont \u00e9t\u00e9 tu\u00e9s dans au moins 412 attaques entre janvier et d\u00e9cembre. Des personnes d\u00e9plac\u00e9es \u00e0 l\u2019int\u00e9rieur du pays ont \u00e9t\u00e9 prises pour cible. En ao\u00fbt, au moins 18 d\u2019entre elles ont \u00e9t\u00e9 tu\u00e9es et 11 bless\u00e9es par un engin explosif lanc\u00e9 par des assaillants dans le camp de fortune o\u00f9 elles dormaient, pr\u00e8s du village de Nguetch\u00e9w\u00e9. Environ 800 personnes d\u00e9plac\u00e9es avaient trouv\u00e9 refuge dans cette zone.<\/p>\n<p>En septembre, selon le HCR, un attentat-suicide \u00e0 l\u2019explosif a fait sept morts et 14 bless\u00e9s \u00e0 Koyap\u00e9, un village qui accueillait des personnes d\u00e9plac\u00e9es. Toujours dans la r\u00e9gion de l\u2019Extr\u00eame-Nord, entre janvier et d\u00e9cembre, au moins124 personnes, principalement des femmes et des enfants, avaient \u00e9t\u00e9 enlev\u00e9es par des groupes arm\u00e9s li\u00e9s \u00e0 Boko Haram.<\/p>\n","protected":false},"excerpt":{"rendered":"<p>Africa-Press &#8211; Cameroun. Au Cameroun, les autorit\u00e9s fustigent souvent le travail effectu\u00e9 par des ONG internationales, les accusant de parti pris. Yaound\u00e9 met en avant le fait que dans la plupart des cas, les rapports commis par ces organisations pointent essentiellement les cas d\u2019abus des autorit\u00e9s et autres forces de s\u00e9curit\u00e9, oubliant de souligner ceux [&hellip;]<\/p>\n","protected":false},"author":82,"featured_media":2140,"comment_status":"open","ping_status":"closed","sticky":false,"template":"","format":"standard","meta":{"footnotes":""},"categories":[11,2,10],"tags":[36,50,49],"class_list":["post-2141","post","type-post","status-publish","format-standard","has-post-thumbnail","hentry","category-homepage-french","category-politique","category-toutes-les-actualites","tag-africa-press","tag-africa-press-cameroun","tag-cameroun"],"yoast_head":"<!-- This site is optimized with the Yoast SEO Premium plugin v26.1 (Yoast SEO v27.0) - https:\/\/yoast.com\/product\/yoast-seo-premium-wordpress\/ -->\n<title>Cameroun - Droits humains: En 2020, voici les exactions des groupes arm\u00e9s au Cameroun (Amnesty International) - Cameroun<\/title>\n<meta name=\"description\" content=\"Au Cameroun, les autorit\u00e9s fustigent souvent le travail effectu\u00e9 par des ONG internationales, les accusant de parti pris ...\" \/>\n<meta name=\"robots\" content=\"index, follow, max-snippet:-1, max-image-preview:large, max-video-preview:-1\" \/>\n<link rel=\"canonical\" href=\"https:\/\/www.africa-press.net\/cameroun\/politique\/cameroun-droits-humains-en-2020-voici-les-exactions-des-groupes-armes-au-cameroun-amnesty-international\" \/>\n<meta property=\"og:locale\" content=\"fr_FR\" \/>\n<meta property=\"og:type\" content=\"article\" \/>\n<meta property=\"og:title\" content=\"Cameroun - Droits humains: En 2020, voici les exactions des groupes arm\u00e9s au Cameroun (Amnesty International)\" \/>\n<meta property=\"og:description\" content=\"Au Cameroun, les autorit\u00e9s fustigent souvent le travail effectu\u00e9 par des ONG internationales, les accusant de parti pris ...\" \/>\n<meta property=\"og:url\" content=\"https:\/\/www.africa-press.net\/cameroun\/politique\/cameroun-droits-humains-en-2020-voici-les-exactions-des-groupes-armes-au-cameroun-amnesty-international\" \/>\n<meta property=\"og:site_name\" content=\"Cameroun\" \/>\n<meta property=\"article:published_time\" content=\"2021-04-08T17:25:40+00:00\" \/>\n<meta property=\"article:modified_time\" content=\"2021-04-09T00:31:51+00:00\" \/>\n<meta property=\"og:image\" content=\"https:\/\/static.africa-press.net\/cameroun\/sites\/57\/2021\/04\/img-606fa05f08a5a.jpg\" \/>\n\t<meta property=\"og:image:width\" content=\"800\" \/>\n\t<meta property=\"og:image:height\" content=\"451\" \/>\n\t<meta property=\"og:image:type\" content=\"image\/jpeg\" \/>\n<meta name=\"author\" content=\"cfeditorfr\" \/>\n<meta name=\"twitter:card\" content=\"summary_large_image\" \/>\n<meta name=\"twitter:label1\" content=\"\u00c9crit par\" \/>\n\t<meta name=\"twitter:data1\" content=\"cfeditorfr\" \/>\n\t<meta name=\"twitter:label2\" content=\"Dur\u00e9e de lecture estim\u00e9e\" \/>\n\t<meta name=\"twitter:data2\" content=\"4 minutes\" \/>\n<script type=\"application\/ld+json\" class=\"yoast-schema-graph\">{\"@context\":\"https:\/\/schema.org\",\"@graph\":[{\"@type\":\"Article\",\"@id\":\"https:\/\/www.africa-press.net\/cameroun\/politique\/cameroun-droits-humains-en-2020-voici-les-exactions-des-groupes-armes-au-cameroun-amnesty-international#article\",\"isPartOf\":{\"@id\":\"https:\/\/www.africa-press.net\/cameroun\/politique\/cameroun-droits-humains-en-2020-voici-les-exactions-des-groupes-armes-au-cameroun-amnesty-international\"},\"author\":{\"name\":\"cfeditorfr\",\"@id\":\"https:\/\/www.africa-press.net\/cameroun\/#\/schema\/person\/2b1cf3cd81a31e3cd26889ca66d677f1\"},\"headline\":\"Cameroun &#8211; Droits humains: En 2020, voici les exactions des groupes arm\u00e9s au Cameroun (Amnesty International)\",\"datePublished\":\"2021-04-08T17:25:40+00:00\",\"dateModified\":\"2021-04-09T00:31:51+00:00\",\"mainEntityOfPage\":{\"@id\":\"https:\/\/www.africa-press.net\/cameroun\/politique\/cameroun-droits-humains-en-2020-voici-les-exactions-des-groupes-armes-au-cameroun-amnesty-international\"},\"wordCount\":824,\"commentCount\":0,\"image\":{\"@id\":\"https:\/\/www.africa-press.net\/cameroun\/politique\/cameroun-droits-humains-en-2020-voici-les-exactions-des-groupes-armes-au-cameroun-amnesty-international#primaryimage\"},\"thumbnailUrl\":\"https:\/\/static.africa-press.net\/cameroun\/sites\/57\/2021\/04\/img-606fa05f08a5a.jpg\",\"keywords\":[\"Africa Press\",\"Africa Press-Cameroun\",\"Cameroun\"],\"articleSection\":[\"homepage-french\",\"Politique\",\"Toutes les actualit\u00e9s\"],\"inLanguage\":\"fr-FR\",\"potentialAction\":[{\"@type\":\"CommentAction\",\"name\":\"Comment\",\"target\":[\"https:\/\/www.africa-press.net\/cameroun\/politique\/cameroun-droits-humains-en-2020-voici-les-exactions-des-groupes-armes-au-cameroun-amnesty-international#respond\"]}]},{\"@type\":\"WebPage\",\"@id\":\"https:\/\/www.africa-press.net\/cameroun\/politique\/cameroun-droits-humains-en-2020-voici-les-exactions-des-groupes-armes-au-cameroun-amnesty-international\",\"url\":\"https:\/\/www.africa-press.net\/cameroun\/politique\/cameroun-droits-humains-en-2020-voici-les-exactions-des-groupes-armes-au-cameroun-amnesty-international\",\"name\":\"Cameroun - Droits humains: En 2020, voici les exactions des groupes arm\u00e9s au Cameroun (Amnesty International) - Cameroun\",\"isPartOf\":{\"@id\":\"https:\/\/www.africa-press.net\/cameroun\/#website\"},\"primaryImageOfPage\":{\"@id\":\"https:\/\/www.africa-press.net\/cameroun\/politique\/cameroun-droits-humains-en-2020-voici-les-exactions-des-groupes-armes-au-cameroun-amnesty-international#primaryimage\"},\"image\":{\"@id\":\"https:\/\/www.africa-press.net\/cameroun\/politique\/cameroun-droits-humains-en-2020-voici-les-exactions-des-groupes-armes-au-cameroun-amnesty-international#primaryimage\"},\"thumbnailUrl\":\"https:\/\/static.africa-press.net\/cameroun\/sites\/57\/2021\/04\/img-606fa05f08a5a.jpg\",\"datePublished\":\"2021-04-08T17:25:40+00:00\",\"dateModified\":\"2021-04-09T00:31:51+00:00\",\"author\":{\"@id\":\"https:\/\/www.africa-press.net\/cameroun\/#\/schema\/person\/2b1cf3cd81a31e3cd26889ca66d677f1\"},\"description\":\"Au Cameroun, les autorit\u00e9s fustigent souvent le travail effectu\u00e9 par des ONG internationales, les accusant de parti pris ...\",\"breadcrumb\":{\"@id\":\"https:\/\/www.africa-press.net\/cameroun\/politique\/cameroun-droits-humains-en-2020-voici-les-exactions-des-groupes-armes-au-cameroun-amnesty-international#breadcrumb\"},\"inLanguage\":\"fr-FR\",\"potentialAction\":[{\"@type\":\"ReadAction\",\"target\":[\"https:\/\/www.africa-press.net\/cameroun\/politique\/cameroun-droits-humains-en-2020-voici-les-exactions-des-groupes-armes-au-cameroun-amnesty-international\"]}]},{\"@type\":\"ImageObject\",\"inLanguage\":\"fr-FR\",\"@id\":\"https:\/\/www.africa-press.net\/cameroun\/politique\/cameroun-droits-humains-en-2020-voici-les-exactions-des-groupes-armes-au-cameroun-amnesty-international#primaryimage\",\"url\":\"https:\/\/static.africa-press.net\/cameroun\/sites\/57\/2021\/04\/img-606fa05f08a5a.jpg\",\"contentUrl\":\"https:\/\/static.africa-press.net\/cameroun\/sites\/57\/2021\/04\/img-606fa05f08a5a.jpg\",\"width\":800,\"height\":451,\"caption\":\"Cameroun - Droits humains: En 2020, voici les exactions des groupes arm\u00e9s au Cameroun (Amnesty International)\"},{\"@type\":\"BreadcrumbList\",\"@id\":\"https:\/\/www.africa-press.net\/cameroun\/politique\/cameroun-droits-humains-en-2020-voici-les-exactions-des-groupes-armes-au-cameroun-amnesty-international#breadcrumb\",\"itemListElement\":[{\"@type\":\"ListItem\",\"position\":1,\"name\":\"Accueil\",\"item\":\"https:\/\/www.africa-press.net\/cameroun\/\"},{\"@type\":\"ListItem\",\"position\":2,\"name\":\"Cameroun &#8211; Droits humains: En 2020, voici les exactions des groupes arm\u00e9s au Cameroun (Amnesty International)\"}]},{\"@type\":\"WebSite\",\"@id\":\"https:\/\/www.africa-press.net\/cameroun\/#website\",\"url\":\"https:\/\/www.africa-press.net\/cameroun\/\",\"name\":\"Cameroun\",\"description\":\"Just another Africa News Agency Sites site\",\"potentialAction\":[{\"@type\":\"SearchAction\",\"target\":{\"@type\":\"EntryPoint\",\"urlTemplate\":\"https:\/\/www.africa-press.net\/cameroun\/?s={search_term_string}\"},\"query-input\":{\"@type\":\"PropertyValueSpecification\",\"valueRequired\":true,\"valueName\":\"search_term_string\"}}],\"inLanguage\":\"fr-FR\"},{\"@type\":\"Person\",\"@id\":\"https:\/\/www.africa-press.net\/cameroun\/#\/schema\/person\/2b1cf3cd81a31e3cd26889ca66d677f1\",\"name\":\"cfeditorfr\"}]}<\/script>\n<!-- \/ Yoast SEO Premium plugin. -->","yoast_head_json":{"title":"Cameroun - Droits humains: En 2020, voici les exactions des groupes arm\u00e9s au Cameroun (Amnesty International) - Cameroun","description":"Au Cameroun, les autorit\u00e9s fustigent souvent le travail effectu\u00e9 par des ONG internationales, les accusant de parti pris ...","robots":{"index":"index","follow":"follow","max-snippet":"max-snippet:-1","max-image-preview":"max-image-preview:large","max-video-preview":"max-video-preview:-1"},"canonical":"https:\/\/www.africa-press.net\/cameroun\/politique\/cameroun-droits-humains-en-2020-voici-les-exactions-des-groupes-armes-au-cameroun-amnesty-international","og_locale":"fr_FR","og_type":"article","og_title":"Cameroun - Droits humains: En 2020, voici les exactions des groupes arm\u00e9s au Cameroun (Amnesty International)","og_description":"Au Cameroun, les autorit\u00e9s fustigent souvent le travail effectu\u00e9 par des ONG internationales, les accusant de parti pris ...","og_url":"https:\/\/www.africa-press.net\/cameroun\/politique\/cameroun-droits-humains-en-2020-voici-les-exactions-des-groupes-armes-au-cameroun-amnesty-international","og_site_name":"Cameroun","article_published_time":"2021-04-08T17:25:40+00:00","article_modified_time":"2021-04-09T00:31:51+00:00","og_image":[{"width":800,"height":451,"url":"https:\/\/static.africa-press.net\/cameroun\/sites\/57\/2021\/04\/img-606fa05f08a5a.jpg","type":"image\/jpeg"}],"author":"cfeditorfr","twitter_card":"summary_large_image","twitter_misc":{"\u00c9crit par":"cfeditorfr","Dur\u00e9e de lecture estim\u00e9e":"4 minutes"},"schema":{"@context":"https:\/\/schema.org","@graph":[{"@type":"Article","@id":"https:\/\/www.africa-press.net\/cameroun\/politique\/cameroun-droits-humains-en-2020-voici-les-exactions-des-groupes-armes-au-cameroun-amnesty-international#article","isPartOf":{"@id":"https:\/\/www.africa-press.net\/cameroun\/politique\/cameroun-droits-humains-en-2020-voici-les-exactions-des-groupes-armes-au-cameroun-amnesty-international"},"author":{"name":"cfeditorfr","@id":"https:\/\/www.africa-press.net\/cameroun\/#\/schema\/person\/2b1cf3cd81a31e3cd26889ca66d677f1"},"headline":"Cameroun &#8211; Droits humains: En 2020, voici les exactions des groupes arm\u00e9s au Cameroun (Amnesty International)","datePublished":"2021-04-08T17:25:40+00:00","dateModified":"2021-04-09T00:31:51+00:00","mainEntityOfPage":{"@id":"https:\/\/www.africa-press.net\/cameroun\/politique\/cameroun-droits-humains-en-2020-voici-les-exactions-des-groupes-armes-au-cameroun-amnesty-international"},"wordCount":824,"commentCount":0,"image":{"@id":"https:\/\/www.africa-press.net\/cameroun\/politique\/cameroun-droits-humains-en-2020-voici-les-exactions-des-groupes-armes-au-cameroun-amnesty-international#primaryimage"},"thumbnailUrl":"https:\/\/static.africa-press.net\/cameroun\/sites\/57\/2021\/04\/img-606fa05f08a5a.jpg","keywords":["Africa Press","Africa Press-Cameroun","Cameroun"],"articleSection":["homepage-french","Politique","Toutes les actualit\u00e9s"],"inLanguage":"fr-FR","potentialAction":[{"@type":"CommentAction","name":"Comment","target":["https:\/\/www.africa-press.net\/cameroun\/politique\/cameroun-droits-humains-en-2020-voici-les-exactions-des-groupes-armes-au-cameroun-amnesty-international#respond"]}]},{"@type":"WebPage","@id":"https:\/\/www.africa-press.net\/cameroun\/politique\/cameroun-droits-humains-en-2020-voici-les-exactions-des-groupes-armes-au-cameroun-amnesty-international","url":"https:\/\/www.africa-press.net\/cameroun\/politique\/cameroun-droits-humains-en-2020-voici-les-exactions-des-groupes-armes-au-cameroun-amnesty-international","name":"Cameroun - Droits humains: En 2020, voici les exactions des groupes arm\u00e9s au Cameroun (Amnesty International) - Cameroun","isPartOf":{"@id":"https:\/\/www.africa-press.net\/cameroun\/#website"},"primaryImageOfPage":{"@id":"https:\/\/www.africa-press.net\/cameroun\/politique\/cameroun-droits-humains-en-2020-voici-les-exactions-des-groupes-armes-au-cameroun-amnesty-international#primaryimage"},"image":{"@id":"https:\/\/www.africa-press.net\/cameroun\/politique\/cameroun-droits-humains-en-2020-voici-les-exactions-des-groupes-armes-au-cameroun-amnesty-international#primaryimage"},"thumbnailUrl":"https:\/\/static.africa-press.net\/cameroun\/sites\/57\/2021\/04\/img-606fa05f08a5a.jpg","datePublished":"2021-04-08T17:25:40+00:00","dateModified":"2021-04-09T00:31:51+00:00","author":{"@id":"https:\/\/www.africa-press.net\/cameroun\/#\/schema\/person\/2b1cf3cd81a31e3cd26889ca66d677f1"},"description":"Au Cameroun, les autorit\u00e9s fustigent souvent le travail effectu\u00e9 par des ONG internationales, les accusant de parti pris ...","breadcrumb":{"@id":"https:\/\/www.africa-press.net\/cameroun\/politique\/cameroun-droits-humains-en-2020-voici-les-exactions-des-groupes-armes-au-cameroun-amnesty-international#breadcrumb"},"inLanguage":"fr-FR","potentialAction":[{"@type":"ReadAction","target":["https:\/\/www.africa-press.net\/cameroun\/politique\/cameroun-droits-humains-en-2020-voici-les-exactions-des-groupes-armes-au-cameroun-amnesty-international"]}]},{"@type":"ImageObject","inLanguage":"fr-FR","@id":"https:\/\/www.africa-press.net\/cameroun\/politique\/cameroun-droits-humains-en-2020-voici-les-exactions-des-groupes-armes-au-cameroun-amnesty-international#primaryimage","url":"https:\/\/static.africa-press.net\/cameroun\/sites\/57\/2021\/04\/img-606fa05f08a5a.jpg","contentUrl":"https:\/\/static.africa-press.net\/cameroun\/sites\/57\/2021\/04\/img-606fa05f08a5a.jpg","width":800,"height":451,"caption":"Cameroun - Droits humains: En 2020, voici les exactions des groupes arm\u00e9s au Cameroun (Amnesty International)"},{"@type":"BreadcrumbList","@id":"https:\/\/www.africa-press.net\/cameroun\/politique\/cameroun-droits-humains-en-2020-voici-les-exactions-des-groupes-armes-au-cameroun-amnesty-international#breadcrumb","itemListElement":[{"@type":"ListItem","position":1,"name":"Accueil","item":"https:\/\/www.africa-press.net\/cameroun\/"},{"@type":"ListItem","position":2,"name":"Cameroun &#8211; Droits humains: En 2020, voici les exactions des groupes arm\u00e9s au Cameroun (Amnesty International)"}]},{"@type":"WebSite","@id":"https:\/\/www.africa-press.net\/cameroun\/#website","url":"https:\/\/www.africa-press.net\/cameroun\/","name":"Cameroun","description":"Just another Africa News Agency Sites site","potentialAction":[{"@type":"SearchAction","target":{"@type":"EntryPoint","urlTemplate":"https:\/\/www.africa-press.net\/cameroun\/?s={search_term_string}"},"query-input":{"@type":"PropertyValueSpecification","valueRequired":true,"valueName":"search_term_string"}}],"inLanguage":"fr-FR"},{"@type":"Person","@id":"https:\/\/www.africa-press.net\/cameroun\/#\/schema\/person\/2b1cf3cd81a31e3cd26889ca66d677f1","name":"cfeditorfr"}]}},"_links":{"self":[{"href":"https:\/\/www.africa-press.net\/cameroun\/wp-json\/wp\/v2\/posts\/2141","targetHints":{"allow":["GET"]}}],"collection":[{"href":"https:\/\/www.africa-press.net\/cameroun\/wp-json\/wp\/v2\/posts"}],"about":[{"href":"https:\/\/www.africa-press.net\/cameroun\/wp-json\/wp\/v2\/types\/post"}],"author":[{"embeddable":true,"href":"https:\/\/www.africa-press.net\/cameroun\/wp-json\/wp\/v2\/users\/82"}],"replies":[{"embeddable":true,"href":"https:\/\/www.africa-press.net\/cameroun\/wp-json\/wp\/v2\/comments?post=2141"}],"version-history":[{"count":0,"href":"https:\/\/www.africa-press.net\/cameroun\/wp-json\/wp\/v2\/posts\/2141\/revisions"}],"wp:featuredmedia":[{"embeddable":true,"href":"https:\/\/www.africa-press.net\/cameroun\/wp-json\/wp\/v2\/media\/2140"}],"wp:attachment":[{"href":"https:\/\/www.africa-press.net\/cameroun\/wp-json\/wp\/v2\/media?parent=2141"}],"wp:term":[{"taxonomy":"category","embeddable":true,"href":"https:\/\/www.africa-press.net\/cameroun\/wp-json\/wp\/v2\/categories?post=2141"},{"taxonomy":"post_tag","embeddable":true,"href":"https:\/\/www.africa-press.net\/cameroun\/wp-json\/wp\/v2\/tags?post=2141"}],"curies":[{"name":"wp","href":"https:\/\/api.w.org\/{rel}","templated":true}]}}