{"id":2144,"date":"2021-04-08T17:31:24","date_gmt":"2021-04-08T17:31:24","guid":{"rendered":"https:\/\/www.africa-press.net\/cameroun\/politique\/cameroun-yaounde-1er-le-sous-prefet-prescrit-transparence-fonciere-et-renforcement-des-mesures-barrieres-aux-chefs-traditionnels"},"modified":"2021-04-09T00:32:37","modified_gmt":"2021-04-09T00:32:37","slug":"cameroun-yaounde-1er-le-sous-prefet-prescrit-transparence-fonciere-et-renforcement-des-mesures-barrieres-aux-chefs-traditionnels","status":"publish","type":"post","link":"https:\/\/www.africa-press.net\/cameroun\/politique\/cameroun-yaounde-1er-le-sous-prefet-prescrit-transparence-fonciere-et-renforcement-des-mesures-barrieres-aux-chefs-traditionnels","title":{"rendered":"Cameroun &#8211; Yaound\u00e9 1er: Le sous-pr\u00e9fet prescrit transparence fonci\u00e8re et renforcement des mesures barri\u00e8res aux chefs traditionnels"},"content":{"rendered":"<p><span style=\"color: #ff6600\"><strong><a href=\"https:\/\/www.africa-press.net\/\">Africa-Press<\/a> &#8211; <a href=\"https:\/\/www.africa-press.net\/cameroun\">Cameroun<\/a>. <\/strong><\/span>Le sous-pr\u00e9fet de Yaound\u00e9 1er au contact de ses principaux auxiliaires. Dans l&rsquo;agenda, reconvoquer la sagesse des chefs traditionnels au sujet des litiges fonciers, lot quotidien dans le chapitre des conflits sociaux dans cette circonscription.<\/p>\n<p>\u00abJ&rsquo;ai insist\u00e9 sur le sujet parce que les litiges fonciers entra\u00eenent parfois des violences. L&rsquo;autorit\u00e9 administrative, accompagn\u00e9 des chefs traditionnels, doit jouer le r\u00f4le de r\u00e9gulateur social. Et \u00e7a passe donc par des r\u00e8glements objectifs et justes des litiges fonciers\u00bb, indique Harouna Nyandji Mgbatou, sous-pr\u00e9fet de Yaound\u00e9 1er.<\/p>\n<p>Le chef terre de cette circonscription, qui couvre des nouveaux quartiers comme Nyom, Olembe et autres, a \u00e9galemennt mis un accent sur la restriction des reunions publiques et ceremonies festives dans le cadre de la lutte contre le Covid-19.<\/p>\n<p>\u00abNous commen\u00e7ons \u00e0 nous satisfaire de ce travail de sensibilisation parce que nous avons commenc\u00e9 \u00e0 s\u00e9vir. D\u00e9j\u00e0 au niveau de la sous pr\u00e9fecture, sur 10 demandes de manifestations publiques, mariages entre autres, nous rejetons syst\u00e9matiquement 5 \u00e0 7 pour motif covid-19. Et nous allons \u00e9voluer ainsi. Nous devons accepter que la maladie est l\u00e0, nous devons vivre avec et l&rsquo;int\u00e9grer dans notre fa\u00e7on de faire. Nous allons monter en puissance, les d\u00e9bits de boissons qui ne respecteront pas les mesures barri\u00e8res seront scell\u00e9s, les \u00e9glises de r\u00e9veil seront frapp\u00e9es. Les chefs ont \u00e9t\u00e9 instruits de descendre sur le terrain pour faire le constat\u00bb, souligne-t-il.<\/p>\n<p>En face, les chefs traditionnels, appel\u00e9s \u00e0 la collaboration, assurent pouvoir sensibiliser de sorte de laisser peu de place \u00e0 la repression. \u00abNous restons pr\u00eats \u00e0 \u0153uvrer avec vous dans tous les cas o\u00f9 notre contribution s&rsquo;av\u00e8rera utile pour la r\u00e9ussite de votre noble et exaltante mission,\u00bb rassure un chef traditionnel.<\/p>\n<p>L&rsquo;arrondissement de yaounde 1er, situ\u00e9 \u00e0 l&rsquo;entr\u00e9e nord-ouest de Yaound\u00e9 compte parmi ses quartiers, Etoudi o\u00f9 se trouve notamment le palais de l&rsquo;Unit\u00e9. Ce qui rajoute au prestige de la mission du nouveau sous-prefet.<\/p>\n","protected":false},"excerpt":{"rendered":"<p>Africa-Press &#8211; Cameroun. Le sous-pr\u00e9fet de Yaound\u00e9 1er au contact de ses principaux auxiliaires. Dans l&rsquo;agenda, reconvoquer la sagesse des chefs traditionnels au sujet des litiges fonciers, lot quotidien dans le chapitre des conflits sociaux dans cette circonscription. \u00abJ&rsquo;ai insist\u00e9 sur le sujet parce que les litiges fonciers entra\u00eenent parfois des violences. L&rsquo;autorit\u00e9 administrative, accompagn\u00e9 [&hellip;]<\/p>\n","protected":false},"author":82,"featured_media":2143,"comment_status":"open","ping_status":"closed","sticky":false,"template":"","format":"standard","meta":{"footnotes":""},"categories":[11,2,10],"tags":[36,50,49],"class_list":["post-2144","post","type-post","status-publish","format-standard","has-post-thumbnail","hentry","category-homepage-french","category-politique","category-toutes-les-actualites","tag-africa-press","tag-africa-press-cameroun","tag-cameroun"],"yoast_head":"<!-- This site is optimized with the Yoast SEO Premium plugin v26.1 (Yoast SEO v27.0) - https:\/\/yoast.com\/product\/yoast-seo-premium-wordpress\/ -->\n<title>Cameroun - Yaound\u00e9 1er: Le sous-pr\u00e9fet prescrit transparence fonci\u00e8re et renforcement des mesures barri\u00e8res aux chefs traditionnels - Cameroun<\/title>\n<meta name=\"description\" content=\"Le sous-pr\u00e9fet de Yaound\u00e9 1er au contact de ses principaux auxiliaires. Dans l&#039;agenda, reconvoquer la sagesse des chefs ...\" \/>\n<meta name=\"robots\" content=\"index, follow, max-snippet:-1, max-image-preview:large, max-video-preview:-1\" \/>\n<link rel=\"canonical\" href=\"https:\/\/www.africa-press.net\/cameroun\/politique\/cameroun-yaounde-1er-le-sous-prefet-prescrit-transparence-fonciere-et-renforcement-des-mesures-barrieres-aux-chefs-traditionnels\" \/>\n<meta property=\"og:locale\" content=\"fr_FR\" \/>\n<meta property=\"og:type\" content=\"article\" \/>\n<meta property=\"og:title\" content=\"Cameroun - Yaound\u00e9 1er: Le sous-pr\u00e9fet prescrit transparence fonci\u00e8re et renforcement des mesures barri\u00e8res aux chefs traditionnels\" \/>\n<meta property=\"og:description\" content=\"Le sous-pr\u00e9fet de Yaound\u00e9 1er au contact de ses principaux auxiliaires. Dans l&#039;agenda, reconvoquer la sagesse des chefs ...\" \/>\n<meta property=\"og:url\" content=\"https:\/\/www.africa-press.net\/cameroun\/politique\/cameroun-yaounde-1er-le-sous-prefet-prescrit-transparence-fonciere-et-renforcement-des-mesures-barrieres-aux-chefs-traditionnels\" \/>\n<meta property=\"og:site_name\" content=\"Cameroun\" \/>\n<meta property=\"article:published_time\" content=\"2021-04-08T17:31:24+00:00\" \/>\n<meta property=\"article:modified_time\" content=\"2021-04-09T00:32:37+00:00\" \/>\n<meta property=\"og:image\" content=\"https:\/\/static.africa-press.net\/cameroun\/sites\/57\/2021\/04\/img-606fa089c2f54.jpg\" \/>\n\t<meta property=\"og:image:width\" content=\"800\" \/>\n\t<meta property=\"og:image:height\" content=\"450\" \/>\n\t<meta property=\"og:image:type\" content=\"image\/jpeg\" \/>\n<meta name=\"author\" content=\"cfeditorfr\" \/>\n<meta name=\"twitter:card\" content=\"summary_large_image\" \/>\n<meta name=\"twitter:label1\" content=\"\u00c9crit par\" \/>\n\t<meta name=\"twitter:data1\" content=\"cfeditorfr\" \/>\n\t<meta name=\"twitter:label2\" content=\"Dur\u00e9e de lecture estim\u00e9e\" \/>\n\t<meta name=\"twitter:data2\" content=\"2 minutes\" \/>\n<script type=\"application\/ld+json\" class=\"yoast-schema-graph\">{\"@context\":\"https:\/\/schema.org\",\"@graph\":[{\"@type\":\"Article\",\"@id\":\"https:\/\/www.africa-press.net\/cameroun\/politique\/cameroun-yaounde-1er-le-sous-prefet-prescrit-transparence-fonciere-et-renforcement-des-mesures-barrieres-aux-chefs-traditionnels#article\",\"isPartOf\":{\"@id\":\"https:\/\/www.africa-press.net\/cameroun\/politique\/cameroun-yaounde-1er-le-sous-prefet-prescrit-transparence-fonciere-et-renforcement-des-mesures-barrieres-aux-chefs-traditionnels\"},\"author\":{\"name\":\"cfeditorfr\",\"@id\":\"https:\/\/www.africa-press.net\/cameroun\/#\/schema\/person\/2b1cf3cd81a31e3cd26889ca66d677f1\"},\"headline\":\"Cameroun &#8211; Yaound\u00e9 1er: Le sous-pr\u00e9fet prescrit transparence fonci\u00e8re et renforcement des mesures barri\u00e8res aux chefs traditionnels\",\"datePublished\":\"2021-04-08T17:31:24+00:00\",\"dateModified\":\"2021-04-09T00:32:37+00:00\",\"mainEntityOfPage\":{\"@id\":\"https:\/\/www.africa-press.net\/cameroun\/politique\/cameroun-yaounde-1er-le-sous-prefet-prescrit-transparence-fonciere-et-renforcement-des-mesures-barrieres-aux-chefs-traditionnels\"},\"wordCount\":356,\"commentCount\":0,\"image\":{\"@id\":\"https:\/\/www.africa-press.net\/cameroun\/politique\/cameroun-yaounde-1er-le-sous-prefet-prescrit-transparence-fonciere-et-renforcement-des-mesures-barrieres-aux-chefs-traditionnels#primaryimage\"},\"thumbnailUrl\":\"https:\/\/static.africa-press.net\/cameroun\/sites\/57\/2021\/04\/img-606fa089c2f54.jpg\",\"keywords\":[\"Africa Press\",\"Africa Press-Cameroun\",\"Cameroun\"],\"articleSection\":[\"homepage-french\",\"Politique\",\"Toutes les actualit\u00e9s\"],\"inLanguage\":\"fr-FR\",\"potentialAction\":[{\"@type\":\"CommentAction\",\"name\":\"Comment\",\"target\":[\"https:\/\/www.africa-press.net\/cameroun\/politique\/cameroun-yaounde-1er-le-sous-prefet-prescrit-transparence-fonciere-et-renforcement-des-mesures-barrieres-aux-chefs-traditionnels#respond\"]}]},{\"@type\":\"WebPage\",\"@id\":\"https:\/\/www.africa-press.net\/cameroun\/politique\/cameroun-yaounde-1er-le-sous-prefet-prescrit-transparence-fonciere-et-renforcement-des-mesures-barrieres-aux-chefs-traditionnels\",\"url\":\"https:\/\/www.africa-press.net\/cameroun\/politique\/cameroun-yaounde-1er-le-sous-prefet-prescrit-transparence-fonciere-et-renforcement-des-mesures-barrieres-aux-chefs-traditionnels\",\"name\":\"Cameroun - Yaound\u00e9 1er: Le sous-pr\u00e9fet prescrit transparence fonci\u00e8re et renforcement des mesures barri\u00e8res aux chefs traditionnels - Cameroun\",\"isPartOf\":{\"@id\":\"https:\/\/www.africa-press.net\/cameroun\/#website\"},\"primaryImageOfPage\":{\"@id\":\"https:\/\/www.africa-press.net\/cameroun\/politique\/cameroun-yaounde-1er-le-sous-prefet-prescrit-transparence-fonciere-et-renforcement-des-mesures-barrieres-aux-chefs-traditionnels#primaryimage\"},\"image\":{\"@id\":\"https:\/\/www.africa-press.net\/cameroun\/politique\/cameroun-yaounde-1er-le-sous-prefet-prescrit-transparence-fonciere-et-renforcement-des-mesures-barrieres-aux-chefs-traditionnels#primaryimage\"},\"thumbnailUrl\":\"https:\/\/static.africa-press.net\/cameroun\/sites\/57\/2021\/04\/img-606fa089c2f54.jpg\",\"datePublished\":\"2021-04-08T17:31:24+00:00\",\"dateModified\":\"2021-04-09T00:32:37+00:00\",\"author\":{\"@id\":\"https:\/\/www.africa-press.net\/cameroun\/#\/schema\/person\/2b1cf3cd81a31e3cd26889ca66d677f1\"},\"description\":\"Le sous-pr\u00e9fet de Yaound\u00e9 1er au contact de ses principaux auxiliaires. Dans l'agenda, reconvoquer la sagesse des chefs ...\",\"breadcrumb\":{\"@id\":\"https:\/\/www.africa-press.net\/cameroun\/politique\/cameroun-yaounde-1er-le-sous-prefet-prescrit-transparence-fonciere-et-renforcement-des-mesures-barrieres-aux-chefs-traditionnels#breadcrumb\"},\"inLanguage\":\"fr-FR\",\"potentialAction\":[{\"@type\":\"ReadAction\",\"target\":[\"https:\/\/www.africa-press.net\/cameroun\/politique\/cameroun-yaounde-1er-le-sous-prefet-prescrit-transparence-fonciere-et-renforcement-des-mesures-barrieres-aux-chefs-traditionnels\"]}]},{\"@type\":\"ImageObject\",\"inLanguage\":\"fr-FR\",\"@id\":\"https:\/\/www.africa-press.net\/cameroun\/politique\/cameroun-yaounde-1er-le-sous-prefet-prescrit-transparence-fonciere-et-renforcement-des-mesures-barrieres-aux-chefs-traditionnels#primaryimage\",\"url\":\"https:\/\/static.africa-press.net\/cameroun\/sites\/57\/2021\/04\/img-606fa089c2f54.jpg\",\"contentUrl\":\"https:\/\/static.africa-press.net\/cameroun\/sites\/57\/2021\/04\/img-606fa089c2f54.jpg\",\"width\":800,\"height\":450,\"caption\":\"Cameroun - Yaound\u00e9 1er: Le sous-pr\u00e9fet prescrit transparence fonci\u00e8re et renforcement des mesures barri\u00e8res aux chefs traditionnels\"},{\"@type\":\"BreadcrumbList\",\"@id\":\"https:\/\/www.africa-press.net\/cameroun\/politique\/cameroun-yaounde-1er-le-sous-prefet-prescrit-transparence-fonciere-et-renforcement-des-mesures-barrieres-aux-chefs-traditionnels#breadcrumb\",\"itemListElement\":[{\"@type\":\"ListItem\",\"position\":1,\"name\":\"Accueil\",\"item\":\"https:\/\/www.africa-press.net\/cameroun\/\"},{\"@type\":\"ListItem\",\"position\":2,\"name\":\"Cameroun &#8211; Yaound\u00e9 1er: Le sous-pr\u00e9fet prescrit transparence fonci\u00e8re et renforcement des mesures barri\u00e8res aux chefs traditionnels\"}]},{\"@type\":\"WebSite\",\"@id\":\"https:\/\/www.africa-press.net\/cameroun\/#website\",\"url\":\"https:\/\/www.africa-press.net\/cameroun\/\",\"name\":\"Cameroun\",\"description\":\"Just another Africa News Agency Sites site\",\"potentialAction\":[{\"@type\":\"SearchAction\",\"target\":{\"@type\":\"EntryPoint\",\"urlTemplate\":\"https:\/\/www.africa-press.net\/cameroun\/?s={search_term_string}\"},\"query-input\":{\"@type\":\"PropertyValueSpecification\",\"valueRequired\":true,\"valueName\":\"search_term_string\"}}],\"inLanguage\":\"fr-FR\"},{\"@type\":\"Person\",\"@id\":\"https:\/\/www.africa-press.net\/cameroun\/#\/schema\/person\/2b1cf3cd81a31e3cd26889ca66d677f1\",\"name\":\"cfeditorfr\"}]}<\/script>\n<!-- \/ Yoast SEO Premium plugin. -->","yoast_head_json":{"title":"Cameroun - Yaound\u00e9 1er: Le sous-pr\u00e9fet prescrit transparence fonci\u00e8re et renforcement des mesures barri\u00e8res aux chefs traditionnels - Cameroun","description":"Le sous-pr\u00e9fet de Yaound\u00e9 1er au contact de ses principaux auxiliaires. Dans l'agenda, reconvoquer la sagesse des chefs ...","robots":{"index":"index","follow":"follow","max-snippet":"max-snippet:-1","max-image-preview":"max-image-preview:large","max-video-preview":"max-video-preview:-1"},"canonical":"https:\/\/www.africa-press.net\/cameroun\/politique\/cameroun-yaounde-1er-le-sous-prefet-prescrit-transparence-fonciere-et-renforcement-des-mesures-barrieres-aux-chefs-traditionnels","og_locale":"fr_FR","og_type":"article","og_title":"Cameroun - Yaound\u00e9 1er: Le sous-pr\u00e9fet prescrit transparence fonci\u00e8re et renforcement des mesures barri\u00e8res aux chefs traditionnels","og_description":"Le sous-pr\u00e9fet de Yaound\u00e9 1er au contact de ses principaux auxiliaires. Dans l'agenda, reconvoquer la sagesse des chefs ...","og_url":"https:\/\/www.africa-press.net\/cameroun\/politique\/cameroun-yaounde-1er-le-sous-prefet-prescrit-transparence-fonciere-et-renforcement-des-mesures-barrieres-aux-chefs-traditionnels","og_site_name":"Cameroun","article_published_time":"2021-04-08T17:31:24+00:00","article_modified_time":"2021-04-09T00:32:37+00:00","og_image":[{"width":800,"height":450,"url":"https:\/\/static.africa-press.net\/cameroun\/sites\/57\/2021\/04\/img-606fa089c2f54.jpg","type":"image\/jpeg"}],"author":"cfeditorfr","twitter_card":"summary_large_image","twitter_misc":{"\u00c9crit par":"cfeditorfr","Dur\u00e9e de lecture estim\u00e9e":"2 minutes"},"schema":{"@context":"https:\/\/schema.org","@graph":[{"@type":"Article","@id":"https:\/\/www.africa-press.net\/cameroun\/politique\/cameroun-yaounde-1er-le-sous-prefet-prescrit-transparence-fonciere-et-renforcement-des-mesures-barrieres-aux-chefs-traditionnels#article","isPartOf":{"@id":"https:\/\/www.africa-press.net\/cameroun\/politique\/cameroun-yaounde-1er-le-sous-prefet-prescrit-transparence-fonciere-et-renforcement-des-mesures-barrieres-aux-chefs-traditionnels"},"author":{"name":"cfeditorfr","@id":"https:\/\/www.africa-press.net\/cameroun\/#\/schema\/person\/2b1cf3cd81a31e3cd26889ca66d677f1"},"headline":"Cameroun &#8211; Yaound\u00e9 1er: Le sous-pr\u00e9fet prescrit transparence fonci\u00e8re et renforcement des mesures barri\u00e8res aux chefs traditionnels","datePublished":"2021-04-08T17:31:24+00:00","dateModified":"2021-04-09T00:32:37+00:00","mainEntityOfPage":{"@id":"https:\/\/www.africa-press.net\/cameroun\/politique\/cameroun-yaounde-1er-le-sous-prefet-prescrit-transparence-fonciere-et-renforcement-des-mesures-barrieres-aux-chefs-traditionnels"},"wordCount":356,"commentCount":0,"image":{"@id":"https:\/\/www.africa-press.net\/cameroun\/politique\/cameroun-yaounde-1er-le-sous-prefet-prescrit-transparence-fonciere-et-renforcement-des-mesures-barrieres-aux-chefs-traditionnels#primaryimage"},"thumbnailUrl":"https:\/\/static.africa-press.net\/cameroun\/sites\/57\/2021\/04\/img-606fa089c2f54.jpg","keywords":["Africa Press","Africa Press-Cameroun","Cameroun"],"articleSection":["homepage-french","Politique","Toutes les actualit\u00e9s"],"inLanguage":"fr-FR","potentialAction":[{"@type":"CommentAction","name":"Comment","target":["https:\/\/www.africa-press.net\/cameroun\/politique\/cameroun-yaounde-1er-le-sous-prefet-prescrit-transparence-fonciere-et-renforcement-des-mesures-barrieres-aux-chefs-traditionnels#respond"]}]},{"@type":"WebPage","@id":"https:\/\/www.africa-press.net\/cameroun\/politique\/cameroun-yaounde-1er-le-sous-prefet-prescrit-transparence-fonciere-et-renforcement-des-mesures-barrieres-aux-chefs-traditionnels","url":"https:\/\/www.africa-press.net\/cameroun\/politique\/cameroun-yaounde-1er-le-sous-prefet-prescrit-transparence-fonciere-et-renforcement-des-mesures-barrieres-aux-chefs-traditionnels","name":"Cameroun - Yaound\u00e9 1er: Le sous-pr\u00e9fet prescrit transparence fonci\u00e8re et renforcement des mesures barri\u00e8res aux chefs traditionnels - Cameroun","isPartOf":{"@id":"https:\/\/www.africa-press.net\/cameroun\/#website"},"primaryImageOfPage":{"@id":"https:\/\/www.africa-press.net\/cameroun\/politique\/cameroun-yaounde-1er-le-sous-prefet-prescrit-transparence-fonciere-et-renforcement-des-mesures-barrieres-aux-chefs-traditionnels#primaryimage"},"image":{"@id":"https:\/\/www.africa-press.net\/cameroun\/politique\/cameroun-yaounde-1er-le-sous-prefet-prescrit-transparence-fonciere-et-renforcement-des-mesures-barrieres-aux-chefs-traditionnels#primaryimage"},"thumbnailUrl":"https:\/\/static.africa-press.net\/cameroun\/sites\/57\/2021\/04\/img-606fa089c2f54.jpg","datePublished":"2021-04-08T17:31:24+00:00","dateModified":"2021-04-09T00:32:37+00:00","author":{"@id":"https:\/\/www.africa-press.net\/cameroun\/#\/schema\/person\/2b1cf3cd81a31e3cd26889ca66d677f1"},"description":"Le sous-pr\u00e9fet de Yaound\u00e9 1er au contact de ses principaux auxiliaires. Dans l'agenda, reconvoquer la sagesse des chefs ...","breadcrumb":{"@id":"https:\/\/www.africa-press.net\/cameroun\/politique\/cameroun-yaounde-1er-le-sous-prefet-prescrit-transparence-fonciere-et-renforcement-des-mesures-barrieres-aux-chefs-traditionnels#breadcrumb"},"inLanguage":"fr-FR","potentialAction":[{"@type":"ReadAction","target":["https:\/\/www.africa-press.net\/cameroun\/politique\/cameroun-yaounde-1er-le-sous-prefet-prescrit-transparence-fonciere-et-renforcement-des-mesures-barrieres-aux-chefs-traditionnels"]}]},{"@type":"ImageObject","inLanguage":"fr-FR","@id":"https:\/\/www.africa-press.net\/cameroun\/politique\/cameroun-yaounde-1er-le-sous-prefet-prescrit-transparence-fonciere-et-renforcement-des-mesures-barrieres-aux-chefs-traditionnels#primaryimage","url":"https:\/\/static.africa-press.net\/cameroun\/sites\/57\/2021\/04\/img-606fa089c2f54.jpg","contentUrl":"https:\/\/static.africa-press.net\/cameroun\/sites\/57\/2021\/04\/img-606fa089c2f54.jpg","width":800,"height":450,"caption":"Cameroun - Yaound\u00e9 1er: Le sous-pr\u00e9fet prescrit transparence fonci\u00e8re et renforcement des mesures barri\u00e8res aux chefs traditionnels"},{"@type":"BreadcrumbList","@id":"https:\/\/www.africa-press.net\/cameroun\/politique\/cameroun-yaounde-1er-le-sous-prefet-prescrit-transparence-fonciere-et-renforcement-des-mesures-barrieres-aux-chefs-traditionnels#breadcrumb","itemListElement":[{"@type":"ListItem","position":1,"name":"Accueil","item":"https:\/\/www.africa-press.net\/cameroun\/"},{"@type":"ListItem","position":2,"name":"Cameroun &#8211; Yaound\u00e9 1er: Le sous-pr\u00e9fet prescrit transparence fonci\u00e8re et renforcement des mesures barri\u00e8res aux chefs traditionnels"}]},{"@type":"WebSite","@id":"https:\/\/www.africa-press.net\/cameroun\/#website","url":"https:\/\/www.africa-press.net\/cameroun\/","name":"Cameroun","description":"Just another Africa News Agency Sites site","potentialAction":[{"@type":"SearchAction","target":{"@type":"EntryPoint","urlTemplate":"https:\/\/www.africa-press.net\/cameroun\/?s={search_term_string}"},"query-input":{"@type":"PropertyValueSpecification","valueRequired":true,"valueName":"search_term_string"}}],"inLanguage":"fr-FR"},{"@type":"Person","@id":"https:\/\/www.africa-press.net\/cameroun\/#\/schema\/person\/2b1cf3cd81a31e3cd26889ca66d677f1","name":"cfeditorfr"}]}},"_links":{"self":[{"href":"https:\/\/www.africa-press.net\/cameroun\/wp-json\/wp\/v2\/posts\/2144","targetHints":{"allow":["GET"]}}],"collection":[{"href":"https:\/\/www.africa-press.net\/cameroun\/wp-json\/wp\/v2\/posts"}],"about":[{"href":"https:\/\/www.africa-press.net\/cameroun\/wp-json\/wp\/v2\/types\/post"}],"author":[{"embeddable":true,"href":"https:\/\/www.africa-press.net\/cameroun\/wp-json\/wp\/v2\/users\/82"}],"replies":[{"embeddable":true,"href":"https:\/\/www.africa-press.net\/cameroun\/wp-json\/wp\/v2\/comments?post=2144"}],"version-history":[{"count":0,"href":"https:\/\/www.africa-press.net\/cameroun\/wp-json\/wp\/v2\/posts\/2144\/revisions"}],"wp:featuredmedia":[{"embeddable":true,"href":"https:\/\/www.africa-press.net\/cameroun\/wp-json\/wp\/v2\/media\/2143"}],"wp:attachment":[{"href":"https:\/\/www.africa-press.net\/cameroun\/wp-json\/wp\/v2\/media?parent=2144"}],"wp:term":[{"taxonomy":"category","embeddable":true,"href":"https:\/\/www.africa-press.net\/cameroun\/wp-json\/wp\/v2\/categories?post=2144"},{"taxonomy":"post_tag","embeddable":true,"href":"https:\/\/www.africa-press.net\/cameroun\/wp-json\/wp\/v2\/tags?post=2144"}],"curies":[{"name":"wp","href":"https:\/\/api.w.org\/{rel}","templated":true}]}}