{"id":2152,"date":"2021-04-08T17:48:51","date_gmt":"2021-04-08T17:48:51","guid":{"rendered":"https:\/\/www.africa-press.net\/cameroun\/politique\/cameroun-covid-19-la-communaute-urbaine-de-douala-lance-sa-3e-phase-de-lutte-contre-la-pandemie"},"modified":"2021-04-09T00:34:03","modified_gmt":"2021-04-09T00:34:03","slug":"cameroun-covid-19-la-communaute-urbaine-de-douala-lance-sa-3e-phase-de-lutte-contre-la-pandemie","status":"publish","type":"post","link":"https:\/\/www.africa-press.net\/cameroun\/toutes-les-actualites\/cameroun-covid-19-la-communaute-urbaine-de-douala-lance-sa-3e-phase-de-lutte-contre-la-pandemie","title":{"rendered":"Cameroun &#8211; Covid-19: La Communaut\u00e9 urbaine de Douala lance sa 3e phase de lutte contre la pand\u00e9mie"},"content":{"rendered":"<p><span style=\"color: #ff6600\"><strong><a href=\"https:\/\/www.africa-press.net\/\">Africa-Press<\/a> &#8211; <a href=\"https:\/\/www.africa-press.net\/cameroun\">Cameroun<\/a>. <\/strong><\/span>La remise des kits de protection s\u2019est d\u00e9roul\u00e9e le 7 avril 2021 \u00e0 l\u2019esplanade de l\u2019h\u00f4tel de ville de Douala. Elle \u00e9tait pr\u00e9sid\u00e9e par le maire de la ville, Roger Mbassa Ndine. Apr\u00e8s les phases 1 et 2, ax\u00e9es sur les campagnes de sensibilisation, de distribution des kits de protection et de d\u00e9pistage gratuit des populations, la Communaut\u00e9 urbaine de Douala (CUD) a lanc\u00e9 la 3e phase de sa strat\u00e9gie de riposte au Covid-19, baptis\u00e9e \u00abDouala Stop Coronavirus\u00bb.<\/p>\n<p>Avec le concours de ses partenaires tels que l&rsquo;UNICEF, la CUD a proc\u00e9d\u00e9 \u00e0 la remise des cartons de savons, cubitenaires, seaux, masques de protection, gels hydroalcooliques, aux six communes de la ville. \u00abIl est question pour cette 3e phase de renforcer les mesures barri\u00e8res en milieux scolaire et universitaire, consid\u00e9r\u00e9s comme foyers importants de propagation du virus\u00bb, a indiqu\u00e9 le maire de Douala.<\/p>\n<p>La campagne est soutenue par des bandes dessin\u00e9es \u00e9ducatives con\u00e7ues dans le but de sensibiliser les \u00e9l\u00e8ves sur la pand\u00e9mie. Elle intervient au moment o\u00f9 la ville de Douala comme le reste du pays, fait face \u00e0 une r\u00e9surgence de la pand\u00e9mie qui endeuille de nombreuses familles.<\/p>\n<p>D\u2019apr\u00e8s les derniers chiffres du minist\u00e8re de la Sant\u00e9 Publique, la pand\u00e9mie a d\u00e9j\u00e0 atteint 57.337 personnes dont 51769 gu\u00e9ris et 851 morts. Sa flamb\u00e9e inqui\u00e9tante pousse les ordres des m\u00e9decins et pharmaciens \u00e0 privil\u00e9gier une vaccination de masse pour freiner la propagation du virus. En attendant la vaccination, le gouvernement continue d\u2019interpeller les populations au respect scrupuleux des mesures barri\u00e8res. Il s\u2019agit notamment du lavage des mains \u00e0 l\u2019eau courante et au savon, le port syst\u00e9matique du masque dans l\u2019espace public, le respect de la distanciation physique\u2026<\/p>\n","protected":false},"excerpt":{"rendered":"<p>Africa-Press &#8211; Cameroun. La remise des kits de protection s\u2019est d\u00e9roul\u00e9e le 7 avril 2021 \u00e0 l\u2019esplanade de l\u2019h\u00f4tel de ville de Douala. Elle \u00e9tait pr\u00e9sid\u00e9e par le maire de la ville, Roger Mbassa Ndine. Apr\u00e8s les phases 1 et 2, ax\u00e9es sur les campagnes de sensibilisation, de distribution des kits de protection et de [&hellip;]<\/p>\n","protected":false},"author":82,"featured_media":2149,"comment_status":"open","ping_status":"closed","sticky":false,"template":"","format":"standard","meta":{"footnotes":""},"categories":[21,11,10],"tags":[36,50,49],"class_list":["post-2152","post","type-post","status-publish","format-standard","has-post-thumbnail","hentry","category-communaute","category-homepage-french","category-toutes-les-actualites","tag-africa-press","tag-africa-press-cameroun","tag-cameroun"],"yoast_head":"<!-- This site is optimized with the Yoast SEO Premium plugin v26.1 (Yoast SEO v27.0) - https:\/\/yoast.com\/product\/yoast-seo-premium-wordpress\/ -->\n<title>Cameroun - Covid-19: La Communaut\u00e9 urbaine de Douala lance sa 3e phase de lutte contre la pand\u00e9mie - Cameroun<\/title>\n<meta name=\"description\" content=\"La remise des kits de protection s\u2019est d\u00e9roul\u00e9e le 7 avril 2021 \u00e0 l\u2019esplanade de l\u2019h\u00f4tel de ville de Douala. Elle \u00e9tait ...\" \/>\n<meta name=\"robots\" content=\"index, follow, max-snippet:-1, max-image-preview:large, max-video-preview:-1\" \/>\n<link rel=\"canonical\" href=\"https:\/\/www.africa-press.net\/cameroun\/toutes-les-actualites\/cameroun-covid-19-la-communaute-urbaine-de-douala-lance-sa-3e-phase-de-lutte-contre-la-pandemie\" \/>\n<meta property=\"og:locale\" content=\"fr_FR\" \/>\n<meta property=\"og:type\" content=\"article\" \/>\n<meta property=\"og:title\" content=\"Cameroun - Covid-19: La Communaut\u00e9 urbaine de Douala lance sa 3e phase de lutte contre la pand\u00e9mie\" \/>\n<meta property=\"og:description\" content=\"La remise des kits de protection s\u2019est d\u00e9roul\u00e9e le 7 avril 2021 \u00e0 l\u2019esplanade de l\u2019h\u00f4tel de ville de Douala. Elle \u00e9tait ...\" \/>\n<meta property=\"og:url\" content=\"https:\/\/www.africa-press.net\/cameroun\/toutes-les-actualites\/cameroun-covid-19-la-communaute-urbaine-de-douala-lance-sa-3e-phase-de-lutte-contre-la-pandemie\" \/>\n<meta property=\"og:site_name\" content=\"Cameroun\" \/>\n<meta property=\"article:published_time\" content=\"2021-04-08T17:48:51+00:00\" \/>\n<meta property=\"article:modified_time\" content=\"2021-04-09T00:34:03+00:00\" \/>\n<meta property=\"og:image\" content=\"https:\/\/static.africa-press.net\/cameroun\/sites\/57\/2021\/04\/img-606fa0e114f79.jpg\" \/>\n\t<meta property=\"og:image:width\" content=\"800\" \/>\n\t<meta property=\"og:image:height\" content=\"650\" \/>\n\t<meta property=\"og:image:type\" content=\"image\/jpeg\" \/>\n<meta name=\"author\" content=\"cfeditorfr\" \/>\n<meta name=\"twitter:card\" content=\"summary_large_image\" \/>\n<meta name=\"twitter:label1\" content=\"\u00c9crit par\" \/>\n\t<meta name=\"twitter:data1\" content=\"cfeditorfr\" \/>\n\t<meta name=\"twitter:label2\" content=\"Dur\u00e9e de lecture estim\u00e9e\" \/>\n\t<meta name=\"twitter:data2\" content=\"2 minutes\" \/>\n<script type=\"application\/ld+json\" class=\"yoast-schema-graph\">{\"@context\":\"https:\/\/schema.org\",\"@graph\":[{\"@type\":\"Article\",\"@id\":\"https:\/\/www.africa-press.net\/cameroun\/toutes-les-actualites\/cameroun-covid-19-la-communaute-urbaine-de-douala-lance-sa-3e-phase-de-lutte-contre-la-pandemie#article\",\"isPartOf\":{\"@id\":\"https:\/\/www.africa-press.net\/cameroun\/toutes-les-actualites\/cameroun-covid-19-la-communaute-urbaine-de-douala-lance-sa-3e-phase-de-lutte-contre-la-pandemie\"},\"author\":{\"name\":\"cfeditorfr\",\"@id\":\"https:\/\/www.africa-press.net\/cameroun\/#\/schema\/person\/2b1cf3cd81a31e3cd26889ca66d677f1\"},\"headline\":\"Cameroun &#8211; Covid-19: La Communaut\u00e9 urbaine de Douala lance sa 3e phase de lutte contre la pand\u00e9mie\",\"datePublished\":\"2021-04-08T17:48:51+00:00\",\"dateModified\":\"2021-04-09T00:34:03+00:00\",\"mainEntityOfPage\":{\"@id\":\"https:\/\/www.africa-press.net\/cameroun\/toutes-les-actualites\/cameroun-covid-19-la-communaute-urbaine-de-douala-lance-sa-3e-phase-de-lutte-contre-la-pandemie\"},\"wordCount\":326,\"commentCount\":0,\"image\":{\"@id\":\"https:\/\/www.africa-press.net\/cameroun\/toutes-les-actualites\/cameroun-covid-19-la-communaute-urbaine-de-douala-lance-sa-3e-phase-de-lutte-contre-la-pandemie#primaryimage\"},\"thumbnailUrl\":\"https:\/\/static.africa-press.net\/cameroun\/sites\/57\/2021\/04\/img-606fa0e114f79.jpg\",\"keywords\":[\"Africa Press\",\"Africa Press-Cameroun\",\"Cameroun\"],\"articleSection\":[\"Communaut\u00e9\",\"homepage-french\",\"Toutes les actualit\u00e9s\"],\"inLanguage\":\"fr-FR\",\"potentialAction\":[{\"@type\":\"CommentAction\",\"name\":\"Comment\",\"target\":[\"https:\/\/www.africa-press.net\/cameroun\/toutes-les-actualites\/cameroun-covid-19-la-communaute-urbaine-de-douala-lance-sa-3e-phase-de-lutte-contre-la-pandemie#respond\"]}]},{\"@type\":\"WebPage\",\"@id\":\"https:\/\/www.africa-press.net\/cameroun\/toutes-les-actualites\/cameroun-covid-19-la-communaute-urbaine-de-douala-lance-sa-3e-phase-de-lutte-contre-la-pandemie\",\"url\":\"https:\/\/www.africa-press.net\/cameroun\/toutes-les-actualites\/cameroun-covid-19-la-communaute-urbaine-de-douala-lance-sa-3e-phase-de-lutte-contre-la-pandemie\",\"name\":\"Cameroun - Covid-19: La Communaut\u00e9 urbaine de Douala lance sa 3e phase de lutte contre la pand\u00e9mie - Cameroun\",\"isPartOf\":{\"@id\":\"https:\/\/www.africa-press.net\/cameroun\/#website\"},\"primaryImageOfPage\":{\"@id\":\"https:\/\/www.africa-press.net\/cameroun\/toutes-les-actualites\/cameroun-covid-19-la-communaute-urbaine-de-douala-lance-sa-3e-phase-de-lutte-contre-la-pandemie#primaryimage\"},\"image\":{\"@id\":\"https:\/\/www.africa-press.net\/cameroun\/toutes-les-actualites\/cameroun-covid-19-la-communaute-urbaine-de-douala-lance-sa-3e-phase-de-lutte-contre-la-pandemie#primaryimage\"},\"thumbnailUrl\":\"https:\/\/static.africa-press.net\/cameroun\/sites\/57\/2021\/04\/img-606fa0e114f79.jpg\",\"datePublished\":\"2021-04-08T17:48:51+00:00\",\"dateModified\":\"2021-04-09T00:34:03+00:00\",\"author\":{\"@id\":\"https:\/\/www.africa-press.net\/cameroun\/#\/schema\/person\/2b1cf3cd81a31e3cd26889ca66d677f1\"},\"description\":\"La remise des kits de protection s\u2019est d\u00e9roul\u00e9e le 7 avril 2021 \u00e0 l\u2019esplanade de l\u2019h\u00f4tel de ville de Douala. Elle \u00e9tait ...\",\"breadcrumb\":{\"@id\":\"https:\/\/www.africa-press.net\/cameroun\/toutes-les-actualites\/cameroun-covid-19-la-communaute-urbaine-de-douala-lance-sa-3e-phase-de-lutte-contre-la-pandemie#breadcrumb\"},\"inLanguage\":\"fr-FR\",\"potentialAction\":[{\"@type\":\"ReadAction\",\"target\":[\"https:\/\/www.africa-press.net\/cameroun\/toutes-les-actualites\/cameroun-covid-19-la-communaute-urbaine-de-douala-lance-sa-3e-phase-de-lutte-contre-la-pandemie\"]}]},{\"@type\":\"ImageObject\",\"inLanguage\":\"fr-FR\",\"@id\":\"https:\/\/www.africa-press.net\/cameroun\/toutes-les-actualites\/cameroun-covid-19-la-communaute-urbaine-de-douala-lance-sa-3e-phase-de-lutte-contre-la-pandemie#primaryimage\",\"url\":\"https:\/\/static.africa-press.net\/cameroun\/sites\/57\/2021\/04\/img-606fa0e114f79.jpg\",\"contentUrl\":\"https:\/\/static.africa-press.net\/cameroun\/sites\/57\/2021\/04\/img-606fa0e114f79.jpg\",\"width\":800,\"height\":650,\"caption\":\"Cameroun - Covid-19: La Communaut\u00e9 urbaine de Douala lance sa 3e phase de lutte contre la pand\u00e9mie\"},{\"@type\":\"BreadcrumbList\",\"@id\":\"https:\/\/www.africa-press.net\/cameroun\/toutes-les-actualites\/cameroun-covid-19-la-communaute-urbaine-de-douala-lance-sa-3e-phase-de-lutte-contre-la-pandemie#breadcrumb\",\"itemListElement\":[{\"@type\":\"ListItem\",\"position\":1,\"name\":\"Accueil\",\"item\":\"https:\/\/www.africa-press.net\/cameroun\/\"},{\"@type\":\"ListItem\",\"position\":2,\"name\":\"Cameroun &#8211; Covid-19: La Communaut\u00e9 urbaine de Douala lance sa 3e phase de lutte contre la pand\u00e9mie\"}]},{\"@type\":\"WebSite\",\"@id\":\"https:\/\/www.africa-press.net\/cameroun\/#website\",\"url\":\"https:\/\/www.africa-press.net\/cameroun\/\",\"name\":\"Cameroun\",\"description\":\"Just another Africa News Agency Sites site\",\"potentialAction\":[{\"@type\":\"SearchAction\",\"target\":{\"@type\":\"EntryPoint\",\"urlTemplate\":\"https:\/\/www.africa-press.net\/cameroun\/?s={search_term_string}\"},\"query-input\":{\"@type\":\"PropertyValueSpecification\",\"valueRequired\":true,\"valueName\":\"search_term_string\"}}],\"inLanguage\":\"fr-FR\"},{\"@type\":\"Person\",\"@id\":\"https:\/\/www.africa-press.net\/cameroun\/#\/schema\/person\/2b1cf3cd81a31e3cd26889ca66d677f1\",\"name\":\"cfeditorfr\"}]}<\/script>\n<!-- \/ Yoast SEO Premium plugin. -->","yoast_head_json":{"title":"Cameroun - Covid-19: La Communaut\u00e9 urbaine de Douala lance sa 3e phase de lutte contre la pand\u00e9mie - Cameroun","description":"La remise des kits de protection s\u2019est d\u00e9roul\u00e9e le 7 avril 2021 \u00e0 l\u2019esplanade de l\u2019h\u00f4tel de ville de Douala. Elle \u00e9tait ...","robots":{"index":"index","follow":"follow","max-snippet":"max-snippet:-1","max-image-preview":"max-image-preview:large","max-video-preview":"max-video-preview:-1"},"canonical":"https:\/\/www.africa-press.net\/cameroun\/toutes-les-actualites\/cameroun-covid-19-la-communaute-urbaine-de-douala-lance-sa-3e-phase-de-lutte-contre-la-pandemie","og_locale":"fr_FR","og_type":"article","og_title":"Cameroun - Covid-19: La Communaut\u00e9 urbaine de Douala lance sa 3e phase de lutte contre la pand\u00e9mie","og_description":"La remise des kits de protection s\u2019est d\u00e9roul\u00e9e le 7 avril 2021 \u00e0 l\u2019esplanade de l\u2019h\u00f4tel de ville de Douala. Elle \u00e9tait ...","og_url":"https:\/\/www.africa-press.net\/cameroun\/toutes-les-actualites\/cameroun-covid-19-la-communaute-urbaine-de-douala-lance-sa-3e-phase-de-lutte-contre-la-pandemie","og_site_name":"Cameroun","article_published_time":"2021-04-08T17:48:51+00:00","article_modified_time":"2021-04-09T00:34:03+00:00","og_image":[{"width":800,"height":650,"url":"https:\/\/static.africa-press.net\/cameroun\/sites\/57\/2021\/04\/img-606fa0e114f79.jpg","type":"image\/jpeg"}],"author":"cfeditorfr","twitter_card":"summary_large_image","twitter_misc":{"\u00c9crit par":"cfeditorfr","Dur\u00e9e de lecture estim\u00e9e":"2 minutes"},"schema":{"@context":"https:\/\/schema.org","@graph":[{"@type":"Article","@id":"https:\/\/www.africa-press.net\/cameroun\/toutes-les-actualites\/cameroun-covid-19-la-communaute-urbaine-de-douala-lance-sa-3e-phase-de-lutte-contre-la-pandemie#article","isPartOf":{"@id":"https:\/\/www.africa-press.net\/cameroun\/toutes-les-actualites\/cameroun-covid-19-la-communaute-urbaine-de-douala-lance-sa-3e-phase-de-lutte-contre-la-pandemie"},"author":{"name":"cfeditorfr","@id":"https:\/\/www.africa-press.net\/cameroun\/#\/schema\/person\/2b1cf3cd81a31e3cd26889ca66d677f1"},"headline":"Cameroun &#8211; Covid-19: La Communaut\u00e9 urbaine de Douala lance sa 3e phase de lutte contre la pand\u00e9mie","datePublished":"2021-04-08T17:48:51+00:00","dateModified":"2021-04-09T00:34:03+00:00","mainEntityOfPage":{"@id":"https:\/\/www.africa-press.net\/cameroun\/toutes-les-actualites\/cameroun-covid-19-la-communaute-urbaine-de-douala-lance-sa-3e-phase-de-lutte-contre-la-pandemie"},"wordCount":326,"commentCount":0,"image":{"@id":"https:\/\/www.africa-press.net\/cameroun\/toutes-les-actualites\/cameroun-covid-19-la-communaute-urbaine-de-douala-lance-sa-3e-phase-de-lutte-contre-la-pandemie#primaryimage"},"thumbnailUrl":"https:\/\/static.africa-press.net\/cameroun\/sites\/57\/2021\/04\/img-606fa0e114f79.jpg","keywords":["Africa Press","Africa Press-Cameroun","Cameroun"],"articleSection":["Communaut\u00e9","homepage-french","Toutes les actualit\u00e9s"],"inLanguage":"fr-FR","potentialAction":[{"@type":"CommentAction","name":"Comment","target":["https:\/\/www.africa-press.net\/cameroun\/toutes-les-actualites\/cameroun-covid-19-la-communaute-urbaine-de-douala-lance-sa-3e-phase-de-lutte-contre-la-pandemie#respond"]}]},{"@type":"WebPage","@id":"https:\/\/www.africa-press.net\/cameroun\/toutes-les-actualites\/cameroun-covid-19-la-communaute-urbaine-de-douala-lance-sa-3e-phase-de-lutte-contre-la-pandemie","url":"https:\/\/www.africa-press.net\/cameroun\/toutes-les-actualites\/cameroun-covid-19-la-communaute-urbaine-de-douala-lance-sa-3e-phase-de-lutte-contre-la-pandemie","name":"Cameroun - Covid-19: La Communaut\u00e9 urbaine de Douala lance sa 3e phase de lutte contre la pand\u00e9mie - Cameroun","isPartOf":{"@id":"https:\/\/www.africa-press.net\/cameroun\/#website"},"primaryImageOfPage":{"@id":"https:\/\/www.africa-press.net\/cameroun\/toutes-les-actualites\/cameroun-covid-19-la-communaute-urbaine-de-douala-lance-sa-3e-phase-de-lutte-contre-la-pandemie#primaryimage"},"image":{"@id":"https:\/\/www.africa-press.net\/cameroun\/toutes-les-actualites\/cameroun-covid-19-la-communaute-urbaine-de-douala-lance-sa-3e-phase-de-lutte-contre-la-pandemie#primaryimage"},"thumbnailUrl":"https:\/\/static.africa-press.net\/cameroun\/sites\/57\/2021\/04\/img-606fa0e114f79.jpg","datePublished":"2021-04-08T17:48:51+00:00","dateModified":"2021-04-09T00:34:03+00:00","author":{"@id":"https:\/\/www.africa-press.net\/cameroun\/#\/schema\/person\/2b1cf3cd81a31e3cd26889ca66d677f1"},"description":"La remise des kits de protection s\u2019est d\u00e9roul\u00e9e le 7 avril 2021 \u00e0 l\u2019esplanade de l\u2019h\u00f4tel de ville de Douala. Elle \u00e9tait ...","breadcrumb":{"@id":"https:\/\/www.africa-press.net\/cameroun\/toutes-les-actualites\/cameroun-covid-19-la-communaute-urbaine-de-douala-lance-sa-3e-phase-de-lutte-contre-la-pandemie#breadcrumb"},"inLanguage":"fr-FR","potentialAction":[{"@type":"ReadAction","target":["https:\/\/www.africa-press.net\/cameroun\/toutes-les-actualites\/cameroun-covid-19-la-communaute-urbaine-de-douala-lance-sa-3e-phase-de-lutte-contre-la-pandemie"]}]},{"@type":"ImageObject","inLanguage":"fr-FR","@id":"https:\/\/www.africa-press.net\/cameroun\/toutes-les-actualites\/cameroun-covid-19-la-communaute-urbaine-de-douala-lance-sa-3e-phase-de-lutte-contre-la-pandemie#primaryimage","url":"https:\/\/static.africa-press.net\/cameroun\/sites\/57\/2021\/04\/img-606fa0e114f79.jpg","contentUrl":"https:\/\/static.africa-press.net\/cameroun\/sites\/57\/2021\/04\/img-606fa0e114f79.jpg","width":800,"height":650,"caption":"Cameroun - Covid-19: La Communaut\u00e9 urbaine de Douala lance sa 3e phase de lutte contre la pand\u00e9mie"},{"@type":"BreadcrumbList","@id":"https:\/\/www.africa-press.net\/cameroun\/toutes-les-actualites\/cameroun-covid-19-la-communaute-urbaine-de-douala-lance-sa-3e-phase-de-lutte-contre-la-pandemie#breadcrumb","itemListElement":[{"@type":"ListItem","position":1,"name":"Accueil","item":"https:\/\/www.africa-press.net\/cameroun\/"},{"@type":"ListItem","position":2,"name":"Cameroun &#8211; Covid-19: La Communaut\u00e9 urbaine de Douala lance sa 3e phase de lutte contre la pand\u00e9mie"}]},{"@type":"WebSite","@id":"https:\/\/www.africa-press.net\/cameroun\/#website","url":"https:\/\/www.africa-press.net\/cameroun\/","name":"Cameroun","description":"Just another Africa News Agency Sites site","potentialAction":[{"@type":"SearchAction","target":{"@type":"EntryPoint","urlTemplate":"https:\/\/www.africa-press.net\/cameroun\/?s={search_term_string}"},"query-input":{"@type":"PropertyValueSpecification","valueRequired":true,"valueName":"search_term_string"}}],"inLanguage":"fr-FR"},{"@type":"Person","@id":"https:\/\/www.africa-press.net\/cameroun\/#\/schema\/person\/2b1cf3cd81a31e3cd26889ca66d677f1","name":"cfeditorfr"}]}},"_links":{"self":[{"href":"https:\/\/www.africa-press.net\/cameroun\/wp-json\/wp\/v2\/posts\/2152","targetHints":{"allow":["GET"]}}],"collection":[{"href":"https:\/\/www.africa-press.net\/cameroun\/wp-json\/wp\/v2\/posts"}],"about":[{"href":"https:\/\/www.africa-press.net\/cameroun\/wp-json\/wp\/v2\/types\/post"}],"author":[{"embeddable":true,"href":"https:\/\/www.africa-press.net\/cameroun\/wp-json\/wp\/v2\/users\/82"}],"replies":[{"embeddable":true,"href":"https:\/\/www.africa-press.net\/cameroun\/wp-json\/wp\/v2\/comments?post=2152"}],"version-history":[{"count":0,"href":"https:\/\/www.africa-press.net\/cameroun\/wp-json\/wp\/v2\/posts\/2152\/revisions"}],"wp:featuredmedia":[{"embeddable":true,"href":"https:\/\/www.africa-press.net\/cameroun\/wp-json\/wp\/v2\/media\/2149"}],"wp:attachment":[{"href":"https:\/\/www.africa-press.net\/cameroun\/wp-json\/wp\/v2\/media?parent=2152"}],"wp:term":[{"taxonomy":"category","embeddable":true,"href":"https:\/\/www.africa-press.net\/cameroun\/wp-json\/wp\/v2\/categories?post=2152"},{"taxonomy":"post_tag","embeddable":true,"href":"https:\/\/www.africa-press.net\/cameroun\/wp-json\/wp\/v2\/tags?post=2152"}],"curies":[{"name":"wp","href":"https:\/\/api.w.org\/{rel}","templated":true}]}}