{"id":2161,"date":"2021-04-08T18:06:52","date_gmt":"2021-04-08T18:06:52","guid":{"rendered":"https:\/\/www.africa-press.net\/cameroun\/politique\/cameroun-covid-19-deja-919-morts-dont-68-enregistres-en-une-semaine"},"modified":"2021-04-09T00:36:05","modified_gmt":"2021-04-09T00:36:05","slug":"cameroun-covid-19-deja-919-morts-dont-68-enregistres-en-une-semaine","status":"publish","type":"post","link":"https:\/\/www.africa-press.net\/cameroun\/politique\/cameroun-covid-19-deja-919-morts-dont-68-enregistres-en-une-semaine","title":{"rendered":"Cameroun &#8211; Covid-19: D\u00e9j\u00e0 919 morts dont 68 enregistr\u00e9s en une semaine"},"content":{"rendered":"<p><span style=\"color: #ff6600\"><strong><a href=\"https:\/\/www.africa-press.net\/\">Africa-Press<\/a> &#8211; <a href=\"https:\/\/www.africa-press.net\/cameroun\">Cameroun<\/a>. <\/strong><\/span>Le Cameroun se rapproche de la barre symbolique de 1000 morts du Covid-19. Au 7 avril 2021, les chiffres de la pand\u00e9mie font \u00e9tat de 61.731 cas, 56.926 gu\u00e9ris et 919 morts. Ils ont \u00e9t\u00e9 r\u00e9v\u00e9l\u00e9s ce 8 avril par le ministre de la Sant\u00e9 publique, Malachie Manaouda. C\u2019\u00e9tait au cours de la traditionnelle r\u00e9union hebdomadaire du comit\u00e9 interminist\u00e9riel charg\u00e9 d\u2019\u00e9valuer la lutte contre la pand\u00e9mie.<\/p>\n<p>La r\u00e9union \u00e9tait pr\u00e9sid\u00e9e par le Premier ministre, chef du gouvernement, Joseph Dion Ngute. Au cours des \u00e9changes, a-t-on appris, le ministre de la sant\u00e9 a d\u00e9plor\u00e9 la courbe ascendante de la pand\u00e9mie qui se poursuit avec une augmentation du nombre de d\u00e9c\u00e8s. Pour la semaine derni\u00e8re, a pr\u00e9cis\u00e9 Manaouda Malachie, 68 morts dont 33 pour la seule r\u00e9gion du Centre ont \u00e9t\u00e9 enregistr\u00e9s. Il a par ailleurs indiqu\u00e9 que le pays enregistre plus de 890 cas de contaminations par jour.<\/p>\n<p>Des chiffres qui inqui\u00e8tent au moment o\u00f9 la p\u00e9nurie des kits de d\u00e9pistage et le ralentissement de la campagne de d\u00e9pistage sont d\u00e9cri\u00e9s par le Premier ministre. Il a pourtant prescrit l\u2019am\u00e9nagement des centres suppl\u00e9mentaires de prise en charge. Le dispositif de riposte semble mis \u00e0 mal, d\u2019o\u00f9 l\u2019urgence d\u2019une vaccination pr\u00e9conis\u00e9e \u00e0 la fois par le gouvernement, m\u00e9decins et pharmaciens.<\/p>\n<p>A ce sujet, 200 000 doses de vaccins chinois Sinopharm sont attendus d\u2019ici le 11 avril prochain au pays. Des premi\u00e8res doses qui permettront \u00e9ventuellement de d\u00e9clencher la vaccination des personnes \u00e0 risques et vuln\u00e9rables. Avant de s\u2019\u00e9tendre \u00e0 toutes les populations pour freiner la propagation de la pand\u00e9mie, face \u00e0 la non observance des mesures barri\u00e8res par une bonne franche de Camerounais.<\/p>\n","protected":false},"excerpt":{"rendered":"<p>Africa-Press &#8211; Cameroun. Le Cameroun se rapproche de la barre symbolique de 1000 morts du Covid-19. Au 7 avril 2021, les chiffres de la pand\u00e9mie font \u00e9tat de 61.731 cas, 56.926 gu\u00e9ris et 919 morts. Ils ont \u00e9t\u00e9 r\u00e9v\u00e9l\u00e9s ce 8 avril par le ministre de la Sant\u00e9 publique, Malachie Manaouda. C\u2019\u00e9tait au cours de [&hellip;]<\/p>\n","protected":false},"author":82,"featured_media":2160,"comment_status":"open","ping_status":"closed","sticky":false,"template":"","format":"standard","meta":{"footnotes":""},"categories":[11,2,10],"tags":[36,50,49],"class_list":["post-2161","post","type-post","status-publish","format-standard","has-post-thumbnail","hentry","category-homepage-french","category-politique","category-toutes-les-actualites","tag-africa-press","tag-africa-press-cameroun","tag-cameroun"],"yoast_head":"<!-- This site is optimized with the Yoast SEO Premium plugin v26.1 (Yoast SEO v27.0) - https:\/\/yoast.com\/product\/yoast-seo-premium-wordpress\/ -->\n<title>Cameroun - Covid-19: D\u00e9j\u00e0 919 morts dont 68 enregistr\u00e9s en une semaine - Cameroun<\/title>\n<meta name=\"description\" content=\"Le Cameroun se rapproche de la barre symbolique de 1000 morts du Covid-19. Au 7 avril 2021, les chiffres de la pand\u00e9mie ...\" \/>\n<meta name=\"robots\" content=\"index, follow, max-snippet:-1, max-image-preview:large, max-video-preview:-1\" \/>\n<link rel=\"canonical\" href=\"https:\/\/www.africa-press.net\/cameroun\/politique\/cameroun-covid-19-deja-919-morts-dont-68-enregistres-en-une-semaine\" \/>\n<meta property=\"og:locale\" content=\"fr_FR\" \/>\n<meta property=\"og:type\" content=\"article\" \/>\n<meta property=\"og:title\" content=\"Cameroun - Covid-19: D\u00e9j\u00e0 919 morts dont 68 enregistr\u00e9s en une semaine\" \/>\n<meta property=\"og:description\" content=\"Le Cameroun se rapproche de la barre symbolique de 1000 morts du Covid-19. Au 7 avril 2021, les chiffres de la pand\u00e9mie ...\" \/>\n<meta property=\"og:url\" content=\"https:\/\/www.africa-press.net\/cameroun\/politique\/cameroun-covid-19-deja-919-morts-dont-68-enregistres-en-une-semaine\" \/>\n<meta property=\"og:site_name\" content=\"Cameroun\" \/>\n<meta property=\"article:published_time\" content=\"2021-04-08T18:06:52+00:00\" \/>\n<meta property=\"article:modified_time\" content=\"2021-04-09T00:36:05+00:00\" \/>\n<meta property=\"og:image\" content=\"https:\/\/static.africa-press.net\/cameroun\/sites\/57\/2021\/04\/img-606fa157963ff.jpg\" \/>\n\t<meta property=\"og:image:width\" content=\"800\" \/>\n\t<meta property=\"og:image:height\" content=\"453\" \/>\n\t<meta property=\"og:image:type\" content=\"image\/jpeg\" \/>\n<meta name=\"author\" content=\"cfeditorfr\" \/>\n<meta name=\"twitter:card\" content=\"summary_large_image\" \/>\n<meta name=\"twitter:label1\" content=\"\u00c9crit par\" \/>\n\t<meta name=\"twitter:data1\" content=\"cfeditorfr\" \/>\n\t<meta name=\"twitter:label2\" content=\"Dur\u00e9e de lecture estim\u00e9e\" \/>\n\t<meta name=\"twitter:data2\" content=\"1 minute\" \/>\n<script type=\"application\/ld+json\" class=\"yoast-schema-graph\">{\"@context\":\"https:\/\/schema.org\",\"@graph\":[{\"@type\":\"Article\",\"@id\":\"https:\/\/www.africa-press.net\/cameroun\/politique\/cameroun-covid-19-deja-919-morts-dont-68-enregistres-en-une-semaine#article\",\"isPartOf\":{\"@id\":\"https:\/\/www.africa-press.net\/cameroun\/politique\/cameroun-covid-19-deja-919-morts-dont-68-enregistres-en-une-semaine\"},\"author\":{\"name\":\"cfeditorfr\",\"@id\":\"https:\/\/www.africa-press.net\/cameroun\/#\/schema\/person\/2b1cf3cd81a31e3cd26889ca66d677f1\"},\"headline\":\"Cameroun &#8211; Covid-19: D\u00e9j\u00e0 919 morts dont 68 enregistr\u00e9s en une semaine\",\"datePublished\":\"2021-04-08T18:06:52+00:00\",\"dateModified\":\"2021-04-09T00:36:05+00:00\",\"mainEntityOfPage\":{\"@id\":\"https:\/\/www.africa-press.net\/cameroun\/politique\/cameroun-covid-19-deja-919-morts-dont-68-enregistres-en-une-semaine\"},\"wordCount\":311,\"commentCount\":0,\"image\":{\"@id\":\"https:\/\/www.africa-press.net\/cameroun\/politique\/cameroun-covid-19-deja-919-morts-dont-68-enregistres-en-une-semaine#primaryimage\"},\"thumbnailUrl\":\"https:\/\/static.africa-press.net\/cameroun\/sites\/57\/2021\/04\/img-606fa157963ff.jpg\",\"keywords\":[\"Africa Press\",\"Africa Press-Cameroun\",\"Cameroun\"],\"articleSection\":[\"homepage-french\",\"Politique\",\"Toutes les actualit\u00e9s\"],\"inLanguage\":\"fr-FR\",\"potentialAction\":[{\"@type\":\"CommentAction\",\"name\":\"Comment\",\"target\":[\"https:\/\/www.africa-press.net\/cameroun\/politique\/cameroun-covid-19-deja-919-morts-dont-68-enregistres-en-une-semaine#respond\"]}]},{\"@type\":\"WebPage\",\"@id\":\"https:\/\/www.africa-press.net\/cameroun\/politique\/cameroun-covid-19-deja-919-morts-dont-68-enregistres-en-une-semaine\",\"url\":\"https:\/\/www.africa-press.net\/cameroun\/politique\/cameroun-covid-19-deja-919-morts-dont-68-enregistres-en-une-semaine\",\"name\":\"Cameroun - Covid-19: D\u00e9j\u00e0 919 morts dont 68 enregistr\u00e9s en une semaine - Cameroun\",\"isPartOf\":{\"@id\":\"https:\/\/www.africa-press.net\/cameroun\/#website\"},\"primaryImageOfPage\":{\"@id\":\"https:\/\/www.africa-press.net\/cameroun\/politique\/cameroun-covid-19-deja-919-morts-dont-68-enregistres-en-une-semaine#primaryimage\"},\"image\":{\"@id\":\"https:\/\/www.africa-press.net\/cameroun\/politique\/cameroun-covid-19-deja-919-morts-dont-68-enregistres-en-une-semaine#primaryimage\"},\"thumbnailUrl\":\"https:\/\/static.africa-press.net\/cameroun\/sites\/57\/2021\/04\/img-606fa157963ff.jpg\",\"datePublished\":\"2021-04-08T18:06:52+00:00\",\"dateModified\":\"2021-04-09T00:36:05+00:00\",\"author\":{\"@id\":\"https:\/\/www.africa-press.net\/cameroun\/#\/schema\/person\/2b1cf3cd81a31e3cd26889ca66d677f1\"},\"description\":\"Le Cameroun se rapproche de la barre symbolique de 1000 morts du Covid-19. Au 7 avril 2021, les chiffres de la pand\u00e9mie ...\",\"breadcrumb\":{\"@id\":\"https:\/\/www.africa-press.net\/cameroun\/politique\/cameroun-covid-19-deja-919-morts-dont-68-enregistres-en-une-semaine#breadcrumb\"},\"inLanguage\":\"fr-FR\",\"potentialAction\":[{\"@type\":\"ReadAction\",\"target\":[\"https:\/\/www.africa-press.net\/cameroun\/politique\/cameroun-covid-19-deja-919-morts-dont-68-enregistres-en-une-semaine\"]}]},{\"@type\":\"ImageObject\",\"inLanguage\":\"fr-FR\",\"@id\":\"https:\/\/www.africa-press.net\/cameroun\/politique\/cameroun-covid-19-deja-919-morts-dont-68-enregistres-en-une-semaine#primaryimage\",\"url\":\"https:\/\/static.africa-press.net\/cameroun\/sites\/57\/2021\/04\/img-606fa157963ff.jpg\",\"contentUrl\":\"https:\/\/static.africa-press.net\/cameroun\/sites\/57\/2021\/04\/img-606fa157963ff.jpg\",\"width\":800,\"height\":453,\"caption\":\"Cameroun - Covid-19: D\u00e9j\u00e0 919 morts dont 68 enregistr\u00e9s en une semaine\"},{\"@type\":\"BreadcrumbList\",\"@id\":\"https:\/\/www.africa-press.net\/cameroun\/politique\/cameroun-covid-19-deja-919-morts-dont-68-enregistres-en-une-semaine#breadcrumb\",\"itemListElement\":[{\"@type\":\"ListItem\",\"position\":1,\"name\":\"Accueil\",\"item\":\"https:\/\/www.africa-press.net\/cameroun\/\"},{\"@type\":\"ListItem\",\"position\":2,\"name\":\"Cameroun &#8211; Covid-19: D\u00e9j\u00e0 919 morts dont 68 enregistr\u00e9s en une semaine\"}]},{\"@type\":\"WebSite\",\"@id\":\"https:\/\/www.africa-press.net\/cameroun\/#website\",\"url\":\"https:\/\/www.africa-press.net\/cameroun\/\",\"name\":\"Cameroun\",\"description\":\"Just another Africa News Agency Sites site\",\"potentialAction\":[{\"@type\":\"SearchAction\",\"target\":{\"@type\":\"EntryPoint\",\"urlTemplate\":\"https:\/\/www.africa-press.net\/cameroun\/?s={search_term_string}\"},\"query-input\":{\"@type\":\"PropertyValueSpecification\",\"valueRequired\":true,\"valueName\":\"search_term_string\"}}],\"inLanguage\":\"fr-FR\"},{\"@type\":\"Person\",\"@id\":\"https:\/\/www.africa-press.net\/cameroun\/#\/schema\/person\/2b1cf3cd81a31e3cd26889ca66d677f1\",\"name\":\"cfeditorfr\"}]}<\/script>\n<!-- \/ Yoast SEO Premium plugin. -->","yoast_head_json":{"title":"Cameroun - Covid-19: D\u00e9j\u00e0 919 morts dont 68 enregistr\u00e9s en une semaine - Cameroun","description":"Le Cameroun se rapproche de la barre symbolique de 1000 morts du Covid-19. Au 7 avril 2021, les chiffres de la pand\u00e9mie ...","robots":{"index":"index","follow":"follow","max-snippet":"max-snippet:-1","max-image-preview":"max-image-preview:large","max-video-preview":"max-video-preview:-1"},"canonical":"https:\/\/www.africa-press.net\/cameroun\/politique\/cameroun-covid-19-deja-919-morts-dont-68-enregistres-en-une-semaine","og_locale":"fr_FR","og_type":"article","og_title":"Cameroun - Covid-19: D\u00e9j\u00e0 919 morts dont 68 enregistr\u00e9s en une semaine","og_description":"Le Cameroun se rapproche de la barre symbolique de 1000 morts du Covid-19. Au 7 avril 2021, les chiffres de la pand\u00e9mie ...","og_url":"https:\/\/www.africa-press.net\/cameroun\/politique\/cameroun-covid-19-deja-919-morts-dont-68-enregistres-en-une-semaine","og_site_name":"Cameroun","article_published_time":"2021-04-08T18:06:52+00:00","article_modified_time":"2021-04-09T00:36:05+00:00","og_image":[{"width":800,"height":453,"url":"https:\/\/static.africa-press.net\/cameroun\/sites\/57\/2021\/04\/img-606fa157963ff.jpg","type":"image\/jpeg"}],"author":"cfeditorfr","twitter_card":"summary_large_image","twitter_misc":{"\u00c9crit par":"cfeditorfr","Dur\u00e9e de lecture estim\u00e9e":"1 minute"},"schema":{"@context":"https:\/\/schema.org","@graph":[{"@type":"Article","@id":"https:\/\/www.africa-press.net\/cameroun\/politique\/cameroun-covid-19-deja-919-morts-dont-68-enregistres-en-une-semaine#article","isPartOf":{"@id":"https:\/\/www.africa-press.net\/cameroun\/politique\/cameroun-covid-19-deja-919-morts-dont-68-enregistres-en-une-semaine"},"author":{"name":"cfeditorfr","@id":"https:\/\/www.africa-press.net\/cameroun\/#\/schema\/person\/2b1cf3cd81a31e3cd26889ca66d677f1"},"headline":"Cameroun &#8211; Covid-19: D\u00e9j\u00e0 919 morts dont 68 enregistr\u00e9s en une semaine","datePublished":"2021-04-08T18:06:52+00:00","dateModified":"2021-04-09T00:36:05+00:00","mainEntityOfPage":{"@id":"https:\/\/www.africa-press.net\/cameroun\/politique\/cameroun-covid-19-deja-919-morts-dont-68-enregistres-en-une-semaine"},"wordCount":311,"commentCount":0,"image":{"@id":"https:\/\/www.africa-press.net\/cameroun\/politique\/cameroun-covid-19-deja-919-morts-dont-68-enregistres-en-une-semaine#primaryimage"},"thumbnailUrl":"https:\/\/static.africa-press.net\/cameroun\/sites\/57\/2021\/04\/img-606fa157963ff.jpg","keywords":["Africa Press","Africa Press-Cameroun","Cameroun"],"articleSection":["homepage-french","Politique","Toutes les actualit\u00e9s"],"inLanguage":"fr-FR","potentialAction":[{"@type":"CommentAction","name":"Comment","target":["https:\/\/www.africa-press.net\/cameroun\/politique\/cameroun-covid-19-deja-919-morts-dont-68-enregistres-en-une-semaine#respond"]}]},{"@type":"WebPage","@id":"https:\/\/www.africa-press.net\/cameroun\/politique\/cameroun-covid-19-deja-919-morts-dont-68-enregistres-en-une-semaine","url":"https:\/\/www.africa-press.net\/cameroun\/politique\/cameroun-covid-19-deja-919-morts-dont-68-enregistres-en-une-semaine","name":"Cameroun - Covid-19: D\u00e9j\u00e0 919 morts dont 68 enregistr\u00e9s en une semaine - Cameroun","isPartOf":{"@id":"https:\/\/www.africa-press.net\/cameroun\/#website"},"primaryImageOfPage":{"@id":"https:\/\/www.africa-press.net\/cameroun\/politique\/cameroun-covid-19-deja-919-morts-dont-68-enregistres-en-une-semaine#primaryimage"},"image":{"@id":"https:\/\/www.africa-press.net\/cameroun\/politique\/cameroun-covid-19-deja-919-morts-dont-68-enregistres-en-une-semaine#primaryimage"},"thumbnailUrl":"https:\/\/static.africa-press.net\/cameroun\/sites\/57\/2021\/04\/img-606fa157963ff.jpg","datePublished":"2021-04-08T18:06:52+00:00","dateModified":"2021-04-09T00:36:05+00:00","author":{"@id":"https:\/\/www.africa-press.net\/cameroun\/#\/schema\/person\/2b1cf3cd81a31e3cd26889ca66d677f1"},"description":"Le Cameroun se rapproche de la barre symbolique de 1000 morts du Covid-19. Au 7 avril 2021, les chiffres de la pand\u00e9mie ...","breadcrumb":{"@id":"https:\/\/www.africa-press.net\/cameroun\/politique\/cameroun-covid-19-deja-919-morts-dont-68-enregistres-en-une-semaine#breadcrumb"},"inLanguage":"fr-FR","potentialAction":[{"@type":"ReadAction","target":["https:\/\/www.africa-press.net\/cameroun\/politique\/cameroun-covid-19-deja-919-morts-dont-68-enregistres-en-une-semaine"]}]},{"@type":"ImageObject","inLanguage":"fr-FR","@id":"https:\/\/www.africa-press.net\/cameroun\/politique\/cameroun-covid-19-deja-919-morts-dont-68-enregistres-en-une-semaine#primaryimage","url":"https:\/\/static.africa-press.net\/cameroun\/sites\/57\/2021\/04\/img-606fa157963ff.jpg","contentUrl":"https:\/\/static.africa-press.net\/cameroun\/sites\/57\/2021\/04\/img-606fa157963ff.jpg","width":800,"height":453,"caption":"Cameroun - Covid-19: D\u00e9j\u00e0 919 morts dont 68 enregistr\u00e9s en une semaine"},{"@type":"BreadcrumbList","@id":"https:\/\/www.africa-press.net\/cameroun\/politique\/cameroun-covid-19-deja-919-morts-dont-68-enregistres-en-une-semaine#breadcrumb","itemListElement":[{"@type":"ListItem","position":1,"name":"Accueil","item":"https:\/\/www.africa-press.net\/cameroun\/"},{"@type":"ListItem","position":2,"name":"Cameroun &#8211; Covid-19: D\u00e9j\u00e0 919 morts dont 68 enregistr\u00e9s en une semaine"}]},{"@type":"WebSite","@id":"https:\/\/www.africa-press.net\/cameroun\/#website","url":"https:\/\/www.africa-press.net\/cameroun\/","name":"Cameroun","description":"Just another Africa News Agency Sites site","potentialAction":[{"@type":"SearchAction","target":{"@type":"EntryPoint","urlTemplate":"https:\/\/www.africa-press.net\/cameroun\/?s={search_term_string}"},"query-input":{"@type":"PropertyValueSpecification","valueRequired":true,"valueName":"search_term_string"}}],"inLanguage":"fr-FR"},{"@type":"Person","@id":"https:\/\/www.africa-press.net\/cameroun\/#\/schema\/person\/2b1cf3cd81a31e3cd26889ca66d677f1","name":"cfeditorfr"}]}},"_links":{"self":[{"href":"https:\/\/www.africa-press.net\/cameroun\/wp-json\/wp\/v2\/posts\/2161","targetHints":{"allow":["GET"]}}],"collection":[{"href":"https:\/\/www.africa-press.net\/cameroun\/wp-json\/wp\/v2\/posts"}],"about":[{"href":"https:\/\/www.africa-press.net\/cameroun\/wp-json\/wp\/v2\/types\/post"}],"author":[{"embeddable":true,"href":"https:\/\/www.africa-press.net\/cameroun\/wp-json\/wp\/v2\/users\/82"}],"replies":[{"embeddable":true,"href":"https:\/\/www.africa-press.net\/cameroun\/wp-json\/wp\/v2\/comments?post=2161"}],"version-history":[{"count":0,"href":"https:\/\/www.africa-press.net\/cameroun\/wp-json\/wp\/v2\/posts\/2161\/revisions"}],"wp:featuredmedia":[{"embeddable":true,"href":"https:\/\/www.africa-press.net\/cameroun\/wp-json\/wp\/v2\/media\/2160"}],"wp:attachment":[{"href":"https:\/\/www.africa-press.net\/cameroun\/wp-json\/wp\/v2\/media?parent=2161"}],"wp:term":[{"taxonomy":"category","embeddable":true,"href":"https:\/\/www.africa-press.net\/cameroun\/wp-json\/wp\/v2\/categories?post=2161"},{"taxonomy":"post_tag","embeddable":true,"href":"https:\/\/www.africa-press.net\/cameroun\/wp-json\/wp\/v2\/tags?post=2161"}],"curies":[{"name":"wp","href":"https:\/\/api.w.org\/{rel}","templated":true}]}}