{"id":2167,"date":"2021-04-08T18:28:40","date_gmt":"2021-04-08T18:28:40","guid":{"rendered":"https:\/\/www.africa-press.net\/cameroun\/politique\/derniere-minute-le-corps-de-monkam-pascal-est-arrive-au-cameroun"},"modified":"2021-04-09T00:41:55","modified_gmt":"2021-04-09T00:41:55","slug":"derniere-minute-le-corps-de-monkam-pascal-est-arrive-au-cameroun","status":"publish","type":"post","link":"https:\/\/www.africa-press.net\/cameroun\/politique\/derniere-minute-le-corps-de-monkam-pascal-est-arrive-au-cameroun","title":{"rendered":"Derni\u00e8re minute: le corps de Monkam Pascal est arriv\u00e9 au Cameroun."},"content":{"rendered":"<p><span style=\"color: #ff6600\"><strong><a href=\"https:\/\/www.africa-press.net\/\">Africa-Press<\/a> &#8211; <a href=\"https:\/\/www.africa-press.net\/cameroun\">Cameroun<\/a>. <\/strong><\/span>La d\u00e9pouille du patriarche et magnat des affaires Camerounais est arriv\u00e9 \u00e0 la base 101 de Douala en provenance de Johannesburg en Afrique du Sud. Le gouverneur de la r\u00e9gion du Littoral Samuel Dieudonn\u00e9 Ivaha Diboa, d&rsquo;autres personnalit\u00e9s de la r\u00e9gion et des membres de la famille sont \u00e0 l&rsquo;a\u00e9roport pour recevoir le cadavre.<\/p>\n<p>Pascal Monkam sera enterr\u00e9 dans son village natal de Bakasa par Bafang dans la r\u00e9gion de l&rsquo;Ouest du Cameroun ce samedi. Le pr\u00e9sident Paul Biya avait auparavant d\u00e9clar\u00e9 un enterrement officiel pour l&rsquo;homme d&rsquo;affaires d\u00e9c\u00e9d\u00e9.<\/p>\n","protected":false},"excerpt":{"rendered":"<p>Africa-Press &#8211; Cameroun. La d\u00e9pouille du patriarche et magnat des affaires Camerounais est arriv\u00e9 \u00e0 la base 101 de Douala en provenance de Johannesburg en Afrique du Sud. Le gouverneur de la r\u00e9gion du Littoral Samuel Dieudonn\u00e9 Ivaha Diboa, d&rsquo;autres personnalit\u00e9s de la r\u00e9gion et des membres de la famille sont \u00e0 l&rsquo;a\u00e9roport pour recevoir [&hellip;]<\/p>\n","protected":false},"author":82,"featured_media":2166,"comment_status":"open","ping_status":"closed","sticky":false,"template":"","format":"standard","meta":{"footnotes":""},"categories":[11,2,10],"tags":[36,50,49],"class_list":["post-2167","post","type-post","status-publish","format-standard","has-post-thumbnail","hentry","category-homepage-french","category-politique","category-toutes-les-actualites","tag-africa-press","tag-africa-press-cameroun","tag-cameroun"],"yoast_head":"<!-- This site is optimized with the Yoast SEO Premium plugin v26.1 (Yoast SEO v27.0) - https:\/\/yoast.com\/product\/yoast-seo-premium-wordpress\/ -->\n<title>Derni\u00e8re minute: le corps de Monkam Pascal est arriv\u00e9 au Cameroun. - Cameroun<\/title>\n<meta name=\"description\" content=\"La d\u00e9pouille du patriarche et magnat des affaires Camerounais est arriv\u00e9 \u00e0 la base 101 de Douala en provenance de Johann ...\" \/>\n<meta name=\"robots\" content=\"index, follow, max-snippet:-1, max-image-preview:large, max-video-preview:-1\" \/>\n<link rel=\"canonical\" href=\"https:\/\/www.africa-press.net\/cameroun\/politique\/derniere-minute-le-corps-de-monkam-pascal-est-arrive-au-cameroun\" \/>\n<meta property=\"og:locale\" content=\"fr_FR\" \/>\n<meta property=\"og:type\" content=\"article\" \/>\n<meta property=\"og:title\" content=\"Derni\u00e8re minute: le corps de Monkam Pascal est arriv\u00e9 au Cameroun.\" \/>\n<meta property=\"og:description\" content=\"La d\u00e9pouille du patriarche et magnat des affaires Camerounais est arriv\u00e9 \u00e0 la base 101 de Douala en provenance de Johann ...\" \/>\n<meta property=\"og:url\" content=\"https:\/\/www.africa-press.net\/cameroun\/politique\/derniere-minute-le-corps-de-monkam-pascal-est-arrive-au-cameroun\" \/>\n<meta property=\"og:site_name\" content=\"Cameroun\" \/>\n<meta property=\"article:published_time\" content=\"2021-04-08T18:28:40+00:00\" \/>\n<meta property=\"article:modified_time\" content=\"2021-04-09T00:41:55+00:00\" \/>\n<meta property=\"og:image\" content=\"https:\/\/static.africa-press.net\/cameroun\/sites\/57\/2021\/04\/img-606fa2b834270.jpg\" \/>\n\t<meta property=\"og:image:width\" content=\"720\" \/>\n\t<meta property=\"og:image:height\" content=\"360\" \/>\n\t<meta property=\"og:image:type\" content=\"image\/jpeg\" \/>\n<meta name=\"author\" content=\"cfeditorfr\" \/>\n<meta name=\"twitter:card\" content=\"summary_large_image\" \/>\n<meta name=\"twitter:label1\" content=\"\u00c9crit par\" \/>\n\t<meta name=\"twitter:data1\" content=\"cfeditorfr\" \/>\n<script type=\"application\/ld+json\" class=\"yoast-schema-graph\">{\"@context\":\"https:\/\/schema.org\",\"@graph\":[{\"@type\":\"Article\",\"@id\":\"https:\/\/www.africa-press.net\/cameroun\/politique\/derniere-minute-le-corps-de-monkam-pascal-est-arrive-au-cameroun#article\",\"isPartOf\":{\"@id\":\"https:\/\/www.africa-press.net\/cameroun\/politique\/derniere-minute-le-corps-de-monkam-pascal-est-arrive-au-cameroun\"},\"author\":{\"name\":\"cfeditorfr\",\"@id\":\"https:\/\/www.africa-press.net\/cameroun\/#\/schema\/person\/2b1cf3cd81a31e3cd26889ca66d677f1\"},\"headline\":\"Derni\u00e8re minute: le corps de Monkam Pascal est arriv\u00e9 au Cameroun.\",\"datePublished\":\"2021-04-08T18:28:40+00:00\",\"dateModified\":\"2021-04-09T00:41:55+00:00\",\"mainEntityOfPage\":{\"@id\":\"https:\/\/www.africa-press.net\/cameroun\/politique\/derniere-minute-le-corps-de-monkam-pascal-est-arrive-au-cameroun\"},\"wordCount\":116,\"commentCount\":0,\"image\":{\"@id\":\"https:\/\/www.africa-press.net\/cameroun\/politique\/derniere-minute-le-corps-de-monkam-pascal-est-arrive-au-cameroun#primaryimage\"},\"thumbnailUrl\":\"https:\/\/static.africa-press.net\/cameroun\/sites\/57\/2021\/04\/img-606fa2b834270.jpg\",\"keywords\":[\"Africa Press\",\"Africa Press-Cameroun\",\"Cameroun\"],\"articleSection\":[\"homepage-french\",\"Politique\",\"Toutes les actualit\u00e9s\"],\"inLanguage\":\"fr-FR\",\"potentialAction\":[{\"@type\":\"CommentAction\",\"name\":\"Comment\",\"target\":[\"https:\/\/www.africa-press.net\/cameroun\/politique\/derniere-minute-le-corps-de-monkam-pascal-est-arrive-au-cameroun#respond\"]}]},{\"@type\":\"WebPage\",\"@id\":\"https:\/\/www.africa-press.net\/cameroun\/politique\/derniere-minute-le-corps-de-monkam-pascal-est-arrive-au-cameroun\",\"url\":\"https:\/\/www.africa-press.net\/cameroun\/politique\/derniere-minute-le-corps-de-monkam-pascal-est-arrive-au-cameroun\",\"name\":\"Derni\u00e8re minute: le corps de Monkam Pascal est arriv\u00e9 au Cameroun. - Cameroun\",\"isPartOf\":{\"@id\":\"https:\/\/www.africa-press.net\/cameroun\/#website\"},\"primaryImageOfPage\":{\"@id\":\"https:\/\/www.africa-press.net\/cameroun\/politique\/derniere-minute-le-corps-de-monkam-pascal-est-arrive-au-cameroun#primaryimage\"},\"image\":{\"@id\":\"https:\/\/www.africa-press.net\/cameroun\/politique\/derniere-minute-le-corps-de-monkam-pascal-est-arrive-au-cameroun#primaryimage\"},\"thumbnailUrl\":\"https:\/\/static.africa-press.net\/cameroun\/sites\/57\/2021\/04\/img-606fa2b834270.jpg\",\"datePublished\":\"2021-04-08T18:28:40+00:00\",\"dateModified\":\"2021-04-09T00:41:55+00:00\",\"author\":{\"@id\":\"https:\/\/www.africa-press.net\/cameroun\/#\/schema\/person\/2b1cf3cd81a31e3cd26889ca66d677f1\"},\"description\":\"La d\u00e9pouille du patriarche et magnat des affaires Camerounais est arriv\u00e9 \u00e0 la base 101 de Douala en provenance de Johann ...\",\"breadcrumb\":{\"@id\":\"https:\/\/www.africa-press.net\/cameroun\/politique\/derniere-minute-le-corps-de-monkam-pascal-est-arrive-au-cameroun#breadcrumb\"},\"inLanguage\":\"fr-FR\",\"potentialAction\":[{\"@type\":\"ReadAction\",\"target\":[\"https:\/\/www.africa-press.net\/cameroun\/politique\/derniere-minute-le-corps-de-monkam-pascal-est-arrive-au-cameroun\"]}]},{\"@type\":\"ImageObject\",\"inLanguage\":\"fr-FR\",\"@id\":\"https:\/\/www.africa-press.net\/cameroun\/politique\/derniere-minute-le-corps-de-monkam-pascal-est-arrive-au-cameroun#primaryimage\",\"url\":\"https:\/\/static.africa-press.net\/cameroun\/sites\/57\/2021\/04\/img-606fa2b834270.jpg\",\"contentUrl\":\"https:\/\/static.africa-press.net\/cameroun\/sites\/57\/2021\/04\/img-606fa2b834270.jpg\",\"width\":720,\"height\":360,\"caption\":\"Derni\u00e8re minute: le corps de Monkam Pascal est arriv\u00e9 au Cameroun.\"},{\"@type\":\"BreadcrumbList\",\"@id\":\"https:\/\/www.africa-press.net\/cameroun\/politique\/derniere-minute-le-corps-de-monkam-pascal-est-arrive-au-cameroun#breadcrumb\",\"itemListElement\":[{\"@type\":\"ListItem\",\"position\":1,\"name\":\"Accueil\",\"item\":\"https:\/\/www.africa-press.net\/cameroun\/\"},{\"@type\":\"ListItem\",\"position\":2,\"name\":\"Derni\u00e8re minute: le corps de Monkam Pascal est arriv\u00e9 au Cameroun.\"}]},{\"@type\":\"WebSite\",\"@id\":\"https:\/\/www.africa-press.net\/cameroun\/#website\",\"url\":\"https:\/\/www.africa-press.net\/cameroun\/\",\"name\":\"Cameroun\",\"description\":\"Just another Africa News Agency Sites site\",\"potentialAction\":[{\"@type\":\"SearchAction\",\"target\":{\"@type\":\"EntryPoint\",\"urlTemplate\":\"https:\/\/www.africa-press.net\/cameroun\/?s={search_term_string}\"},\"query-input\":{\"@type\":\"PropertyValueSpecification\",\"valueRequired\":true,\"valueName\":\"search_term_string\"}}],\"inLanguage\":\"fr-FR\"},{\"@type\":\"Person\",\"@id\":\"https:\/\/www.africa-press.net\/cameroun\/#\/schema\/person\/2b1cf3cd81a31e3cd26889ca66d677f1\",\"name\":\"cfeditorfr\"}]}<\/script>\n<!-- \/ Yoast SEO Premium plugin. -->","yoast_head_json":{"title":"Derni\u00e8re minute: le corps de Monkam Pascal est arriv\u00e9 au Cameroun. - Cameroun","description":"La d\u00e9pouille du patriarche et magnat des affaires Camerounais est arriv\u00e9 \u00e0 la base 101 de Douala en provenance de Johann ...","robots":{"index":"index","follow":"follow","max-snippet":"max-snippet:-1","max-image-preview":"max-image-preview:large","max-video-preview":"max-video-preview:-1"},"canonical":"https:\/\/www.africa-press.net\/cameroun\/politique\/derniere-minute-le-corps-de-monkam-pascal-est-arrive-au-cameroun","og_locale":"fr_FR","og_type":"article","og_title":"Derni\u00e8re minute: le corps de Monkam Pascal est arriv\u00e9 au Cameroun.","og_description":"La d\u00e9pouille du patriarche et magnat des affaires Camerounais est arriv\u00e9 \u00e0 la base 101 de Douala en provenance de Johann ...","og_url":"https:\/\/www.africa-press.net\/cameroun\/politique\/derniere-minute-le-corps-de-monkam-pascal-est-arrive-au-cameroun","og_site_name":"Cameroun","article_published_time":"2021-04-08T18:28:40+00:00","article_modified_time":"2021-04-09T00:41:55+00:00","og_image":[{"width":720,"height":360,"url":"https:\/\/static.africa-press.net\/cameroun\/sites\/57\/2021\/04\/img-606fa2b834270.jpg","type":"image\/jpeg"}],"author":"cfeditorfr","twitter_card":"summary_large_image","twitter_misc":{"\u00c9crit par":"cfeditorfr"},"schema":{"@context":"https:\/\/schema.org","@graph":[{"@type":"Article","@id":"https:\/\/www.africa-press.net\/cameroun\/politique\/derniere-minute-le-corps-de-monkam-pascal-est-arrive-au-cameroun#article","isPartOf":{"@id":"https:\/\/www.africa-press.net\/cameroun\/politique\/derniere-minute-le-corps-de-monkam-pascal-est-arrive-au-cameroun"},"author":{"name":"cfeditorfr","@id":"https:\/\/www.africa-press.net\/cameroun\/#\/schema\/person\/2b1cf3cd81a31e3cd26889ca66d677f1"},"headline":"Derni\u00e8re minute: le corps de Monkam Pascal est arriv\u00e9 au Cameroun.","datePublished":"2021-04-08T18:28:40+00:00","dateModified":"2021-04-09T00:41:55+00:00","mainEntityOfPage":{"@id":"https:\/\/www.africa-press.net\/cameroun\/politique\/derniere-minute-le-corps-de-monkam-pascal-est-arrive-au-cameroun"},"wordCount":116,"commentCount":0,"image":{"@id":"https:\/\/www.africa-press.net\/cameroun\/politique\/derniere-minute-le-corps-de-monkam-pascal-est-arrive-au-cameroun#primaryimage"},"thumbnailUrl":"https:\/\/static.africa-press.net\/cameroun\/sites\/57\/2021\/04\/img-606fa2b834270.jpg","keywords":["Africa Press","Africa Press-Cameroun","Cameroun"],"articleSection":["homepage-french","Politique","Toutes les actualit\u00e9s"],"inLanguage":"fr-FR","potentialAction":[{"@type":"CommentAction","name":"Comment","target":["https:\/\/www.africa-press.net\/cameroun\/politique\/derniere-minute-le-corps-de-monkam-pascal-est-arrive-au-cameroun#respond"]}]},{"@type":"WebPage","@id":"https:\/\/www.africa-press.net\/cameroun\/politique\/derniere-minute-le-corps-de-monkam-pascal-est-arrive-au-cameroun","url":"https:\/\/www.africa-press.net\/cameroun\/politique\/derniere-minute-le-corps-de-monkam-pascal-est-arrive-au-cameroun","name":"Derni\u00e8re minute: le corps de Monkam Pascal est arriv\u00e9 au Cameroun. - Cameroun","isPartOf":{"@id":"https:\/\/www.africa-press.net\/cameroun\/#website"},"primaryImageOfPage":{"@id":"https:\/\/www.africa-press.net\/cameroun\/politique\/derniere-minute-le-corps-de-monkam-pascal-est-arrive-au-cameroun#primaryimage"},"image":{"@id":"https:\/\/www.africa-press.net\/cameroun\/politique\/derniere-minute-le-corps-de-monkam-pascal-est-arrive-au-cameroun#primaryimage"},"thumbnailUrl":"https:\/\/static.africa-press.net\/cameroun\/sites\/57\/2021\/04\/img-606fa2b834270.jpg","datePublished":"2021-04-08T18:28:40+00:00","dateModified":"2021-04-09T00:41:55+00:00","author":{"@id":"https:\/\/www.africa-press.net\/cameroun\/#\/schema\/person\/2b1cf3cd81a31e3cd26889ca66d677f1"},"description":"La d\u00e9pouille du patriarche et magnat des affaires Camerounais est arriv\u00e9 \u00e0 la base 101 de Douala en provenance de Johann ...","breadcrumb":{"@id":"https:\/\/www.africa-press.net\/cameroun\/politique\/derniere-minute-le-corps-de-monkam-pascal-est-arrive-au-cameroun#breadcrumb"},"inLanguage":"fr-FR","potentialAction":[{"@type":"ReadAction","target":["https:\/\/www.africa-press.net\/cameroun\/politique\/derniere-minute-le-corps-de-monkam-pascal-est-arrive-au-cameroun"]}]},{"@type":"ImageObject","inLanguage":"fr-FR","@id":"https:\/\/www.africa-press.net\/cameroun\/politique\/derniere-minute-le-corps-de-monkam-pascal-est-arrive-au-cameroun#primaryimage","url":"https:\/\/static.africa-press.net\/cameroun\/sites\/57\/2021\/04\/img-606fa2b834270.jpg","contentUrl":"https:\/\/static.africa-press.net\/cameroun\/sites\/57\/2021\/04\/img-606fa2b834270.jpg","width":720,"height":360,"caption":"Derni\u00e8re minute: le corps de Monkam Pascal est arriv\u00e9 au Cameroun."},{"@type":"BreadcrumbList","@id":"https:\/\/www.africa-press.net\/cameroun\/politique\/derniere-minute-le-corps-de-monkam-pascal-est-arrive-au-cameroun#breadcrumb","itemListElement":[{"@type":"ListItem","position":1,"name":"Accueil","item":"https:\/\/www.africa-press.net\/cameroun\/"},{"@type":"ListItem","position":2,"name":"Derni\u00e8re minute: le corps de Monkam Pascal est arriv\u00e9 au Cameroun."}]},{"@type":"WebSite","@id":"https:\/\/www.africa-press.net\/cameroun\/#website","url":"https:\/\/www.africa-press.net\/cameroun\/","name":"Cameroun","description":"Just another Africa News Agency Sites site","potentialAction":[{"@type":"SearchAction","target":{"@type":"EntryPoint","urlTemplate":"https:\/\/www.africa-press.net\/cameroun\/?s={search_term_string}"},"query-input":{"@type":"PropertyValueSpecification","valueRequired":true,"valueName":"search_term_string"}}],"inLanguage":"fr-FR"},{"@type":"Person","@id":"https:\/\/www.africa-press.net\/cameroun\/#\/schema\/person\/2b1cf3cd81a31e3cd26889ca66d677f1","name":"cfeditorfr"}]}},"_links":{"self":[{"href":"https:\/\/www.africa-press.net\/cameroun\/wp-json\/wp\/v2\/posts\/2167","targetHints":{"allow":["GET"]}}],"collection":[{"href":"https:\/\/www.africa-press.net\/cameroun\/wp-json\/wp\/v2\/posts"}],"about":[{"href":"https:\/\/www.africa-press.net\/cameroun\/wp-json\/wp\/v2\/types\/post"}],"author":[{"embeddable":true,"href":"https:\/\/www.africa-press.net\/cameroun\/wp-json\/wp\/v2\/users\/82"}],"replies":[{"embeddable":true,"href":"https:\/\/www.africa-press.net\/cameroun\/wp-json\/wp\/v2\/comments?post=2167"}],"version-history":[{"count":0,"href":"https:\/\/www.africa-press.net\/cameroun\/wp-json\/wp\/v2\/posts\/2167\/revisions"}],"wp:featuredmedia":[{"embeddable":true,"href":"https:\/\/www.africa-press.net\/cameroun\/wp-json\/wp\/v2\/media\/2166"}],"wp:attachment":[{"href":"https:\/\/www.africa-press.net\/cameroun\/wp-json\/wp\/v2\/media?parent=2167"}],"wp:term":[{"taxonomy":"category","embeddable":true,"href":"https:\/\/www.africa-press.net\/cameroun\/wp-json\/wp\/v2\/categories?post=2167"},{"taxonomy":"post_tag","embeddable":true,"href":"https:\/\/www.africa-press.net\/cameroun\/wp-json\/wp\/v2\/tags?post=2167"}],"curies":[{"name":"wp","href":"https:\/\/api.w.org\/{rel}","templated":true}]}}