{"id":2170,"date":"2021-04-08T18:39:22","date_gmt":"2021-04-08T18:39:22","guid":{"rendered":"https:\/\/www.africa-press.net\/cameroun\/politique\/humiliation-silence-de-yaounde-apres-lexpulsion-de-son-diplomate-aux-usa"},"modified":"2021-04-09T00:42:33","modified_gmt":"2021-04-09T00:42:33","slug":"humiliation-silence-de-yaounde-apres-lexpulsion-de-son-diplomate-aux-usa","status":"publish","type":"post","link":"https:\/\/www.africa-press.net\/cameroun\/politique\/humiliation-silence-de-yaounde-apres-lexpulsion-de-son-diplomate-aux-usa","title":{"rendered":"Humiliation : silence de Yaound\u00e9 apr\u00e8s l\u2019expulsion de son diplomate aux USA"},"content":{"rendered":"<p><span style=\"color: #ff6600\"><strong><a href=\"https:\/\/www.africa-press.net\/\">Africa-Press<\/a> &#8211; <a href=\"https:\/\/www.africa-press.net\/cameroun\">Cameroun<\/a>. <\/strong><\/span>En froid avec l\u2019administration Biden qui d\u00e9nonce les multiples violations des droits de l\u2019homme au Cameroun, Yaound\u00e9 se fait tout petit et se mue dans un silence inexpliqu\u00e9 depuis l\u2019expulsion d\u2019une de ses diplomates aux USA. En effet accus\u00e9 de maltraitance sur sa cousine venue vivre chez elle avec son enfant, la deuxi\u00e8me conseill\u00e8re \u00e0 l\u2019ambassade du Cameroun aux Etats-Unis, Mich\u00e8le Esso a \u00e9t\u00e9 expuls\u00e9 du pays de l\u2019oncle Sam. Elle aurait brill\u00e9 par son absence lors des audiences. Pour le journal fran\u00e7ais Africa Intelligence, Paul Biya n\u2019aucun int\u00e9r\u00eat \u00e0 s\u2019attirer davantage la col\u00e8re de l\u2019administration Biden.<\/p>\n<p>\u00ab Le silence de la diplomatie camerounaise sur cette expulsion, ph\u00e9nom\u00e8ne assez rare dans ce monde polic\u00e9, s\u2019explique en partie par le souci de Yaound\u00e9 de ne pas provoquer l\u2019administration de Joe Biden, qui s\u2019est \u00e0 ce jour efforc\u00e9e d\u2019aligner sa diplomatie africaine sur le respect des droits de l\u2019homme mais ne s\u2019est pas encore clairement prononc\u00e9 sur la crise persistante dans les provinces anglophones(\u00ab NO\/SO \u00bb). Vivement incit\u00e9 \u00e0 n\u00e9gocier avec les s\u00e9paratistes anglophones par Paris et le Vatican. Yaound\u00e9 a jusqu\u2019ici r\u00e9ussi \u00e0 ignorer ces appels et \u00e0 continuer \u00e0 mener des op\u00e9rations militaires contre les groupes actifs dans le NO\/SO \u00bb, \u00e9crit le journal.<\/p>\n<p>Dans une d\u00e9claration publi\u00e9e le mardi 5 janvier 2021, la commission des Affaires Ext\u00e9rieures du S\u00e9nat, sous l\u2019impulsion du s\u00e9nateur Jim Risch, attend d\u00e9sormais du gouvernement am\u00e9ricain, qu\u2019il prenne de nouvelles mesures concr\u00e8tes pour encourager une r\u00e9elle participation au processus de r\u00e9solution du conflit.<\/p>\n<p>Le S\u00e9nat am\u00e9ricain a favorablement accueilli une requ\u00eate de sa commission des Affaires Ext\u00e9rieures d\u00e9pos\u00e9e en son sein le 8 septembre 2020, et appellant le gouvernement camerounais et les groupes arm\u00e9s s\u00e9paratistes \u00e0 un cessez-le-feu. La chambre haute du Congr\u00e8s am\u00e9ricain a ainsi donn\u00e9 le feu vert au gouvernement des Etats-Unis \u00e0 travers la r\u00e9solution S.Res.684, adopt\u00e9e le vendredi 1er janvier 2021.<\/p>\n<p>La commission des Affaires Ext\u00e9rieures du S\u00e9nat am\u00e9ricain a confirm\u00e9 cette nouvelle dans une d\u00e9claration publi\u00e9e sur son site internet le mardi 5 janvier 2021. Une victoire pour le pr\u00e9sident de ladite commission, Jim Risch, et le groupe de s\u00e9nateurs qui \u0153uvrent d\u2019arrache pied pour la cause anglophone au Congr\u00e8s am\u00e9ricain.<\/p>\n<p>\u00abSi le soutien bipartite manifest\u00e9 par le S\u00e9nat am\u00e9ricain exprime notre inqui\u00e9tude face \u00e0 la souffrance humaine et \u00e0 la marginalisation continue v\u00e9cue par les civils dans les r\u00e9gions anglophones du Cameroun, ce n&rsquo;est qu&rsquo;un premier pas dans le r\u00f4le que la communaut\u00e9 internationale, y compris les \u00c9tats-Unis, doit jouer en encourageant \u00e0 la fois le gouvernement du Cameroun et les groupes s\u00e9paratistes arm\u00e9s \u00e0 engager un dialogue, \u00e0 r\u00e9pondre aux dol\u00e9ances, \u00e0 mettre fin au conflit et, surtout, \u00e0 demander des comptes pour les atrocit\u00e9s qui ont \u00e9t\u00e9 commises\u00bb, lit-on dans cette d\u00e9claration.<\/p>\n<p>Le groupe de s\u00e9nateurs esp\u00e8re davantage du gouvernement am\u00e9ricain, pour mettre d\u00e9finitivement un terme au conflit. \u00abEn raison du leadership dont fait preuve le S\u00e9nat am\u00e9ricain, nous attendons avec impatience que les \u00c9tats-Unis prennent de nouvelles mesures concr\u00e8tes pour encourager une r\u00e9elle participation au processus de r\u00e9solution du conflit, afin que les populations des r\u00e9gions du Nord-Ouest et du Sud-Ouest du Cameroun puissent commencer \u00e0 se remettre de cette p\u00e9riode sombre\u00bb, ajoute-t-il.<\/p>\n<p>Les points essentiels de la r\u00e9solution nouvellement adopt\u00e9e pr\u00e9conisent de: conclure et maintenir un cessez-le-feu imm\u00e9diat; de garantir un acc\u00e8s humanitaire et une assistance sans entraves aux r\u00e9gions du Nord-Ouest et du Sud-Ouest; de faire preuve de retenue et veiller \u00e0 ce que les manifestations politiques soient pacifiques; de mettre en place un processus cr\u00e9dible pour un dialogue inclusif qui prend en compte toutes les parties prenantes concern\u00e9es pour parvenir \u00e0 une solution politique durable, qui respecte les droits et libert\u00e9s de l&rsquo;ensemble du peuple camerounais.<\/p>\n","protected":false},"excerpt":{"rendered":"<p>Africa-Press &#8211; Cameroun. En froid avec l\u2019administration Biden qui d\u00e9nonce les multiples violations des droits de l\u2019homme au Cameroun, Yaound\u00e9 se fait tout petit et se mue dans un silence inexpliqu\u00e9 depuis l\u2019expulsion d\u2019une de ses diplomates aux USA. En effet accus\u00e9 de maltraitance sur sa cousine venue vivre chez elle avec son enfant, la [&hellip;]<\/p>\n","protected":false},"author":82,"featured_media":2169,"comment_status":"open","ping_status":"closed","sticky":false,"template":"","format":"standard","meta":{"footnotes":""},"categories":[11,2,20,10],"tags":[36,50,49],"class_list":["post-2170","post","type-post","status-publish","format-standard","has-post-thumbnail","hentry","category-homepage-french","category-politique","category-top-nouvelles","category-toutes-les-actualites","tag-africa-press","tag-africa-press-cameroun","tag-cameroun"],"yoast_head":"<!-- This site is optimized with the Yoast SEO Premium plugin v26.1 (Yoast SEO v27.0) - https:\/\/yoast.com\/product\/yoast-seo-premium-wordpress\/ -->\n<title>Humiliation : silence de Yaound\u00e9 apr\u00e8s l\u2019expulsion de son diplomate aux USA - Cameroun<\/title>\n<meta name=\"description\" content=\"En froid avec l\u2019administration Biden qui d\u00e9nonce les multiples violations des droits de l\u2019homme au Cameroun, Yaound\u00e9 se ...\" \/>\n<meta name=\"robots\" content=\"index, follow, max-snippet:-1, max-image-preview:large, max-video-preview:-1\" \/>\n<link rel=\"canonical\" href=\"https:\/\/www.africa-press.net\/cameroun\/politique\/humiliation-silence-de-yaounde-apres-lexpulsion-de-son-diplomate-aux-usa\" \/>\n<meta property=\"og:locale\" content=\"fr_FR\" \/>\n<meta property=\"og:type\" content=\"article\" \/>\n<meta property=\"og:title\" content=\"Humiliation : silence de Yaound\u00e9 apr\u00e8s l\u2019expulsion de son diplomate aux USA\" \/>\n<meta property=\"og:description\" content=\"En froid avec l\u2019administration Biden qui d\u00e9nonce les multiples violations des droits de l\u2019homme au Cameroun, Yaound\u00e9 se ...\" \/>\n<meta property=\"og:url\" content=\"https:\/\/www.africa-press.net\/cameroun\/politique\/humiliation-silence-de-yaounde-apres-lexpulsion-de-son-diplomate-aux-usa\" \/>\n<meta property=\"og:site_name\" content=\"Cameroun\" \/>\n<meta property=\"article:published_time\" content=\"2021-04-08T18:39:22+00:00\" \/>\n<meta property=\"article:modified_time\" content=\"2021-04-09T00:42:33+00:00\" \/>\n<meta property=\"og:image\" content=\"https:\/\/static.africa-press.net\/cameroun\/sites\/57\/2021\/04\/img-606fa2dfdc38e.jpg\" \/>\n\t<meta property=\"og:image:width\" content=\"1200\" \/>\n\t<meta property=\"og:image:height\" content=\"801\" \/>\n\t<meta property=\"og:image:type\" content=\"image\/jpeg\" \/>\n<meta name=\"author\" content=\"cfeditorfr\" \/>\n<meta name=\"twitter:card\" content=\"summary_large_image\" \/>\n<meta name=\"twitter:label1\" content=\"\u00c9crit par\" \/>\n\t<meta name=\"twitter:data1\" content=\"cfeditorfr\" \/>\n\t<meta name=\"twitter:label2\" content=\"Dur\u00e9e de lecture estim\u00e9e\" \/>\n\t<meta name=\"twitter:data2\" content=\"3 minutes\" \/>\n<script type=\"application\/ld+json\" class=\"yoast-schema-graph\">{\"@context\":\"https:\/\/schema.org\",\"@graph\":[{\"@type\":\"Article\",\"@id\":\"https:\/\/www.africa-press.net\/cameroun\/politique\/humiliation-silence-de-yaounde-apres-lexpulsion-de-son-diplomate-aux-usa#article\",\"isPartOf\":{\"@id\":\"https:\/\/www.africa-press.net\/cameroun\/politique\/humiliation-silence-de-yaounde-apres-lexpulsion-de-son-diplomate-aux-usa\"},\"author\":{\"name\":\"cfeditorfr\",\"@id\":\"https:\/\/www.africa-press.net\/cameroun\/#\/schema\/person\/2b1cf3cd81a31e3cd26889ca66d677f1\"},\"headline\":\"Humiliation : silence de Yaound\u00e9 apr\u00e8s l\u2019expulsion de son diplomate aux USA\",\"datePublished\":\"2021-04-08T18:39:22+00:00\",\"dateModified\":\"2021-04-09T00:42:33+00:00\",\"mainEntityOfPage\":{\"@id\":\"https:\/\/www.africa-press.net\/cameroun\/politique\/humiliation-silence-de-yaounde-apres-lexpulsion-de-son-diplomate-aux-usa\"},\"wordCount\":703,\"commentCount\":0,\"image\":{\"@id\":\"https:\/\/www.africa-press.net\/cameroun\/politique\/humiliation-silence-de-yaounde-apres-lexpulsion-de-son-diplomate-aux-usa#primaryimage\"},\"thumbnailUrl\":\"https:\/\/static.africa-press.net\/cameroun\/sites\/57\/2021\/04\/img-606fa2dfdc38e.jpg\",\"keywords\":[\"Africa Press\",\"Africa Press-Cameroun\",\"Cameroun\"],\"articleSection\":[\"homepage-french\",\"Politique\",\"Top Nouvelles\",\"Toutes les actualit\u00e9s\"],\"inLanguage\":\"fr-FR\",\"potentialAction\":[{\"@type\":\"CommentAction\",\"name\":\"Comment\",\"target\":[\"https:\/\/www.africa-press.net\/cameroun\/politique\/humiliation-silence-de-yaounde-apres-lexpulsion-de-son-diplomate-aux-usa#respond\"]}]},{\"@type\":\"WebPage\",\"@id\":\"https:\/\/www.africa-press.net\/cameroun\/politique\/humiliation-silence-de-yaounde-apres-lexpulsion-de-son-diplomate-aux-usa\",\"url\":\"https:\/\/www.africa-press.net\/cameroun\/politique\/humiliation-silence-de-yaounde-apres-lexpulsion-de-son-diplomate-aux-usa\",\"name\":\"Humiliation : silence de Yaound\u00e9 apr\u00e8s l\u2019expulsion de son diplomate aux USA - Cameroun\",\"isPartOf\":{\"@id\":\"https:\/\/www.africa-press.net\/cameroun\/#website\"},\"primaryImageOfPage\":{\"@id\":\"https:\/\/www.africa-press.net\/cameroun\/politique\/humiliation-silence-de-yaounde-apres-lexpulsion-de-son-diplomate-aux-usa#primaryimage\"},\"image\":{\"@id\":\"https:\/\/www.africa-press.net\/cameroun\/politique\/humiliation-silence-de-yaounde-apres-lexpulsion-de-son-diplomate-aux-usa#primaryimage\"},\"thumbnailUrl\":\"https:\/\/static.africa-press.net\/cameroun\/sites\/57\/2021\/04\/img-606fa2dfdc38e.jpg\",\"datePublished\":\"2021-04-08T18:39:22+00:00\",\"dateModified\":\"2021-04-09T00:42:33+00:00\",\"author\":{\"@id\":\"https:\/\/www.africa-press.net\/cameroun\/#\/schema\/person\/2b1cf3cd81a31e3cd26889ca66d677f1\"},\"description\":\"En froid avec l\u2019administration Biden qui d\u00e9nonce les multiples violations des droits de l\u2019homme au Cameroun, Yaound\u00e9 se ...\",\"breadcrumb\":{\"@id\":\"https:\/\/www.africa-press.net\/cameroun\/politique\/humiliation-silence-de-yaounde-apres-lexpulsion-de-son-diplomate-aux-usa#breadcrumb\"},\"inLanguage\":\"fr-FR\",\"potentialAction\":[{\"@type\":\"ReadAction\",\"target\":[\"https:\/\/www.africa-press.net\/cameroun\/politique\/humiliation-silence-de-yaounde-apres-lexpulsion-de-son-diplomate-aux-usa\"]}]},{\"@type\":\"ImageObject\",\"inLanguage\":\"fr-FR\",\"@id\":\"https:\/\/www.africa-press.net\/cameroun\/politique\/humiliation-silence-de-yaounde-apres-lexpulsion-de-son-diplomate-aux-usa#primaryimage\",\"url\":\"https:\/\/static.africa-press.net\/cameroun\/sites\/57\/2021\/04\/img-606fa2dfdc38e.jpg\",\"contentUrl\":\"https:\/\/static.africa-press.net\/cameroun\/sites\/57\/2021\/04\/img-606fa2dfdc38e.jpg\",\"width\":1200,\"height\":801,\"caption\":\"Humiliation : silence de Yaound\u00e9 apr\u00e8s l\u2019expulsion de son diplomate aux USA\"},{\"@type\":\"BreadcrumbList\",\"@id\":\"https:\/\/www.africa-press.net\/cameroun\/politique\/humiliation-silence-de-yaounde-apres-lexpulsion-de-son-diplomate-aux-usa#breadcrumb\",\"itemListElement\":[{\"@type\":\"ListItem\",\"position\":1,\"name\":\"Accueil\",\"item\":\"https:\/\/www.africa-press.net\/cameroun\/\"},{\"@type\":\"ListItem\",\"position\":2,\"name\":\"Humiliation : silence de Yaound\u00e9 apr\u00e8s l\u2019expulsion de son diplomate aux USA\"}]},{\"@type\":\"WebSite\",\"@id\":\"https:\/\/www.africa-press.net\/cameroun\/#website\",\"url\":\"https:\/\/www.africa-press.net\/cameroun\/\",\"name\":\"Cameroun\",\"description\":\"Just another Africa News Agency Sites site\",\"potentialAction\":[{\"@type\":\"SearchAction\",\"target\":{\"@type\":\"EntryPoint\",\"urlTemplate\":\"https:\/\/www.africa-press.net\/cameroun\/?s={search_term_string}\"},\"query-input\":{\"@type\":\"PropertyValueSpecification\",\"valueRequired\":true,\"valueName\":\"search_term_string\"}}],\"inLanguage\":\"fr-FR\"},{\"@type\":\"Person\",\"@id\":\"https:\/\/www.africa-press.net\/cameroun\/#\/schema\/person\/2b1cf3cd81a31e3cd26889ca66d677f1\",\"name\":\"cfeditorfr\"}]}<\/script>\n<!-- \/ Yoast SEO Premium plugin. -->","yoast_head_json":{"title":"Humiliation : silence de Yaound\u00e9 apr\u00e8s l\u2019expulsion de son diplomate aux USA - Cameroun","description":"En froid avec l\u2019administration Biden qui d\u00e9nonce les multiples violations des droits de l\u2019homme au Cameroun, Yaound\u00e9 se ...","robots":{"index":"index","follow":"follow","max-snippet":"max-snippet:-1","max-image-preview":"max-image-preview:large","max-video-preview":"max-video-preview:-1"},"canonical":"https:\/\/www.africa-press.net\/cameroun\/politique\/humiliation-silence-de-yaounde-apres-lexpulsion-de-son-diplomate-aux-usa","og_locale":"fr_FR","og_type":"article","og_title":"Humiliation : silence de Yaound\u00e9 apr\u00e8s l\u2019expulsion de son diplomate aux USA","og_description":"En froid avec l\u2019administration Biden qui d\u00e9nonce les multiples violations des droits de l\u2019homme au Cameroun, Yaound\u00e9 se ...","og_url":"https:\/\/www.africa-press.net\/cameroun\/politique\/humiliation-silence-de-yaounde-apres-lexpulsion-de-son-diplomate-aux-usa","og_site_name":"Cameroun","article_published_time":"2021-04-08T18:39:22+00:00","article_modified_time":"2021-04-09T00:42:33+00:00","og_image":[{"width":1200,"height":801,"url":"https:\/\/static.africa-press.net\/cameroun\/sites\/57\/2021\/04\/img-606fa2dfdc38e.jpg","type":"image\/jpeg"}],"author":"cfeditorfr","twitter_card":"summary_large_image","twitter_misc":{"\u00c9crit par":"cfeditorfr","Dur\u00e9e de lecture estim\u00e9e":"3 minutes"},"schema":{"@context":"https:\/\/schema.org","@graph":[{"@type":"Article","@id":"https:\/\/www.africa-press.net\/cameroun\/politique\/humiliation-silence-de-yaounde-apres-lexpulsion-de-son-diplomate-aux-usa#article","isPartOf":{"@id":"https:\/\/www.africa-press.net\/cameroun\/politique\/humiliation-silence-de-yaounde-apres-lexpulsion-de-son-diplomate-aux-usa"},"author":{"name":"cfeditorfr","@id":"https:\/\/www.africa-press.net\/cameroun\/#\/schema\/person\/2b1cf3cd81a31e3cd26889ca66d677f1"},"headline":"Humiliation : silence de Yaound\u00e9 apr\u00e8s l\u2019expulsion de son diplomate aux USA","datePublished":"2021-04-08T18:39:22+00:00","dateModified":"2021-04-09T00:42:33+00:00","mainEntityOfPage":{"@id":"https:\/\/www.africa-press.net\/cameroun\/politique\/humiliation-silence-de-yaounde-apres-lexpulsion-de-son-diplomate-aux-usa"},"wordCount":703,"commentCount":0,"image":{"@id":"https:\/\/www.africa-press.net\/cameroun\/politique\/humiliation-silence-de-yaounde-apres-lexpulsion-de-son-diplomate-aux-usa#primaryimage"},"thumbnailUrl":"https:\/\/static.africa-press.net\/cameroun\/sites\/57\/2021\/04\/img-606fa2dfdc38e.jpg","keywords":["Africa Press","Africa Press-Cameroun","Cameroun"],"articleSection":["homepage-french","Politique","Top Nouvelles","Toutes les actualit\u00e9s"],"inLanguage":"fr-FR","potentialAction":[{"@type":"CommentAction","name":"Comment","target":["https:\/\/www.africa-press.net\/cameroun\/politique\/humiliation-silence-de-yaounde-apres-lexpulsion-de-son-diplomate-aux-usa#respond"]}]},{"@type":"WebPage","@id":"https:\/\/www.africa-press.net\/cameroun\/politique\/humiliation-silence-de-yaounde-apres-lexpulsion-de-son-diplomate-aux-usa","url":"https:\/\/www.africa-press.net\/cameroun\/politique\/humiliation-silence-de-yaounde-apres-lexpulsion-de-son-diplomate-aux-usa","name":"Humiliation : silence de Yaound\u00e9 apr\u00e8s l\u2019expulsion de son diplomate aux USA - Cameroun","isPartOf":{"@id":"https:\/\/www.africa-press.net\/cameroun\/#website"},"primaryImageOfPage":{"@id":"https:\/\/www.africa-press.net\/cameroun\/politique\/humiliation-silence-de-yaounde-apres-lexpulsion-de-son-diplomate-aux-usa#primaryimage"},"image":{"@id":"https:\/\/www.africa-press.net\/cameroun\/politique\/humiliation-silence-de-yaounde-apres-lexpulsion-de-son-diplomate-aux-usa#primaryimage"},"thumbnailUrl":"https:\/\/static.africa-press.net\/cameroun\/sites\/57\/2021\/04\/img-606fa2dfdc38e.jpg","datePublished":"2021-04-08T18:39:22+00:00","dateModified":"2021-04-09T00:42:33+00:00","author":{"@id":"https:\/\/www.africa-press.net\/cameroun\/#\/schema\/person\/2b1cf3cd81a31e3cd26889ca66d677f1"},"description":"En froid avec l\u2019administration Biden qui d\u00e9nonce les multiples violations des droits de l\u2019homme au Cameroun, Yaound\u00e9 se ...","breadcrumb":{"@id":"https:\/\/www.africa-press.net\/cameroun\/politique\/humiliation-silence-de-yaounde-apres-lexpulsion-de-son-diplomate-aux-usa#breadcrumb"},"inLanguage":"fr-FR","potentialAction":[{"@type":"ReadAction","target":["https:\/\/www.africa-press.net\/cameroun\/politique\/humiliation-silence-de-yaounde-apres-lexpulsion-de-son-diplomate-aux-usa"]}]},{"@type":"ImageObject","inLanguage":"fr-FR","@id":"https:\/\/www.africa-press.net\/cameroun\/politique\/humiliation-silence-de-yaounde-apres-lexpulsion-de-son-diplomate-aux-usa#primaryimage","url":"https:\/\/static.africa-press.net\/cameroun\/sites\/57\/2021\/04\/img-606fa2dfdc38e.jpg","contentUrl":"https:\/\/static.africa-press.net\/cameroun\/sites\/57\/2021\/04\/img-606fa2dfdc38e.jpg","width":1200,"height":801,"caption":"Humiliation : silence de Yaound\u00e9 apr\u00e8s l\u2019expulsion de son diplomate aux USA"},{"@type":"BreadcrumbList","@id":"https:\/\/www.africa-press.net\/cameroun\/politique\/humiliation-silence-de-yaounde-apres-lexpulsion-de-son-diplomate-aux-usa#breadcrumb","itemListElement":[{"@type":"ListItem","position":1,"name":"Accueil","item":"https:\/\/www.africa-press.net\/cameroun\/"},{"@type":"ListItem","position":2,"name":"Humiliation : silence de Yaound\u00e9 apr\u00e8s l\u2019expulsion de son diplomate aux USA"}]},{"@type":"WebSite","@id":"https:\/\/www.africa-press.net\/cameroun\/#website","url":"https:\/\/www.africa-press.net\/cameroun\/","name":"Cameroun","description":"Just another Africa News Agency Sites site","potentialAction":[{"@type":"SearchAction","target":{"@type":"EntryPoint","urlTemplate":"https:\/\/www.africa-press.net\/cameroun\/?s={search_term_string}"},"query-input":{"@type":"PropertyValueSpecification","valueRequired":true,"valueName":"search_term_string"}}],"inLanguage":"fr-FR"},{"@type":"Person","@id":"https:\/\/www.africa-press.net\/cameroun\/#\/schema\/person\/2b1cf3cd81a31e3cd26889ca66d677f1","name":"cfeditorfr"}]}},"_links":{"self":[{"href":"https:\/\/www.africa-press.net\/cameroun\/wp-json\/wp\/v2\/posts\/2170","targetHints":{"allow":["GET"]}}],"collection":[{"href":"https:\/\/www.africa-press.net\/cameroun\/wp-json\/wp\/v2\/posts"}],"about":[{"href":"https:\/\/www.africa-press.net\/cameroun\/wp-json\/wp\/v2\/types\/post"}],"author":[{"embeddable":true,"href":"https:\/\/www.africa-press.net\/cameroun\/wp-json\/wp\/v2\/users\/82"}],"replies":[{"embeddable":true,"href":"https:\/\/www.africa-press.net\/cameroun\/wp-json\/wp\/v2\/comments?post=2170"}],"version-history":[{"count":0,"href":"https:\/\/www.africa-press.net\/cameroun\/wp-json\/wp\/v2\/posts\/2170\/revisions"}],"wp:featuredmedia":[{"embeddable":true,"href":"https:\/\/www.africa-press.net\/cameroun\/wp-json\/wp\/v2\/media\/2169"}],"wp:attachment":[{"href":"https:\/\/www.africa-press.net\/cameroun\/wp-json\/wp\/v2\/media?parent=2170"}],"wp:term":[{"taxonomy":"category","embeddable":true,"href":"https:\/\/www.africa-press.net\/cameroun\/wp-json\/wp\/v2\/categories?post=2170"},{"taxonomy":"post_tag","embeddable":true,"href":"https:\/\/www.africa-press.net\/cameroun\/wp-json\/wp\/v2\/tags?post=2170"}],"curies":[{"name":"wp","href":"https:\/\/api.w.org\/{rel}","templated":true}]}}