{"id":2179,"date":"2021-04-08T19:01:07","date_gmt":"2021-04-08T19:01:07","guid":{"rendered":"https:\/\/www.africa-press.net\/cameroun\/politique\/lafrique-appelee-a-poursuivre-la-vaccination-contre-le-coronavirus"},"modified":"2021-04-09T00:44:18","modified_gmt":"2021-04-09T00:44:18","slug":"lafrique-appelee-a-poursuivre-la-vaccination-contre-le-coronavirus","status":"publish","type":"post","link":"https:\/\/www.africa-press.net\/cameroun\/politique\/lafrique-appelee-a-poursuivre-la-vaccination-contre-le-coronavirus","title":{"rendered":"L&rsquo;Afrique appel\u00e9e \u00e0 poursuivre la vaccination contre le coronavirus"},"content":{"rendered":"<p><span style=\"color: #ff6600\"><strong><a href=\"https:\/\/www.africa-press.net\/\">Africa-Press<\/a> &#8211; <a href=\"https:\/\/www.africa-press.net\/cameroun\">Cameroun<\/a>. <\/strong><\/span>La d\u00e9sinformation reste l\u2019adversaire principal des campagnes de vaccination contre le coronavirus. A fortiori pendant que des effets secondaires, bien que rares, de certains vaccins ont \u00e9t\u00e9 pr\u00e9sent\u00e9s.<\/p>\n<p>Aussi, le Centre africains de contr\u00f4le et de pr\u00e9vention des maladies a-t-il appel\u00e9 jeudi \u00e0 la lutte contre ces fausses informations.<\/p>\n<p>\u00ab\u00a0Nous demandons sinc\u00e8rement aux pays et aux m\u00e9dias et \u00e0 la communaut\u00e9 d\u2019unir leurs forces pour, lutter contre la d\u00e9sinformation et la diffusion de fausses informations en ce qui concerne les vaccins. Il y en a beaucoup dans les r\u00e9seaux sociaux. Et je pense que notre plus grande pr\u00e9occupation et crainte est que cela devienne le facteur pr\u00e9dominant dans cette \u00e9quation, ce qui ne profiterait \u00e0 personne.\u00a0\u00bb, souligne John Nkengasong, Directeur du Centre africain de contr\u00f4le et de pr\u00e9vention des maladies.<\/p>\n<p>D\u2019o\u00f9 la n\u00e9cessit\u00e9 pour le centre de rappeler que l&rsquo;Organisation Mondiale de la Sant\u00e9 et de nombreuses autres autorit\u00e9s sanitaires ont d\u00e9clar\u00e9 \u00e0 plusieurs reprises que le vaccin d&rsquo;AstraZeneca, tr\u00e8s utilis\u00e9 sur le continent est s\u00fbr et efficace.<\/p>\n<p>\u00ab\u00a0Les vaccins sont s\u00fbrs. Nous ne devrions pas interpr\u00e9ter ce qui se passe avec le vaccin AstraZeneca comme un \u00e9chec des vaccins, je pense que cela ne fait que souligner le fait qu\u2019ils ont mis en place en Europe et ailleurs, de solides syst\u00e8mes de surveillance pour d\u00e9tecter m\u00eame les \u00e9v\u00e9nements tr\u00e8s rares. Je pense que cela devrait \u00eatre interpr\u00e9t\u00e9 \u00e0 la lumi\u00e8re de ce qui a conduit \u00e0 l&rsquo;identification de ces faits rares.\u2019\u2019, explique John Nkengasong.<\/p>\n<p>Cette sortie fait suite aux \u00e9valuations du vaccin d&rsquo;AstraZeneca par l&rsquo;Agence europ\u00e9enne des m\u00e9dicaments, publi\u00e9es mercredi, faisant \u00e9tat d&rsquo;un lien possible entre le vaccin et des caillots sanguins rares.<\/p>\n<p>\u00ab\u00a0Rappelez-vous, vaccins plus vaccination \u00e9gale vie sauv\u00e9e et \u00e9conomie sauv\u00e9e\u00a0\u00bb a d\u00e9clar\u00e9 le directeur du centre africain de contr\u00f4le et de pr\u00e9vention des maladies \u00e0 l\u2019Union africaine.<\/p>\n","protected":false},"excerpt":{"rendered":"<p>Africa-Press &#8211; Cameroun. La d\u00e9sinformation reste l\u2019adversaire principal des campagnes de vaccination contre le coronavirus. A fortiori pendant que des effets secondaires, bien que rares, de certains vaccins ont \u00e9t\u00e9 pr\u00e9sent\u00e9s. Aussi, le Centre africains de contr\u00f4le et de pr\u00e9vention des maladies a-t-il appel\u00e9 jeudi \u00e0 la lutte contre ces fausses informations. \u00ab\u00a0Nous demandons sinc\u00e8rement [&hellip;]<\/p>\n","protected":false},"author":82,"featured_media":2178,"comment_status":"open","ping_status":"closed","sticky":false,"template":"","format":"standard","meta":{"footnotes":""},"categories":[11,2,20,10],"tags":[36,50,49],"class_list":["post-2179","post","type-post","status-publish","format-standard","has-post-thumbnail","hentry","category-homepage-french","category-politique","category-top-nouvelles","category-toutes-les-actualites","tag-africa-press","tag-africa-press-cameroun","tag-cameroun"],"yoast_head":"<!-- This site is optimized with the Yoast SEO Premium plugin v26.1 (Yoast SEO v27.0) - https:\/\/yoast.com\/product\/yoast-seo-premium-wordpress\/ -->\n<title>L&#039;Afrique appel\u00e9e \u00e0 poursuivre la vaccination contre le coronavirus - Cameroun<\/title>\n<meta name=\"description\" content=\"La d\u00e9sinformation reste l\u2019adversaire principal des campagnes de vaccination contre le coronavirus. A fortiori pendant qu ...\" \/>\n<meta name=\"robots\" content=\"index, follow, max-snippet:-1, max-image-preview:large, max-video-preview:-1\" \/>\n<link rel=\"canonical\" href=\"https:\/\/www.africa-press.net\/cameroun\/politique\/lafrique-appelee-a-poursuivre-la-vaccination-contre-le-coronavirus\" \/>\n<meta property=\"og:locale\" content=\"fr_FR\" \/>\n<meta property=\"og:type\" content=\"article\" \/>\n<meta property=\"og:title\" content=\"L&#039;Afrique appel\u00e9e \u00e0 poursuivre la vaccination contre le coronavirus\" \/>\n<meta property=\"og:description\" content=\"La d\u00e9sinformation reste l\u2019adversaire principal des campagnes de vaccination contre le coronavirus. A fortiori pendant qu ...\" \/>\n<meta property=\"og:url\" content=\"https:\/\/www.africa-press.net\/cameroun\/politique\/lafrique-appelee-a-poursuivre-la-vaccination-contre-le-coronavirus\" \/>\n<meta property=\"og:site_name\" content=\"Cameroun\" \/>\n<meta property=\"article:published_time\" content=\"2021-04-08T19:01:07+00:00\" \/>\n<meta property=\"article:modified_time\" content=\"2021-04-09T00:44:18+00:00\" \/>\n<meta property=\"og:image\" content=\"https:\/\/static.africa-press.net\/cameroun\/sites\/57\/2021\/04\/img-606fa3495b224.jpg\" \/>\n\t<meta property=\"og:image:width\" content=\"820\" \/>\n\t<meta property=\"og:image:height\" content=\"550\" \/>\n\t<meta property=\"og:image:type\" content=\"image\/jpeg\" \/>\n<meta name=\"author\" content=\"cfeditorfr\" \/>\n<meta name=\"twitter:card\" content=\"summary_large_image\" \/>\n<meta name=\"twitter:label1\" content=\"\u00c9crit par\" \/>\n\t<meta name=\"twitter:data1\" content=\"cfeditorfr\" \/>\n\t<meta name=\"twitter:label2\" content=\"Dur\u00e9e de lecture estim\u00e9e\" \/>\n\t<meta name=\"twitter:data2\" content=\"2 minutes\" \/>\n<script type=\"application\/ld+json\" class=\"yoast-schema-graph\">{\"@context\":\"https:\/\/schema.org\",\"@graph\":[{\"@type\":\"Article\",\"@id\":\"https:\/\/www.africa-press.net\/cameroun\/politique\/lafrique-appelee-a-poursuivre-la-vaccination-contre-le-coronavirus#article\",\"isPartOf\":{\"@id\":\"https:\/\/www.africa-press.net\/cameroun\/politique\/lafrique-appelee-a-poursuivre-la-vaccination-contre-le-coronavirus\"},\"author\":{\"name\":\"cfeditorfr\",\"@id\":\"https:\/\/www.africa-press.net\/cameroun\/#\/schema\/person\/2b1cf3cd81a31e3cd26889ca66d677f1\"},\"headline\":\"L&rsquo;Afrique appel\u00e9e \u00e0 poursuivre la vaccination contre le coronavirus\",\"datePublished\":\"2021-04-08T19:01:07+00:00\",\"dateModified\":\"2021-04-09T00:44:18+00:00\",\"mainEntityOfPage\":{\"@id\":\"https:\/\/www.africa-press.net\/cameroun\/politique\/lafrique-appelee-a-poursuivre-la-vaccination-contre-le-coronavirus\"},\"wordCount\":353,\"commentCount\":0,\"image\":{\"@id\":\"https:\/\/www.africa-press.net\/cameroun\/politique\/lafrique-appelee-a-poursuivre-la-vaccination-contre-le-coronavirus#primaryimage\"},\"thumbnailUrl\":\"https:\/\/static.africa-press.net\/cameroun\/sites\/57\/2021\/04\/img-606fa3495b224.jpg\",\"keywords\":[\"Africa Press\",\"Africa Press-Cameroun\",\"Cameroun\"],\"articleSection\":[\"homepage-french\",\"Politique\",\"Top Nouvelles\",\"Toutes les actualit\u00e9s\"],\"inLanguage\":\"fr-FR\",\"potentialAction\":[{\"@type\":\"CommentAction\",\"name\":\"Comment\",\"target\":[\"https:\/\/www.africa-press.net\/cameroun\/politique\/lafrique-appelee-a-poursuivre-la-vaccination-contre-le-coronavirus#respond\"]}]},{\"@type\":\"WebPage\",\"@id\":\"https:\/\/www.africa-press.net\/cameroun\/politique\/lafrique-appelee-a-poursuivre-la-vaccination-contre-le-coronavirus\",\"url\":\"https:\/\/www.africa-press.net\/cameroun\/politique\/lafrique-appelee-a-poursuivre-la-vaccination-contre-le-coronavirus\",\"name\":\"L'Afrique appel\u00e9e \u00e0 poursuivre la vaccination contre le coronavirus - Cameroun\",\"isPartOf\":{\"@id\":\"https:\/\/www.africa-press.net\/cameroun\/#website\"},\"primaryImageOfPage\":{\"@id\":\"https:\/\/www.africa-press.net\/cameroun\/politique\/lafrique-appelee-a-poursuivre-la-vaccination-contre-le-coronavirus#primaryimage\"},\"image\":{\"@id\":\"https:\/\/www.africa-press.net\/cameroun\/politique\/lafrique-appelee-a-poursuivre-la-vaccination-contre-le-coronavirus#primaryimage\"},\"thumbnailUrl\":\"https:\/\/static.africa-press.net\/cameroun\/sites\/57\/2021\/04\/img-606fa3495b224.jpg\",\"datePublished\":\"2021-04-08T19:01:07+00:00\",\"dateModified\":\"2021-04-09T00:44:18+00:00\",\"author\":{\"@id\":\"https:\/\/www.africa-press.net\/cameroun\/#\/schema\/person\/2b1cf3cd81a31e3cd26889ca66d677f1\"},\"description\":\"La d\u00e9sinformation reste l\u2019adversaire principal des campagnes de vaccination contre le coronavirus. A fortiori pendant qu ...\",\"breadcrumb\":{\"@id\":\"https:\/\/www.africa-press.net\/cameroun\/politique\/lafrique-appelee-a-poursuivre-la-vaccination-contre-le-coronavirus#breadcrumb\"},\"inLanguage\":\"fr-FR\",\"potentialAction\":[{\"@type\":\"ReadAction\",\"target\":[\"https:\/\/www.africa-press.net\/cameroun\/politique\/lafrique-appelee-a-poursuivre-la-vaccination-contre-le-coronavirus\"]}]},{\"@type\":\"ImageObject\",\"inLanguage\":\"fr-FR\",\"@id\":\"https:\/\/www.africa-press.net\/cameroun\/politique\/lafrique-appelee-a-poursuivre-la-vaccination-contre-le-coronavirus#primaryimage\",\"url\":\"https:\/\/static.africa-press.net\/cameroun\/sites\/57\/2021\/04\/img-606fa3495b224.jpg\",\"contentUrl\":\"https:\/\/static.africa-press.net\/cameroun\/sites\/57\/2021\/04\/img-606fa3495b224.jpg\",\"width\":820,\"height\":550,\"caption\":\"L'Afrique appel\u00e9e \u00e0 poursuivre la vaccination contre le coronavirus\"},{\"@type\":\"BreadcrumbList\",\"@id\":\"https:\/\/www.africa-press.net\/cameroun\/politique\/lafrique-appelee-a-poursuivre-la-vaccination-contre-le-coronavirus#breadcrumb\",\"itemListElement\":[{\"@type\":\"ListItem\",\"position\":1,\"name\":\"Accueil\",\"item\":\"https:\/\/www.africa-press.net\/cameroun\/\"},{\"@type\":\"ListItem\",\"position\":2,\"name\":\"L&#8217;Afrique appel\u00e9e \u00e0 poursuivre la vaccination contre le coronavirus\"}]},{\"@type\":\"WebSite\",\"@id\":\"https:\/\/www.africa-press.net\/cameroun\/#website\",\"url\":\"https:\/\/www.africa-press.net\/cameroun\/\",\"name\":\"Cameroun\",\"description\":\"Just another Africa News Agency Sites site\",\"potentialAction\":[{\"@type\":\"SearchAction\",\"target\":{\"@type\":\"EntryPoint\",\"urlTemplate\":\"https:\/\/www.africa-press.net\/cameroun\/?s={search_term_string}\"},\"query-input\":{\"@type\":\"PropertyValueSpecification\",\"valueRequired\":true,\"valueName\":\"search_term_string\"}}],\"inLanguage\":\"fr-FR\"},{\"@type\":\"Person\",\"@id\":\"https:\/\/www.africa-press.net\/cameroun\/#\/schema\/person\/2b1cf3cd81a31e3cd26889ca66d677f1\",\"name\":\"cfeditorfr\"}]}<\/script>\n<!-- \/ Yoast SEO Premium plugin. -->","yoast_head_json":{"title":"L'Afrique appel\u00e9e \u00e0 poursuivre la vaccination contre le coronavirus - Cameroun","description":"La d\u00e9sinformation reste l\u2019adversaire principal des campagnes de vaccination contre le coronavirus. A fortiori pendant qu ...","robots":{"index":"index","follow":"follow","max-snippet":"max-snippet:-1","max-image-preview":"max-image-preview:large","max-video-preview":"max-video-preview:-1"},"canonical":"https:\/\/www.africa-press.net\/cameroun\/politique\/lafrique-appelee-a-poursuivre-la-vaccination-contre-le-coronavirus","og_locale":"fr_FR","og_type":"article","og_title":"L'Afrique appel\u00e9e \u00e0 poursuivre la vaccination contre le coronavirus","og_description":"La d\u00e9sinformation reste l\u2019adversaire principal des campagnes de vaccination contre le coronavirus. A fortiori pendant qu ...","og_url":"https:\/\/www.africa-press.net\/cameroun\/politique\/lafrique-appelee-a-poursuivre-la-vaccination-contre-le-coronavirus","og_site_name":"Cameroun","article_published_time":"2021-04-08T19:01:07+00:00","article_modified_time":"2021-04-09T00:44:18+00:00","og_image":[{"width":820,"height":550,"url":"https:\/\/static.africa-press.net\/cameroun\/sites\/57\/2021\/04\/img-606fa3495b224.jpg","type":"image\/jpeg"}],"author":"cfeditorfr","twitter_card":"summary_large_image","twitter_misc":{"\u00c9crit par":"cfeditorfr","Dur\u00e9e de lecture estim\u00e9e":"2 minutes"},"schema":{"@context":"https:\/\/schema.org","@graph":[{"@type":"Article","@id":"https:\/\/www.africa-press.net\/cameroun\/politique\/lafrique-appelee-a-poursuivre-la-vaccination-contre-le-coronavirus#article","isPartOf":{"@id":"https:\/\/www.africa-press.net\/cameroun\/politique\/lafrique-appelee-a-poursuivre-la-vaccination-contre-le-coronavirus"},"author":{"name":"cfeditorfr","@id":"https:\/\/www.africa-press.net\/cameroun\/#\/schema\/person\/2b1cf3cd81a31e3cd26889ca66d677f1"},"headline":"L&rsquo;Afrique appel\u00e9e \u00e0 poursuivre la vaccination contre le coronavirus","datePublished":"2021-04-08T19:01:07+00:00","dateModified":"2021-04-09T00:44:18+00:00","mainEntityOfPage":{"@id":"https:\/\/www.africa-press.net\/cameroun\/politique\/lafrique-appelee-a-poursuivre-la-vaccination-contre-le-coronavirus"},"wordCount":353,"commentCount":0,"image":{"@id":"https:\/\/www.africa-press.net\/cameroun\/politique\/lafrique-appelee-a-poursuivre-la-vaccination-contre-le-coronavirus#primaryimage"},"thumbnailUrl":"https:\/\/static.africa-press.net\/cameroun\/sites\/57\/2021\/04\/img-606fa3495b224.jpg","keywords":["Africa Press","Africa Press-Cameroun","Cameroun"],"articleSection":["homepage-french","Politique","Top Nouvelles","Toutes les actualit\u00e9s"],"inLanguage":"fr-FR","potentialAction":[{"@type":"CommentAction","name":"Comment","target":["https:\/\/www.africa-press.net\/cameroun\/politique\/lafrique-appelee-a-poursuivre-la-vaccination-contre-le-coronavirus#respond"]}]},{"@type":"WebPage","@id":"https:\/\/www.africa-press.net\/cameroun\/politique\/lafrique-appelee-a-poursuivre-la-vaccination-contre-le-coronavirus","url":"https:\/\/www.africa-press.net\/cameroun\/politique\/lafrique-appelee-a-poursuivre-la-vaccination-contre-le-coronavirus","name":"L'Afrique appel\u00e9e \u00e0 poursuivre la vaccination contre le coronavirus - Cameroun","isPartOf":{"@id":"https:\/\/www.africa-press.net\/cameroun\/#website"},"primaryImageOfPage":{"@id":"https:\/\/www.africa-press.net\/cameroun\/politique\/lafrique-appelee-a-poursuivre-la-vaccination-contre-le-coronavirus#primaryimage"},"image":{"@id":"https:\/\/www.africa-press.net\/cameroun\/politique\/lafrique-appelee-a-poursuivre-la-vaccination-contre-le-coronavirus#primaryimage"},"thumbnailUrl":"https:\/\/static.africa-press.net\/cameroun\/sites\/57\/2021\/04\/img-606fa3495b224.jpg","datePublished":"2021-04-08T19:01:07+00:00","dateModified":"2021-04-09T00:44:18+00:00","author":{"@id":"https:\/\/www.africa-press.net\/cameroun\/#\/schema\/person\/2b1cf3cd81a31e3cd26889ca66d677f1"},"description":"La d\u00e9sinformation reste l\u2019adversaire principal des campagnes de vaccination contre le coronavirus. A fortiori pendant qu ...","breadcrumb":{"@id":"https:\/\/www.africa-press.net\/cameroun\/politique\/lafrique-appelee-a-poursuivre-la-vaccination-contre-le-coronavirus#breadcrumb"},"inLanguage":"fr-FR","potentialAction":[{"@type":"ReadAction","target":["https:\/\/www.africa-press.net\/cameroun\/politique\/lafrique-appelee-a-poursuivre-la-vaccination-contre-le-coronavirus"]}]},{"@type":"ImageObject","inLanguage":"fr-FR","@id":"https:\/\/www.africa-press.net\/cameroun\/politique\/lafrique-appelee-a-poursuivre-la-vaccination-contre-le-coronavirus#primaryimage","url":"https:\/\/static.africa-press.net\/cameroun\/sites\/57\/2021\/04\/img-606fa3495b224.jpg","contentUrl":"https:\/\/static.africa-press.net\/cameroun\/sites\/57\/2021\/04\/img-606fa3495b224.jpg","width":820,"height":550,"caption":"L'Afrique appel\u00e9e \u00e0 poursuivre la vaccination contre le coronavirus"},{"@type":"BreadcrumbList","@id":"https:\/\/www.africa-press.net\/cameroun\/politique\/lafrique-appelee-a-poursuivre-la-vaccination-contre-le-coronavirus#breadcrumb","itemListElement":[{"@type":"ListItem","position":1,"name":"Accueil","item":"https:\/\/www.africa-press.net\/cameroun\/"},{"@type":"ListItem","position":2,"name":"L&#8217;Afrique appel\u00e9e \u00e0 poursuivre la vaccination contre le coronavirus"}]},{"@type":"WebSite","@id":"https:\/\/www.africa-press.net\/cameroun\/#website","url":"https:\/\/www.africa-press.net\/cameroun\/","name":"Cameroun","description":"Just another Africa News Agency Sites site","potentialAction":[{"@type":"SearchAction","target":{"@type":"EntryPoint","urlTemplate":"https:\/\/www.africa-press.net\/cameroun\/?s={search_term_string}"},"query-input":{"@type":"PropertyValueSpecification","valueRequired":true,"valueName":"search_term_string"}}],"inLanguage":"fr-FR"},{"@type":"Person","@id":"https:\/\/www.africa-press.net\/cameroun\/#\/schema\/person\/2b1cf3cd81a31e3cd26889ca66d677f1","name":"cfeditorfr"}]}},"_links":{"self":[{"href":"https:\/\/www.africa-press.net\/cameroun\/wp-json\/wp\/v2\/posts\/2179","targetHints":{"allow":["GET"]}}],"collection":[{"href":"https:\/\/www.africa-press.net\/cameroun\/wp-json\/wp\/v2\/posts"}],"about":[{"href":"https:\/\/www.africa-press.net\/cameroun\/wp-json\/wp\/v2\/types\/post"}],"author":[{"embeddable":true,"href":"https:\/\/www.africa-press.net\/cameroun\/wp-json\/wp\/v2\/users\/82"}],"replies":[{"embeddable":true,"href":"https:\/\/www.africa-press.net\/cameroun\/wp-json\/wp\/v2\/comments?post=2179"}],"version-history":[{"count":0,"href":"https:\/\/www.africa-press.net\/cameroun\/wp-json\/wp\/v2\/posts\/2179\/revisions"}],"wp:featuredmedia":[{"embeddable":true,"href":"https:\/\/www.africa-press.net\/cameroun\/wp-json\/wp\/v2\/media\/2178"}],"wp:attachment":[{"href":"https:\/\/www.africa-press.net\/cameroun\/wp-json\/wp\/v2\/media?parent=2179"}],"wp:term":[{"taxonomy":"category","embeddable":true,"href":"https:\/\/www.africa-press.net\/cameroun\/wp-json\/wp\/v2\/categories?post=2179"},{"taxonomy":"post_tag","embeddable":true,"href":"https:\/\/www.africa-press.net\/cameroun\/wp-json\/wp\/v2\/tags?post=2179"}],"curies":[{"name":"wp","href":"https:\/\/api.w.org\/{rel}","templated":true}]}}