{"id":2182,"date":"2021-04-08T19:08:42","date_gmt":"2021-04-08T19:08:42","guid":{"rendered":"https:\/\/www.africa-press.net\/cameroun\/politique\/comment-sont-ils-partis-de-putschistes-a-ministres-apres-le-6-avril-1984"},"modified":"2021-04-09T00:44:53","modified_gmt":"2021-04-09T00:44:53","slug":"comment-sont-ils-partis-de-putschistes-a-ministres-apres-le-6-avril-1984","status":"publish","type":"post","link":"https:\/\/www.africa-press.net\/cameroun\/dossiers\/comment-sont-ils-partis-de-putschistes-a-ministres-apres-le-6-avril-1984","title":{"rendered":"Comment sont-ils partis de Putschistes \u00e0 ministres apr\u00e8s le 6 avril 1984?"},"content":{"rendered":"<p><span style=\"color: #ff6600\"><strong><a href=\"https:\/\/www.africa-press.net\/\">Africa-Press<\/a> &#8211; <a href=\"https:\/\/www.africa-press.net\/cameroun\">Cameroun<\/a>. <\/strong><\/span>Plusieurs ressortissants du Grand-Nord accus\u00e9s d\u2019\u00eatre en intelligence avec les mutins de 1984, ont \u00e9t\u00e9 arr\u00eat\u00e9s, envoy\u00e9s en prison, puis dont devenus soit ministres ou directeur g\u00e9n\u00e9ral apr\u00e8s.<br \/>\n\u25a0 D\u00e8s sa prestation de serment le 6 novembre 1982, le pr\u00e9sident Paul Biya, le \u00ab\u00a0nouvel homme fort\u00a0\u00bb se trouva confront\u00e9 \u00e0 une crise de succession pr\u00e9sidentielle anim\u00e9e par une tentative d\u2019instauration du bic\u00e9phalisme au sommet de l\u2019\u00c9tat<\/p>\n<p>En effet, le pr\u00e9sident AHMADOU AHIDJO pensait continuer \u00e0 g\u00e9rer le pays \u00e0 travers Paul Biya qu&rsquo;il estimait trop faible et mall\u00e9able. Confiant, il d\u00e9missionna le 04 novembre 1982 de ses fonctions de chef de l&rsquo;Etat et conserva la pr\u00e9sidence du parti l&rsquo;UNC.<br \/>\nCe dernier consid\u00e9rait que le parti \u00e9tait au-dessus de l\u2019\u00c9tat. Par cons\u00e9quent, son chef devenait d\u2019office le patron du Pr\u00e9sident de la R\u00e9publique\/Chef de l\u2019\u00c9tat<\/p>\n<p>En Mars 1983 fut organis\u00e9 un grand congr\u00e8s du parti, il y eut un conflit protocolaire sur: qui des 02 hommes, devait arriver avant l&rsquo;autre au Congr\u00e8s.<br \/>\nCertains pensaient que Biya devait arriver avant et Ahidjo en tant que chef de parti apr\u00e8s et d&rsquo;autres l&rsquo;inverse ceci soulevait un s\u00e9rieux probl\u00e8me qui d\u00e9sormais cr\u00e9a un malaise entre les 02 hommes politiques.<\/p>\n<p>De conflits de pr\u00e9s\u00e9ance protocolaire entre le pr\u00e9sident du parti unique Amadou Ahidjo et le Pr\u00e9sident de la R\u00e9publique SE PAUL BIYA, passant par des discours implicites et des d\u00e9crets portant les r\u00e9gions de 7 \u00e0 10,<br \/>\nLe pr\u00e9sident AHMADOU AHIDJO estime avoir \u00e9t\u00e9 trahit par son poulain qui veut d\u00e9sormais g\u00e9rer le pouvoir sans lui.<\/p>\n<p>Tout est alors mis en place pour une confrontation arm\u00e9e entre une partie de la Garde R\u00e9publicaine rest\u00e9e fid\u00e8le \u00e0 l\u2019ex chef d\u2019\u00e9tat et qui avait du mal \u00e0 accepter l\u2019autorit\u00e9 de l\u2019homme du 6 novembre, il se murmure d\u00e8s lors que des r\u00e9unions nocturnes appel\u00e9es \u00ab\u00a0R\u00e9unions du Lac\u00a0\u00bb(en r\u00e9f\u00e9rence au quartier du Lac o\u00f9 r\u00e9sidaient les hauts fonctionnaires de l&rsquo;Etat) se tenaient tr\u00e8s souvent pour conspirer contre le pouvoir en place.<\/p>\n<p>\u25a0 Ainsi donc, le 06 novembre 1984,<br \/>\nLes putschistes regroup\u00e9s dans un mouvement appel\u00e9 \u00ab\u00a0J\u2019OSE\u00a0\u00bb sous les ordres du colonel Ibrahim SALEH ancien commandant de la Garde R\u00e9publicaine, prirent d\u2019assaut:<br \/>\n\u25cb L\u2019a\u00e9roport,<br \/>\n\u25cb Le quartier g\u00e9n\u00e9ral,<br \/>\n\u25cb Le palais,<br \/>\nLe nom du commandant de la Garde R\u00e9publicaine, en collaboration avec quelques officiers et sous-officiers de l\u2019arm\u00e9e, est r\u00e9v\u00e9l\u00e9 plus tard.<br \/>\nLes proches du pr\u00e9sident Paul Biya sont mis aux arr\u00eats. Parmi eux, le Directeur de la S\u00e9curit\u00e9 Pr\u00e9sidentielle, le colonel Ren\u00e9 Claude MEKA, le commandant adjoint de la Garde Pr\u00e9sidentielle, le colonel Douala MASSANGO, ou encore le D\u00e9l\u00e9gu\u00e9 G\u00e9n\u00e9ral \u00e0 la S\u00fbret\u00e9 Nationale, MBARGA NGUELE.<br \/>\nL\u2019A\u00e9roport et le si\u00e8ge de la radio nationale sont aux mains des putschistes.<br \/>\nLe pr\u00e9sident Paul BIYA, quant \u00e0 lui, est gard\u00e9 quelque part au palais dans un bunker par des fid\u00e8les tels que le mar\u00e9chal de logis chef HONLONG \u00c9tienne (celui qui avait mis le palais dans le noir en laissant juste l&rsquo;\u00e9clairage du jardin).<\/p>\n<p>C\u2019est le 07 avril 1984 que dans un message radiodiffus\u00e9 le Pr\u00e9sident Paul Biya s\u2019adressera \u00e0 la nation en ces termes: \u00ab\u00a0Le calme r\u00e8gne sur toute l\u2019\u00e9tendue du territoire national&#8230;\u00a0\u00bb<\/p>\n<p>Les militaires ont repris le contr\u00f4le de la situation et le pr\u00e9sident leur rendra un vibrant hommage.<\/p>\n<p>\u25a0 Le putsch de 1984 contrairement \u00e0 ce que beaucoup veulent nous faire croire, n&rsquo;impliquaient pas que des militaires, certaines personnalit\u00e9s de la R\u00e9publique \u00e9taient accus\u00e9es d&rsquo;\u00eatre en intelligence avec ces mutins.<br \/>\nDes personnalit\u00e9s qui, apr\u00e8s interpellations, d\u00e9tentions ont \u00e9t\u00e9 graci\u00e9 par notre magnanime, paternaliste chef de l&rsquo;Etat SE Paul BIYA et par la suite reconduites aux affaires.<br \/>\nParmi ces hauts commis de l&rsquo;\u00e9tat nous avons :<\/p>\n<p>\u25cb Issa Tchiroma Bakary qui, le 09 avril 1984, fut pris en filature puis arr\u00eat\u00e9. Il fut conduit \u00e0 la Direction de la police judiciaire \u00e0 Yaound\u00e9. Puis, plac\u00e9 en d\u00e9tention provisoire \u00e0 Kondengui, ensuite transf\u00e9r\u00e9 \u00e0 la prison principale de YOKO ou il passera 06 ans. A la faveur de l\u2019amnistie du 17 janvier 1991, Issa Tchiroma est lib\u00e9r\u00e9. 01an apr\u00e8s sa lib\u00e9ration, il est nomm\u00e9 Ministre des Transports.<\/p>\n<p>\u25cb Dakol\u00e9 Da\u00efssala, alors DG de la SOTUC \u00e0 cette \u00e9poque, est interpell\u00e9 par la S\u00e9curit\u00e9 militaire (Semil), plus tard, transf\u00e9r\u00e9 \u00e0 la prison centrale de Kondengui \u00e0 Yaound\u00e9, d\u2019o\u00f9 il sera en d\u00e9finitive conduit \u00e0 la prison de production de Sa\u2019a lui aussi sera lib\u00e9r\u00e9 en 1991. Il est nomm\u00e9 Ministre d\u2019Etat charg\u00e9 des Postes et T\u00e9l\u00e9communications en 1992 soit 01an apr\u00e8s sa lib\u00e9ration<\/p>\n<p>\u25cb MARAFA HAMIDOU YAYA t\u00eate pensante de ce putsch est arr\u00eat\u00e9 et embarqu\u00e9 dans un camion contenant des mutins et leurs complices, en partance pour Mbalmayo<br \/>\nLe pr\u00e9sident Paul Biya, sensible aux suppliques de son \u00e9pouse, ordonna au ministre des Forces arm\u00e9es Gilbert ANDZ\u00c9 TSOUNGUI de l\u2019extraire du camion des mutins et remis en libert\u00e9.<br \/>\nMarafa cumulera par la suite les fonctions de chef de d\u00e9partement exploitation-production \u00e0 la soci\u00e9t\u00e9 Nationale des Hydrocarbures (SNH) du Cameroun, conseiller technique \u00e0 la (SNH) et secr\u00e9taire d\u2019Etat n\u00b02 au Minist\u00e8re des Finances tout ceci Entre 1990 et 1992.<br \/>\nEn 1992, le pr\u00e9sident Paul Biya le nomma Secr\u00e9taire G\u00e9n\u00e9ral de la Pr\u00e9sidence de la R\u00e9publique.<\/p>\n<p>\u25cb ADAMA MODI arr\u00eat\u00e9 et incarc\u00e9r\u00e9 en Avril 1984 il fut aussi lib\u00e9r\u00e9 en 1991. Apr\u00e8s sa sortie, rejoint le parti de la flamme le RDPC et sera nomm\u00e9 secr\u00e9taire d\u2019Etat au Minist\u00e8re de l\u2019Administration territoriale (Minat)<\/p>\n<p>\u25cb Amadou Vamoulk\u00e9, R\u00e9dacteur en Chef du journal Cameroun Tribune quant \u00e0 lui, fut interpell\u00e9 et appel\u00e9 \u00e0 r\u00e9pondre \u00e0 la direction de la Police judiciaire \u00e0 Yaound\u00e9. Il avait \u00e9t\u00e9 d\u00e9nonc\u00e9 par ses proches et \u00e9tait accus\u00e9 d\u2019avoir assist\u00e9 \u00e0 des r\u00e9unions secr\u00e8tes avec les putschistes.<br \/>\nAmadou Vamoulk\u00e9 avait \u00e9t\u00e9 interrog\u00e9 \u00e0 la Direction de la Police Judiciaire \u00e0 Yaound\u00e9, puis relax\u00e9 quelques heures apr\u00e8s. Apr\u00e8s sa lib\u00e9ration, il retournera \u00e0 son bureau \u00e0 la Soci\u00e9t\u00e9 de presse et d\u2019\u00e9dition du Cameroun (Sopecam), o\u00f9 il continuera d&rsquo;assumer sa fonction de r\u00e9dacteur en chef \u00e0 Cameroun Tribune.<br \/>\nLe 26 janvier 2005, sur d\u00e9cret pr\u00e9sidentiel, Amadou Vamoulk\u00e9 est nomm\u00e9 Directeur G\u00e9n\u00e9ral de la CRTV (Cameroun Radio Television)<\/p>\n<p>\u25cb NIAT NJIFENDI Marcel Directeur G\u00e9n\u00e9ral de la SONEL (Soci\u00e9t\u00e9 nationale d\u2019\u00e9lectricit\u00e9) sera d\u00e9nonc\u00e9, accus\u00e9 d\u2019avoir mis \u00e0 la disposition des mutins en d\u00e9route, le plan d\u2019\u00e9lectrification de la capitale.<br \/>\nArr\u00eat\u00e9 le 17 avril 1984 et incarc\u00e9r\u00e9 \u00e0 la prison centrale de Kondengui il y passera 08 mois et sera rel\u00e2ch\u00e9 le 08 d\u00e9cembre 1984<\/p>\n<p>Tous \u00e9taient poursuivis pour: Assassinats, tentatives d&rsquo;assassinat, destruction des biens publiques et apologie du crime<\/p>\n<p>\u25a0 Comment ne pas s&rsquo;incliner devant la bont\u00e9 de notre patriarche qui a toujours su tenir ses promesses, et n&rsquo;a jamais h\u00e9sit\u00e9 encore et encore \u00e0 tendre la main \u00e0 ses pires ennemis, ces \u00ab\u00a0vilains vizirs\u00a0\u00bb qui ont toujours r\u00eav\u00e9 d&rsquo;\u00eatre \u00ab\u00a0califes \u00e0 la place du calife\u00a0\u00bb.<\/p>\n<p>Excellence Monsieur le Pr\u00e9sident, votre loyaut\u00e9, votre fid\u00e9lit\u00e9, votre amour pour le Cameroun et les Camerounais font de vous l&rsquo;un des grands b\u00e2tisseurs de notre nation. Le peuple Camerounais se souvient et s&rsquo;en souviendra toujours. Vous appartenez d\u00e9sormais \u00e0 l&rsquo;histoire.<\/p>\n","protected":false},"excerpt":{"rendered":"<p>Africa-Press &#8211; Cameroun. Plusieurs ressortissants du Grand-Nord accus\u00e9s d\u2019\u00eatre en intelligence avec les mutins de 1984, ont \u00e9t\u00e9 arr\u00eat\u00e9s, envoy\u00e9s en prison, puis dont devenus soit ministres ou directeur g\u00e9n\u00e9ral apr\u00e8s. \u25a0 D\u00e8s sa prestation de serment le 6 novembre 1982, le pr\u00e9sident Paul Biya, le \u00ab\u00a0nouvel homme fort\u00a0\u00bb se trouva confront\u00e9 \u00e0 une crise [&hellip;]<\/p>\n","protected":false},"author":82,"featured_media":2181,"comment_status":"open","ping_status":"closed","sticky":false,"template":"","format":"standard","meta":{"footnotes":""},"categories":[7,11,10],"tags":[36,50,49],"class_list":["post-2182","post","type-post","status-publish","format-standard","has-post-thumbnail","hentry","category-dossiers","category-homepage-french","category-toutes-les-actualites","tag-africa-press","tag-africa-press-cameroun","tag-cameroun"],"yoast_head":"<!-- This site is optimized with the Yoast SEO Premium plugin v26.1 (Yoast SEO v27.0) - https:\/\/yoast.com\/product\/yoast-seo-premium-wordpress\/ -->\n<title>Comment sont-ils partis de Putschistes \u00e0 ministres apr\u00e8s le 6 avril 1984? - Cameroun<\/title>\n<meta name=\"description\" content=\"Plusieurs ressortissants du Grand-Nord accus\u00e9s d\u2019\u00eatre en intelligence avec les mutins de 1984, ont \u00e9t\u00e9 arr\u00eat\u00e9s, envoy\u00e9s ...\" \/>\n<meta name=\"robots\" content=\"index, follow, max-snippet:-1, max-image-preview:large, max-video-preview:-1\" \/>\n<link rel=\"canonical\" href=\"https:\/\/www.africa-press.net\/cameroun\/dossiers\/comment-sont-ils-partis-de-putschistes-a-ministres-apres-le-6-avril-1984\" \/>\n<meta property=\"og:locale\" content=\"fr_FR\" \/>\n<meta property=\"og:type\" content=\"article\" \/>\n<meta property=\"og:title\" content=\"Comment sont-ils partis de Putschistes \u00e0 ministres apr\u00e8s le 6 avril 1984?\" \/>\n<meta property=\"og:description\" content=\"Plusieurs ressortissants du Grand-Nord accus\u00e9s d\u2019\u00eatre en intelligence avec les mutins de 1984, ont \u00e9t\u00e9 arr\u00eat\u00e9s, envoy\u00e9s ...\" \/>\n<meta property=\"og:url\" content=\"https:\/\/www.africa-press.net\/cameroun\/dossiers\/comment-sont-ils-partis-de-putschistes-a-ministres-apres-le-6-avril-1984\" \/>\n<meta property=\"og:site_name\" content=\"Cameroun\" \/>\n<meta property=\"article:published_time\" content=\"2021-04-08T19:08:42+00:00\" \/>\n<meta property=\"article:modified_time\" content=\"2021-04-09T00:44:53+00:00\" \/>\n<meta property=\"og:image\" content=\"https:\/\/static.africa-press.net\/cameroun\/sites\/57\/2021\/04\/img-606fa36d5a722.jpg\" \/>\n\t<meta property=\"og:image:width\" content=\"720\" \/>\n\t<meta property=\"og:image:height\" content=\"435\" \/>\n\t<meta property=\"og:image:type\" content=\"image\/jpeg\" \/>\n<meta name=\"author\" content=\"cfeditorfr\" \/>\n<meta name=\"twitter:card\" content=\"summary_large_image\" \/>\n<meta name=\"twitter:label1\" content=\"\u00c9crit par\" \/>\n\t<meta name=\"twitter:data1\" content=\"cfeditorfr\" \/>\n\t<meta name=\"twitter:label2\" content=\"Dur\u00e9e de lecture estim\u00e9e\" \/>\n\t<meta name=\"twitter:data2\" content=\"6 minutes\" \/>\n<script type=\"application\/ld+json\" class=\"yoast-schema-graph\">{\"@context\":\"https:\/\/schema.org\",\"@graph\":[{\"@type\":\"Article\",\"@id\":\"https:\/\/www.africa-press.net\/cameroun\/dossiers\/comment-sont-ils-partis-de-putschistes-a-ministres-apres-le-6-avril-1984#article\",\"isPartOf\":{\"@id\":\"https:\/\/www.africa-press.net\/cameroun\/dossiers\/comment-sont-ils-partis-de-putschistes-a-ministres-apres-le-6-avril-1984\"},\"author\":{\"name\":\"cfeditorfr\",\"@id\":\"https:\/\/www.africa-press.net\/cameroun\/#\/schema\/person\/2b1cf3cd81a31e3cd26889ca66d677f1\"},\"headline\":\"Comment sont-ils partis de Putschistes \u00e0 ministres apr\u00e8s le 6 avril 1984?\",\"datePublished\":\"2021-04-08T19:08:42+00:00\",\"dateModified\":\"2021-04-09T00:44:53+00:00\",\"mainEntityOfPage\":{\"@id\":\"https:\/\/www.africa-press.net\/cameroun\/dossiers\/comment-sont-ils-partis-de-putschistes-a-ministres-apres-le-6-avril-1984\"},\"wordCount\":1283,\"commentCount\":0,\"image\":{\"@id\":\"https:\/\/www.africa-press.net\/cameroun\/dossiers\/comment-sont-ils-partis-de-putschistes-a-ministres-apres-le-6-avril-1984#primaryimage\"},\"thumbnailUrl\":\"https:\/\/static.africa-press.net\/cameroun\/sites\/57\/2021\/04\/img-606fa36d5a722.jpg\",\"keywords\":[\"Africa Press\",\"Africa Press-Cameroun\",\"Cameroun\"],\"articleSection\":[\"Dossiers\",\"homepage-french\",\"Toutes les actualit\u00e9s\"],\"inLanguage\":\"fr-FR\",\"potentialAction\":[{\"@type\":\"CommentAction\",\"name\":\"Comment\",\"target\":[\"https:\/\/www.africa-press.net\/cameroun\/dossiers\/comment-sont-ils-partis-de-putschistes-a-ministres-apres-le-6-avril-1984#respond\"]}]},{\"@type\":\"WebPage\",\"@id\":\"https:\/\/www.africa-press.net\/cameroun\/dossiers\/comment-sont-ils-partis-de-putschistes-a-ministres-apres-le-6-avril-1984\",\"url\":\"https:\/\/www.africa-press.net\/cameroun\/dossiers\/comment-sont-ils-partis-de-putschistes-a-ministres-apres-le-6-avril-1984\",\"name\":\"Comment sont-ils partis de Putschistes \u00e0 ministres apr\u00e8s le 6 avril 1984? - Cameroun\",\"isPartOf\":{\"@id\":\"https:\/\/www.africa-press.net\/cameroun\/#website\"},\"primaryImageOfPage\":{\"@id\":\"https:\/\/www.africa-press.net\/cameroun\/dossiers\/comment-sont-ils-partis-de-putschistes-a-ministres-apres-le-6-avril-1984#primaryimage\"},\"image\":{\"@id\":\"https:\/\/www.africa-press.net\/cameroun\/dossiers\/comment-sont-ils-partis-de-putschistes-a-ministres-apres-le-6-avril-1984#primaryimage\"},\"thumbnailUrl\":\"https:\/\/static.africa-press.net\/cameroun\/sites\/57\/2021\/04\/img-606fa36d5a722.jpg\",\"datePublished\":\"2021-04-08T19:08:42+00:00\",\"dateModified\":\"2021-04-09T00:44:53+00:00\",\"author\":{\"@id\":\"https:\/\/www.africa-press.net\/cameroun\/#\/schema\/person\/2b1cf3cd81a31e3cd26889ca66d677f1\"},\"description\":\"Plusieurs ressortissants du Grand-Nord accus\u00e9s d\u2019\u00eatre en intelligence avec les mutins de 1984, ont \u00e9t\u00e9 arr\u00eat\u00e9s, envoy\u00e9s ...\",\"breadcrumb\":{\"@id\":\"https:\/\/www.africa-press.net\/cameroun\/dossiers\/comment-sont-ils-partis-de-putschistes-a-ministres-apres-le-6-avril-1984#breadcrumb\"},\"inLanguage\":\"fr-FR\",\"potentialAction\":[{\"@type\":\"ReadAction\",\"target\":[\"https:\/\/www.africa-press.net\/cameroun\/dossiers\/comment-sont-ils-partis-de-putschistes-a-ministres-apres-le-6-avril-1984\"]}]},{\"@type\":\"ImageObject\",\"inLanguage\":\"fr-FR\",\"@id\":\"https:\/\/www.africa-press.net\/cameroun\/dossiers\/comment-sont-ils-partis-de-putschistes-a-ministres-apres-le-6-avril-1984#primaryimage\",\"url\":\"https:\/\/static.africa-press.net\/cameroun\/sites\/57\/2021\/04\/img-606fa36d5a722.jpg\",\"contentUrl\":\"https:\/\/static.africa-press.net\/cameroun\/sites\/57\/2021\/04\/img-606fa36d5a722.jpg\",\"width\":720,\"height\":435,\"caption\":\"Comment sont-ils partis de Putschistes \u00e0 ministres apr\u00e8s le 6 avril 1984?\"},{\"@type\":\"BreadcrumbList\",\"@id\":\"https:\/\/www.africa-press.net\/cameroun\/dossiers\/comment-sont-ils-partis-de-putschistes-a-ministres-apres-le-6-avril-1984#breadcrumb\",\"itemListElement\":[{\"@type\":\"ListItem\",\"position\":1,\"name\":\"Accueil\",\"item\":\"https:\/\/www.africa-press.net\/cameroun\/\"},{\"@type\":\"ListItem\",\"position\":2,\"name\":\"Comment sont-ils partis de Putschistes \u00e0 ministres apr\u00e8s le 6 avril 1984?\"}]},{\"@type\":\"WebSite\",\"@id\":\"https:\/\/www.africa-press.net\/cameroun\/#website\",\"url\":\"https:\/\/www.africa-press.net\/cameroun\/\",\"name\":\"Cameroun\",\"description\":\"Just another Africa News Agency Sites site\",\"potentialAction\":[{\"@type\":\"SearchAction\",\"target\":{\"@type\":\"EntryPoint\",\"urlTemplate\":\"https:\/\/www.africa-press.net\/cameroun\/?s={search_term_string}\"},\"query-input\":{\"@type\":\"PropertyValueSpecification\",\"valueRequired\":true,\"valueName\":\"search_term_string\"}}],\"inLanguage\":\"fr-FR\"},{\"@type\":\"Person\",\"@id\":\"https:\/\/www.africa-press.net\/cameroun\/#\/schema\/person\/2b1cf3cd81a31e3cd26889ca66d677f1\",\"name\":\"cfeditorfr\"}]}<\/script>\n<!-- \/ Yoast SEO Premium plugin. -->","yoast_head_json":{"title":"Comment sont-ils partis de Putschistes \u00e0 ministres apr\u00e8s le 6 avril 1984? - Cameroun","description":"Plusieurs ressortissants du Grand-Nord accus\u00e9s d\u2019\u00eatre en intelligence avec les mutins de 1984, ont \u00e9t\u00e9 arr\u00eat\u00e9s, envoy\u00e9s ...","robots":{"index":"index","follow":"follow","max-snippet":"max-snippet:-1","max-image-preview":"max-image-preview:large","max-video-preview":"max-video-preview:-1"},"canonical":"https:\/\/www.africa-press.net\/cameroun\/dossiers\/comment-sont-ils-partis-de-putschistes-a-ministres-apres-le-6-avril-1984","og_locale":"fr_FR","og_type":"article","og_title":"Comment sont-ils partis de Putschistes \u00e0 ministres apr\u00e8s le 6 avril 1984?","og_description":"Plusieurs ressortissants du Grand-Nord accus\u00e9s d\u2019\u00eatre en intelligence avec les mutins de 1984, ont \u00e9t\u00e9 arr\u00eat\u00e9s, envoy\u00e9s ...","og_url":"https:\/\/www.africa-press.net\/cameroun\/dossiers\/comment-sont-ils-partis-de-putschistes-a-ministres-apres-le-6-avril-1984","og_site_name":"Cameroun","article_published_time":"2021-04-08T19:08:42+00:00","article_modified_time":"2021-04-09T00:44:53+00:00","og_image":[{"width":720,"height":435,"url":"https:\/\/static.africa-press.net\/cameroun\/sites\/57\/2021\/04\/img-606fa36d5a722.jpg","type":"image\/jpeg"}],"author":"cfeditorfr","twitter_card":"summary_large_image","twitter_misc":{"\u00c9crit par":"cfeditorfr","Dur\u00e9e de lecture estim\u00e9e":"6 minutes"},"schema":{"@context":"https:\/\/schema.org","@graph":[{"@type":"Article","@id":"https:\/\/www.africa-press.net\/cameroun\/dossiers\/comment-sont-ils-partis-de-putschistes-a-ministres-apres-le-6-avril-1984#article","isPartOf":{"@id":"https:\/\/www.africa-press.net\/cameroun\/dossiers\/comment-sont-ils-partis-de-putschistes-a-ministres-apres-le-6-avril-1984"},"author":{"name":"cfeditorfr","@id":"https:\/\/www.africa-press.net\/cameroun\/#\/schema\/person\/2b1cf3cd81a31e3cd26889ca66d677f1"},"headline":"Comment sont-ils partis de Putschistes \u00e0 ministres apr\u00e8s le 6 avril 1984?","datePublished":"2021-04-08T19:08:42+00:00","dateModified":"2021-04-09T00:44:53+00:00","mainEntityOfPage":{"@id":"https:\/\/www.africa-press.net\/cameroun\/dossiers\/comment-sont-ils-partis-de-putschistes-a-ministres-apres-le-6-avril-1984"},"wordCount":1283,"commentCount":0,"image":{"@id":"https:\/\/www.africa-press.net\/cameroun\/dossiers\/comment-sont-ils-partis-de-putschistes-a-ministres-apres-le-6-avril-1984#primaryimage"},"thumbnailUrl":"https:\/\/static.africa-press.net\/cameroun\/sites\/57\/2021\/04\/img-606fa36d5a722.jpg","keywords":["Africa Press","Africa Press-Cameroun","Cameroun"],"articleSection":["Dossiers","homepage-french","Toutes les actualit\u00e9s"],"inLanguage":"fr-FR","potentialAction":[{"@type":"CommentAction","name":"Comment","target":["https:\/\/www.africa-press.net\/cameroun\/dossiers\/comment-sont-ils-partis-de-putschistes-a-ministres-apres-le-6-avril-1984#respond"]}]},{"@type":"WebPage","@id":"https:\/\/www.africa-press.net\/cameroun\/dossiers\/comment-sont-ils-partis-de-putschistes-a-ministres-apres-le-6-avril-1984","url":"https:\/\/www.africa-press.net\/cameroun\/dossiers\/comment-sont-ils-partis-de-putschistes-a-ministres-apres-le-6-avril-1984","name":"Comment sont-ils partis de Putschistes \u00e0 ministres apr\u00e8s le 6 avril 1984? - Cameroun","isPartOf":{"@id":"https:\/\/www.africa-press.net\/cameroun\/#website"},"primaryImageOfPage":{"@id":"https:\/\/www.africa-press.net\/cameroun\/dossiers\/comment-sont-ils-partis-de-putschistes-a-ministres-apres-le-6-avril-1984#primaryimage"},"image":{"@id":"https:\/\/www.africa-press.net\/cameroun\/dossiers\/comment-sont-ils-partis-de-putschistes-a-ministres-apres-le-6-avril-1984#primaryimage"},"thumbnailUrl":"https:\/\/static.africa-press.net\/cameroun\/sites\/57\/2021\/04\/img-606fa36d5a722.jpg","datePublished":"2021-04-08T19:08:42+00:00","dateModified":"2021-04-09T00:44:53+00:00","author":{"@id":"https:\/\/www.africa-press.net\/cameroun\/#\/schema\/person\/2b1cf3cd81a31e3cd26889ca66d677f1"},"description":"Plusieurs ressortissants du Grand-Nord accus\u00e9s d\u2019\u00eatre en intelligence avec les mutins de 1984, ont \u00e9t\u00e9 arr\u00eat\u00e9s, envoy\u00e9s ...","breadcrumb":{"@id":"https:\/\/www.africa-press.net\/cameroun\/dossiers\/comment-sont-ils-partis-de-putschistes-a-ministres-apres-le-6-avril-1984#breadcrumb"},"inLanguage":"fr-FR","potentialAction":[{"@type":"ReadAction","target":["https:\/\/www.africa-press.net\/cameroun\/dossiers\/comment-sont-ils-partis-de-putschistes-a-ministres-apres-le-6-avril-1984"]}]},{"@type":"ImageObject","inLanguage":"fr-FR","@id":"https:\/\/www.africa-press.net\/cameroun\/dossiers\/comment-sont-ils-partis-de-putschistes-a-ministres-apres-le-6-avril-1984#primaryimage","url":"https:\/\/static.africa-press.net\/cameroun\/sites\/57\/2021\/04\/img-606fa36d5a722.jpg","contentUrl":"https:\/\/static.africa-press.net\/cameroun\/sites\/57\/2021\/04\/img-606fa36d5a722.jpg","width":720,"height":435,"caption":"Comment sont-ils partis de Putschistes \u00e0 ministres apr\u00e8s le 6 avril 1984?"},{"@type":"BreadcrumbList","@id":"https:\/\/www.africa-press.net\/cameroun\/dossiers\/comment-sont-ils-partis-de-putschistes-a-ministres-apres-le-6-avril-1984#breadcrumb","itemListElement":[{"@type":"ListItem","position":1,"name":"Accueil","item":"https:\/\/www.africa-press.net\/cameroun\/"},{"@type":"ListItem","position":2,"name":"Comment sont-ils partis de Putschistes \u00e0 ministres apr\u00e8s le 6 avril 1984?"}]},{"@type":"WebSite","@id":"https:\/\/www.africa-press.net\/cameroun\/#website","url":"https:\/\/www.africa-press.net\/cameroun\/","name":"Cameroun","description":"Just another Africa News Agency Sites site","potentialAction":[{"@type":"SearchAction","target":{"@type":"EntryPoint","urlTemplate":"https:\/\/www.africa-press.net\/cameroun\/?s={search_term_string}"},"query-input":{"@type":"PropertyValueSpecification","valueRequired":true,"valueName":"search_term_string"}}],"inLanguage":"fr-FR"},{"@type":"Person","@id":"https:\/\/www.africa-press.net\/cameroun\/#\/schema\/person\/2b1cf3cd81a31e3cd26889ca66d677f1","name":"cfeditorfr"}]}},"_links":{"self":[{"href":"https:\/\/www.africa-press.net\/cameroun\/wp-json\/wp\/v2\/posts\/2182","targetHints":{"allow":["GET"]}}],"collection":[{"href":"https:\/\/www.africa-press.net\/cameroun\/wp-json\/wp\/v2\/posts"}],"about":[{"href":"https:\/\/www.africa-press.net\/cameroun\/wp-json\/wp\/v2\/types\/post"}],"author":[{"embeddable":true,"href":"https:\/\/www.africa-press.net\/cameroun\/wp-json\/wp\/v2\/users\/82"}],"replies":[{"embeddable":true,"href":"https:\/\/www.africa-press.net\/cameroun\/wp-json\/wp\/v2\/comments?post=2182"}],"version-history":[{"count":0,"href":"https:\/\/www.africa-press.net\/cameroun\/wp-json\/wp\/v2\/posts\/2182\/revisions"}],"wp:featuredmedia":[{"embeddable":true,"href":"https:\/\/www.africa-press.net\/cameroun\/wp-json\/wp\/v2\/media\/2181"}],"wp:attachment":[{"href":"https:\/\/www.africa-press.net\/cameroun\/wp-json\/wp\/v2\/media?parent=2182"}],"wp:term":[{"taxonomy":"category","embeddable":true,"href":"https:\/\/www.africa-press.net\/cameroun\/wp-json\/wp\/v2\/categories?post=2182"},{"taxonomy":"post_tag","embeddable":true,"href":"https:\/\/www.africa-press.net\/cameroun\/wp-json\/wp\/v2\/tags?post=2182"}],"curies":[{"name":"wp","href":"https:\/\/api.w.org\/{rel}","templated":true}]}}