{"id":2185,"date":"2021-04-08T19:15:18","date_gmt":"2021-04-08T19:15:18","guid":{"rendered":"https:\/\/www.africa-press.net\/cameroun\/politique\/bafoussam-la-hausse-du-prix-du-pain-attribuee-aux-boulangers-et-grossistes-vereux"},"modified":"2021-04-09T00:45:30","modified_gmt":"2021-04-09T00:45:30","slug":"bafoussam-la-hausse-du-prix-du-pain-attribuee-aux-boulangers-et-grossistes-vereux","status":"publish","type":"post","link":"https:\/\/www.africa-press.net\/cameroun\/economie\/bafoussam-la-hausse-du-prix-du-pain-attribuee-aux-boulangers-et-grossistes-vereux","title":{"rendered":"Bafoussam : la hausse du prix du pain attribu\u00e9e aux boulangers et grossistes v\u00e9reux"},"content":{"rendered":"<p><span style=\"color: #ff6600\"><strong><a href=\"https:\/\/www.africa-press.net\/\">Africa-Press<\/a> &#8211; <a href=\"https:\/\/www.africa-press.net\/cameroun\">Cameroun<\/a>. <\/strong><\/span>Le syndicat des patrons de boulangeries de l\u2019Ouest et du Nord-Ouest, ne reconna\u00eet pas avoir donn\u00e9 un quelconque mot d\u2019ordre pour l\u2019augmentation du prix de cette denr\u00e9e alimentaire tr\u00e8s consomm\u00e9e.<br \/>\nDepuis une semaine, le prix du pain a connu une hausse de 20% dans la majorit\u00e9 des points de vente de la ville de Bafoussam. Autant que les consommateurs, les patrons de boulangeries se disent surpris par cette augmentation appliqu\u00e9e par les boutiques et certaines boulangeries. \u00abNous avons suivi quelques rumeurs faisant \u00e9tat de ce que dans les quartiers, le prix du pain a chang\u00e9\u00bb, confie Jules Foula Manfouo.<\/p>\n<p>\u00abMais nous, patron de boulangeries, n\u2019avons pas ordonn\u00e9 une augmentation. Nous ne sommes pas^officiellement au courant d\u2019une augmentation du prix du pain parce que nous vendons le prix \u00e0 125 Fcfa au consommateur final, et les grossistes les prennent chez nous \u00e0 105 Fcfa pour revendre \u00e0 125 Fcfa au consommateur final\u00bb, poursuit le pr\u00e9sident du syndicat. Pour lui, cette hausse ill\u00e9gale serait non seulement une initiative des boulangeries qui \u00e9chappent \u00e0 leur contr\u00f4le, mais \u00e9galement des grossistes avides de \u2019profit.<\/p>\n<p>\u00ab N\u2019adh\u00e8rent pour le moment dans le syndicat que tr\u00e8s peu de patrons de boulangeries. Nos membres avec qui nous nous sommes concert\u00e9s n\u2019ont pas augment\u00e9 le prix du pain. Conform\u00e9ment \u00e0 la r\u00e8glementation en vigueur, nous vendons dans nos guichets le pain \u00e0 125 Fcfa, la baguette de 200 grammes. La m\u00eame baguette est livr\u00e9e au grossiste \u00e0 105 Fcfa afin de permettre que \u00e7a atteigne le consommateur final \u00e0 125 Fcfa.\u2019 Mais, il est possible que ce qui est relev\u00e9 soit caus\u00e9 par des grossistes qui veulent avoir beaucoup de profit ou de ces boulangeries que nous ne contr\u00f4lons pas\u00bb,pr\u00e9cise Jules Foula Manfouo.<\/p>\n<p>Pour autant, le principal regroupement d\u2019acteurs du secteur de la p\u00e2tisserie \u00e0 l\u2019Ouest et au Nord-Ouest n\u2019entend .pas rester les bras\u2019 crois\u00e9s suite aux agissements qui discr\u00e9ditent l\u2019ensemble des op\u00e9rateurs. Dans les prochains jours, apprend-on, \u00e0 l\u2019initiative du syndicat, une r\u00e9union avec- l\u2019ensemble des patrons de boulangeries de la R\u00e9gion de l\u2019Ouest et du Nord-Ouest est pr\u00e9vue.<\/p>\n<p>Au cours de la rencontre, renseigne sieur Manfouo, il sera abord\u00e9 la question de l\u2019harmonisation du prix de livraison. \u00abParce que tout ceci vient de la livraison du pain. Tous les guichets sont conformes au poids et au prix ; mais il se peut que dans la livraison, qu\u2019il ait des gens qui ne se conforment pas \u00e0 la r\u00e8glementation en vigueur. Lors de cette r\u00e9union, je crois que l\u2019ordre \u2019sera r\u00e9tabli\u00bb, rassure-t-il.<\/p>\n<p>En attendant, les consommateurs qui s\u2019approvisionnent pour la plupart dans les boutiques des quartiers, doivent continuer \u00e0 payer plus cher pour la baguette de pain.<\/p>\n","protected":false},"excerpt":{"rendered":"<p>Africa-Press &#8211; Cameroun. Le syndicat des patrons de boulangeries de l\u2019Ouest et du Nord-Ouest, ne reconna\u00eet pas avoir donn\u00e9 un quelconque mot d\u2019ordre pour l\u2019augmentation du prix de cette denr\u00e9e alimentaire tr\u00e8s consomm\u00e9e. Depuis une semaine, le prix du pain a connu une hausse de 20% dans la majorit\u00e9 des points de vente de la [&hellip;]<\/p>\n","protected":false},"author":82,"featured_media":2184,"comment_status":"open","ping_status":"closed","sticky":false,"template":"","format":"standard","meta":{"footnotes":""},"categories":[3,11,10],"tags":[36,50,49],"class_list":["post-2185","post","type-post","status-publish","format-standard","has-post-thumbnail","hentry","category-economie","category-homepage-french","category-toutes-les-actualites","tag-africa-press","tag-africa-press-cameroun","tag-cameroun"],"yoast_head":"<!-- This site is optimized with the Yoast SEO Premium plugin v26.1 (Yoast SEO v27.0) - https:\/\/yoast.com\/product\/yoast-seo-premium-wordpress\/ -->\n<title>Bafoussam : la hausse du prix du pain attribu\u00e9e aux boulangers et grossistes v\u00e9reux - Cameroun<\/title>\n<meta name=\"description\" content=\"Le syndicat des patrons de boulangeries de l\u2019Ouest et du Nord-Ouest, ne reconna\u00eet pas avoir donn\u00e9 un quelconque mot d\u2019or ...\" \/>\n<meta name=\"robots\" content=\"index, follow, max-snippet:-1, max-image-preview:large, max-video-preview:-1\" \/>\n<link rel=\"canonical\" href=\"https:\/\/www.africa-press.net\/cameroun\/economie\/bafoussam-la-hausse-du-prix-du-pain-attribuee-aux-boulangers-et-grossistes-vereux\" \/>\n<meta property=\"og:locale\" content=\"fr_FR\" \/>\n<meta property=\"og:type\" content=\"article\" \/>\n<meta property=\"og:title\" content=\"Bafoussam : la hausse du prix du pain attribu\u00e9e aux boulangers et grossistes v\u00e9reux\" \/>\n<meta property=\"og:description\" content=\"Le syndicat des patrons de boulangeries de l\u2019Ouest et du Nord-Ouest, ne reconna\u00eet pas avoir donn\u00e9 un quelconque mot d\u2019or ...\" \/>\n<meta property=\"og:url\" content=\"https:\/\/www.africa-press.net\/cameroun\/economie\/bafoussam-la-hausse-du-prix-du-pain-attribuee-aux-boulangers-et-grossistes-vereux\" \/>\n<meta property=\"og:site_name\" content=\"Cameroun\" \/>\n<meta property=\"article:published_time\" content=\"2021-04-08T19:15:18+00:00\" \/>\n<meta property=\"article:modified_time\" content=\"2021-04-09T00:45:30+00:00\" \/>\n<meta property=\"og:image\" content=\"https:\/\/static.africa-press.net\/cameroun\/sites\/57\/2021\/04\/img-606fa3916e746.jpg\" \/>\n\t<meta property=\"og:image:width\" content=\"720\" \/>\n\t<meta property=\"og:image:height\" content=\"360\" \/>\n\t<meta property=\"og:image:type\" content=\"image\/jpeg\" \/>\n<meta name=\"author\" content=\"cfeditorfr\" \/>\n<meta name=\"twitter:card\" content=\"summary_large_image\" \/>\n<meta name=\"twitter:label1\" content=\"\u00c9crit par\" \/>\n\t<meta name=\"twitter:data1\" content=\"cfeditorfr\" \/>\n\t<meta name=\"twitter:label2\" content=\"Dur\u00e9e de lecture estim\u00e9e\" \/>\n\t<meta name=\"twitter:data2\" content=\"2 minutes\" \/>\n<script type=\"application\/ld+json\" class=\"yoast-schema-graph\">{\"@context\":\"https:\/\/schema.org\",\"@graph\":[{\"@type\":\"Article\",\"@id\":\"https:\/\/www.africa-press.net\/cameroun\/economie\/bafoussam-la-hausse-du-prix-du-pain-attribuee-aux-boulangers-et-grossistes-vereux#article\",\"isPartOf\":{\"@id\":\"https:\/\/www.africa-press.net\/cameroun\/economie\/bafoussam-la-hausse-du-prix-du-pain-attribuee-aux-boulangers-et-grossistes-vereux\"},\"author\":{\"name\":\"cfeditorfr\",\"@id\":\"https:\/\/www.africa-press.net\/cameroun\/#\/schema\/person\/2b1cf3cd81a31e3cd26889ca66d677f1\"},\"headline\":\"Bafoussam : la hausse du prix du pain attribu\u00e9e aux boulangers et grossistes v\u00e9reux\",\"datePublished\":\"2021-04-08T19:15:18+00:00\",\"dateModified\":\"2021-04-09T00:45:30+00:00\",\"mainEntityOfPage\":{\"@id\":\"https:\/\/www.africa-press.net\/cameroun\/economie\/bafoussam-la-hausse-du-prix-du-pain-attribuee-aux-boulangers-et-grossistes-vereux\"},\"wordCount\":483,\"commentCount\":0,\"image\":{\"@id\":\"https:\/\/www.africa-press.net\/cameroun\/economie\/bafoussam-la-hausse-du-prix-du-pain-attribuee-aux-boulangers-et-grossistes-vereux#primaryimage\"},\"thumbnailUrl\":\"https:\/\/static.africa-press.net\/cameroun\/sites\/57\/2021\/04\/img-606fa3916e746.jpg\",\"keywords\":[\"Africa Press\",\"Africa Press-Cameroun\",\"Cameroun\"],\"articleSection\":[\"\u00c9conomie\",\"homepage-french\",\"Toutes les actualit\u00e9s\"],\"inLanguage\":\"fr-FR\",\"potentialAction\":[{\"@type\":\"CommentAction\",\"name\":\"Comment\",\"target\":[\"https:\/\/www.africa-press.net\/cameroun\/economie\/bafoussam-la-hausse-du-prix-du-pain-attribuee-aux-boulangers-et-grossistes-vereux#respond\"]}]},{\"@type\":\"WebPage\",\"@id\":\"https:\/\/www.africa-press.net\/cameroun\/economie\/bafoussam-la-hausse-du-prix-du-pain-attribuee-aux-boulangers-et-grossistes-vereux\",\"url\":\"https:\/\/www.africa-press.net\/cameroun\/economie\/bafoussam-la-hausse-du-prix-du-pain-attribuee-aux-boulangers-et-grossistes-vereux\",\"name\":\"Bafoussam : la hausse du prix du pain attribu\u00e9e aux boulangers et grossistes v\u00e9reux - Cameroun\",\"isPartOf\":{\"@id\":\"https:\/\/www.africa-press.net\/cameroun\/#website\"},\"primaryImageOfPage\":{\"@id\":\"https:\/\/www.africa-press.net\/cameroun\/economie\/bafoussam-la-hausse-du-prix-du-pain-attribuee-aux-boulangers-et-grossistes-vereux#primaryimage\"},\"image\":{\"@id\":\"https:\/\/www.africa-press.net\/cameroun\/economie\/bafoussam-la-hausse-du-prix-du-pain-attribuee-aux-boulangers-et-grossistes-vereux#primaryimage\"},\"thumbnailUrl\":\"https:\/\/static.africa-press.net\/cameroun\/sites\/57\/2021\/04\/img-606fa3916e746.jpg\",\"datePublished\":\"2021-04-08T19:15:18+00:00\",\"dateModified\":\"2021-04-09T00:45:30+00:00\",\"author\":{\"@id\":\"https:\/\/www.africa-press.net\/cameroun\/#\/schema\/person\/2b1cf3cd81a31e3cd26889ca66d677f1\"},\"description\":\"Le syndicat des patrons de boulangeries de l\u2019Ouest et du Nord-Ouest, ne reconna\u00eet pas avoir donn\u00e9 un quelconque mot d\u2019or ...\",\"breadcrumb\":{\"@id\":\"https:\/\/www.africa-press.net\/cameroun\/economie\/bafoussam-la-hausse-du-prix-du-pain-attribuee-aux-boulangers-et-grossistes-vereux#breadcrumb\"},\"inLanguage\":\"fr-FR\",\"potentialAction\":[{\"@type\":\"ReadAction\",\"target\":[\"https:\/\/www.africa-press.net\/cameroun\/economie\/bafoussam-la-hausse-du-prix-du-pain-attribuee-aux-boulangers-et-grossistes-vereux\"]}]},{\"@type\":\"ImageObject\",\"inLanguage\":\"fr-FR\",\"@id\":\"https:\/\/www.africa-press.net\/cameroun\/economie\/bafoussam-la-hausse-du-prix-du-pain-attribuee-aux-boulangers-et-grossistes-vereux#primaryimage\",\"url\":\"https:\/\/static.africa-press.net\/cameroun\/sites\/57\/2021\/04\/img-606fa3916e746.jpg\",\"contentUrl\":\"https:\/\/static.africa-press.net\/cameroun\/sites\/57\/2021\/04\/img-606fa3916e746.jpg\",\"width\":720,\"height\":360,\"caption\":\"Bafoussam : la hausse du prix du pain attribu\u00e9e aux boulangers et grossistes v\u00e9reux\"},{\"@type\":\"BreadcrumbList\",\"@id\":\"https:\/\/www.africa-press.net\/cameroun\/economie\/bafoussam-la-hausse-du-prix-du-pain-attribuee-aux-boulangers-et-grossistes-vereux#breadcrumb\",\"itemListElement\":[{\"@type\":\"ListItem\",\"position\":1,\"name\":\"Accueil\",\"item\":\"https:\/\/www.africa-press.net\/cameroun\/\"},{\"@type\":\"ListItem\",\"position\":2,\"name\":\"Bafoussam : la hausse du prix du pain attribu\u00e9e aux boulangers et grossistes v\u00e9reux\"}]},{\"@type\":\"WebSite\",\"@id\":\"https:\/\/www.africa-press.net\/cameroun\/#website\",\"url\":\"https:\/\/www.africa-press.net\/cameroun\/\",\"name\":\"Cameroun\",\"description\":\"Just another Africa News Agency Sites site\",\"potentialAction\":[{\"@type\":\"SearchAction\",\"target\":{\"@type\":\"EntryPoint\",\"urlTemplate\":\"https:\/\/www.africa-press.net\/cameroun\/?s={search_term_string}\"},\"query-input\":{\"@type\":\"PropertyValueSpecification\",\"valueRequired\":true,\"valueName\":\"search_term_string\"}}],\"inLanguage\":\"fr-FR\"},{\"@type\":\"Person\",\"@id\":\"https:\/\/www.africa-press.net\/cameroun\/#\/schema\/person\/2b1cf3cd81a31e3cd26889ca66d677f1\",\"name\":\"cfeditorfr\"}]}<\/script>\n<!-- \/ Yoast SEO Premium plugin. -->","yoast_head_json":{"title":"Bafoussam : la hausse du prix du pain attribu\u00e9e aux boulangers et grossistes v\u00e9reux - Cameroun","description":"Le syndicat des patrons de boulangeries de l\u2019Ouest et du Nord-Ouest, ne reconna\u00eet pas avoir donn\u00e9 un quelconque mot d\u2019or ...","robots":{"index":"index","follow":"follow","max-snippet":"max-snippet:-1","max-image-preview":"max-image-preview:large","max-video-preview":"max-video-preview:-1"},"canonical":"https:\/\/www.africa-press.net\/cameroun\/economie\/bafoussam-la-hausse-du-prix-du-pain-attribuee-aux-boulangers-et-grossistes-vereux","og_locale":"fr_FR","og_type":"article","og_title":"Bafoussam : la hausse du prix du pain attribu\u00e9e aux boulangers et grossistes v\u00e9reux","og_description":"Le syndicat des patrons de boulangeries de l\u2019Ouest et du Nord-Ouest, ne reconna\u00eet pas avoir donn\u00e9 un quelconque mot d\u2019or ...","og_url":"https:\/\/www.africa-press.net\/cameroun\/economie\/bafoussam-la-hausse-du-prix-du-pain-attribuee-aux-boulangers-et-grossistes-vereux","og_site_name":"Cameroun","article_published_time":"2021-04-08T19:15:18+00:00","article_modified_time":"2021-04-09T00:45:30+00:00","og_image":[{"width":720,"height":360,"url":"https:\/\/static.africa-press.net\/cameroun\/sites\/57\/2021\/04\/img-606fa3916e746.jpg","type":"image\/jpeg"}],"author":"cfeditorfr","twitter_card":"summary_large_image","twitter_misc":{"\u00c9crit par":"cfeditorfr","Dur\u00e9e de lecture estim\u00e9e":"2 minutes"},"schema":{"@context":"https:\/\/schema.org","@graph":[{"@type":"Article","@id":"https:\/\/www.africa-press.net\/cameroun\/economie\/bafoussam-la-hausse-du-prix-du-pain-attribuee-aux-boulangers-et-grossistes-vereux#article","isPartOf":{"@id":"https:\/\/www.africa-press.net\/cameroun\/economie\/bafoussam-la-hausse-du-prix-du-pain-attribuee-aux-boulangers-et-grossistes-vereux"},"author":{"name":"cfeditorfr","@id":"https:\/\/www.africa-press.net\/cameroun\/#\/schema\/person\/2b1cf3cd81a31e3cd26889ca66d677f1"},"headline":"Bafoussam : la hausse du prix du pain attribu\u00e9e aux boulangers et grossistes v\u00e9reux","datePublished":"2021-04-08T19:15:18+00:00","dateModified":"2021-04-09T00:45:30+00:00","mainEntityOfPage":{"@id":"https:\/\/www.africa-press.net\/cameroun\/economie\/bafoussam-la-hausse-du-prix-du-pain-attribuee-aux-boulangers-et-grossistes-vereux"},"wordCount":483,"commentCount":0,"image":{"@id":"https:\/\/www.africa-press.net\/cameroun\/economie\/bafoussam-la-hausse-du-prix-du-pain-attribuee-aux-boulangers-et-grossistes-vereux#primaryimage"},"thumbnailUrl":"https:\/\/static.africa-press.net\/cameroun\/sites\/57\/2021\/04\/img-606fa3916e746.jpg","keywords":["Africa Press","Africa Press-Cameroun","Cameroun"],"articleSection":["\u00c9conomie","homepage-french","Toutes les actualit\u00e9s"],"inLanguage":"fr-FR","potentialAction":[{"@type":"CommentAction","name":"Comment","target":["https:\/\/www.africa-press.net\/cameroun\/economie\/bafoussam-la-hausse-du-prix-du-pain-attribuee-aux-boulangers-et-grossistes-vereux#respond"]}]},{"@type":"WebPage","@id":"https:\/\/www.africa-press.net\/cameroun\/economie\/bafoussam-la-hausse-du-prix-du-pain-attribuee-aux-boulangers-et-grossistes-vereux","url":"https:\/\/www.africa-press.net\/cameroun\/economie\/bafoussam-la-hausse-du-prix-du-pain-attribuee-aux-boulangers-et-grossistes-vereux","name":"Bafoussam : la hausse du prix du pain attribu\u00e9e aux boulangers et grossistes v\u00e9reux - Cameroun","isPartOf":{"@id":"https:\/\/www.africa-press.net\/cameroun\/#website"},"primaryImageOfPage":{"@id":"https:\/\/www.africa-press.net\/cameroun\/economie\/bafoussam-la-hausse-du-prix-du-pain-attribuee-aux-boulangers-et-grossistes-vereux#primaryimage"},"image":{"@id":"https:\/\/www.africa-press.net\/cameroun\/economie\/bafoussam-la-hausse-du-prix-du-pain-attribuee-aux-boulangers-et-grossistes-vereux#primaryimage"},"thumbnailUrl":"https:\/\/static.africa-press.net\/cameroun\/sites\/57\/2021\/04\/img-606fa3916e746.jpg","datePublished":"2021-04-08T19:15:18+00:00","dateModified":"2021-04-09T00:45:30+00:00","author":{"@id":"https:\/\/www.africa-press.net\/cameroun\/#\/schema\/person\/2b1cf3cd81a31e3cd26889ca66d677f1"},"description":"Le syndicat des patrons de boulangeries de l\u2019Ouest et du Nord-Ouest, ne reconna\u00eet pas avoir donn\u00e9 un quelconque mot d\u2019or ...","breadcrumb":{"@id":"https:\/\/www.africa-press.net\/cameroun\/economie\/bafoussam-la-hausse-du-prix-du-pain-attribuee-aux-boulangers-et-grossistes-vereux#breadcrumb"},"inLanguage":"fr-FR","potentialAction":[{"@type":"ReadAction","target":["https:\/\/www.africa-press.net\/cameroun\/economie\/bafoussam-la-hausse-du-prix-du-pain-attribuee-aux-boulangers-et-grossistes-vereux"]}]},{"@type":"ImageObject","inLanguage":"fr-FR","@id":"https:\/\/www.africa-press.net\/cameroun\/economie\/bafoussam-la-hausse-du-prix-du-pain-attribuee-aux-boulangers-et-grossistes-vereux#primaryimage","url":"https:\/\/static.africa-press.net\/cameroun\/sites\/57\/2021\/04\/img-606fa3916e746.jpg","contentUrl":"https:\/\/static.africa-press.net\/cameroun\/sites\/57\/2021\/04\/img-606fa3916e746.jpg","width":720,"height":360,"caption":"Bafoussam : la hausse du prix du pain attribu\u00e9e aux boulangers et grossistes v\u00e9reux"},{"@type":"BreadcrumbList","@id":"https:\/\/www.africa-press.net\/cameroun\/economie\/bafoussam-la-hausse-du-prix-du-pain-attribuee-aux-boulangers-et-grossistes-vereux#breadcrumb","itemListElement":[{"@type":"ListItem","position":1,"name":"Accueil","item":"https:\/\/www.africa-press.net\/cameroun\/"},{"@type":"ListItem","position":2,"name":"Bafoussam : la hausse du prix du pain attribu\u00e9e aux boulangers et grossistes v\u00e9reux"}]},{"@type":"WebSite","@id":"https:\/\/www.africa-press.net\/cameroun\/#website","url":"https:\/\/www.africa-press.net\/cameroun\/","name":"Cameroun","description":"Just another Africa News Agency Sites site","potentialAction":[{"@type":"SearchAction","target":{"@type":"EntryPoint","urlTemplate":"https:\/\/www.africa-press.net\/cameroun\/?s={search_term_string}"},"query-input":{"@type":"PropertyValueSpecification","valueRequired":true,"valueName":"search_term_string"}}],"inLanguage":"fr-FR"},{"@type":"Person","@id":"https:\/\/www.africa-press.net\/cameroun\/#\/schema\/person\/2b1cf3cd81a31e3cd26889ca66d677f1","name":"cfeditorfr"}]}},"_links":{"self":[{"href":"https:\/\/www.africa-press.net\/cameroun\/wp-json\/wp\/v2\/posts\/2185","targetHints":{"allow":["GET"]}}],"collection":[{"href":"https:\/\/www.africa-press.net\/cameroun\/wp-json\/wp\/v2\/posts"}],"about":[{"href":"https:\/\/www.africa-press.net\/cameroun\/wp-json\/wp\/v2\/types\/post"}],"author":[{"embeddable":true,"href":"https:\/\/www.africa-press.net\/cameroun\/wp-json\/wp\/v2\/users\/82"}],"replies":[{"embeddable":true,"href":"https:\/\/www.africa-press.net\/cameroun\/wp-json\/wp\/v2\/comments?post=2185"}],"version-history":[{"count":0,"href":"https:\/\/www.africa-press.net\/cameroun\/wp-json\/wp\/v2\/posts\/2185\/revisions"}],"wp:featuredmedia":[{"embeddable":true,"href":"https:\/\/www.africa-press.net\/cameroun\/wp-json\/wp\/v2\/media\/2184"}],"wp:attachment":[{"href":"https:\/\/www.africa-press.net\/cameroun\/wp-json\/wp\/v2\/media?parent=2185"}],"wp:term":[{"taxonomy":"category","embeddable":true,"href":"https:\/\/www.africa-press.net\/cameroun\/wp-json\/wp\/v2\/categories?post=2185"},{"taxonomy":"post_tag","embeddable":true,"href":"https:\/\/www.africa-press.net\/cameroun\/wp-json\/wp\/v2\/tags?post=2185"}],"curies":[{"name":"wp","href":"https:\/\/api.w.org\/{rel}","templated":true}]}}