{"id":2194,"date":"2021-04-12T16:47:48","date_gmt":"2021-04-12T16:47:48","guid":{"rendered":"https:\/\/www.africa-press.net\/cameroun\/politique\/cameroun-crise-anglophone-le-nouveau-centre-de-desarmement-demobilisation-et-reintegration-de-bamenda-inaugure"},"modified":"2021-04-13T02:33:02","modified_gmt":"2021-04-13T02:33:02","slug":"cameroun-crise-anglophone-le-nouveau-centre-de-desarmement-demobilisation-et-reintegration-de-bamenda-inaugure","status":"publish","type":"post","link":"https:\/\/www.africa-press.net\/cameroun\/politique\/cameroun-crise-anglophone-le-nouveau-centre-de-desarmement-demobilisation-et-reintegration-de-bamenda-inaugure","title":{"rendered":"Cameroun &#8211; Crise anglophone: Le nouveau centre de d\u00e9sarmement, d\u00e9mobilisation et r\u00e9int\u00e9gration de Bamenda inaugur\u00e9"},"content":{"rendered":"<p><span style=\"color: #ff6600\"><strong><a href=\"https:\/\/www.africa-press.net\/\">Africa-Press<\/a> &#8211; <a href=\"https:\/\/www.africa-press.net\/cameroun\">Cameroun<\/a>. <\/strong><\/span>Le nouveau centre de D\u00e9sarmement, d\u00e9mobilisation et r\u00e9int\u00e9gration (DDR) a \u00e9t\u00e9 inaugur\u00e9 le 10 avril 2021. C\u2019\u00e9tait en pr\u00e9sence de Fa\u00ef Yengo Francis, coordonnateur du Comit\u00e9 national de d\u00e9sarmement, de d\u00e9mobilisation et de r\u00e9int\u00e9gration (CNDDR), qu\u2019assistaient les autorit\u00e9s administratives de la ville et \u00e9lites du Nord-Ouest, parmi lesquelles l\u2019ancien Premier ministre, Phil\u00e9mon Yang.<\/p>\n<p>Situ\u00e9 dans l\u2019arrondissement de Bafut, non loin de Bamenda, le nouveau centre DDR est b\u00e2ti sur une superficie de 23 ha. Il comprend 6 dortoirs de 80 lits chacun, 2 grands ateliers d\u2019apprentissage, six r\u00e9sidences, un r\u00e9fectoire de plus de 1000 places, deux blocs toilettes, une infirmerie, une dizaine de b\u00e2timents abritant d\u2019autres services d\u2019accompagnement et un complexe polyvalent de sports. Il a co\u00fbt\u00e9 \u00e0 l\u2019Etat et ses partenaires, 1,2 milliard de FCFA. Le complexe polyvalent ultramoderne a une capacit\u00e9 d\u2019accueil de plus de 1000 pensionnaires et jouit d\u2019une autonomie en eau et en \u00e9nergie. Il attend d\u2019\u00eatre \u00e9quip\u00e9 pour accueillir ses premiers occupants.<\/p>\n<p>Fa\u00ef Yengo Francis a indiqu\u00e9 chez nos confr\u00e8res de la Crtv, que les futurs pensionnaires du centre vont appr\u00e9cier ce geste du chef de l\u2019Etat \u00e0 leur endroit, puisqu\u2019ils seront les seuls \u00e0 en b\u00e9n\u00e9ficier. Son inauguration s\u2019inscrit dans la dynamique de l\u2019Etat de construire trois nouveaux centres DDR dans le Sud-Ouest, le Nord-Ouest et l&rsquo;Extr\u00eame-Nord.<\/p>\n<p>Cr\u00e9\u00e9 en 2018 par le pr\u00e9sident Paul Biya, le CNDDR vise \u00e0 donner une seconde chance aux jeunes enr\u00f4l\u00e9s dans les groupes arm\u00e9s. D\u2019apr\u00e8s le coordonnateur du CNDDR, les trois centres du CNDDR comptaient en novembre 2020, 500 ex-combattants de Boko Haram et anciens membres de milices s\u00e9paratistes en cours de r\u00e9insertion.<\/p>\n","protected":false},"excerpt":{"rendered":"<p>Africa-Press &#8211; Cameroun. Le nouveau centre de D\u00e9sarmement, d\u00e9mobilisation et r\u00e9int\u00e9gration (DDR) a \u00e9t\u00e9 inaugur\u00e9 le 10 avril 2021. C\u2019\u00e9tait en pr\u00e9sence de Fa\u00ef Yengo Francis, coordonnateur du Comit\u00e9 national de d\u00e9sarmement, de d\u00e9mobilisation et de r\u00e9int\u00e9gration (CNDDR), qu\u2019assistaient les autorit\u00e9s administratives de la ville et \u00e9lites du Nord-Ouest, parmi lesquelles l\u2019ancien Premier ministre, Phil\u00e9mon [&hellip;]<\/p>\n","protected":false},"author":82,"featured_media":2193,"comment_status":"open","ping_status":"closed","sticky":false,"template":"","format":"standard","meta":{"footnotes":""},"categories":[11,2,10],"tags":[36,50,49],"class_list":["post-2194","post","type-post","status-publish","format-standard","has-post-thumbnail","hentry","category-homepage-french","category-politique","category-toutes-les-actualites","tag-africa-press","tag-africa-press-cameroun","tag-cameroun"],"yoast_head":"<!-- This site is optimized with the Yoast SEO Premium plugin v26.1 (Yoast SEO v27.0) - https:\/\/yoast.com\/product\/yoast-seo-premium-wordpress\/ -->\n<title>Cameroun - Crise anglophone: Le nouveau centre de d\u00e9sarmement, d\u00e9mobilisation et r\u00e9int\u00e9gration de Bamenda inaugur\u00e9 - Cameroun<\/title>\n<meta name=\"description\" content=\"Le nouveau centre de D\u00e9sarmement, d\u00e9mobilisation et r\u00e9int\u00e9gration (DDR) a \u00e9t\u00e9 inaugur\u00e9 le 10 avril 2021. C\u2019\u00e9tait en pr\u00e9s ...\" \/>\n<meta name=\"robots\" content=\"index, follow, max-snippet:-1, max-image-preview:large, max-video-preview:-1\" \/>\n<link rel=\"canonical\" href=\"https:\/\/www.africa-press.net\/cameroun\/politique\/cameroun-crise-anglophone-le-nouveau-centre-de-desarmement-demobilisation-et-reintegration-de-bamenda-inaugure\" \/>\n<meta property=\"og:locale\" content=\"fr_FR\" \/>\n<meta property=\"og:type\" content=\"article\" \/>\n<meta property=\"og:title\" content=\"Cameroun - Crise anglophone: Le nouveau centre de d\u00e9sarmement, d\u00e9mobilisation et r\u00e9int\u00e9gration de Bamenda inaugur\u00e9\" \/>\n<meta property=\"og:description\" content=\"Le nouveau centre de D\u00e9sarmement, d\u00e9mobilisation et r\u00e9int\u00e9gration (DDR) a \u00e9t\u00e9 inaugur\u00e9 le 10 avril 2021. C\u2019\u00e9tait en pr\u00e9s ...\" \/>\n<meta property=\"og:url\" content=\"https:\/\/www.africa-press.net\/cameroun\/politique\/cameroun-crise-anglophone-le-nouveau-centre-de-desarmement-demobilisation-et-reintegration-de-bamenda-inaugure\" \/>\n<meta property=\"og:site_name\" content=\"Cameroun\" \/>\n<meta property=\"article:published_time\" content=\"2021-04-12T16:47:48+00:00\" \/>\n<meta property=\"article:modified_time\" content=\"2021-04-13T02:33:02+00:00\" \/>\n<meta property=\"og:image\" content=\"https:\/\/static.africa-press.net\/cameroun\/sites\/57\/2021\/04\/img-607502c2654ba.jpg\" \/>\n\t<meta property=\"og:image:width\" content=\"800\" \/>\n\t<meta property=\"og:image:height\" content=\"586\" \/>\n\t<meta property=\"og:image:type\" content=\"image\/jpeg\" \/>\n<meta name=\"author\" content=\"cfeditorfr\" \/>\n<meta name=\"twitter:card\" content=\"summary_large_image\" \/>\n<meta name=\"twitter:label1\" content=\"\u00c9crit par\" \/>\n\t<meta name=\"twitter:data1\" content=\"cfeditorfr\" \/>\n\t<meta name=\"twitter:label2\" content=\"Dur\u00e9e de lecture estim\u00e9e\" \/>\n\t<meta name=\"twitter:data2\" content=\"1 minute\" \/>\n<script type=\"application\/ld+json\" class=\"yoast-schema-graph\">{\"@context\":\"https:\/\/schema.org\",\"@graph\":[{\"@type\":\"Article\",\"@id\":\"https:\/\/www.africa-press.net\/cameroun\/politique\/cameroun-crise-anglophone-le-nouveau-centre-de-desarmement-demobilisation-et-reintegration-de-bamenda-inaugure#article\",\"isPartOf\":{\"@id\":\"https:\/\/www.africa-press.net\/cameroun\/politique\/cameroun-crise-anglophone-le-nouveau-centre-de-desarmement-demobilisation-et-reintegration-de-bamenda-inaugure\"},\"author\":{\"name\":\"cfeditorfr\",\"@id\":\"https:\/\/www.africa-press.net\/cameroun\/#\/schema\/person\/2b1cf3cd81a31e3cd26889ca66d677f1\"},\"headline\":\"Cameroun &#8211; Crise anglophone: Le nouveau centre de d\u00e9sarmement, d\u00e9mobilisation et r\u00e9int\u00e9gration de Bamenda inaugur\u00e9\",\"datePublished\":\"2021-04-12T16:47:48+00:00\",\"dateModified\":\"2021-04-13T02:33:02+00:00\",\"mainEntityOfPage\":{\"@id\":\"https:\/\/www.africa-press.net\/cameroun\/politique\/cameroun-crise-anglophone-le-nouveau-centre-de-desarmement-demobilisation-et-reintegration-de-bamenda-inaugure\"},\"wordCount\":316,\"commentCount\":0,\"image\":{\"@id\":\"https:\/\/www.africa-press.net\/cameroun\/politique\/cameroun-crise-anglophone-le-nouveau-centre-de-desarmement-demobilisation-et-reintegration-de-bamenda-inaugure#primaryimage\"},\"thumbnailUrl\":\"https:\/\/static.africa-press.net\/cameroun\/sites\/57\/2021\/04\/img-607502c2654ba.jpg\",\"keywords\":[\"Africa Press\",\"Africa Press-Cameroun\",\"Cameroun\"],\"articleSection\":[\"homepage-french\",\"Politique\",\"Toutes les actualit\u00e9s\"],\"inLanguage\":\"fr-FR\",\"potentialAction\":[{\"@type\":\"CommentAction\",\"name\":\"Comment\",\"target\":[\"https:\/\/www.africa-press.net\/cameroun\/politique\/cameroun-crise-anglophone-le-nouveau-centre-de-desarmement-demobilisation-et-reintegration-de-bamenda-inaugure#respond\"]}]},{\"@type\":\"WebPage\",\"@id\":\"https:\/\/www.africa-press.net\/cameroun\/politique\/cameroun-crise-anglophone-le-nouveau-centre-de-desarmement-demobilisation-et-reintegration-de-bamenda-inaugure\",\"url\":\"https:\/\/www.africa-press.net\/cameroun\/politique\/cameroun-crise-anglophone-le-nouveau-centre-de-desarmement-demobilisation-et-reintegration-de-bamenda-inaugure\",\"name\":\"Cameroun - Crise anglophone: Le nouveau centre de d\u00e9sarmement, d\u00e9mobilisation et r\u00e9int\u00e9gration de Bamenda inaugur\u00e9 - Cameroun\",\"isPartOf\":{\"@id\":\"https:\/\/www.africa-press.net\/cameroun\/#website\"},\"primaryImageOfPage\":{\"@id\":\"https:\/\/www.africa-press.net\/cameroun\/politique\/cameroun-crise-anglophone-le-nouveau-centre-de-desarmement-demobilisation-et-reintegration-de-bamenda-inaugure#primaryimage\"},\"image\":{\"@id\":\"https:\/\/www.africa-press.net\/cameroun\/politique\/cameroun-crise-anglophone-le-nouveau-centre-de-desarmement-demobilisation-et-reintegration-de-bamenda-inaugure#primaryimage\"},\"thumbnailUrl\":\"https:\/\/static.africa-press.net\/cameroun\/sites\/57\/2021\/04\/img-607502c2654ba.jpg\",\"datePublished\":\"2021-04-12T16:47:48+00:00\",\"dateModified\":\"2021-04-13T02:33:02+00:00\",\"author\":{\"@id\":\"https:\/\/www.africa-press.net\/cameroun\/#\/schema\/person\/2b1cf3cd81a31e3cd26889ca66d677f1\"},\"description\":\"Le nouveau centre de D\u00e9sarmement, d\u00e9mobilisation et r\u00e9int\u00e9gration (DDR) a \u00e9t\u00e9 inaugur\u00e9 le 10 avril 2021. C\u2019\u00e9tait en pr\u00e9s ...\",\"breadcrumb\":{\"@id\":\"https:\/\/www.africa-press.net\/cameroun\/politique\/cameroun-crise-anglophone-le-nouveau-centre-de-desarmement-demobilisation-et-reintegration-de-bamenda-inaugure#breadcrumb\"},\"inLanguage\":\"fr-FR\",\"potentialAction\":[{\"@type\":\"ReadAction\",\"target\":[\"https:\/\/www.africa-press.net\/cameroun\/politique\/cameroun-crise-anglophone-le-nouveau-centre-de-desarmement-demobilisation-et-reintegration-de-bamenda-inaugure\"]}]},{\"@type\":\"ImageObject\",\"inLanguage\":\"fr-FR\",\"@id\":\"https:\/\/www.africa-press.net\/cameroun\/politique\/cameroun-crise-anglophone-le-nouveau-centre-de-desarmement-demobilisation-et-reintegration-de-bamenda-inaugure#primaryimage\",\"url\":\"https:\/\/static.africa-press.net\/cameroun\/sites\/57\/2021\/04\/img-607502c2654ba.jpg\",\"contentUrl\":\"https:\/\/static.africa-press.net\/cameroun\/sites\/57\/2021\/04\/img-607502c2654ba.jpg\",\"width\":800,\"height\":586,\"caption\":\"Cameroun - Crise anglophone: Le nouveau centre de d\u00e9sarmement, d\u00e9mobilisation et r\u00e9int\u00e9gration de Bamenda inaugur\u00e9\"},{\"@type\":\"BreadcrumbList\",\"@id\":\"https:\/\/www.africa-press.net\/cameroun\/politique\/cameroun-crise-anglophone-le-nouveau-centre-de-desarmement-demobilisation-et-reintegration-de-bamenda-inaugure#breadcrumb\",\"itemListElement\":[{\"@type\":\"ListItem\",\"position\":1,\"name\":\"Accueil\",\"item\":\"https:\/\/www.africa-press.net\/cameroun\/\"},{\"@type\":\"ListItem\",\"position\":2,\"name\":\"Cameroun &#8211; Crise anglophone: Le nouveau centre de d\u00e9sarmement, d\u00e9mobilisation et r\u00e9int\u00e9gration de Bamenda inaugur\u00e9\"}]},{\"@type\":\"WebSite\",\"@id\":\"https:\/\/www.africa-press.net\/cameroun\/#website\",\"url\":\"https:\/\/www.africa-press.net\/cameroun\/\",\"name\":\"Cameroun\",\"description\":\"Just another Africa News Agency Sites site\",\"potentialAction\":[{\"@type\":\"SearchAction\",\"target\":{\"@type\":\"EntryPoint\",\"urlTemplate\":\"https:\/\/www.africa-press.net\/cameroun\/?s={search_term_string}\"},\"query-input\":{\"@type\":\"PropertyValueSpecification\",\"valueRequired\":true,\"valueName\":\"search_term_string\"}}],\"inLanguage\":\"fr-FR\"},{\"@type\":\"Person\",\"@id\":\"https:\/\/www.africa-press.net\/cameroun\/#\/schema\/person\/2b1cf3cd81a31e3cd26889ca66d677f1\",\"name\":\"cfeditorfr\"}]}<\/script>\n<!-- \/ Yoast SEO Premium plugin. -->","yoast_head_json":{"title":"Cameroun - Crise anglophone: Le nouveau centre de d\u00e9sarmement, d\u00e9mobilisation et r\u00e9int\u00e9gration de Bamenda inaugur\u00e9 - Cameroun","description":"Le nouveau centre de D\u00e9sarmement, d\u00e9mobilisation et r\u00e9int\u00e9gration (DDR) a \u00e9t\u00e9 inaugur\u00e9 le 10 avril 2021. C\u2019\u00e9tait en pr\u00e9s ...","robots":{"index":"index","follow":"follow","max-snippet":"max-snippet:-1","max-image-preview":"max-image-preview:large","max-video-preview":"max-video-preview:-1"},"canonical":"https:\/\/www.africa-press.net\/cameroun\/politique\/cameroun-crise-anglophone-le-nouveau-centre-de-desarmement-demobilisation-et-reintegration-de-bamenda-inaugure","og_locale":"fr_FR","og_type":"article","og_title":"Cameroun - Crise anglophone: Le nouveau centre de d\u00e9sarmement, d\u00e9mobilisation et r\u00e9int\u00e9gration de Bamenda inaugur\u00e9","og_description":"Le nouveau centre de D\u00e9sarmement, d\u00e9mobilisation et r\u00e9int\u00e9gration (DDR) a \u00e9t\u00e9 inaugur\u00e9 le 10 avril 2021. C\u2019\u00e9tait en pr\u00e9s ...","og_url":"https:\/\/www.africa-press.net\/cameroun\/politique\/cameroun-crise-anglophone-le-nouveau-centre-de-desarmement-demobilisation-et-reintegration-de-bamenda-inaugure","og_site_name":"Cameroun","article_published_time":"2021-04-12T16:47:48+00:00","article_modified_time":"2021-04-13T02:33:02+00:00","og_image":[{"width":800,"height":586,"url":"https:\/\/static.africa-press.net\/cameroun\/sites\/57\/2021\/04\/img-607502c2654ba.jpg","type":"image\/jpeg"}],"author":"cfeditorfr","twitter_card":"summary_large_image","twitter_misc":{"\u00c9crit par":"cfeditorfr","Dur\u00e9e de lecture estim\u00e9e":"1 minute"},"schema":{"@context":"https:\/\/schema.org","@graph":[{"@type":"Article","@id":"https:\/\/www.africa-press.net\/cameroun\/politique\/cameroun-crise-anglophone-le-nouveau-centre-de-desarmement-demobilisation-et-reintegration-de-bamenda-inaugure#article","isPartOf":{"@id":"https:\/\/www.africa-press.net\/cameroun\/politique\/cameroun-crise-anglophone-le-nouveau-centre-de-desarmement-demobilisation-et-reintegration-de-bamenda-inaugure"},"author":{"name":"cfeditorfr","@id":"https:\/\/www.africa-press.net\/cameroun\/#\/schema\/person\/2b1cf3cd81a31e3cd26889ca66d677f1"},"headline":"Cameroun &#8211; Crise anglophone: Le nouveau centre de d\u00e9sarmement, d\u00e9mobilisation et r\u00e9int\u00e9gration de Bamenda inaugur\u00e9","datePublished":"2021-04-12T16:47:48+00:00","dateModified":"2021-04-13T02:33:02+00:00","mainEntityOfPage":{"@id":"https:\/\/www.africa-press.net\/cameroun\/politique\/cameroun-crise-anglophone-le-nouveau-centre-de-desarmement-demobilisation-et-reintegration-de-bamenda-inaugure"},"wordCount":316,"commentCount":0,"image":{"@id":"https:\/\/www.africa-press.net\/cameroun\/politique\/cameroun-crise-anglophone-le-nouveau-centre-de-desarmement-demobilisation-et-reintegration-de-bamenda-inaugure#primaryimage"},"thumbnailUrl":"https:\/\/static.africa-press.net\/cameroun\/sites\/57\/2021\/04\/img-607502c2654ba.jpg","keywords":["Africa Press","Africa Press-Cameroun","Cameroun"],"articleSection":["homepage-french","Politique","Toutes les actualit\u00e9s"],"inLanguage":"fr-FR","potentialAction":[{"@type":"CommentAction","name":"Comment","target":["https:\/\/www.africa-press.net\/cameroun\/politique\/cameroun-crise-anglophone-le-nouveau-centre-de-desarmement-demobilisation-et-reintegration-de-bamenda-inaugure#respond"]}]},{"@type":"WebPage","@id":"https:\/\/www.africa-press.net\/cameroun\/politique\/cameroun-crise-anglophone-le-nouveau-centre-de-desarmement-demobilisation-et-reintegration-de-bamenda-inaugure","url":"https:\/\/www.africa-press.net\/cameroun\/politique\/cameroun-crise-anglophone-le-nouveau-centre-de-desarmement-demobilisation-et-reintegration-de-bamenda-inaugure","name":"Cameroun - Crise anglophone: Le nouveau centre de d\u00e9sarmement, d\u00e9mobilisation et r\u00e9int\u00e9gration de Bamenda inaugur\u00e9 - Cameroun","isPartOf":{"@id":"https:\/\/www.africa-press.net\/cameroun\/#website"},"primaryImageOfPage":{"@id":"https:\/\/www.africa-press.net\/cameroun\/politique\/cameroun-crise-anglophone-le-nouveau-centre-de-desarmement-demobilisation-et-reintegration-de-bamenda-inaugure#primaryimage"},"image":{"@id":"https:\/\/www.africa-press.net\/cameroun\/politique\/cameroun-crise-anglophone-le-nouveau-centre-de-desarmement-demobilisation-et-reintegration-de-bamenda-inaugure#primaryimage"},"thumbnailUrl":"https:\/\/static.africa-press.net\/cameroun\/sites\/57\/2021\/04\/img-607502c2654ba.jpg","datePublished":"2021-04-12T16:47:48+00:00","dateModified":"2021-04-13T02:33:02+00:00","author":{"@id":"https:\/\/www.africa-press.net\/cameroun\/#\/schema\/person\/2b1cf3cd81a31e3cd26889ca66d677f1"},"description":"Le nouveau centre de D\u00e9sarmement, d\u00e9mobilisation et r\u00e9int\u00e9gration (DDR) a \u00e9t\u00e9 inaugur\u00e9 le 10 avril 2021. C\u2019\u00e9tait en pr\u00e9s ...","breadcrumb":{"@id":"https:\/\/www.africa-press.net\/cameroun\/politique\/cameroun-crise-anglophone-le-nouveau-centre-de-desarmement-demobilisation-et-reintegration-de-bamenda-inaugure#breadcrumb"},"inLanguage":"fr-FR","potentialAction":[{"@type":"ReadAction","target":["https:\/\/www.africa-press.net\/cameroun\/politique\/cameroun-crise-anglophone-le-nouveau-centre-de-desarmement-demobilisation-et-reintegration-de-bamenda-inaugure"]}]},{"@type":"ImageObject","inLanguage":"fr-FR","@id":"https:\/\/www.africa-press.net\/cameroun\/politique\/cameroun-crise-anglophone-le-nouveau-centre-de-desarmement-demobilisation-et-reintegration-de-bamenda-inaugure#primaryimage","url":"https:\/\/static.africa-press.net\/cameroun\/sites\/57\/2021\/04\/img-607502c2654ba.jpg","contentUrl":"https:\/\/static.africa-press.net\/cameroun\/sites\/57\/2021\/04\/img-607502c2654ba.jpg","width":800,"height":586,"caption":"Cameroun - Crise anglophone: Le nouveau centre de d\u00e9sarmement, d\u00e9mobilisation et r\u00e9int\u00e9gration de Bamenda inaugur\u00e9"},{"@type":"BreadcrumbList","@id":"https:\/\/www.africa-press.net\/cameroun\/politique\/cameroun-crise-anglophone-le-nouveau-centre-de-desarmement-demobilisation-et-reintegration-de-bamenda-inaugure#breadcrumb","itemListElement":[{"@type":"ListItem","position":1,"name":"Accueil","item":"https:\/\/www.africa-press.net\/cameroun\/"},{"@type":"ListItem","position":2,"name":"Cameroun &#8211; Crise anglophone: Le nouveau centre de d\u00e9sarmement, d\u00e9mobilisation et r\u00e9int\u00e9gration de Bamenda inaugur\u00e9"}]},{"@type":"WebSite","@id":"https:\/\/www.africa-press.net\/cameroun\/#website","url":"https:\/\/www.africa-press.net\/cameroun\/","name":"Cameroun","description":"Just another Africa News Agency Sites site","potentialAction":[{"@type":"SearchAction","target":{"@type":"EntryPoint","urlTemplate":"https:\/\/www.africa-press.net\/cameroun\/?s={search_term_string}"},"query-input":{"@type":"PropertyValueSpecification","valueRequired":true,"valueName":"search_term_string"}}],"inLanguage":"fr-FR"},{"@type":"Person","@id":"https:\/\/www.africa-press.net\/cameroun\/#\/schema\/person\/2b1cf3cd81a31e3cd26889ca66d677f1","name":"cfeditorfr"}]}},"_links":{"self":[{"href":"https:\/\/www.africa-press.net\/cameroun\/wp-json\/wp\/v2\/posts\/2194","targetHints":{"allow":["GET"]}}],"collection":[{"href":"https:\/\/www.africa-press.net\/cameroun\/wp-json\/wp\/v2\/posts"}],"about":[{"href":"https:\/\/www.africa-press.net\/cameroun\/wp-json\/wp\/v2\/types\/post"}],"author":[{"embeddable":true,"href":"https:\/\/www.africa-press.net\/cameroun\/wp-json\/wp\/v2\/users\/82"}],"replies":[{"embeddable":true,"href":"https:\/\/www.africa-press.net\/cameroun\/wp-json\/wp\/v2\/comments?post=2194"}],"version-history":[{"count":0,"href":"https:\/\/www.africa-press.net\/cameroun\/wp-json\/wp\/v2\/posts\/2194\/revisions"}],"wp:featuredmedia":[{"embeddable":true,"href":"https:\/\/www.africa-press.net\/cameroun\/wp-json\/wp\/v2\/media\/2193"}],"wp:attachment":[{"href":"https:\/\/www.africa-press.net\/cameroun\/wp-json\/wp\/v2\/media?parent=2194"}],"wp:term":[{"taxonomy":"category","embeddable":true,"href":"https:\/\/www.africa-press.net\/cameroun\/wp-json\/wp\/v2\/categories?post=2194"},{"taxonomy":"post_tag","embeddable":true,"href":"https:\/\/www.africa-press.net\/cameroun\/wp-json\/wp\/v2\/tags?post=2194"}],"curies":[{"name":"wp","href":"https:\/\/api.w.org\/{rel}","templated":true}]}}