{"id":2200,"date":"2021-04-12T17:03:14","date_gmt":"2021-04-12T17:03:14","guid":{"rendered":"https:\/\/www.africa-press.net\/cameroun\/politique\/cameroun-nord-ouest-le-marche-upstation-nouvellement-rehabilite-ravage-par-les-flammes"},"modified":"2021-04-13T02:34:26","modified_gmt":"2021-04-13T02:34:26","slug":"cameroun-nord-ouest-le-marche-upstation-nouvellement-rehabilite-ravage-par-les-flammes","status":"publish","type":"post","link":"https:\/\/www.africa-press.net\/cameroun\/toutes-les-actualites\/cameroun-nord-ouest-le-marche-upstation-nouvellement-rehabilite-ravage-par-les-flammes","title":{"rendered":"Cameroun &#8211; Nord-Ouest: Le march\u00e9 Upstation, nouvellement r\u00e9habilit\u00e9, ravag\u00e9 par les flammes"},"content":{"rendered":"<p><span style=\"color: #ff6600\"><strong><a href=\"https:\/\/www.africa-press.net\/\">Africa-Press<\/a> &#8211; <a href=\"https:\/\/www.africa-press.net\/cameroun\">Cameroun<\/a>. <\/strong><\/span>C\u2019est une pilule difficile \u00e0 avaler pour les commer\u00e7ants de la ville de Bamenda 1er. Ils ont appris une mauvaise nouvelle, survenue telle un coup de massue, aux premi\u00e8res heures de la matin\u00e9e du 11 avril 2021. En effet leur espace de commerce, le march\u00e9 Upstation, a \u00e9t\u00e9 ravag\u00e9 par les flammes dans la nuit de samedi \u00e0 dimanche. Un incendie qui a caus\u00e9 de nombreux d\u00e9g\u00e2ts mat\u00e9riels. C\u2019est au total, neuf boutiques qui sont parties en fum\u00e9e.<\/p>\n<p><b>Germaine Dedo<\/b><\/p>\n<p>, une commer\u00e7ante, a perdu sa marchandise qu\u2019elle venait \u00e0 peine d\u2019acheter. \u00abVraiment le choc est encore grand. J\u2019ai tout perdu. C\u2019est hier que je me suis r\u00e9approvisionn\u00e9e en \u0153ufs. La nuit on appelle pour me dire que le march\u00e9 br\u00fble. Quand j\u2019arrive sur place, il n\u2019y avait plus rien \u00e0 faire. Je regardais seulement comment le feu ravageait tout. M\u00eame une seule alv\u00e9ole d\u2019\u0153ufs n\u2019est rest\u00e9e\u00bb. d\u00e9plore-t-elle.<\/p>\n<p><b>Justine Lour<\/b><\/p>\n<p>, \u00e9galement commer\u00e7ante du march\u00e9 Upstation, a subi le m\u00eame sort. Une nouvelle qu\u2019elle vit difficilement surtout qu\u2019elle vient de vaincre son combat contre la maladie, qui l\u2019a clou\u00e9e sur le lit d\u2019h\u00f4pital pendant plusieurs jours. En larmes, elle veut trouver la force en son Dieu.<\/p>\n<p>\u00abJe ne sais pas si c\u2019est de la malchance. Mais tout ce que Dieu fait est bon. Je sais qu\u2019il va me donner la force de surmonter cette \u00e9preuve et me donner la possibilit\u00e9 d\u2019ouvrir une autre boutique dans ce march\u00e9\u00bb.<\/p>\n<p>Le maire de Bamenda 1er, inform\u00e9, est rapidement descendu sur les lieux pour \u00e9valuer les d\u00e9g\u00e2ts de cet incendie dont les causes restes incertaines. Mais en \u00e9cartant imm\u00e9diatement la th\u00e8se d\u2019une action des s\u00e9paratistes.<\/p>\n<p>\u00ab\u00c7a a commenc\u00e9 dans deux boutiques. Je ne peux pas dire que ce sont les Amba boys (groupes s\u00e9paratistes, ndlr). A Bamenda 1er et Bamenda 2\u00e8me il n\u2019y a plus de Amba boys on est en s\u00e9curit\u00e9 dans ces deux arrondissements. C\u2019est certainement le probl\u00e8me de lumi\u00e8re. Parce qu\u2019il n\u2019 y avait pas de lumi\u00e8re pendant quelques jours et c\u2019est revenu avec une haute tension. Et c\u2019est \u00e7a qui a caus\u00e9 le feu dans le march\u00e9\u00bb, explique F\u00e9lix Bigha, le maire de Bamenda 1er.<\/p>\n","protected":false},"excerpt":{"rendered":"<p>Africa-Press &#8211; Cameroun. C\u2019est une pilule difficile \u00e0 avaler pour les commer\u00e7ants de la ville de Bamenda 1er. Ils ont appris une mauvaise nouvelle, survenue telle un coup de massue, aux premi\u00e8res heures de la matin\u00e9e du 11 avril 2021. En effet leur espace de commerce, le march\u00e9 Upstation, a \u00e9t\u00e9 ravag\u00e9 par les flammes [&hellip;]<\/p>\n","protected":false},"author":82,"featured_media":2199,"comment_status":"open","ping_status":"closed","sticky":false,"template":"","format":"standard","meta":{"footnotes":""},"categories":[21,11,10],"tags":[36,50,49],"class_list":["post-2200","post","type-post","status-publish","format-standard","has-post-thumbnail","hentry","category-communaute","category-homepage-french","category-toutes-les-actualites","tag-africa-press","tag-africa-press-cameroun","tag-cameroun"],"yoast_head":"<!-- This site is optimized with the Yoast SEO Premium plugin v26.1 (Yoast SEO v27.0) - https:\/\/yoast.com\/product\/yoast-seo-premium-wordpress\/ -->\n<title>Cameroun - Nord-Ouest: Le march\u00e9 Upstation, nouvellement r\u00e9habilit\u00e9, ravag\u00e9 par les flammes - Cameroun<\/title>\n<meta name=\"description\" content=\"C\u2019est une pilule difficile \u00e0 avaler pour les commer\u00e7ants de la ville de Bamenda 1er. Ils ont appris une mauvaise nouvell ...\" \/>\n<meta name=\"robots\" content=\"index, follow, max-snippet:-1, max-image-preview:large, max-video-preview:-1\" \/>\n<link rel=\"canonical\" href=\"https:\/\/www.africa-press.net\/cameroun\/toutes-les-actualites\/cameroun-nord-ouest-le-marche-upstation-nouvellement-rehabilite-ravage-par-les-flammes\" \/>\n<meta property=\"og:locale\" content=\"fr_FR\" \/>\n<meta property=\"og:type\" content=\"article\" \/>\n<meta property=\"og:title\" content=\"Cameroun - Nord-Ouest: Le march\u00e9 Upstation, nouvellement r\u00e9habilit\u00e9, ravag\u00e9 par les flammes\" \/>\n<meta property=\"og:description\" content=\"C\u2019est une pilule difficile \u00e0 avaler pour les commer\u00e7ants de la ville de Bamenda 1er. Ils ont appris une mauvaise nouvell ...\" \/>\n<meta property=\"og:url\" content=\"https:\/\/www.africa-press.net\/cameroun\/toutes-les-actualites\/cameroun-nord-ouest-le-marche-upstation-nouvellement-rehabilite-ravage-par-les-flammes\" \/>\n<meta property=\"og:site_name\" content=\"Cameroun\" \/>\n<meta property=\"article:published_time\" content=\"2021-04-12T17:03:14+00:00\" \/>\n<meta property=\"article:modified_time\" content=\"2021-04-13T02:34:26+00:00\" \/>\n<meta property=\"og:image\" content=\"https:\/\/static.africa-press.net\/cameroun\/sites\/57\/2021\/04\/img-607503199d40b.jpg\" \/>\n\t<meta property=\"og:image:width\" content=\"800\" \/>\n\t<meta property=\"og:image:height\" content=\"450\" \/>\n\t<meta property=\"og:image:type\" content=\"image\/jpeg\" \/>\n<meta name=\"author\" content=\"cfeditorfr\" \/>\n<meta name=\"twitter:card\" content=\"summary_large_image\" \/>\n<meta name=\"twitter:label1\" content=\"\u00c9crit par\" \/>\n\t<meta name=\"twitter:data1\" content=\"cfeditorfr\" \/>\n\t<meta name=\"twitter:label2\" content=\"Dur\u00e9e de lecture estim\u00e9e\" \/>\n\t<meta name=\"twitter:data2\" content=\"2 minutes\" \/>\n<script type=\"application\/ld+json\" class=\"yoast-schema-graph\">{\"@context\":\"https:\/\/schema.org\",\"@graph\":[{\"@type\":\"Article\",\"@id\":\"https:\/\/www.africa-press.net\/cameroun\/toutes-les-actualites\/cameroun-nord-ouest-le-marche-upstation-nouvellement-rehabilite-ravage-par-les-flammes#article\",\"isPartOf\":{\"@id\":\"https:\/\/www.africa-press.net\/cameroun\/toutes-les-actualites\/cameroun-nord-ouest-le-marche-upstation-nouvellement-rehabilite-ravage-par-les-flammes\"},\"author\":{\"name\":\"cfeditorfr\",\"@id\":\"https:\/\/www.africa-press.net\/cameroun\/#\/schema\/person\/2b1cf3cd81a31e3cd26889ca66d677f1\"},\"headline\":\"Cameroun &#8211; Nord-Ouest: Le march\u00e9 Upstation, nouvellement r\u00e9habilit\u00e9, ravag\u00e9 par les flammes\",\"datePublished\":\"2021-04-12T17:03:14+00:00\",\"dateModified\":\"2021-04-13T02:34:26+00:00\",\"mainEntityOfPage\":{\"@id\":\"https:\/\/www.africa-press.net\/cameroun\/toutes-les-actualites\/cameroun-nord-ouest-le-marche-upstation-nouvellement-rehabilite-ravage-par-les-flammes\"},\"wordCount\":416,\"commentCount\":0,\"image\":{\"@id\":\"https:\/\/www.africa-press.net\/cameroun\/toutes-les-actualites\/cameroun-nord-ouest-le-marche-upstation-nouvellement-rehabilite-ravage-par-les-flammes#primaryimage\"},\"thumbnailUrl\":\"https:\/\/static.africa-press.net\/cameroun\/sites\/57\/2021\/04\/img-607503199d40b.jpg\",\"keywords\":[\"Africa Press\",\"Africa Press-Cameroun\",\"Cameroun\"],\"articleSection\":[\"Communaut\u00e9\",\"homepage-french\",\"Toutes les actualit\u00e9s\"],\"inLanguage\":\"fr-FR\",\"potentialAction\":[{\"@type\":\"CommentAction\",\"name\":\"Comment\",\"target\":[\"https:\/\/www.africa-press.net\/cameroun\/toutes-les-actualites\/cameroun-nord-ouest-le-marche-upstation-nouvellement-rehabilite-ravage-par-les-flammes#respond\"]}]},{\"@type\":\"WebPage\",\"@id\":\"https:\/\/www.africa-press.net\/cameroun\/toutes-les-actualites\/cameroun-nord-ouest-le-marche-upstation-nouvellement-rehabilite-ravage-par-les-flammes\",\"url\":\"https:\/\/www.africa-press.net\/cameroun\/toutes-les-actualites\/cameroun-nord-ouest-le-marche-upstation-nouvellement-rehabilite-ravage-par-les-flammes\",\"name\":\"Cameroun - Nord-Ouest: Le march\u00e9 Upstation, nouvellement r\u00e9habilit\u00e9, ravag\u00e9 par les flammes - Cameroun\",\"isPartOf\":{\"@id\":\"https:\/\/www.africa-press.net\/cameroun\/#website\"},\"primaryImageOfPage\":{\"@id\":\"https:\/\/www.africa-press.net\/cameroun\/toutes-les-actualites\/cameroun-nord-ouest-le-marche-upstation-nouvellement-rehabilite-ravage-par-les-flammes#primaryimage\"},\"image\":{\"@id\":\"https:\/\/www.africa-press.net\/cameroun\/toutes-les-actualites\/cameroun-nord-ouest-le-marche-upstation-nouvellement-rehabilite-ravage-par-les-flammes#primaryimage\"},\"thumbnailUrl\":\"https:\/\/static.africa-press.net\/cameroun\/sites\/57\/2021\/04\/img-607503199d40b.jpg\",\"datePublished\":\"2021-04-12T17:03:14+00:00\",\"dateModified\":\"2021-04-13T02:34:26+00:00\",\"author\":{\"@id\":\"https:\/\/www.africa-press.net\/cameroun\/#\/schema\/person\/2b1cf3cd81a31e3cd26889ca66d677f1\"},\"description\":\"C\u2019est une pilule difficile \u00e0 avaler pour les commer\u00e7ants de la ville de Bamenda 1er. Ils ont appris une mauvaise nouvell ...\",\"breadcrumb\":{\"@id\":\"https:\/\/www.africa-press.net\/cameroun\/toutes-les-actualites\/cameroun-nord-ouest-le-marche-upstation-nouvellement-rehabilite-ravage-par-les-flammes#breadcrumb\"},\"inLanguage\":\"fr-FR\",\"potentialAction\":[{\"@type\":\"ReadAction\",\"target\":[\"https:\/\/www.africa-press.net\/cameroun\/toutes-les-actualites\/cameroun-nord-ouest-le-marche-upstation-nouvellement-rehabilite-ravage-par-les-flammes\"]}]},{\"@type\":\"ImageObject\",\"inLanguage\":\"fr-FR\",\"@id\":\"https:\/\/www.africa-press.net\/cameroun\/toutes-les-actualites\/cameroun-nord-ouest-le-marche-upstation-nouvellement-rehabilite-ravage-par-les-flammes#primaryimage\",\"url\":\"https:\/\/static.africa-press.net\/cameroun\/sites\/57\/2021\/04\/img-607503199d40b.jpg\",\"contentUrl\":\"https:\/\/static.africa-press.net\/cameroun\/sites\/57\/2021\/04\/img-607503199d40b.jpg\",\"width\":800,\"height\":450,\"caption\":\"Cameroun - Nord-Ouest: Le march\u00e9 Upstation, nouvellement r\u00e9habilit\u00e9, ravag\u00e9 par les flammes\"},{\"@type\":\"BreadcrumbList\",\"@id\":\"https:\/\/www.africa-press.net\/cameroun\/toutes-les-actualites\/cameroun-nord-ouest-le-marche-upstation-nouvellement-rehabilite-ravage-par-les-flammes#breadcrumb\",\"itemListElement\":[{\"@type\":\"ListItem\",\"position\":1,\"name\":\"Accueil\",\"item\":\"https:\/\/www.africa-press.net\/cameroun\/\"},{\"@type\":\"ListItem\",\"position\":2,\"name\":\"Cameroun &#8211; Nord-Ouest: Le march\u00e9 Upstation, nouvellement r\u00e9habilit\u00e9, ravag\u00e9 par les flammes\"}]},{\"@type\":\"WebSite\",\"@id\":\"https:\/\/www.africa-press.net\/cameroun\/#website\",\"url\":\"https:\/\/www.africa-press.net\/cameroun\/\",\"name\":\"Cameroun\",\"description\":\"Just another Africa News Agency Sites site\",\"potentialAction\":[{\"@type\":\"SearchAction\",\"target\":{\"@type\":\"EntryPoint\",\"urlTemplate\":\"https:\/\/www.africa-press.net\/cameroun\/?s={search_term_string}\"},\"query-input\":{\"@type\":\"PropertyValueSpecification\",\"valueRequired\":true,\"valueName\":\"search_term_string\"}}],\"inLanguage\":\"fr-FR\"},{\"@type\":\"Person\",\"@id\":\"https:\/\/www.africa-press.net\/cameroun\/#\/schema\/person\/2b1cf3cd81a31e3cd26889ca66d677f1\",\"name\":\"cfeditorfr\"}]}<\/script>\n<!-- \/ Yoast SEO Premium plugin. -->","yoast_head_json":{"title":"Cameroun - Nord-Ouest: Le march\u00e9 Upstation, nouvellement r\u00e9habilit\u00e9, ravag\u00e9 par les flammes - Cameroun","description":"C\u2019est une pilule difficile \u00e0 avaler pour les commer\u00e7ants de la ville de Bamenda 1er. Ils ont appris une mauvaise nouvell ...","robots":{"index":"index","follow":"follow","max-snippet":"max-snippet:-1","max-image-preview":"max-image-preview:large","max-video-preview":"max-video-preview:-1"},"canonical":"https:\/\/www.africa-press.net\/cameroun\/toutes-les-actualites\/cameroun-nord-ouest-le-marche-upstation-nouvellement-rehabilite-ravage-par-les-flammes","og_locale":"fr_FR","og_type":"article","og_title":"Cameroun - Nord-Ouest: Le march\u00e9 Upstation, nouvellement r\u00e9habilit\u00e9, ravag\u00e9 par les flammes","og_description":"C\u2019est une pilule difficile \u00e0 avaler pour les commer\u00e7ants de la ville de Bamenda 1er. Ils ont appris une mauvaise nouvell ...","og_url":"https:\/\/www.africa-press.net\/cameroun\/toutes-les-actualites\/cameroun-nord-ouest-le-marche-upstation-nouvellement-rehabilite-ravage-par-les-flammes","og_site_name":"Cameroun","article_published_time":"2021-04-12T17:03:14+00:00","article_modified_time":"2021-04-13T02:34:26+00:00","og_image":[{"width":800,"height":450,"url":"https:\/\/static.africa-press.net\/cameroun\/sites\/57\/2021\/04\/img-607503199d40b.jpg","type":"image\/jpeg"}],"author":"cfeditorfr","twitter_card":"summary_large_image","twitter_misc":{"\u00c9crit par":"cfeditorfr","Dur\u00e9e de lecture estim\u00e9e":"2 minutes"},"schema":{"@context":"https:\/\/schema.org","@graph":[{"@type":"Article","@id":"https:\/\/www.africa-press.net\/cameroun\/toutes-les-actualites\/cameroun-nord-ouest-le-marche-upstation-nouvellement-rehabilite-ravage-par-les-flammes#article","isPartOf":{"@id":"https:\/\/www.africa-press.net\/cameroun\/toutes-les-actualites\/cameroun-nord-ouest-le-marche-upstation-nouvellement-rehabilite-ravage-par-les-flammes"},"author":{"name":"cfeditorfr","@id":"https:\/\/www.africa-press.net\/cameroun\/#\/schema\/person\/2b1cf3cd81a31e3cd26889ca66d677f1"},"headline":"Cameroun &#8211; Nord-Ouest: Le march\u00e9 Upstation, nouvellement r\u00e9habilit\u00e9, ravag\u00e9 par les flammes","datePublished":"2021-04-12T17:03:14+00:00","dateModified":"2021-04-13T02:34:26+00:00","mainEntityOfPage":{"@id":"https:\/\/www.africa-press.net\/cameroun\/toutes-les-actualites\/cameroun-nord-ouest-le-marche-upstation-nouvellement-rehabilite-ravage-par-les-flammes"},"wordCount":416,"commentCount":0,"image":{"@id":"https:\/\/www.africa-press.net\/cameroun\/toutes-les-actualites\/cameroun-nord-ouest-le-marche-upstation-nouvellement-rehabilite-ravage-par-les-flammes#primaryimage"},"thumbnailUrl":"https:\/\/static.africa-press.net\/cameroun\/sites\/57\/2021\/04\/img-607503199d40b.jpg","keywords":["Africa Press","Africa Press-Cameroun","Cameroun"],"articleSection":["Communaut\u00e9","homepage-french","Toutes les actualit\u00e9s"],"inLanguage":"fr-FR","potentialAction":[{"@type":"CommentAction","name":"Comment","target":["https:\/\/www.africa-press.net\/cameroun\/toutes-les-actualites\/cameroun-nord-ouest-le-marche-upstation-nouvellement-rehabilite-ravage-par-les-flammes#respond"]}]},{"@type":"WebPage","@id":"https:\/\/www.africa-press.net\/cameroun\/toutes-les-actualites\/cameroun-nord-ouest-le-marche-upstation-nouvellement-rehabilite-ravage-par-les-flammes","url":"https:\/\/www.africa-press.net\/cameroun\/toutes-les-actualites\/cameroun-nord-ouest-le-marche-upstation-nouvellement-rehabilite-ravage-par-les-flammes","name":"Cameroun - Nord-Ouest: Le march\u00e9 Upstation, nouvellement r\u00e9habilit\u00e9, ravag\u00e9 par les flammes - Cameroun","isPartOf":{"@id":"https:\/\/www.africa-press.net\/cameroun\/#website"},"primaryImageOfPage":{"@id":"https:\/\/www.africa-press.net\/cameroun\/toutes-les-actualites\/cameroun-nord-ouest-le-marche-upstation-nouvellement-rehabilite-ravage-par-les-flammes#primaryimage"},"image":{"@id":"https:\/\/www.africa-press.net\/cameroun\/toutes-les-actualites\/cameroun-nord-ouest-le-marche-upstation-nouvellement-rehabilite-ravage-par-les-flammes#primaryimage"},"thumbnailUrl":"https:\/\/static.africa-press.net\/cameroun\/sites\/57\/2021\/04\/img-607503199d40b.jpg","datePublished":"2021-04-12T17:03:14+00:00","dateModified":"2021-04-13T02:34:26+00:00","author":{"@id":"https:\/\/www.africa-press.net\/cameroun\/#\/schema\/person\/2b1cf3cd81a31e3cd26889ca66d677f1"},"description":"C\u2019est une pilule difficile \u00e0 avaler pour les commer\u00e7ants de la ville de Bamenda 1er. Ils ont appris une mauvaise nouvell ...","breadcrumb":{"@id":"https:\/\/www.africa-press.net\/cameroun\/toutes-les-actualites\/cameroun-nord-ouest-le-marche-upstation-nouvellement-rehabilite-ravage-par-les-flammes#breadcrumb"},"inLanguage":"fr-FR","potentialAction":[{"@type":"ReadAction","target":["https:\/\/www.africa-press.net\/cameroun\/toutes-les-actualites\/cameroun-nord-ouest-le-marche-upstation-nouvellement-rehabilite-ravage-par-les-flammes"]}]},{"@type":"ImageObject","inLanguage":"fr-FR","@id":"https:\/\/www.africa-press.net\/cameroun\/toutes-les-actualites\/cameroun-nord-ouest-le-marche-upstation-nouvellement-rehabilite-ravage-par-les-flammes#primaryimage","url":"https:\/\/static.africa-press.net\/cameroun\/sites\/57\/2021\/04\/img-607503199d40b.jpg","contentUrl":"https:\/\/static.africa-press.net\/cameroun\/sites\/57\/2021\/04\/img-607503199d40b.jpg","width":800,"height":450,"caption":"Cameroun - Nord-Ouest: Le march\u00e9 Upstation, nouvellement r\u00e9habilit\u00e9, ravag\u00e9 par les flammes"},{"@type":"BreadcrumbList","@id":"https:\/\/www.africa-press.net\/cameroun\/toutes-les-actualites\/cameroun-nord-ouest-le-marche-upstation-nouvellement-rehabilite-ravage-par-les-flammes#breadcrumb","itemListElement":[{"@type":"ListItem","position":1,"name":"Accueil","item":"https:\/\/www.africa-press.net\/cameroun\/"},{"@type":"ListItem","position":2,"name":"Cameroun &#8211; Nord-Ouest: Le march\u00e9 Upstation, nouvellement r\u00e9habilit\u00e9, ravag\u00e9 par les flammes"}]},{"@type":"WebSite","@id":"https:\/\/www.africa-press.net\/cameroun\/#website","url":"https:\/\/www.africa-press.net\/cameroun\/","name":"Cameroun","description":"Just another Africa News Agency Sites site","potentialAction":[{"@type":"SearchAction","target":{"@type":"EntryPoint","urlTemplate":"https:\/\/www.africa-press.net\/cameroun\/?s={search_term_string}"},"query-input":{"@type":"PropertyValueSpecification","valueRequired":true,"valueName":"search_term_string"}}],"inLanguage":"fr-FR"},{"@type":"Person","@id":"https:\/\/www.africa-press.net\/cameroun\/#\/schema\/person\/2b1cf3cd81a31e3cd26889ca66d677f1","name":"cfeditorfr"}]}},"_links":{"self":[{"href":"https:\/\/www.africa-press.net\/cameroun\/wp-json\/wp\/v2\/posts\/2200","targetHints":{"allow":["GET"]}}],"collection":[{"href":"https:\/\/www.africa-press.net\/cameroun\/wp-json\/wp\/v2\/posts"}],"about":[{"href":"https:\/\/www.africa-press.net\/cameroun\/wp-json\/wp\/v2\/types\/post"}],"author":[{"embeddable":true,"href":"https:\/\/www.africa-press.net\/cameroun\/wp-json\/wp\/v2\/users\/82"}],"replies":[{"embeddable":true,"href":"https:\/\/www.africa-press.net\/cameroun\/wp-json\/wp\/v2\/comments?post=2200"}],"version-history":[{"count":0,"href":"https:\/\/www.africa-press.net\/cameroun\/wp-json\/wp\/v2\/posts\/2200\/revisions"}],"wp:featuredmedia":[{"embeddable":true,"href":"https:\/\/www.africa-press.net\/cameroun\/wp-json\/wp\/v2\/media\/2199"}],"wp:attachment":[{"href":"https:\/\/www.africa-press.net\/cameroun\/wp-json\/wp\/v2\/media?parent=2200"}],"wp:term":[{"taxonomy":"category","embeddable":true,"href":"https:\/\/www.africa-press.net\/cameroun\/wp-json\/wp\/v2\/categories?post=2200"},{"taxonomy":"post_tag","embeddable":true,"href":"https:\/\/www.africa-press.net\/cameroun\/wp-json\/wp\/v2\/tags?post=2200"}],"curies":[{"name":"wp","href":"https:\/\/api.w.org\/{rel}","templated":true}]}}