{"id":2203,"date":"2021-04-12T17:10:53","date_gmt":"2021-04-12T17:10:53","guid":{"rendered":"https:\/\/www.africa-press.net\/cameroun\/politique\/cameroun-rentree-scolaire-la-police-se-dit-bien-armee-pour-un-troisieme-trimestre-sur"},"modified":"2021-04-13T02:35:05","modified_gmt":"2021-04-13T02:35:05","slug":"cameroun-rentree-scolaire-la-police-se-dit-bien-armee-pour-un-troisieme-trimestre-sur","status":"publish","type":"post","link":"https:\/\/www.africa-press.net\/cameroun\/politique\/cameroun-rentree-scolaire-la-police-se-dit-bien-armee-pour-un-troisieme-trimestre-sur","title":{"rendered":"Cameroun &#8211; Rentr\u00e9e scolaire: La police se dit bien arm\u00e9e pour un troisi\u00e8me trimestre s\u00fbr"},"content":{"rendered":"<p><span style=\"color: #ff6600\"><strong><a href=\"https:\/\/www.africa-press.net\/\">Africa-Press<\/a> &#8211; <a href=\"https:\/\/www.africa-press.net\/cameroun\">Cameroun<\/a>. <\/strong><\/span>Initialement pr\u00e9vue le mardi 6 avril 2021, c\u2019est plut\u00f4t ce lundi 12 avril 2021 que des milliers d\u2019\u00e9leves reprennent le chemin de l\u2019\u00e9cole pour le compte du troisi\u00e8me et dernier trimestre de l\u2019ann\u00e9e scolaire 2020-2021.<\/p>\n<p>Apres les vacances de P\u00e2ques, du vendredi 26 mars au dimanche 11 avril 2021, la cloche de la rentr\u00e9e a donc sonn\u00e9 ce lundi matin dans les \u00e9tablissements scolaires et universitaires.<\/p>\n<p>A cette occasion et pour une rentr\u00e9e de classe sereine, la D\u00e9l\u00e9gation g\u00e9n\u00e9rale \u00e0 la s\u00fbret\u00e9 nationale a d\u00e9ploy\u00e9, sur l\u2019ensemble du territoire, des \u00e9l\u00e9ments pour la surveillance des \u00e9coles, de la voie publique et de la circulation routi\u00e8re.<\/p>\n<p>En plus des mesures g\u00e9n\u00e9rales, il y a une particularit\u00e9 dans le d\u00e9ploiement des hommes en tenue dans les R\u00e9gions du Nord-Ouest et du Sud-Ouest, compte tenu du contexte s\u00e9curitaire ambiant qui pr\u00e9vaut dans cette partie du pays.<\/p>\n<p><b>\u00abLe commissaire divisionnaire Wilson Elong Njume, D\u00e9l\u00e9gu\u00e9 r\u00e9gional de la s\u00fbret\u00e9 nationale du Nord-Ouest, a recadr\u00e9 les dispositifs pour juguler la criminalit\u00e9 galopante de mani\u00e8re g\u00e9n\u00e9rale, et pour permettre singuli\u00e8rement aux \u00e9l\u00e8ves et enseignants de reprendre sereinement le chemin des classes. Indistinctement v\u00eatus de tenue de combat sous casque lourd avec gilet pare-balles pour faire face \u00e0 la menace d\u2019attentat terroriste qui plane ici, les \u00e9l\u00e9ments du GMI, du groupement r\u00e9gional de la voie publique et de la circulation, du commissariat central de Bamenda et des autres commissariats de s\u00e9curit\u00e9 publique, sont massivement d\u00e9ploy\u00e9s \u00e7a et l\u00e0, rassurant courageusement la population et pr\u00eats \u00e0 riposter. En outre, ils veillent \u00e0 la fluidit\u00e9 de la circulation routi\u00e8re, au respect du code de la route et des mesures barri\u00e8res \u00e9dit\u00e9es par le gouvernement dans le cadre de la lutte contre le covid 19. Eu \u00e9gard \u00e0 l\u2019armada d\u00e9ploy\u00e9 par la police et son impressionnant dispositif de surveillance et de renseignement, qui s\u2019impliquent parfaitement dans le plan strat\u00e9gique globale des forces de d\u00e9fense et de s\u00e9curit\u00e9 en pr\u00e9sence, nul doute qu\u2019aucun fait majeur ne viendra perturber la s\u00e9r\u00e9nit\u00e9 escompt\u00e9e\u00bb<\/b><\/p>\n<p>, a rapport\u00e9 depuis Bamenda, le commissaire de police Herve Bakouet lors d\u2019une \u00e9mission consacr\u00e9e aux activit\u00e9s de la police camerounaise, diffus\u00e9e le samedi 10 avril 2021 sur l\u2019antenne du poste national.<\/p>\n<p>Comme de tradition, ce troisi\u00e8me trimestre sera tr\u00e8s court \u00e0 cause des jours f\u00e9ri\u00e9s, notamment la c\u00e9l\u00e9bration de la fin du ramanda, l\u2019ascension, la f\u00eate du travail et la f\u00eate nationale. Il est aussi r\u00e9duit par le d\u00e9but, d\u00e8s le mois de mai prochain, des \u00e9preuves des examens et concours officiels.<\/p>\n","protected":false},"excerpt":{"rendered":"<p>Africa-Press &#8211; Cameroun. Initialement pr\u00e9vue le mardi 6 avril 2021, c\u2019est plut\u00f4t ce lundi 12 avril 2021 que des milliers d\u2019\u00e9leves reprennent le chemin de l\u2019\u00e9cole pour le compte du troisi\u00e8me et dernier trimestre de l\u2019ann\u00e9e scolaire 2020-2021. Apres les vacances de P\u00e2ques, du vendredi 26 mars au dimanche 11 avril 2021, la cloche de [&hellip;]<\/p>\n","protected":false},"author":82,"featured_media":2202,"comment_status":"open","ping_status":"closed","sticky":false,"template":"","format":"standard","meta":{"footnotes":""},"categories":[11,2,10],"tags":[36,50,49],"class_list":["post-2203","post","type-post","status-publish","format-standard","has-post-thumbnail","hentry","category-homepage-french","category-politique","category-toutes-les-actualites","tag-africa-press","tag-africa-press-cameroun","tag-cameroun"],"yoast_head":"<!-- This site is optimized with the Yoast SEO Premium plugin v26.1 (Yoast SEO v27.0) - https:\/\/yoast.com\/product\/yoast-seo-premium-wordpress\/ -->\n<title>Cameroun - Rentr\u00e9e scolaire: La police se dit bien arm\u00e9e pour un troisi\u00e8me trimestre s\u00fbr - Cameroun<\/title>\n<meta name=\"description\" content=\"Initialement pr\u00e9vue le mardi 6 avril 2021, c\u2019est plut\u00f4t ce lundi 12 avril 2021 que des milliers d\u2019\u00e9leves reprennent le c ...\" \/>\n<meta name=\"robots\" content=\"index, follow, max-snippet:-1, max-image-preview:large, max-video-preview:-1\" \/>\n<link rel=\"canonical\" href=\"https:\/\/www.africa-press.net\/cameroun\/politique\/cameroun-rentree-scolaire-la-police-se-dit-bien-armee-pour-un-troisieme-trimestre-sur\" \/>\n<meta property=\"og:locale\" content=\"fr_FR\" \/>\n<meta property=\"og:type\" content=\"article\" \/>\n<meta property=\"og:title\" content=\"Cameroun - Rentr\u00e9e scolaire: La police se dit bien arm\u00e9e pour un troisi\u00e8me trimestre s\u00fbr\" \/>\n<meta property=\"og:description\" content=\"Initialement pr\u00e9vue le mardi 6 avril 2021, c\u2019est plut\u00f4t ce lundi 12 avril 2021 que des milliers d\u2019\u00e9leves reprennent le c ...\" \/>\n<meta property=\"og:url\" content=\"https:\/\/www.africa-press.net\/cameroun\/politique\/cameroun-rentree-scolaire-la-police-se-dit-bien-armee-pour-un-troisieme-trimestre-sur\" \/>\n<meta property=\"og:site_name\" content=\"Cameroun\" \/>\n<meta property=\"article:published_time\" content=\"2021-04-12T17:10:53+00:00\" \/>\n<meta property=\"article:modified_time\" content=\"2021-04-13T02:35:05+00:00\" \/>\n<meta property=\"og:image\" content=\"https:\/\/static.africa-press.net\/cameroun\/sites\/57\/2021\/04\/img-6075033f9091c.jpg\" \/>\n\t<meta property=\"og:image:width\" content=\"800\" \/>\n\t<meta property=\"og:image:height\" content=\"374\" \/>\n\t<meta property=\"og:image:type\" content=\"image\/jpeg\" \/>\n<meta name=\"author\" content=\"cfeditorfr\" \/>\n<meta name=\"twitter:card\" content=\"summary_large_image\" \/>\n<meta name=\"twitter:label1\" content=\"\u00c9crit par\" \/>\n\t<meta name=\"twitter:data1\" content=\"cfeditorfr\" \/>\n\t<meta name=\"twitter:label2\" content=\"Dur\u00e9e de lecture estim\u00e9e\" \/>\n\t<meta name=\"twitter:data2\" content=\"2 minutes\" \/>\n<script type=\"application\/ld+json\" class=\"yoast-schema-graph\">{\"@context\":\"https:\/\/schema.org\",\"@graph\":[{\"@type\":\"Article\",\"@id\":\"https:\/\/www.africa-press.net\/cameroun\/politique\/cameroun-rentree-scolaire-la-police-se-dit-bien-armee-pour-un-troisieme-trimestre-sur#article\",\"isPartOf\":{\"@id\":\"https:\/\/www.africa-press.net\/cameroun\/politique\/cameroun-rentree-scolaire-la-police-se-dit-bien-armee-pour-un-troisieme-trimestre-sur\"},\"author\":{\"name\":\"cfeditorfr\",\"@id\":\"https:\/\/www.africa-press.net\/cameroun\/#\/schema\/person\/2b1cf3cd81a31e3cd26889ca66d677f1\"},\"headline\":\"Cameroun &#8211; Rentr\u00e9e scolaire: La police se dit bien arm\u00e9e pour un troisi\u00e8me trimestre s\u00fbr\",\"datePublished\":\"2021-04-12T17:10:53+00:00\",\"dateModified\":\"2021-04-13T02:35:05+00:00\",\"mainEntityOfPage\":{\"@id\":\"https:\/\/www.africa-press.net\/cameroun\/politique\/cameroun-rentree-scolaire-la-police-se-dit-bien-armee-pour-un-troisieme-trimestre-sur\"},\"wordCount\":491,\"commentCount\":0,\"image\":{\"@id\":\"https:\/\/www.africa-press.net\/cameroun\/politique\/cameroun-rentree-scolaire-la-police-se-dit-bien-armee-pour-un-troisieme-trimestre-sur#primaryimage\"},\"thumbnailUrl\":\"https:\/\/static.africa-press.net\/cameroun\/sites\/57\/2021\/04\/img-6075033f9091c.jpg\",\"keywords\":[\"Africa Press\",\"Africa Press-Cameroun\",\"Cameroun\"],\"articleSection\":[\"homepage-french\",\"Politique\",\"Toutes les actualit\u00e9s\"],\"inLanguage\":\"fr-FR\",\"potentialAction\":[{\"@type\":\"CommentAction\",\"name\":\"Comment\",\"target\":[\"https:\/\/www.africa-press.net\/cameroun\/politique\/cameroun-rentree-scolaire-la-police-se-dit-bien-armee-pour-un-troisieme-trimestre-sur#respond\"]}]},{\"@type\":\"WebPage\",\"@id\":\"https:\/\/www.africa-press.net\/cameroun\/politique\/cameroun-rentree-scolaire-la-police-se-dit-bien-armee-pour-un-troisieme-trimestre-sur\",\"url\":\"https:\/\/www.africa-press.net\/cameroun\/politique\/cameroun-rentree-scolaire-la-police-se-dit-bien-armee-pour-un-troisieme-trimestre-sur\",\"name\":\"Cameroun - Rentr\u00e9e scolaire: La police se dit bien arm\u00e9e pour un troisi\u00e8me trimestre s\u00fbr - Cameroun\",\"isPartOf\":{\"@id\":\"https:\/\/www.africa-press.net\/cameroun\/#website\"},\"primaryImageOfPage\":{\"@id\":\"https:\/\/www.africa-press.net\/cameroun\/politique\/cameroun-rentree-scolaire-la-police-se-dit-bien-armee-pour-un-troisieme-trimestre-sur#primaryimage\"},\"image\":{\"@id\":\"https:\/\/www.africa-press.net\/cameroun\/politique\/cameroun-rentree-scolaire-la-police-se-dit-bien-armee-pour-un-troisieme-trimestre-sur#primaryimage\"},\"thumbnailUrl\":\"https:\/\/static.africa-press.net\/cameroun\/sites\/57\/2021\/04\/img-6075033f9091c.jpg\",\"datePublished\":\"2021-04-12T17:10:53+00:00\",\"dateModified\":\"2021-04-13T02:35:05+00:00\",\"author\":{\"@id\":\"https:\/\/www.africa-press.net\/cameroun\/#\/schema\/person\/2b1cf3cd81a31e3cd26889ca66d677f1\"},\"description\":\"Initialement pr\u00e9vue le mardi 6 avril 2021, c\u2019est plut\u00f4t ce lundi 12 avril 2021 que des milliers d\u2019\u00e9leves reprennent le c ...\",\"breadcrumb\":{\"@id\":\"https:\/\/www.africa-press.net\/cameroun\/politique\/cameroun-rentree-scolaire-la-police-se-dit-bien-armee-pour-un-troisieme-trimestre-sur#breadcrumb\"},\"inLanguage\":\"fr-FR\",\"potentialAction\":[{\"@type\":\"ReadAction\",\"target\":[\"https:\/\/www.africa-press.net\/cameroun\/politique\/cameroun-rentree-scolaire-la-police-se-dit-bien-armee-pour-un-troisieme-trimestre-sur\"]}]},{\"@type\":\"ImageObject\",\"inLanguage\":\"fr-FR\",\"@id\":\"https:\/\/www.africa-press.net\/cameroun\/politique\/cameroun-rentree-scolaire-la-police-se-dit-bien-armee-pour-un-troisieme-trimestre-sur#primaryimage\",\"url\":\"https:\/\/static.africa-press.net\/cameroun\/sites\/57\/2021\/04\/img-6075033f9091c.jpg\",\"contentUrl\":\"https:\/\/static.africa-press.net\/cameroun\/sites\/57\/2021\/04\/img-6075033f9091c.jpg\",\"width\":800,\"height\":374,\"caption\":\"Cameroun - Rentr\u00e9e scolaire: La police se dit bien arm\u00e9e pour un troisi\u00e8me trimestre s\u00fbr\"},{\"@type\":\"BreadcrumbList\",\"@id\":\"https:\/\/www.africa-press.net\/cameroun\/politique\/cameroun-rentree-scolaire-la-police-se-dit-bien-armee-pour-un-troisieme-trimestre-sur#breadcrumb\",\"itemListElement\":[{\"@type\":\"ListItem\",\"position\":1,\"name\":\"Accueil\",\"item\":\"https:\/\/www.africa-press.net\/cameroun\/\"},{\"@type\":\"ListItem\",\"position\":2,\"name\":\"Cameroun &#8211; Rentr\u00e9e scolaire: La police se dit bien arm\u00e9e pour un troisi\u00e8me trimestre s\u00fbr\"}]},{\"@type\":\"WebSite\",\"@id\":\"https:\/\/www.africa-press.net\/cameroun\/#website\",\"url\":\"https:\/\/www.africa-press.net\/cameroun\/\",\"name\":\"Cameroun\",\"description\":\"Just another Africa News Agency Sites site\",\"potentialAction\":[{\"@type\":\"SearchAction\",\"target\":{\"@type\":\"EntryPoint\",\"urlTemplate\":\"https:\/\/www.africa-press.net\/cameroun\/?s={search_term_string}\"},\"query-input\":{\"@type\":\"PropertyValueSpecification\",\"valueRequired\":true,\"valueName\":\"search_term_string\"}}],\"inLanguage\":\"fr-FR\"},{\"@type\":\"Person\",\"@id\":\"https:\/\/www.africa-press.net\/cameroun\/#\/schema\/person\/2b1cf3cd81a31e3cd26889ca66d677f1\",\"name\":\"cfeditorfr\"}]}<\/script>\n<!-- \/ Yoast SEO Premium plugin. -->","yoast_head_json":{"title":"Cameroun - Rentr\u00e9e scolaire: La police se dit bien arm\u00e9e pour un troisi\u00e8me trimestre s\u00fbr - Cameroun","description":"Initialement pr\u00e9vue le mardi 6 avril 2021, c\u2019est plut\u00f4t ce lundi 12 avril 2021 que des milliers d\u2019\u00e9leves reprennent le c ...","robots":{"index":"index","follow":"follow","max-snippet":"max-snippet:-1","max-image-preview":"max-image-preview:large","max-video-preview":"max-video-preview:-1"},"canonical":"https:\/\/www.africa-press.net\/cameroun\/politique\/cameroun-rentree-scolaire-la-police-se-dit-bien-armee-pour-un-troisieme-trimestre-sur","og_locale":"fr_FR","og_type":"article","og_title":"Cameroun - Rentr\u00e9e scolaire: La police se dit bien arm\u00e9e pour un troisi\u00e8me trimestre s\u00fbr","og_description":"Initialement pr\u00e9vue le mardi 6 avril 2021, c\u2019est plut\u00f4t ce lundi 12 avril 2021 que des milliers d\u2019\u00e9leves reprennent le c ...","og_url":"https:\/\/www.africa-press.net\/cameroun\/politique\/cameroun-rentree-scolaire-la-police-se-dit-bien-armee-pour-un-troisieme-trimestre-sur","og_site_name":"Cameroun","article_published_time":"2021-04-12T17:10:53+00:00","article_modified_time":"2021-04-13T02:35:05+00:00","og_image":[{"width":800,"height":374,"url":"https:\/\/static.africa-press.net\/cameroun\/sites\/57\/2021\/04\/img-6075033f9091c.jpg","type":"image\/jpeg"}],"author":"cfeditorfr","twitter_card":"summary_large_image","twitter_misc":{"\u00c9crit par":"cfeditorfr","Dur\u00e9e de lecture estim\u00e9e":"2 minutes"},"schema":{"@context":"https:\/\/schema.org","@graph":[{"@type":"Article","@id":"https:\/\/www.africa-press.net\/cameroun\/politique\/cameroun-rentree-scolaire-la-police-se-dit-bien-armee-pour-un-troisieme-trimestre-sur#article","isPartOf":{"@id":"https:\/\/www.africa-press.net\/cameroun\/politique\/cameroun-rentree-scolaire-la-police-se-dit-bien-armee-pour-un-troisieme-trimestre-sur"},"author":{"name":"cfeditorfr","@id":"https:\/\/www.africa-press.net\/cameroun\/#\/schema\/person\/2b1cf3cd81a31e3cd26889ca66d677f1"},"headline":"Cameroun &#8211; Rentr\u00e9e scolaire: La police se dit bien arm\u00e9e pour un troisi\u00e8me trimestre s\u00fbr","datePublished":"2021-04-12T17:10:53+00:00","dateModified":"2021-04-13T02:35:05+00:00","mainEntityOfPage":{"@id":"https:\/\/www.africa-press.net\/cameroun\/politique\/cameroun-rentree-scolaire-la-police-se-dit-bien-armee-pour-un-troisieme-trimestre-sur"},"wordCount":491,"commentCount":0,"image":{"@id":"https:\/\/www.africa-press.net\/cameroun\/politique\/cameroun-rentree-scolaire-la-police-se-dit-bien-armee-pour-un-troisieme-trimestre-sur#primaryimage"},"thumbnailUrl":"https:\/\/static.africa-press.net\/cameroun\/sites\/57\/2021\/04\/img-6075033f9091c.jpg","keywords":["Africa Press","Africa Press-Cameroun","Cameroun"],"articleSection":["homepage-french","Politique","Toutes les actualit\u00e9s"],"inLanguage":"fr-FR","potentialAction":[{"@type":"CommentAction","name":"Comment","target":["https:\/\/www.africa-press.net\/cameroun\/politique\/cameroun-rentree-scolaire-la-police-se-dit-bien-armee-pour-un-troisieme-trimestre-sur#respond"]}]},{"@type":"WebPage","@id":"https:\/\/www.africa-press.net\/cameroun\/politique\/cameroun-rentree-scolaire-la-police-se-dit-bien-armee-pour-un-troisieme-trimestre-sur","url":"https:\/\/www.africa-press.net\/cameroun\/politique\/cameroun-rentree-scolaire-la-police-se-dit-bien-armee-pour-un-troisieme-trimestre-sur","name":"Cameroun - Rentr\u00e9e scolaire: La police se dit bien arm\u00e9e pour un troisi\u00e8me trimestre s\u00fbr - Cameroun","isPartOf":{"@id":"https:\/\/www.africa-press.net\/cameroun\/#website"},"primaryImageOfPage":{"@id":"https:\/\/www.africa-press.net\/cameroun\/politique\/cameroun-rentree-scolaire-la-police-se-dit-bien-armee-pour-un-troisieme-trimestre-sur#primaryimage"},"image":{"@id":"https:\/\/www.africa-press.net\/cameroun\/politique\/cameroun-rentree-scolaire-la-police-se-dit-bien-armee-pour-un-troisieme-trimestre-sur#primaryimage"},"thumbnailUrl":"https:\/\/static.africa-press.net\/cameroun\/sites\/57\/2021\/04\/img-6075033f9091c.jpg","datePublished":"2021-04-12T17:10:53+00:00","dateModified":"2021-04-13T02:35:05+00:00","author":{"@id":"https:\/\/www.africa-press.net\/cameroun\/#\/schema\/person\/2b1cf3cd81a31e3cd26889ca66d677f1"},"description":"Initialement pr\u00e9vue le mardi 6 avril 2021, c\u2019est plut\u00f4t ce lundi 12 avril 2021 que des milliers d\u2019\u00e9leves reprennent le c ...","breadcrumb":{"@id":"https:\/\/www.africa-press.net\/cameroun\/politique\/cameroun-rentree-scolaire-la-police-se-dit-bien-armee-pour-un-troisieme-trimestre-sur#breadcrumb"},"inLanguage":"fr-FR","potentialAction":[{"@type":"ReadAction","target":["https:\/\/www.africa-press.net\/cameroun\/politique\/cameroun-rentree-scolaire-la-police-se-dit-bien-armee-pour-un-troisieme-trimestre-sur"]}]},{"@type":"ImageObject","inLanguage":"fr-FR","@id":"https:\/\/www.africa-press.net\/cameroun\/politique\/cameroun-rentree-scolaire-la-police-se-dit-bien-armee-pour-un-troisieme-trimestre-sur#primaryimage","url":"https:\/\/static.africa-press.net\/cameroun\/sites\/57\/2021\/04\/img-6075033f9091c.jpg","contentUrl":"https:\/\/static.africa-press.net\/cameroun\/sites\/57\/2021\/04\/img-6075033f9091c.jpg","width":800,"height":374,"caption":"Cameroun - Rentr\u00e9e scolaire: La police se dit bien arm\u00e9e pour un troisi\u00e8me trimestre s\u00fbr"},{"@type":"BreadcrumbList","@id":"https:\/\/www.africa-press.net\/cameroun\/politique\/cameroun-rentree-scolaire-la-police-se-dit-bien-armee-pour-un-troisieme-trimestre-sur#breadcrumb","itemListElement":[{"@type":"ListItem","position":1,"name":"Accueil","item":"https:\/\/www.africa-press.net\/cameroun\/"},{"@type":"ListItem","position":2,"name":"Cameroun &#8211; Rentr\u00e9e scolaire: La police se dit bien arm\u00e9e pour un troisi\u00e8me trimestre s\u00fbr"}]},{"@type":"WebSite","@id":"https:\/\/www.africa-press.net\/cameroun\/#website","url":"https:\/\/www.africa-press.net\/cameroun\/","name":"Cameroun","description":"Just another Africa News Agency Sites site","potentialAction":[{"@type":"SearchAction","target":{"@type":"EntryPoint","urlTemplate":"https:\/\/www.africa-press.net\/cameroun\/?s={search_term_string}"},"query-input":{"@type":"PropertyValueSpecification","valueRequired":true,"valueName":"search_term_string"}}],"inLanguage":"fr-FR"},{"@type":"Person","@id":"https:\/\/www.africa-press.net\/cameroun\/#\/schema\/person\/2b1cf3cd81a31e3cd26889ca66d677f1","name":"cfeditorfr"}]}},"_links":{"self":[{"href":"https:\/\/www.africa-press.net\/cameroun\/wp-json\/wp\/v2\/posts\/2203","targetHints":{"allow":["GET"]}}],"collection":[{"href":"https:\/\/www.africa-press.net\/cameroun\/wp-json\/wp\/v2\/posts"}],"about":[{"href":"https:\/\/www.africa-press.net\/cameroun\/wp-json\/wp\/v2\/types\/post"}],"author":[{"embeddable":true,"href":"https:\/\/www.africa-press.net\/cameroun\/wp-json\/wp\/v2\/users\/82"}],"replies":[{"embeddable":true,"href":"https:\/\/www.africa-press.net\/cameroun\/wp-json\/wp\/v2\/comments?post=2203"}],"version-history":[{"count":0,"href":"https:\/\/www.africa-press.net\/cameroun\/wp-json\/wp\/v2\/posts\/2203\/revisions"}],"wp:featuredmedia":[{"embeddable":true,"href":"https:\/\/www.africa-press.net\/cameroun\/wp-json\/wp\/v2\/media\/2202"}],"wp:attachment":[{"href":"https:\/\/www.africa-press.net\/cameroun\/wp-json\/wp\/v2\/media?parent=2203"}],"wp:term":[{"taxonomy":"category","embeddable":true,"href":"https:\/\/www.africa-press.net\/cameroun\/wp-json\/wp\/v2\/categories?post=2203"},{"taxonomy":"post_tag","embeddable":true,"href":"https:\/\/www.africa-press.net\/cameroun\/wp-json\/wp\/v2\/tags?post=2203"}],"curies":[{"name":"wp","href":"https:\/\/api.w.org\/{rel}","templated":true}]}}