{"id":2206,"date":"2021-04-12T17:22:32","date_gmt":"2021-04-12T17:22:32","guid":{"rendered":"https:\/\/www.africa-press.net\/cameroun\/politique\/cameroun-vie-des-partis-politiques-le-president-regional-du-sdf-pour-le-sud-claque-la-porte-du-parti"},"modified":"2021-04-13T02:35:45","modified_gmt":"2021-04-13T02:35:45","slug":"cameroun-vie-des-partis-politiques-le-president-regional-du-sdf-pour-le-sud-claque-la-porte-du-parti","status":"publish","type":"post","link":"https:\/\/www.africa-press.net\/cameroun\/politique\/cameroun-vie-des-partis-politiques-le-president-regional-du-sdf-pour-le-sud-claque-la-porte-du-parti","title":{"rendered":"Cameroun &#8211; Vie des partis politiques: Le pr\u00e9sident r\u00e9gional du SDF pour le Sud claque la porte du parti"},"content":{"rendered":"<p><span style=\"color: #ff6600\"><strong><a href=\"https:\/\/www.africa-press.net\/\">Africa-Press<\/a> &#8211; <a href=\"https:\/\/www.africa-press.net\/cameroun\">Cameroun<\/a>. <\/strong><\/span>Coup dur pour le Social Democratic Front dans la r\u00e9gion du Sud. Le parti de Ni John Fru Ndi vient de perdre son pr\u00e9sident r\u00e9gional. Olivier Mfegue a d\u00e9cid\u00e9 de quitter le SDF apr\u00e8s plus de 20 ans de militantisme.<\/p>\n<p>Selon le quotidien Le Messager qui rapporte cette information dans son \u00e9dition du 12 avril 2021, Olivier Mfegue, membre du NEC depuis 2010, estime que \u00abses id\u00e9es politiques ne correspondent plus au SDF actuel car, le parti qu\u2019il a tant aim\u00e9 et a connu a perdu le nord. Son fonctionnement devient au fil des temps, hors de celui d\u2019un parti qui veut diriger ce pays. Les affairistes se sont accapar\u00e9s du parti, dans un fonctionnement purement \u00e9go\u00efste o\u00f9 l\u2019id\u00e9ologie du parti est bafou\u00e9e. Le dialogue a foutu le camp c\u00e9dant la place \u00e0 des luttes de positionnement\u00bb, peut-on lire dans les colonnes du journal.<\/p>\n<p>S\u00e9duit par les id\u00e9es socialistes que le SDF pr\u00f4nait \u00e0 sa cr\u00e9ation, il devient militant de cette formation politique en France pendant plusieurs ann\u00e9es. \u00abDe retour au pays, Olivier Mfegue n\u2019a pas baiss\u00e9 les bras car, il croyait des lendemains meilleurs pour le SDF. Candidat \u00e0 la toute premi\u00e8re \u00e9lection s\u00e9natoriale au Cameroun, il constate un fonctionnement \u00e0 l\u2019envers aujourd\u2019hui dans le SDF, avec des leaders \u00e0 la solde du parti au pouvoir\u00bb, affirme le journal.<\/p>\n<p><b>\u00abQuand on \u00e9pouse une femme, c\u2019est pour la vie. Mais quand \u00e7a ne va plus, c\u2019est le divorce, c\u2019est l\u2019option de sagesse pour moi \u00e0 cet instant. J\u2019ai servi, je ne peux plus continuer, je sors de cette affaire. Pendant 25 ans, j\u2019y ai \u00e9t\u00e9 au risque de tout. Actuellement beaucoup de camarades politiques pensent comme moi mais il leur manque juste le courage pour sortir de cet engrenage\u00bb<\/b><\/p>\n<p>, soutient l\u2019ancien pr\u00e9sident r\u00e9gional du SDF pour le Sud cit\u00e9 par le journal.<\/p>\n<p>Dans la foul\u00e9e de sa d\u00e9mission, l\u2019ex-militant du SDF a d\u00e9cid\u00e9 de rejoindre les rangs du Mouvement R\u00e9formateur (MR) \u00abpour l\u2019application des id\u00e9es nouvelles en vue du d\u00e9collage du Cameroun\u00bb.<\/p>\n","protected":false},"excerpt":{"rendered":"<p>Africa-Press &#8211; Cameroun. Coup dur pour le Social Democratic Front dans la r\u00e9gion du Sud. Le parti de Ni John Fru Ndi vient de perdre son pr\u00e9sident r\u00e9gional. Olivier Mfegue a d\u00e9cid\u00e9 de quitter le SDF apr\u00e8s plus de 20 ans de militantisme. Selon le quotidien Le Messager qui rapporte cette information dans son \u00e9dition [&hellip;]<\/p>\n","protected":false},"author":82,"featured_media":2205,"comment_status":"open","ping_status":"closed","sticky":false,"template":"","format":"standard","meta":{"footnotes":""},"categories":[11,2,10],"tags":[36,50,49],"class_list":["post-2206","post","type-post","status-publish","format-standard","has-post-thumbnail","hentry","category-homepage-french","category-politique","category-toutes-les-actualites","tag-africa-press","tag-africa-press-cameroun","tag-cameroun"],"yoast_head":"<!-- This site is optimized with the Yoast SEO Premium plugin v26.1 (Yoast SEO v27.0) - https:\/\/yoast.com\/product\/yoast-seo-premium-wordpress\/ -->\n<title>Cameroun - Vie des partis politiques: Le pr\u00e9sident r\u00e9gional du SDF pour le Sud claque la porte du parti - Cameroun<\/title>\n<meta name=\"description\" content=\"Coup dur pour le Social Democratic Front dans la r\u00e9gion du Sud. Le parti de Ni John Fru Ndi vient de perdre son pr\u00e9siden ...\" \/>\n<meta name=\"robots\" content=\"index, follow, max-snippet:-1, max-image-preview:large, max-video-preview:-1\" \/>\n<link rel=\"canonical\" href=\"https:\/\/www.africa-press.net\/cameroun\/politique\/cameroun-vie-des-partis-politiques-le-president-regional-du-sdf-pour-le-sud-claque-la-porte-du-parti\" \/>\n<meta property=\"og:locale\" content=\"fr_FR\" \/>\n<meta property=\"og:type\" content=\"article\" \/>\n<meta property=\"og:title\" content=\"Cameroun - Vie des partis politiques: Le pr\u00e9sident r\u00e9gional du SDF pour le Sud claque la porte du parti\" \/>\n<meta property=\"og:description\" content=\"Coup dur pour le Social Democratic Front dans la r\u00e9gion du Sud. Le parti de Ni John Fru Ndi vient de perdre son pr\u00e9siden ...\" \/>\n<meta property=\"og:url\" content=\"https:\/\/www.africa-press.net\/cameroun\/politique\/cameroun-vie-des-partis-politiques-le-president-regional-du-sdf-pour-le-sud-claque-la-porte-du-parti\" \/>\n<meta property=\"og:site_name\" content=\"Cameroun\" \/>\n<meta property=\"article:published_time\" content=\"2021-04-12T17:22:32+00:00\" \/>\n<meta property=\"article:modified_time\" content=\"2021-04-13T02:35:45+00:00\" \/>\n<meta property=\"og:image\" content=\"https:\/\/static.africa-press.net\/cameroun\/sites\/57\/2021\/04\/img-6075036776dea.jpg\" \/>\n\t<meta property=\"og:image:width\" content=\"800\" \/>\n\t<meta property=\"og:image:height\" content=\"513\" \/>\n\t<meta property=\"og:image:type\" content=\"image\/jpeg\" \/>\n<meta name=\"author\" content=\"cfeditorfr\" \/>\n<meta name=\"twitter:card\" content=\"summary_large_image\" \/>\n<meta name=\"twitter:label1\" content=\"\u00c9crit par\" \/>\n\t<meta name=\"twitter:data1\" content=\"cfeditorfr\" \/>\n\t<meta name=\"twitter:label2\" content=\"Dur\u00e9e de lecture estim\u00e9e\" \/>\n\t<meta name=\"twitter:data2\" content=\"2 minutes\" \/>\n<script type=\"application\/ld+json\" class=\"yoast-schema-graph\">{\"@context\":\"https:\/\/schema.org\",\"@graph\":[{\"@type\":\"Article\",\"@id\":\"https:\/\/www.africa-press.net\/cameroun\/politique\/cameroun-vie-des-partis-politiques-le-president-regional-du-sdf-pour-le-sud-claque-la-porte-du-parti#article\",\"isPartOf\":{\"@id\":\"https:\/\/www.africa-press.net\/cameroun\/politique\/cameroun-vie-des-partis-politiques-le-president-regional-du-sdf-pour-le-sud-claque-la-porte-du-parti\"},\"author\":{\"name\":\"cfeditorfr\",\"@id\":\"https:\/\/www.africa-press.net\/cameroun\/#\/schema\/person\/2b1cf3cd81a31e3cd26889ca66d677f1\"},\"headline\":\"Cameroun &#8211; Vie des partis politiques: Le pr\u00e9sident r\u00e9gional du SDF pour le Sud claque la porte du parti\",\"datePublished\":\"2021-04-12T17:22:32+00:00\",\"dateModified\":\"2021-04-13T02:35:45+00:00\",\"mainEntityOfPage\":{\"@id\":\"https:\/\/www.africa-press.net\/cameroun\/politique\/cameroun-vie-des-partis-politiques-le-president-regional-du-sdf-pour-le-sud-claque-la-porte-du-parti\"},\"wordCount\":386,\"commentCount\":0,\"image\":{\"@id\":\"https:\/\/www.africa-press.net\/cameroun\/politique\/cameroun-vie-des-partis-politiques-le-president-regional-du-sdf-pour-le-sud-claque-la-porte-du-parti#primaryimage\"},\"thumbnailUrl\":\"https:\/\/static.africa-press.net\/cameroun\/sites\/57\/2021\/04\/img-6075036776dea.jpg\",\"keywords\":[\"Africa Press\",\"Africa Press-Cameroun\",\"Cameroun\"],\"articleSection\":[\"homepage-french\",\"Politique\",\"Toutes les actualit\u00e9s\"],\"inLanguage\":\"fr-FR\",\"potentialAction\":[{\"@type\":\"CommentAction\",\"name\":\"Comment\",\"target\":[\"https:\/\/www.africa-press.net\/cameroun\/politique\/cameroun-vie-des-partis-politiques-le-president-regional-du-sdf-pour-le-sud-claque-la-porte-du-parti#respond\"]}]},{\"@type\":\"WebPage\",\"@id\":\"https:\/\/www.africa-press.net\/cameroun\/politique\/cameroun-vie-des-partis-politiques-le-president-regional-du-sdf-pour-le-sud-claque-la-porte-du-parti\",\"url\":\"https:\/\/www.africa-press.net\/cameroun\/politique\/cameroun-vie-des-partis-politiques-le-president-regional-du-sdf-pour-le-sud-claque-la-porte-du-parti\",\"name\":\"Cameroun - Vie des partis politiques: Le pr\u00e9sident r\u00e9gional du SDF pour le Sud claque la porte du parti - Cameroun\",\"isPartOf\":{\"@id\":\"https:\/\/www.africa-press.net\/cameroun\/#website\"},\"primaryImageOfPage\":{\"@id\":\"https:\/\/www.africa-press.net\/cameroun\/politique\/cameroun-vie-des-partis-politiques-le-president-regional-du-sdf-pour-le-sud-claque-la-porte-du-parti#primaryimage\"},\"image\":{\"@id\":\"https:\/\/www.africa-press.net\/cameroun\/politique\/cameroun-vie-des-partis-politiques-le-president-regional-du-sdf-pour-le-sud-claque-la-porte-du-parti#primaryimage\"},\"thumbnailUrl\":\"https:\/\/static.africa-press.net\/cameroun\/sites\/57\/2021\/04\/img-6075036776dea.jpg\",\"datePublished\":\"2021-04-12T17:22:32+00:00\",\"dateModified\":\"2021-04-13T02:35:45+00:00\",\"author\":{\"@id\":\"https:\/\/www.africa-press.net\/cameroun\/#\/schema\/person\/2b1cf3cd81a31e3cd26889ca66d677f1\"},\"description\":\"Coup dur pour le Social Democratic Front dans la r\u00e9gion du Sud. Le parti de Ni John Fru Ndi vient de perdre son pr\u00e9siden ...\",\"breadcrumb\":{\"@id\":\"https:\/\/www.africa-press.net\/cameroun\/politique\/cameroun-vie-des-partis-politiques-le-president-regional-du-sdf-pour-le-sud-claque-la-porte-du-parti#breadcrumb\"},\"inLanguage\":\"fr-FR\",\"potentialAction\":[{\"@type\":\"ReadAction\",\"target\":[\"https:\/\/www.africa-press.net\/cameroun\/politique\/cameroun-vie-des-partis-politiques-le-president-regional-du-sdf-pour-le-sud-claque-la-porte-du-parti\"]}]},{\"@type\":\"ImageObject\",\"inLanguage\":\"fr-FR\",\"@id\":\"https:\/\/www.africa-press.net\/cameroun\/politique\/cameroun-vie-des-partis-politiques-le-president-regional-du-sdf-pour-le-sud-claque-la-porte-du-parti#primaryimage\",\"url\":\"https:\/\/static.africa-press.net\/cameroun\/sites\/57\/2021\/04\/img-6075036776dea.jpg\",\"contentUrl\":\"https:\/\/static.africa-press.net\/cameroun\/sites\/57\/2021\/04\/img-6075036776dea.jpg\",\"width\":800,\"height\":513,\"caption\":\"Cameroun - Vie des partis politiques: Le pr\u00e9sident r\u00e9gional du SDF pour le Sud claque la porte du parti\"},{\"@type\":\"BreadcrumbList\",\"@id\":\"https:\/\/www.africa-press.net\/cameroun\/politique\/cameroun-vie-des-partis-politiques-le-president-regional-du-sdf-pour-le-sud-claque-la-porte-du-parti#breadcrumb\",\"itemListElement\":[{\"@type\":\"ListItem\",\"position\":1,\"name\":\"Accueil\",\"item\":\"https:\/\/www.africa-press.net\/cameroun\/\"},{\"@type\":\"ListItem\",\"position\":2,\"name\":\"Cameroun &#8211; Vie des partis politiques: Le pr\u00e9sident r\u00e9gional du SDF pour le Sud claque la porte du parti\"}]},{\"@type\":\"WebSite\",\"@id\":\"https:\/\/www.africa-press.net\/cameroun\/#website\",\"url\":\"https:\/\/www.africa-press.net\/cameroun\/\",\"name\":\"Cameroun\",\"description\":\"Just another Africa News Agency Sites site\",\"potentialAction\":[{\"@type\":\"SearchAction\",\"target\":{\"@type\":\"EntryPoint\",\"urlTemplate\":\"https:\/\/www.africa-press.net\/cameroun\/?s={search_term_string}\"},\"query-input\":{\"@type\":\"PropertyValueSpecification\",\"valueRequired\":true,\"valueName\":\"search_term_string\"}}],\"inLanguage\":\"fr-FR\"},{\"@type\":\"Person\",\"@id\":\"https:\/\/www.africa-press.net\/cameroun\/#\/schema\/person\/2b1cf3cd81a31e3cd26889ca66d677f1\",\"name\":\"cfeditorfr\"}]}<\/script>\n<!-- \/ Yoast SEO Premium plugin. -->","yoast_head_json":{"title":"Cameroun - Vie des partis politiques: Le pr\u00e9sident r\u00e9gional du SDF pour le Sud claque la porte du parti - Cameroun","description":"Coup dur pour le Social Democratic Front dans la r\u00e9gion du Sud. Le parti de Ni John Fru Ndi vient de perdre son pr\u00e9siden ...","robots":{"index":"index","follow":"follow","max-snippet":"max-snippet:-1","max-image-preview":"max-image-preview:large","max-video-preview":"max-video-preview:-1"},"canonical":"https:\/\/www.africa-press.net\/cameroun\/politique\/cameroun-vie-des-partis-politiques-le-president-regional-du-sdf-pour-le-sud-claque-la-porte-du-parti","og_locale":"fr_FR","og_type":"article","og_title":"Cameroun - Vie des partis politiques: Le pr\u00e9sident r\u00e9gional du SDF pour le Sud claque la porte du parti","og_description":"Coup dur pour le Social Democratic Front dans la r\u00e9gion du Sud. Le parti de Ni John Fru Ndi vient de perdre son pr\u00e9siden ...","og_url":"https:\/\/www.africa-press.net\/cameroun\/politique\/cameroun-vie-des-partis-politiques-le-president-regional-du-sdf-pour-le-sud-claque-la-porte-du-parti","og_site_name":"Cameroun","article_published_time":"2021-04-12T17:22:32+00:00","article_modified_time":"2021-04-13T02:35:45+00:00","og_image":[{"width":800,"height":513,"url":"https:\/\/static.africa-press.net\/cameroun\/sites\/57\/2021\/04\/img-6075036776dea.jpg","type":"image\/jpeg"}],"author":"cfeditorfr","twitter_card":"summary_large_image","twitter_misc":{"\u00c9crit par":"cfeditorfr","Dur\u00e9e de lecture estim\u00e9e":"2 minutes"},"schema":{"@context":"https:\/\/schema.org","@graph":[{"@type":"Article","@id":"https:\/\/www.africa-press.net\/cameroun\/politique\/cameroun-vie-des-partis-politiques-le-president-regional-du-sdf-pour-le-sud-claque-la-porte-du-parti#article","isPartOf":{"@id":"https:\/\/www.africa-press.net\/cameroun\/politique\/cameroun-vie-des-partis-politiques-le-president-regional-du-sdf-pour-le-sud-claque-la-porte-du-parti"},"author":{"name":"cfeditorfr","@id":"https:\/\/www.africa-press.net\/cameroun\/#\/schema\/person\/2b1cf3cd81a31e3cd26889ca66d677f1"},"headline":"Cameroun &#8211; Vie des partis politiques: Le pr\u00e9sident r\u00e9gional du SDF pour le Sud claque la porte du parti","datePublished":"2021-04-12T17:22:32+00:00","dateModified":"2021-04-13T02:35:45+00:00","mainEntityOfPage":{"@id":"https:\/\/www.africa-press.net\/cameroun\/politique\/cameroun-vie-des-partis-politiques-le-president-regional-du-sdf-pour-le-sud-claque-la-porte-du-parti"},"wordCount":386,"commentCount":0,"image":{"@id":"https:\/\/www.africa-press.net\/cameroun\/politique\/cameroun-vie-des-partis-politiques-le-president-regional-du-sdf-pour-le-sud-claque-la-porte-du-parti#primaryimage"},"thumbnailUrl":"https:\/\/static.africa-press.net\/cameroun\/sites\/57\/2021\/04\/img-6075036776dea.jpg","keywords":["Africa Press","Africa Press-Cameroun","Cameroun"],"articleSection":["homepage-french","Politique","Toutes les actualit\u00e9s"],"inLanguage":"fr-FR","potentialAction":[{"@type":"CommentAction","name":"Comment","target":["https:\/\/www.africa-press.net\/cameroun\/politique\/cameroun-vie-des-partis-politiques-le-president-regional-du-sdf-pour-le-sud-claque-la-porte-du-parti#respond"]}]},{"@type":"WebPage","@id":"https:\/\/www.africa-press.net\/cameroun\/politique\/cameroun-vie-des-partis-politiques-le-president-regional-du-sdf-pour-le-sud-claque-la-porte-du-parti","url":"https:\/\/www.africa-press.net\/cameroun\/politique\/cameroun-vie-des-partis-politiques-le-president-regional-du-sdf-pour-le-sud-claque-la-porte-du-parti","name":"Cameroun - Vie des partis politiques: Le pr\u00e9sident r\u00e9gional du SDF pour le Sud claque la porte du parti - Cameroun","isPartOf":{"@id":"https:\/\/www.africa-press.net\/cameroun\/#website"},"primaryImageOfPage":{"@id":"https:\/\/www.africa-press.net\/cameroun\/politique\/cameroun-vie-des-partis-politiques-le-president-regional-du-sdf-pour-le-sud-claque-la-porte-du-parti#primaryimage"},"image":{"@id":"https:\/\/www.africa-press.net\/cameroun\/politique\/cameroun-vie-des-partis-politiques-le-president-regional-du-sdf-pour-le-sud-claque-la-porte-du-parti#primaryimage"},"thumbnailUrl":"https:\/\/static.africa-press.net\/cameroun\/sites\/57\/2021\/04\/img-6075036776dea.jpg","datePublished":"2021-04-12T17:22:32+00:00","dateModified":"2021-04-13T02:35:45+00:00","author":{"@id":"https:\/\/www.africa-press.net\/cameroun\/#\/schema\/person\/2b1cf3cd81a31e3cd26889ca66d677f1"},"description":"Coup dur pour le Social Democratic Front dans la r\u00e9gion du Sud. Le parti de Ni John Fru Ndi vient de perdre son pr\u00e9siden ...","breadcrumb":{"@id":"https:\/\/www.africa-press.net\/cameroun\/politique\/cameroun-vie-des-partis-politiques-le-president-regional-du-sdf-pour-le-sud-claque-la-porte-du-parti#breadcrumb"},"inLanguage":"fr-FR","potentialAction":[{"@type":"ReadAction","target":["https:\/\/www.africa-press.net\/cameroun\/politique\/cameroun-vie-des-partis-politiques-le-president-regional-du-sdf-pour-le-sud-claque-la-porte-du-parti"]}]},{"@type":"ImageObject","inLanguage":"fr-FR","@id":"https:\/\/www.africa-press.net\/cameroun\/politique\/cameroun-vie-des-partis-politiques-le-president-regional-du-sdf-pour-le-sud-claque-la-porte-du-parti#primaryimage","url":"https:\/\/static.africa-press.net\/cameroun\/sites\/57\/2021\/04\/img-6075036776dea.jpg","contentUrl":"https:\/\/static.africa-press.net\/cameroun\/sites\/57\/2021\/04\/img-6075036776dea.jpg","width":800,"height":513,"caption":"Cameroun - Vie des partis politiques: Le pr\u00e9sident r\u00e9gional du SDF pour le Sud claque la porte du parti"},{"@type":"BreadcrumbList","@id":"https:\/\/www.africa-press.net\/cameroun\/politique\/cameroun-vie-des-partis-politiques-le-president-regional-du-sdf-pour-le-sud-claque-la-porte-du-parti#breadcrumb","itemListElement":[{"@type":"ListItem","position":1,"name":"Accueil","item":"https:\/\/www.africa-press.net\/cameroun\/"},{"@type":"ListItem","position":2,"name":"Cameroun &#8211; Vie des partis politiques: Le pr\u00e9sident r\u00e9gional du SDF pour le Sud claque la porte du parti"}]},{"@type":"WebSite","@id":"https:\/\/www.africa-press.net\/cameroun\/#website","url":"https:\/\/www.africa-press.net\/cameroun\/","name":"Cameroun","description":"Just another Africa News Agency Sites site","potentialAction":[{"@type":"SearchAction","target":{"@type":"EntryPoint","urlTemplate":"https:\/\/www.africa-press.net\/cameroun\/?s={search_term_string}"},"query-input":{"@type":"PropertyValueSpecification","valueRequired":true,"valueName":"search_term_string"}}],"inLanguage":"fr-FR"},{"@type":"Person","@id":"https:\/\/www.africa-press.net\/cameroun\/#\/schema\/person\/2b1cf3cd81a31e3cd26889ca66d677f1","name":"cfeditorfr"}]}},"_links":{"self":[{"href":"https:\/\/www.africa-press.net\/cameroun\/wp-json\/wp\/v2\/posts\/2206","targetHints":{"allow":["GET"]}}],"collection":[{"href":"https:\/\/www.africa-press.net\/cameroun\/wp-json\/wp\/v2\/posts"}],"about":[{"href":"https:\/\/www.africa-press.net\/cameroun\/wp-json\/wp\/v2\/types\/post"}],"author":[{"embeddable":true,"href":"https:\/\/www.africa-press.net\/cameroun\/wp-json\/wp\/v2\/users\/82"}],"replies":[{"embeddable":true,"href":"https:\/\/www.africa-press.net\/cameroun\/wp-json\/wp\/v2\/comments?post=2206"}],"version-history":[{"count":0,"href":"https:\/\/www.africa-press.net\/cameroun\/wp-json\/wp\/v2\/posts\/2206\/revisions"}],"wp:featuredmedia":[{"embeddable":true,"href":"https:\/\/www.africa-press.net\/cameroun\/wp-json\/wp\/v2\/media\/2205"}],"wp:attachment":[{"href":"https:\/\/www.africa-press.net\/cameroun\/wp-json\/wp\/v2\/media?parent=2206"}],"wp:term":[{"taxonomy":"category","embeddable":true,"href":"https:\/\/www.africa-press.net\/cameroun\/wp-json\/wp\/v2\/categories?post=2206"},{"taxonomy":"post_tag","embeddable":true,"href":"https:\/\/www.africa-press.net\/cameroun\/wp-json\/wp\/v2\/tags?post=2206"}],"curies":[{"name":"wp","href":"https:\/\/api.w.org\/{rel}","templated":true}]}}