{"id":2209,"date":"2021-04-12T17:30:17","date_gmt":"2021-04-12T17:30:17","guid":{"rendered":"https:\/\/www.africa-press.net\/cameroun\/politique\/cameroun-coronavirus-malachie-manaouda-premier-camerounais-a-recevoir-le-vaccin-anti-covid-19"},"modified":"2021-04-13T02:36:30","modified_gmt":"2021-04-13T02:36:30","slug":"cameroun-coronavirus-malachie-manaouda-premier-camerounais-a-recevoir-le-vaccin-anti-covid-19","status":"publish","type":"post","link":"https:\/\/www.africa-press.net\/cameroun\/politique\/cameroun-coronavirus-malachie-manaouda-premier-camerounais-a-recevoir-le-vaccin-anti-covid-19","title":{"rendered":"Cameroun &#8211; Coronavirus: Malachie Manaouda, premier camerounais \u00e0 recevoir le vaccin anti-Covid-19"},"content":{"rendered":"<p><span style=\"color: #ff6600\"><strong><a href=\"https:\/\/www.africa-press.net\/\">Africa-Press<\/a> &#8211; <a href=\"https:\/\/www.africa-press.net\/cameroun\">Cameroun<\/a>. <\/strong><\/span>Au lendemain de la r\u00e9ception par le Cameroun de sa premi\u00e8re cargaison de 200 000 doses du vaccin chinois Sinopharm, le ministre de la Sant\u00e9 Publique, Malachie Manaouda, s\u2019est port\u00e9 garant pour recevoir le tout premier flacon. Le patron de la Sant\u00e9 a \u00e9t\u00e9 vacciner aux encablures de 11H30min dans la matin\u00e9e au centre de traitement de l\u2019ancien supermarch\u00e9 ORCA.<\/p>\n<p>Apr\u00e8s avoir re\u00e7u son vaccin, Malachie Manaouda s\u2019est confi\u00e9 chez nos confr\u00e8res de Conso TV: \u00abJe me sens tr\u00e8s bien apr\u00e8s avoir re\u00e7u le vaccin\u00bb, rapporte cette chaine de t\u00e9l\u00e9vision priv\u00e9e.<\/p>\n<p>Le ministre de la Sant\u00e9 devient le tout premier camerounais \u00e0 se faire vacciner, et \u00e0 travers cet acte, il pr\u00eache par l\u2019exemple et t\u00e9moigne de ce que le vaccin est le traitement adapt\u00e9 pour le Covid-19.<\/p>\n<p>Le vaccin sera distribu\u00e9 dans 243 centres de vaccination identifi\u00e9s \u00e0 travers les dix r\u00e9gions du pays, selon une r\u00e9partition \u00e9labor\u00e9e par le Programme Elargi de Vaccination (PEV) d\u00e8s ce lundi 12 avril 2021.<\/p>\n<p>\u00abLe vaccin SINOPHARM, approuv\u00e9s par plus 30 pays, se pr\u00e9sente sous une formulation liquide de flacon monodose d&rsquo;une contenance de 0,5 ml par dose. Il est administr\u00e9 en deux doses avec un intervalle de 21 jours. Il est efficace \u00e0 79% contre la survenue des formes symptomatiques de Covid-19 et prot\u00e8ge \u00e9galement contre le variant Sud-Africain. Il se conserve \u00e0 une temp\u00e9rature de +2\u00b0C-+8\u00b0C et est donc conforme aux \u00e9quipements de cha\u00eene de froid homologu\u00e9s disponibles dans le pays\u00bb, explique le PEV sur son compte Facebook.<\/p>\n<p>Il importe de pr\u00e9ciser que les cibles prioritaires pour cette campagne de vaccination anti-Covid-19 sont: les personnels de sant\u00e9, les personnes \u00e2g\u00e9es de 50 ans et plus, des personnes avec des comorbidit\u00e9s (Hypertension, diab\u00e8te, pathologies respiratoires, ob\u00e9sit\u00e9), mais aussi les enseignants et les forces de l\u2019ordre.<\/p>\n","protected":false},"excerpt":{"rendered":"<p>Africa-Press &#8211; Cameroun. Au lendemain de la r\u00e9ception par le Cameroun de sa premi\u00e8re cargaison de 200 000 doses du vaccin chinois Sinopharm, le ministre de la Sant\u00e9 Publique, Malachie Manaouda, s\u2019est port\u00e9 garant pour recevoir le tout premier flacon. Le patron de la Sant\u00e9 a \u00e9t\u00e9 vacciner aux encablures de 11H30min dans la matin\u00e9e [&hellip;]<\/p>\n","protected":false},"author":82,"featured_media":2208,"comment_status":"open","ping_status":"closed","sticky":false,"template":"","format":"standard","meta":{"footnotes":""},"categories":[11,2,20,10],"tags":[36,50,49],"class_list":["post-2209","post","type-post","status-publish","format-standard","has-post-thumbnail","hentry","category-homepage-french","category-politique","category-top-nouvelles","category-toutes-les-actualites","tag-africa-press","tag-africa-press-cameroun","tag-cameroun"],"yoast_head":"<!-- This site is optimized with the Yoast SEO Premium plugin v26.1 (Yoast SEO v27.0) - https:\/\/yoast.com\/product\/yoast-seo-premium-wordpress\/ -->\n<title>Cameroun - Coronavirus: Malachie Manaouda, premier camerounais \u00e0 recevoir le vaccin anti-Covid-19 - Cameroun<\/title>\n<meta name=\"description\" content=\"Au lendemain de la r\u00e9ception par le Cameroun de sa premi\u00e8re cargaison de 200 000 doses du vaccin chinois Sinopharm, le m ...\" \/>\n<meta name=\"robots\" content=\"index, follow, max-snippet:-1, max-image-preview:large, max-video-preview:-1\" \/>\n<link rel=\"canonical\" href=\"https:\/\/www.africa-press.net\/cameroun\/politique\/cameroun-coronavirus-malachie-manaouda-premier-camerounais-a-recevoir-le-vaccin-anti-covid-19\" \/>\n<meta property=\"og:locale\" content=\"fr_FR\" \/>\n<meta property=\"og:type\" content=\"article\" \/>\n<meta property=\"og:title\" content=\"Cameroun - Coronavirus: Malachie Manaouda, premier camerounais \u00e0 recevoir le vaccin anti-Covid-19\" \/>\n<meta property=\"og:description\" content=\"Au lendemain de la r\u00e9ception par le Cameroun de sa premi\u00e8re cargaison de 200 000 doses du vaccin chinois Sinopharm, le m ...\" \/>\n<meta property=\"og:url\" content=\"https:\/\/www.africa-press.net\/cameroun\/politique\/cameroun-coronavirus-malachie-manaouda-premier-camerounais-a-recevoir-le-vaccin-anti-covid-19\" \/>\n<meta property=\"og:site_name\" content=\"Cameroun\" \/>\n<meta property=\"article:published_time\" content=\"2021-04-12T17:30:17+00:00\" \/>\n<meta property=\"article:modified_time\" content=\"2021-04-13T02:36:30+00:00\" \/>\n<meta property=\"og:image\" content=\"https:\/\/static.africa-press.net\/cameroun\/sites\/57\/2021\/04\/img-60750392d2e0f.jpg\" \/>\n\t<meta property=\"og:image:width\" content=\"800\" \/>\n\t<meta property=\"og:image:height\" content=\"390\" \/>\n\t<meta property=\"og:image:type\" content=\"image\/jpeg\" \/>\n<meta name=\"author\" content=\"cfeditorfr\" \/>\n<meta name=\"twitter:card\" content=\"summary_large_image\" \/>\n<meta name=\"twitter:label1\" content=\"\u00c9crit par\" \/>\n\t<meta name=\"twitter:data1\" content=\"cfeditorfr\" \/>\n\t<meta name=\"twitter:label2\" content=\"Dur\u00e9e de lecture estim\u00e9e\" \/>\n\t<meta name=\"twitter:data2\" content=\"2 minutes\" \/>\n<script type=\"application\/ld+json\" class=\"yoast-schema-graph\">{\"@context\":\"https:\/\/schema.org\",\"@graph\":[{\"@type\":\"Article\",\"@id\":\"https:\/\/www.africa-press.net\/cameroun\/politique\/cameroun-coronavirus-malachie-manaouda-premier-camerounais-a-recevoir-le-vaccin-anti-covid-19#article\",\"isPartOf\":{\"@id\":\"https:\/\/www.africa-press.net\/cameroun\/politique\/cameroun-coronavirus-malachie-manaouda-premier-camerounais-a-recevoir-le-vaccin-anti-covid-19\"},\"author\":{\"name\":\"cfeditorfr\",\"@id\":\"https:\/\/www.africa-press.net\/cameroun\/#\/schema\/person\/2b1cf3cd81a31e3cd26889ca66d677f1\"},\"headline\":\"Cameroun &#8211; Coronavirus: Malachie Manaouda, premier camerounais \u00e0 recevoir le vaccin anti-Covid-19\",\"datePublished\":\"2021-04-12T17:30:17+00:00\",\"dateModified\":\"2021-04-13T02:36:30+00:00\",\"mainEntityOfPage\":{\"@id\":\"https:\/\/www.africa-press.net\/cameroun\/politique\/cameroun-coronavirus-malachie-manaouda-premier-camerounais-a-recevoir-le-vaccin-anti-covid-19\"},\"wordCount\":331,\"commentCount\":0,\"image\":{\"@id\":\"https:\/\/www.africa-press.net\/cameroun\/politique\/cameroun-coronavirus-malachie-manaouda-premier-camerounais-a-recevoir-le-vaccin-anti-covid-19#primaryimage\"},\"thumbnailUrl\":\"https:\/\/static.africa-press.net\/cameroun\/sites\/57\/2021\/04\/img-60750392d2e0f.jpg\",\"keywords\":[\"Africa Press\",\"Africa Press-Cameroun\",\"Cameroun\"],\"articleSection\":[\"homepage-french\",\"Politique\",\"Top Nouvelles\",\"Toutes les actualit\u00e9s\"],\"inLanguage\":\"fr-FR\",\"potentialAction\":[{\"@type\":\"CommentAction\",\"name\":\"Comment\",\"target\":[\"https:\/\/www.africa-press.net\/cameroun\/politique\/cameroun-coronavirus-malachie-manaouda-premier-camerounais-a-recevoir-le-vaccin-anti-covid-19#respond\"]}]},{\"@type\":\"WebPage\",\"@id\":\"https:\/\/www.africa-press.net\/cameroun\/politique\/cameroun-coronavirus-malachie-manaouda-premier-camerounais-a-recevoir-le-vaccin-anti-covid-19\",\"url\":\"https:\/\/www.africa-press.net\/cameroun\/politique\/cameroun-coronavirus-malachie-manaouda-premier-camerounais-a-recevoir-le-vaccin-anti-covid-19\",\"name\":\"Cameroun - Coronavirus: Malachie Manaouda, premier camerounais \u00e0 recevoir le vaccin anti-Covid-19 - Cameroun\",\"isPartOf\":{\"@id\":\"https:\/\/www.africa-press.net\/cameroun\/#website\"},\"primaryImageOfPage\":{\"@id\":\"https:\/\/www.africa-press.net\/cameroun\/politique\/cameroun-coronavirus-malachie-manaouda-premier-camerounais-a-recevoir-le-vaccin-anti-covid-19#primaryimage\"},\"image\":{\"@id\":\"https:\/\/www.africa-press.net\/cameroun\/politique\/cameroun-coronavirus-malachie-manaouda-premier-camerounais-a-recevoir-le-vaccin-anti-covid-19#primaryimage\"},\"thumbnailUrl\":\"https:\/\/static.africa-press.net\/cameroun\/sites\/57\/2021\/04\/img-60750392d2e0f.jpg\",\"datePublished\":\"2021-04-12T17:30:17+00:00\",\"dateModified\":\"2021-04-13T02:36:30+00:00\",\"author\":{\"@id\":\"https:\/\/www.africa-press.net\/cameroun\/#\/schema\/person\/2b1cf3cd81a31e3cd26889ca66d677f1\"},\"description\":\"Au lendemain de la r\u00e9ception par le Cameroun de sa premi\u00e8re cargaison de 200 000 doses du vaccin chinois Sinopharm, le m ...\",\"breadcrumb\":{\"@id\":\"https:\/\/www.africa-press.net\/cameroun\/politique\/cameroun-coronavirus-malachie-manaouda-premier-camerounais-a-recevoir-le-vaccin-anti-covid-19#breadcrumb\"},\"inLanguage\":\"fr-FR\",\"potentialAction\":[{\"@type\":\"ReadAction\",\"target\":[\"https:\/\/www.africa-press.net\/cameroun\/politique\/cameroun-coronavirus-malachie-manaouda-premier-camerounais-a-recevoir-le-vaccin-anti-covid-19\"]}]},{\"@type\":\"ImageObject\",\"inLanguage\":\"fr-FR\",\"@id\":\"https:\/\/www.africa-press.net\/cameroun\/politique\/cameroun-coronavirus-malachie-manaouda-premier-camerounais-a-recevoir-le-vaccin-anti-covid-19#primaryimage\",\"url\":\"https:\/\/static.africa-press.net\/cameroun\/sites\/57\/2021\/04\/img-60750392d2e0f.jpg\",\"contentUrl\":\"https:\/\/static.africa-press.net\/cameroun\/sites\/57\/2021\/04\/img-60750392d2e0f.jpg\",\"width\":800,\"height\":390,\"caption\":\"Cameroun - Coronavirus: Malachie Manaouda, premier camerounais \u00e0 recevoir le vaccin anti-Covid-19\"},{\"@type\":\"BreadcrumbList\",\"@id\":\"https:\/\/www.africa-press.net\/cameroun\/politique\/cameroun-coronavirus-malachie-manaouda-premier-camerounais-a-recevoir-le-vaccin-anti-covid-19#breadcrumb\",\"itemListElement\":[{\"@type\":\"ListItem\",\"position\":1,\"name\":\"Accueil\",\"item\":\"https:\/\/www.africa-press.net\/cameroun\/\"},{\"@type\":\"ListItem\",\"position\":2,\"name\":\"Cameroun &#8211; Coronavirus: Malachie Manaouda, premier camerounais \u00e0 recevoir le vaccin anti-Covid-19\"}]},{\"@type\":\"WebSite\",\"@id\":\"https:\/\/www.africa-press.net\/cameroun\/#website\",\"url\":\"https:\/\/www.africa-press.net\/cameroun\/\",\"name\":\"Cameroun\",\"description\":\"Just another Africa News Agency Sites site\",\"potentialAction\":[{\"@type\":\"SearchAction\",\"target\":{\"@type\":\"EntryPoint\",\"urlTemplate\":\"https:\/\/www.africa-press.net\/cameroun\/?s={search_term_string}\"},\"query-input\":{\"@type\":\"PropertyValueSpecification\",\"valueRequired\":true,\"valueName\":\"search_term_string\"}}],\"inLanguage\":\"fr-FR\"},{\"@type\":\"Person\",\"@id\":\"https:\/\/www.africa-press.net\/cameroun\/#\/schema\/person\/2b1cf3cd81a31e3cd26889ca66d677f1\",\"name\":\"cfeditorfr\"}]}<\/script>\n<!-- \/ Yoast SEO Premium plugin. -->","yoast_head_json":{"title":"Cameroun - Coronavirus: Malachie Manaouda, premier camerounais \u00e0 recevoir le vaccin anti-Covid-19 - Cameroun","description":"Au lendemain de la r\u00e9ception par le Cameroun de sa premi\u00e8re cargaison de 200 000 doses du vaccin chinois Sinopharm, le m ...","robots":{"index":"index","follow":"follow","max-snippet":"max-snippet:-1","max-image-preview":"max-image-preview:large","max-video-preview":"max-video-preview:-1"},"canonical":"https:\/\/www.africa-press.net\/cameroun\/politique\/cameroun-coronavirus-malachie-manaouda-premier-camerounais-a-recevoir-le-vaccin-anti-covid-19","og_locale":"fr_FR","og_type":"article","og_title":"Cameroun - Coronavirus: Malachie Manaouda, premier camerounais \u00e0 recevoir le vaccin anti-Covid-19","og_description":"Au lendemain de la r\u00e9ception par le Cameroun de sa premi\u00e8re cargaison de 200 000 doses du vaccin chinois Sinopharm, le m ...","og_url":"https:\/\/www.africa-press.net\/cameroun\/politique\/cameroun-coronavirus-malachie-manaouda-premier-camerounais-a-recevoir-le-vaccin-anti-covid-19","og_site_name":"Cameroun","article_published_time":"2021-04-12T17:30:17+00:00","article_modified_time":"2021-04-13T02:36:30+00:00","og_image":[{"width":800,"height":390,"url":"https:\/\/static.africa-press.net\/cameroun\/sites\/57\/2021\/04\/img-60750392d2e0f.jpg","type":"image\/jpeg"}],"author":"cfeditorfr","twitter_card":"summary_large_image","twitter_misc":{"\u00c9crit par":"cfeditorfr","Dur\u00e9e de lecture estim\u00e9e":"2 minutes"},"schema":{"@context":"https:\/\/schema.org","@graph":[{"@type":"Article","@id":"https:\/\/www.africa-press.net\/cameroun\/politique\/cameroun-coronavirus-malachie-manaouda-premier-camerounais-a-recevoir-le-vaccin-anti-covid-19#article","isPartOf":{"@id":"https:\/\/www.africa-press.net\/cameroun\/politique\/cameroun-coronavirus-malachie-manaouda-premier-camerounais-a-recevoir-le-vaccin-anti-covid-19"},"author":{"name":"cfeditorfr","@id":"https:\/\/www.africa-press.net\/cameroun\/#\/schema\/person\/2b1cf3cd81a31e3cd26889ca66d677f1"},"headline":"Cameroun &#8211; Coronavirus: Malachie Manaouda, premier camerounais \u00e0 recevoir le vaccin anti-Covid-19","datePublished":"2021-04-12T17:30:17+00:00","dateModified":"2021-04-13T02:36:30+00:00","mainEntityOfPage":{"@id":"https:\/\/www.africa-press.net\/cameroun\/politique\/cameroun-coronavirus-malachie-manaouda-premier-camerounais-a-recevoir-le-vaccin-anti-covid-19"},"wordCount":331,"commentCount":0,"image":{"@id":"https:\/\/www.africa-press.net\/cameroun\/politique\/cameroun-coronavirus-malachie-manaouda-premier-camerounais-a-recevoir-le-vaccin-anti-covid-19#primaryimage"},"thumbnailUrl":"https:\/\/static.africa-press.net\/cameroun\/sites\/57\/2021\/04\/img-60750392d2e0f.jpg","keywords":["Africa Press","Africa Press-Cameroun","Cameroun"],"articleSection":["homepage-french","Politique","Top Nouvelles","Toutes les actualit\u00e9s"],"inLanguage":"fr-FR","potentialAction":[{"@type":"CommentAction","name":"Comment","target":["https:\/\/www.africa-press.net\/cameroun\/politique\/cameroun-coronavirus-malachie-manaouda-premier-camerounais-a-recevoir-le-vaccin-anti-covid-19#respond"]}]},{"@type":"WebPage","@id":"https:\/\/www.africa-press.net\/cameroun\/politique\/cameroun-coronavirus-malachie-manaouda-premier-camerounais-a-recevoir-le-vaccin-anti-covid-19","url":"https:\/\/www.africa-press.net\/cameroun\/politique\/cameroun-coronavirus-malachie-manaouda-premier-camerounais-a-recevoir-le-vaccin-anti-covid-19","name":"Cameroun - Coronavirus: Malachie Manaouda, premier camerounais \u00e0 recevoir le vaccin anti-Covid-19 - Cameroun","isPartOf":{"@id":"https:\/\/www.africa-press.net\/cameroun\/#website"},"primaryImageOfPage":{"@id":"https:\/\/www.africa-press.net\/cameroun\/politique\/cameroun-coronavirus-malachie-manaouda-premier-camerounais-a-recevoir-le-vaccin-anti-covid-19#primaryimage"},"image":{"@id":"https:\/\/www.africa-press.net\/cameroun\/politique\/cameroun-coronavirus-malachie-manaouda-premier-camerounais-a-recevoir-le-vaccin-anti-covid-19#primaryimage"},"thumbnailUrl":"https:\/\/static.africa-press.net\/cameroun\/sites\/57\/2021\/04\/img-60750392d2e0f.jpg","datePublished":"2021-04-12T17:30:17+00:00","dateModified":"2021-04-13T02:36:30+00:00","author":{"@id":"https:\/\/www.africa-press.net\/cameroun\/#\/schema\/person\/2b1cf3cd81a31e3cd26889ca66d677f1"},"description":"Au lendemain de la r\u00e9ception par le Cameroun de sa premi\u00e8re cargaison de 200 000 doses du vaccin chinois Sinopharm, le m ...","breadcrumb":{"@id":"https:\/\/www.africa-press.net\/cameroun\/politique\/cameroun-coronavirus-malachie-manaouda-premier-camerounais-a-recevoir-le-vaccin-anti-covid-19#breadcrumb"},"inLanguage":"fr-FR","potentialAction":[{"@type":"ReadAction","target":["https:\/\/www.africa-press.net\/cameroun\/politique\/cameroun-coronavirus-malachie-manaouda-premier-camerounais-a-recevoir-le-vaccin-anti-covid-19"]}]},{"@type":"ImageObject","inLanguage":"fr-FR","@id":"https:\/\/www.africa-press.net\/cameroun\/politique\/cameroun-coronavirus-malachie-manaouda-premier-camerounais-a-recevoir-le-vaccin-anti-covid-19#primaryimage","url":"https:\/\/static.africa-press.net\/cameroun\/sites\/57\/2021\/04\/img-60750392d2e0f.jpg","contentUrl":"https:\/\/static.africa-press.net\/cameroun\/sites\/57\/2021\/04\/img-60750392d2e0f.jpg","width":800,"height":390,"caption":"Cameroun - Coronavirus: Malachie Manaouda, premier camerounais \u00e0 recevoir le vaccin anti-Covid-19"},{"@type":"BreadcrumbList","@id":"https:\/\/www.africa-press.net\/cameroun\/politique\/cameroun-coronavirus-malachie-manaouda-premier-camerounais-a-recevoir-le-vaccin-anti-covid-19#breadcrumb","itemListElement":[{"@type":"ListItem","position":1,"name":"Accueil","item":"https:\/\/www.africa-press.net\/cameroun\/"},{"@type":"ListItem","position":2,"name":"Cameroun &#8211; Coronavirus: Malachie Manaouda, premier camerounais \u00e0 recevoir le vaccin anti-Covid-19"}]},{"@type":"WebSite","@id":"https:\/\/www.africa-press.net\/cameroun\/#website","url":"https:\/\/www.africa-press.net\/cameroun\/","name":"Cameroun","description":"Just another Africa News Agency Sites site","potentialAction":[{"@type":"SearchAction","target":{"@type":"EntryPoint","urlTemplate":"https:\/\/www.africa-press.net\/cameroun\/?s={search_term_string}"},"query-input":{"@type":"PropertyValueSpecification","valueRequired":true,"valueName":"search_term_string"}}],"inLanguage":"fr-FR"},{"@type":"Person","@id":"https:\/\/www.africa-press.net\/cameroun\/#\/schema\/person\/2b1cf3cd81a31e3cd26889ca66d677f1","name":"cfeditorfr"}]}},"_links":{"self":[{"href":"https:\/\/www.africa-press.net\/cameroun\/wp-json\/wp\/v2\/posts\/2209","targetHints":{"allow":["GET"]}}],"collection":[{"href":"https:\/\/www.africa-press.net\/cameroun\/wp-json\/wp\/v2\/posts"}],"about":[{"href":"https:\/\/www.africa-press.net\/cameroun\/wp-json\/wp\/v2\/types\/post"}],"author":[{"embeddable":true,"href":"https:\/\/www.africa-press.net\/cameroun\/wp-json\/wp\/v2\/users\/82"}],"replies":[{"embeddable":true,"href":"https:\/\/www.africa-press.net\/cameroun\/wp-json\/wp\/v2\/comments?post=2209"}],"version-history":[{"count":0,"href":"https:\/\/www.africa-press.net\/cameroun\/wp-json\/wp\/v2\/posts\/2209\/revisions"}],"wp:featuredmedia":[{"embeddable":true,"href":"https:\/\/www.africa-press.net\/cameroun\/wp-json\/wp\/v2\/media\/2208"}],"wp:attachment":[{"href":"https:\/\/www.africa-press.net\/cameroun\/wp-json\/wp\/v2\/media?parent=2209"}],"wp:term":[{"taxonomy":"category","embeddable":true,"href":"https:\/\/www.africa-press.net\/cameroun\/wp-json\/wp\/v2\/categories?post=2209"},{"taxonomy":"post_tag","embeddable":true,"href":"https:\/\/www.africa-press.net\/cameroun\/wp-json\/wp\/v2\/tags?post=2209"}],"curies":[{"name":"wp","href":"https:\/\/api.w.org\/{rel}","templated":true}]}}