{"id":2215,"date":"2021-04-12T17:45:40","date_gmt":"2021-04-12T17:45:40","guid":{"rendered":"https:\/\/www.africa-press.net\/cameroun\/politique\/cameroun-reconnaissance-pascal-monkam-fait-grand-cordon-du-merite-camerounais-a-titre-posthume"},"modified":"2021-04-13T02:40:15","modified_gmt":"2021-04-13T02:40:15","slug":"cameroun-reconnaissance-pascal-monkam-fait-grand-cordon-du-merite-camerounais-a-titre-posthume","status":"publish","type":"post","link":"https:\/\/www.africa-press.net\/cameroun\/politique\/cameroun-reconnaissance-pascal-monkam-fait-grand-cordon-du-merite-camerounais-a-titre-posthume","title":{"rendered":"Cameroun &#8211; Reconnaissance: Pascal Monkam fait Grand cordon du m\u00e9rite camerounais \u00e0 titre posthume"},"content":{"rendered":"<p><span style=\"color: #ff6600\"><strong><a href=\"https:\/\/www.africa-press.net\/\">Africa-Press<\/a> &#8211; <a href=\"https:\/\/www.africa-press.net\/cameroun\">Cameroun<\/a>. <\/strong><\/span>D\u00e9c\u00e9d\u00e9 le 27 f\u00e9vrier 2021, l\u2019homme d\u2019affaires Pascal Monkam a \u00e9t\u00e9 inhum\u00e9 dans son village natal \u00e0 Bakassa dans la r\u00e9gion de l\u2019Ouest le 10 avril 2021. Avant que la terre de ses anc\u00eatres ne se referme d\u00e9finitivement sur lui, le magnat de l\u2019immobilier et de l\u2019h\u00f4tellerie a \u00e9t\u00e9 fait Grand cordon du m\u00e9rite camerounais \u00e0 titre posthume.<\/p>\n<p>D\u2019apr\u00e8s le quotidien national bilingue Cameroon Tribune en kiosque ce 12 avril 2021, \u00abc\u2019est le ministre d\u2019Etat, Ma\u00efgari Bello Bouba, qui se charge, au nom du chef de l\u2019Etat, d\u2019apposer la m\u00e9daille \u00e0 titre posthume sur le cercueil du patriarche Nza\u2019a Menkam Niassi, sous les regards de l\u2019assistance\u00bb. Le repr\u00e9sentant du Chef de l\u2019Etat, le ministre du Tourisme et des Loisirs, Ma\u00efgari Bello Bouba avait \u00e0 ses c\u00f4t\u00e9s, le gouverneur de la r\u00e9gion de l\u2019Ouest, Awa Fonka Augustine, et le Pr\u00e9fet du Haut-Nkam, Luc Ndongo. C\u2019est d\u2019ailleurs ce dernier qui a lu le message de condol\u00e9ances du chef de l\u2019Etat, Paul Biya.<\/p>\n<p><b>\u00abMalgr\u00e9 la forte canicule, plusieurs hommes d\u2019affaires font une procession \u00e0 tour de r\u00f4le autour de la d\u00e9pouille de Pascal Monkam\u2026 Cette procession marque l\u2019ultime hommage rendu au d\u00e9funt (n\u00e9 en 1929 et d\u00e9c\u00e9d\u00e9 le 27 f\u00e9vrier 2021) par ses partenaires d\u2019affaires, amis et m\u00eame concurrents. Les \u0153uvres du d\u00e9funt, innombrables, sont reconnues par la R\u00e9publique\u00bb<\/b>, rel\u00e8ve le journal.<\/p>\n<p>Au moment o\u00f9 il quitte la terre des Hommes, cet homme parti de rien, laisse \u00e0 sa post\u00e9rit\u00e9 des entreprises florissantes tant au Cameroun qu\u2019en Afrique du Sud. \u00abSes cinq \u00e9pouses et ses 16 enfants gardent de lui l\u2019image d\u2019un homme attentionn\u00e9, aimant, patient, tol\u00e9rant, organis\u00e9, \u00e9conome, qui encha\u00eenait de multiples heures de travail sans rechigner. Pascal Monkam \u00e9tait \u00e9galement humble, sinc\u00e8re, fid\u00e8le en amiti\u00e9, une force de la nature, un meneur d\u2019hommes. Il \u00e9tait aussi engag\u00e9 politiquement et a soutenu avec loyaut\u00e9 la politique du pr\u00e9sident Paul Biya\u00bb, lit-on.<\/p>\n<p>Pour Mgr Abraham Kome, \u00e9v\u00eaque du dioc\u00e8se de Bafang, \u00abPascal Monkam voulait montrer au monde qu\u2019un riche peut s\u2019en aller, en laissant une famille unie, qui perp\u00e9tue son \u0153uvre. C\u2019\u00e9tait son v\u0153u et c\u2019est d\u00e9sormais un challenge pour ses proches\u00bb, peut-on lire.<\/p>\n<p><b>Wilfried ONDOA<\/b><\/p>\n","protected":false},"excerpt":{"rendered":"<p>Africa-Press &#8211; Cameroun. D\u00e9c\u00e9d\u00e9 le 27 f\u00e9vrier 2021, l\u2019homme d\u2019affaires Pascal Monkam a \u00e9t\u00e9 inhum\u00e9 dans son village natal \u00e0 Bakassa dans la r\u00e9gion de l\u2019Ouest le 10 avril 2021. Avant que la terre de ses anc\u00eatres ne se referme d\u00e9finitivement sur lui, le magnat de l\u2019immobilier et de l\u2019h\u00f4tellerie a \u00e9t\u00e9 fait Grand cordon [&hellip;]<\/p>\n","protected":false},"author":82,"featured_media":2214,"comment_status":"open","ping_status":"closed","sticky":false,"template":"","format":"standard","meta":{"footnotes":""},"categories":[11,2,10],"tags":[36,50,49],"class_list":["post-2215","post","type-post","status-publish","format-standard","has-post-thumbnail","hentry","category-homepage-french","category-politique","category-toutes-les-actualites","tag-africa-press","tag-africa-press-cameroun","tag-cameroun"],"yoast_head":"<!-- This site is optimized with the Yoast SEO Premium plugin v26.1 (Yoast SEO v27.0) - https:\/\/yoast.com\/product\/yoast-seo-premium-wordpress\/ -->\n<title>Cameroun - Reconnaissance: Pascal Monkam fait Grand cordon du m\u00e9rite camerounais \u00e0 titre posthume - Cameroun<\/title>\n<meta name=\"description\" content=\"D\u00e9c\u00e9d\u00e9 le 27 f\u00e9vrier 2021, l\u2019homme d\u2019affaires Pascal Monkam a \u00e9t\u00e9 inhum\u00e9 dans son village natal \u00e0 Bakassa dans la r\u00e9gion ...\" \/>\n<meta name=\"robots\" content=\"index, follow, max-snippet:-1, max-image-preview:large, max-video-preview:-1\" \/>\n<link rel=\"canonical\" href=\"https:\/\/www.africa-press.net\/cameroun\/politique\/cameroun-reconnaissance-pascal-monkam-fait-grand-cordon-du-merite-camerounais-a-titre-posthume\" \/>\n<meta property=\"og:locale\" content=\"fr_FR\" \/>\n<meta property=\"og:type\" content=\"article\" \/>\n<meta property=\"og:title\" content=\"Cameroun - Reconnaissance: Pascal Monkam fait Grand cordon du m\u00e9rite camerounais \u00e0 titre posthume\" \/>\n<meta property=\"og:description\" content=\"D\u00e9c\u00e9d\u00e9 le 27 f\u00e9vrier 2021, l\u2019homme d\u2019affaires Pascal Monkam a \u00e9t\u00e9 inhum\u00e9 dans son village natal \u00e0 Bakassa dans la r\u00e9gion ...\" \/>\n<meta property=\"og:url\" content=\"https:\/\/www.africa-press.net\/cameroun\/politique\/cameroun-reconnaissance-pascal-monkam-fait-grand-cordon-du-merite-camerounais-a-titre-posthume\" \/>\n<meta property=\"og:site_name\" content=\"Cameroun\" \/>\n<meta property=\"article:published_time\" content=\"2021-04-12T17:45:40+00:00\" \/>\n<meta property=\"article:modified_time\" content=\"2021-04-13T02:40:15+00:00\" \/>\n<meta property=\"og:image\" content=\"https:\/\/static.africa-press.net\/cameroun\/sites\/57\/2021\/04\/img-607503e5bf407.jpg\" \/>\n\t<meta property=\"og:image:width\" content=\"800\" \/>\n\t<meta property=\"og:image:height\" content=\"533\" \/>\n\t<meta property=\"og:image:type\" content=\"image\/jpeg\" \/>\n<meta name=\"author\" content=\"cfeditorfr\" \/>\n<meta name=\"twitter:card\" content=\"summary_large_image\" \/>\n<meta name=\"twitter:label1\" content=\"\u00c9crit par\" \/>\n\t<meta name=\"twitter:data1\" content=\"cfeditorfr\" \/>\n\t<meta name=\"twitter:label2\" content=\"Dur\u00e9e de lecture estim\u00e9e\" \/>\n\t<meta name=\"twitter:data2\" content=\"2 minutes\" \/>\n<script type=\"application\/ld+json\" class=\"yoast-schema-graph\">{\"@context\":\"https:\/\/schema.org\",\"@graph\":[{\"@type\":\"Article\",\"@id\":\"https:\/\/www.africa-press.net\/cameroun\/politique\/cameroun-reconnaissance-pascal-monkam-fait-grand-cordon-du-merite-camerounais-a-titre-posthume#article\",\"isPartOf\":{\"@id\":\"https:\/\/www.africa-press.net\/cameroun\/politique\/cameroun-reconnaissance-pascal-monkam-fait-grand-cordon-du-merite-camerounais-a-titre-posthume\"},\"author\":{\"name\":\"cfeditorfr\",\"@id\":\"https:\/\/www.africa-press.net\/cameroun\/#\/schema\/person\/2b1cf3cd81a31e3cd26889ca66d677f1\"},\"headline\":\"Cameroun &#8211; Reconnaissance: Pascal Monkam fait Grand cordon du m\u00e9rite camerounais \u00e0 titre posthume\",\"datePublished\":\"2021-04-12T17:45:40+00:00\",\"dateModified\":\"2021-04-13T02:40:15+00:00\",\"mainEntityOfPage\":{\"@id\":\"https:\/\/www.africa-press.net\/cameroun\/politique\/cameroun-reconnaissance-pascal-monkam-fait-grand-cordon-du-merite-camerounais-a-titre-posthume\"},\"wordCount\":421,\"commentCount\":0,\"image\":{\"@id\":\"https:\/\/www.africa-press.net\/cameroun\/politique\/cameroun-reconnaissance-pascal-monkam-fait-grand-cordon-du-merite-camerounais-a-titre-posthume#primaryimage\"},\"thumbnailUrl\":\"https:\/\/static.africa-press.net\/cameroun\/sites\/57\/2021\/04\/img-607503e5bf407.jpg\",\"keywords\":[\"Africa Press\",\"Africa Press-Cameroun\",\"Cameroun\"],\"articleSection\":[\"homepage-french\",\"Politique\",\"Toutes les actualit\u00e9s\"],\"inLanguage\":\"fr-FR\",\"potentialAction\":[{\"@type\":\"CommentAction\",\"name\":\"Comment\",\"target\":[\"https:\/\/www.africa-press.net\/cameroun\/politique\/cameroun-reconnaissance-pascal-monkam-fait-grand-cordon-du-merite-camerounais-a-titre-posthume#respond\"]}]},{\"@type\":\"WebPage\",\"@id\":\"https:\/\/www.africa-press.net\/cameroun\/politique\/cameroun-reconnaissance-pascal-monkam-fait-grand-cordon-du-merite-camerounais-a-titre-posthume\",\"url\":\"https:\/\/www.africa-press.net\/cameroun\/politique\/cameroun-reconnaissance-pascal-monkam-fait-grand-cordon-du-merite-camerounais-a-titre-posthume\",\"name\":\"Cameroun - Reconnaissance: Pascal Monkam fait Grand cordon du m\u00e9rite camerounais \u00e0 titre posthume - Cameroun\",\"isPartOf\":{\"@id\":\"https:\/\/www.africa-press.net\/cameroun\/#website\"},\"primaryImageOfPage\":{\"@id\":\"https:\/\/www.africa-press.net\/cameroun\/politique\/cameroun-reconnaissance-pascal-monkam-fait-grand-cordon-du-merite-camerounais-a-titre-posthume#primaryimage\"},\"image\":{\"@id\":\"https:\/\/www.africa-press.net\/cameroun\/politique\/cameroun-reconnaissance-pascal-monkam-fait-grand-cordon-du-merite-camerounais-a-titre-posthume#primaryimage\"},\"thumbnailUrl\":\"https:\/\/static.africa-press.net\/cameroun\/sites\/57\/2021\/04\/img-607503e5bf407.jpg\",\"datePublished\":\"2021-04-12T17:45:40+00:00\",\"dateModified\":\"2021-04-13T02:40:15+00:00\",\"author\":{\"@id\":\"https:\/\/www.africa-press.net\/cameroun\/#\/schema\/person\/2b1cf3cd81a31e3cd26889ca66d677f1\"},\"description\":\"D\u00e9c\u00e9d\u00e9 le 27 f\u00e9vrier 2021, l\u2019homme d\u2019affaires Pascal Monkam a \u00e9t\u00e9 inhum\u00e9 dans son village natal \u00e0 Bakassa dans la r\u00e9gion ...\",\"breadcrumb\":{\"@id\":\"https:\/\/www.africa-press.net\/cameroun\/politique\/cameroun-reconnaissance-pascal-monkam-fait-grand-cordon-du-merite-camerounais-a-titre-posthume#breadcrumb\"},\"inLanguage\":\"fr-FR\",\"potentialAction\":[{\"@type\":\"ReadAction\",\"target\":[\"https:\/\/www.africa-press.net\/cameroun\/politique\/cameroun-reconnaissance-pascal-monkam-fait-grand-cordon-du-merite-camerounais-a-titre-posthume\"]}]},{\"@type\":\"ImageObject\",\"inLanguage\":\"fr-FR\",\"@id\":\"https:\/\/www.africa-press.net\/cameroun\/politique\/cameroun-reconnaissance-pascal-monkam-fait-grand-cordon-du-merite-camerounais-a-titre-posthume#primaryimage\",\"url\":\"https:\/\/static.africa-press.net\/cameroun\/sites\/57\/2021\/04\/img-607503e5bf407.jpg\",\"contentUrl\":\"https:\/\/static.africa-press.net\/cameroun\/sites\/57\/2021\/04\/img-607503e5bf407.jpg\",\"width\":800,\"height\":533,\"caption\":\"Cameroun - Reconnaissance: Pascal Monkam fait Grand cordon du m\u00e9rite camerounais \u00e0 titre posthume\"},{\"@type\":\"BreadcrumbList\",\"@id\":\"https:\/\/www.africa-press.net\/cameroun\/politique\/cameroun-reconnaissance-pascal-monkam-fait-grand-cordon-du-merite-camerounais-a-titre-posthume#breadcrumb\",\"itemListElement\":[{\"@type\":\"ListItem\",\"position\":1,\"name\":\"Accueil\",\"item\":\"https:\/\/www.africa-press.net\/cameroun\/\"},{\"@type\":\"ListItem\",\"position\":2,\"name\":\"Cameroun &#8211; Reconnaissance: Pascal Monkam fait Grand cordon du m\u00e9rite camerounais \u00e0 titre posthume\"}]},{\"@type\":\"WebSite\",\"@id\":\"https:\/\/www.africa-press.net\/cameroun\/#website\",\"url\":\"https:\/\/www.africa-press.net\/cameroun\/\",\"name\":\"Cameroun\",\"description\":\"Just another Africa News Agency Sites site\",\"potentialAction\":[{\"@type\":\"SearchAction\",\"target\":{\"@type\":\"EntryPoint\",\"urlTemplate\":\"https:\/\/www.africa-press.net\/cameroun\/?s={search_term_string}\"},\"query-input\":{\"@type\":\"PropertyValueSpecification\",\"valueRequired\":true,\"valueName\":\"search_term_string\"}}],\"inLanguage\":\"fr-FR\"},{\"@type\":\"Person\",\"@id\":\"https:\/\/www.africa-press.net\/cameroun\/#\/schema\/person\/2b1cf3cd81a31e3cd26889ca66d677f1\",\"name\":\"cfeditorfr\"}]}<\/script>\n<!-- \/ Yoast SEO Premium plugin. -->","yoast_head_json":{"title":"Cameroun - Reconnaissance: Pascal Monkam fait Grand cordon du m\u00e9rite camerounais \u00e0 titre posthume - Cameroun","description":"D\u00e9c\u00e9d\u00e9 le 27 f\u00e9vrier 2021, l\u2019homme d\u2019affaires Pascal Monkam a \u00e9t\u00e9 inhum\u00e9 dans son village natal \u00e0 Bakassa dans la r\u00e9gion ...","robots":{"index":"index","follow":"follow","max-snippet":"max-snippet:-1","max-image-preview":"max-image-preview:large","max-video-preview":"max-video-preview:-1"},"canonical":"https:\/\/www.africa-press.net\/cameroun\/politique\/cameroun-reconnaissance-pascal-monkam-fait-grand-cordon-du-merite-camerounais-a-titre-posthume","og_locale":"fr_FR","og_type":"article","og_title":"Cameroun - Reconnaissance: Pascal Monkam fait Grand cordon du m\u00e9rite camerounais \u00e0 titre posthume","og_description":"D\u00e9c\u00e9d\u00e9 le 27 f\u00e9vrier 2021, l\u2019homme d\u2019affaires Pascal Monkam a \u00e9t\u00e9 inhum\u00e9 dans son village natal \u00e0 Bakassa dans la r\u00e9gion ...","og_url":"https:\/\/www.africa-press.net\/cameroun\/politique\/cameroun-reconnaissance-pascal-monkam-fait-grand-cordon-du-merite-camerounais-a-titre-posthume","og_site_name":"Cameroun","article_published_time":"2021-04-12T17:45:40+00:00","article_modified_time":"2021-04-13T02:40:15+00:00","og_image":[{"width":800,"height":533,"url":"https:\/\/static.africa-press.net\/cameroun\/sites\/57\/2021\/04\/img-607503e5bf407.jpg","type":"image\/jpeg"}],"author":"cfeditorfr","twitter_card":"summary_large_image","twitter_misc":{"\u00c9crit par":"cfeditorfr","Dur\u00e9e de lecture estim\u00e9e":"2 minutes"},"schema":{"@context":"https:\/\/schema.org","@graph":[{"@type":"Article","@id":"https:\/\/www.africa-press.net\/cameroun\/politique\/cameroun-reconnaissance-pascal-monkam-fait-grand-cordon-du-merite-camerounais-a-titre-posthume#article","isPartOf":{"@id":"https:\/\/www.africa-press.net\/cameroun\/politique\/cameroun-reconnaissance-pascal-monkam-fait-grand-cordon-du-merite-camerounais-a-titre-posthume"},"author":{"name":"cfeditorfr","@id":"https:\/\/www.africa-press.net\/cameroun\/#\/schema\/person\/2b1cf3cd81a31e3cd26889ca66d677f1"},"headline":"Cameroun &#8211; Reconnaissance: Pascal Monkam fait Grand cordon du m\u00e9rite camerounais \u00e0 titre posthume","datePublished":"2021-04-12T17:45:40+00:00","dateModified":"2021-04-13T02:40:15+00:00","mainEntityOfPage":{"@id":"https:\/\/www.africa-press.net\/cameroun\/politique\/cameroun-reconnaissance-pascal-monkam-fait-grand-cordon-du-merite-camerounais-a-titre-posthume"},"wordCount":421,"commentCount":0,"image":{"@id":"https:\/\/www.africa-press.net\/cameroun\/politique\/cameroun-reconnaissance-pascal-monkam-fait-grand-cordon-du-merite-camerounais-a-titre-posthume#primaryimage"},"thumbnailUrl":"https:\/\/static.africa-press.net\/cameroun\/sites\/57\/2021\/04\/img-607503e5bf407.jpg","keywords":["Africa Press","Africa Press-Cameroun","Cameroun"],"articleSection":["homepage-french","Politique","Toutes les actualit\u00e9s"],"inLanguage":"fr-FR","potentialAction":[{"@type":"CommentAction","name":"Comment","target":["https:\/\/www.africa-press.net\/cameroun\/politique\/cameroun-reconnaissance-pascal-monkam-fait-grand-cordon-du-merite-camerounais-a-titre-posthume#respond"]}]},{"@type":"WebPage","@id":"https:\/\/www.africa-press.net\/cameroun\/politique\/cameroun-reconnaissance-pascal-monkam-fait-grand-cordon-du-merite-camerounais-a-titre-posthume","url":"https:\/\/www.africa-press.net\/cameroun\/politique\/cameroun-reconnaissance-pascal-monkam-fait-grand-cordon-du-merite-camerounais-a-titre-posthume","name":"Cameroun - Reconnaissance: Pascal Monkam fait Grand cordon du m\u00e9rite camerounais \u00e0 titre posthume - Cameroun","isPartOf":{"@id":"https:\/\/www.africa-press.net\/cameroun\/#website"},"primaryImageOfPage":{"@id":"https:\/\/www.africa-press.net\/cameroun\/politique\/cameroun-reconnaissance-pascal-monkam-fait-grand-cordon-du-merite-camerounais-a-titre-posthume#primaryimage"},"image":{"@id":"https:\/\/www.africa-press.net\/cameroun\/politique\/cameroun-reconnaissance-pascal-monkam-fait-grand-cordon-du-merite-camerounais-a-titre-posthume#primaryimage"},"thumbnailUrl":"https:\/\/static.africa-press.net\/cameroun\/sites\/57\/2021\/04\/img-607503e5bf407.jpg","datePublished":"2021-04-12T17:45:40+00:00","dateModified":"2021-04-13T02:40:15+00:00","author":{"@id":"https:\/\/www.africa-press.net\/cameroun\/#\/schema\/person\/2b1cf3cd81a31e3cd26889ca66d677f1"},"description":"D\u00e9c\u00e9d\u00e9 le 27 f\u00e9vrier 2021, l\u2019homme d\u2019affaires Pascal Monkam a \u00e9t\u00e9 inhum\u00e9 dans son village natal \u00e0 Bakassa dans la r\u00e9gion ...","breadcrumb":{"@id":"https:\/\/www.africa-press.net\/cameroun\/politique\/cameroun-reconnaissance-pascal-monkam-fait-grand-cordon-du-merite-camerounais-a-titre-posthume#breadcrumb"},"inLanguage":"fr-FR","potentialAction":[{"@type":"ReadAction","target":["https:\/\/www.africa-press.net\/cameroun\/politique\/cameroun-reconnaissance-pascal-monkam-fait-grand-cordon-du-merite-camerounais-a-titre-posthume"]}]},{"@type":"ImageObject","inLanguage":"fr-FR","@id":"https:\/\/www.africa-press.net\/cameroun\/politique\/cameroun-reconnaissance-pascal-monkam-fait-grand-cordon-du-merite-camerounais-a-titre-posthume#primaryimage","url":"https:\/\/static.africa-press.net\/cameroun\/sites\/57\/2021\/04\/img-607503e5bf407.jpg","contentUrl":"https:\/\/static.africa-press.net\/cameroun\/sites\/57\/2021\/04\/img-607503e5bf407.jpg","width":800,"height":533,"caption":"Cameroun - Reconnaissance: Pascal Monkam fait Grand cordon du m\u00e9rite camerounais \u00e0 titre posthume"},{"@type":"BreadcrumbList","@id":"https:\/\/www.africa-press.net\/cameroun\/politique\/cameroun-reconnaissance-pascal-monkam-fait-grand-cordon-du-merite-camerounais-a-titre-posthume#breadcrumb","itemListElement":[{"@type":"ListItem","position":1,"name":"Accueil","item":"https:\/\/www.africa-press.net\/cameroun\/"},{"@type":"ListItem","position":2,"name":"Cameroun &#8211; Reconnaissance: Pascal Monkam fait Grand cordon du m\u00e9rite camerounais \u00e0 titre posthume"}]},{"@type":"WebSite","@id":"https:\/\/www.africa-press.net\/cameroun\/#website","url":"https:\/\/www.africa-press.net\/cameroun\/","name":"Cameroun","description":"Just another Africa News Agency Sites site","potentialAction":[{"@type":"SearchAction","target":{"@type":"EntryPoint","urlTemplate":"https:\/\/www.africa-press.net\/cameroun\/?s={search_term_string}"},"query-input":{"@type":"PropertyValueSpecification","valueRequired":true,"valueName":"search_term_string"}}],"inLanguage":"fr-FR"},{"@type":"Person","@id":"https:\/\/www.africa-press.net\/cameroun\/#\/schema\/person\/2b1cf3cd81a31e3cd26889ca66d677f1","name":"cfeditorfr"}]}},"_links":{"self":[{"href":"https:\/\/www.africa-press.net\/cameroun\/wp-json\/wp\/v2\/posts\/2215","targetHints":{"allow":["GET"]}}],"collection":[{"href":"https:\/\/www.africa-press.net\/cameroun\/wp-json\/wp\/v2\/posts"}],"about":[{"href":"https:\/\/www.africa-press.net\/cameroun\/wp-json\/wp\/v2\/types\/post"}],"author":[{"embeddable":true,"href":"https:\/\/www.africa-press.net\/cameroun\/wp-json\/wp\/v2\/users\/82"}],"replies":[{"embeddable":true,"href":"https:\/\/www.africa-press.net\/cameroun\/wp-json\/wp\/v2\/comments?post=2215"}],"version-history":[{"count":0,"href":"https:\/\/www.africa-press.net\/cameroun\/wp-json\/wp\/v2\/posts\/2215\/revisions"}],"wp:featuredmedia":[{"embeddable":true,"href":"https:\/\/www.africa-press.net\/cameroun\/wp-json\/wp\/v2\/media\/2214"}],"wp:attachment":[{"href":"https:\/\/www.africa-press.net\/cameroun\/wp-json\/wp\/v2\/media?parent=2215"}],"wp:term":[{"taxonomy":"category","embeddable":true,"href":"https:\/\/www.africa-press.net\/cameroun\/wp-json\/wp\/v2\/categories?post=2215"},{"taxonomy":"post_tag","embeddable":true,"href":"https:\/\/www.africa-press.net\/cameroun\/wp-json\/wp\/v2\/tags?post=2215"}],"curies":[{"name":"wp","href":"https:\/\/api.w.org\/{rel}","templated":true}]}}