{"id":2218,"date":"2021-04-12T17:51:23","date_gmt":"2021-04-12T17:51:23","guid":{"rendered":"https:\/\/www.africa-press.net\/cameroun\/politique\/cameroun-religion-le-jeune-du-ramadan-debute-le-mardi-13-avril-2021"},"modified":"2021-04-13T02:40:23","modified_gmt":"2021-04-13T02:40:23","slug":"cameroun-religion-le-jeune-du-ramadan-debute-le-mardi-13-avril-2021","status":"publish","type":"post","link":"https:\/\/www.africa-press.net\/cameroun\/politique\/cameroun-religion-le-jeune-du-ramadan-debute-le-mardi-13-avril-2021","title":{"rendered":"Cameroun &#8211; Religion: Le je\u00fbne du Ramadan d\u00e9bute le mardi 13 avril 2021"},"content":{"rendered":"<p><span style=\"color: #ff6600\"><strong><a href=\"https:\/\/www.africa-press.net\/\">Africa-Press<\/a> &#8211; <a href=\"https:\/\/www.africa-press.net\/cameroun\">Cameroun<\/a>. <\/strong><\/span>La communaut\u00e9 musulmane du Cameroun s\u2019\u00e9tait pr\u00e9par\u00e9e \u00e0 d\u00e9marrer, d\u00e8s ce lundi 12 avril 2021, le je\u00fbne du mois du Ramadan. Mais elle va devoir patienter et ne s\u2019y mettre qu\u2019\u00e0 partir du mardi 13 avril 2021. Le Conseil Camerounais du Croissant Lunaire (CCC) l\u2019a indiqu\u00e9 dans un communiqu\u00e9 rendu public dans la nuit du dimanche 11 avril 2021.<\/p>\n<p><b>\u00abA la suite du d\u00e9ploiement technologique de l\u2019Association pour l\u2019observation astronomique charg\u00e9e de la coordination du comit\u00e9 scientifique et technique du CCCL, en vue de scruter le ciel ce dimanche 11 avril 2021 (29e Cha\u2019ban), le nouveau croissant lunaire n\u2019a pas \u00e9t\u00e9 aper\u00e7u au Cameroun. Par cons\u00e9quent, le mois du Cha\u2019ban sera compl\u00e9t\u00e9 \u00e0 30 jours ce lundi 12 avril 2021, et le mardi 13 avril 2021 est le premier jour du mois lunaire suivant, correspondant au premier Ramadan 2021\/1442<\/b>\u00bb, renseigne le communiqu\u00e9 sign\u00e9 du secr\u00e9taire permanent du CCCL, Mohamed Azize Mbohou.<\/p>\n<p>En clair, le mois de privation en pr\u00e9lude \u00e0 cette f\u00eate religieuse musulmane d\u00e9bute le mardi, et durant cette p\u00e9riode de 30 jours, de nombreux compatriotes musulmans devront faire \u0153uvre de pi\u00e9t\u00e9 et surtout d\u00e9velopper de la r\u00e9silience pour t\u00e9moigner leur foi \u00e0 Allah.<\/p>\n<p>La CCCL exhorte en outre les fid\u00e8les musulmans \u00e0 multiplier des pri\u00e8res en faveur de l\u2019unit\u00e9, de la solidarit\u00e9 et la coh\u00e9sion sociale au Cameroun, mais \u00e9galement d\u2019avoir une pens\u00e9e pour les victimes de la pand\u00e9mie de Coronavirus, dont la deuxi\u00e8me vague s\u2019est d\u00e9j\u00e0 signal\u00e9e sur le territoire camerounais et fait des ravages.<\/p>\n","protected":false},"excerpt":{"rendered":"<p>Africa-Press &#8211; Cameroun. La communaut\u00e9 musulmane du Cameroun s\u2019\u00e9tait pr\u00e9par\u00e9e \u00e0 d\u00e9marrer, d\u00e8s ce lundi 12 avril 2021, le je\u00fbne du mois du Ramadan. Mais elle va devoir patienter et ne s\u2019y mettre qu\u2019\u00e0 partir du mardi 13 avril 2021. Le Conseil Camerounais du Croissant Lunaire (CCC) l\u2019a indiqu\u00e9 dans un communiqu\u00e9 rendu public dans [&hellip;]<\/p>\n","protected":false},"author":82,"featured_media":2217,"comment_status":"open","ping_status":"closed","sticky":false,"template":"","format":"standard","meta":{"footnotes":""},"categories":[11,2,10],"tags":[36,50,49],"class_list":["post-2218","post","type-post","status-publish","format-standard","has-post-thumbnail","hentry","category-homepage-french","category-politique","category-toutes-les-actualites","tag-africa-press","tag-africa-press-cameroun","tag-cameroun"],"yoast_head":"<!-- This site is optimized with the Yoast SEO Premium plugin v26.1 (Yoast SEO v27.0) - https:\/\/yoast.com\/product\/yoast-seo-premium-wordpress\/ -->\n<title>Cameroun - Religion: Le je\u00fbne du Ramadan d\u00e9bute le mardi 13 avril 2021 - Cameroun<\/title>\n<meta name=\"description\" content=\"La communaut\u00e9 musulmane du Cameroun s\u2019\u00e9tait pr\u00e9par\u00e9e \u00e0 d\u00e9marrer, d\u00e8s ce lundi 12 avril 2021, le je\u00fbne du mois du Ramadan ...\" \/>\n<meta name=\"robots\" content=\"index, follow, max-snippet:-1, max-image-preview:large, max-video-preview:-1\" \/>\n<link rel=\"canonical\" href=\"https:\/\/www.africa-press.net\/cameroun\/politique\/cameroun-religion-le-jeune-du-ramadan-debute-le-mardi-13-avril-2021\" \/>\n<meta property=\"og:locale\" content=\"fr_FR\" \/>\n<meta property=\"og:type\" content=\"article\" \/>\n<meta property=\"og:title\" content=\"Cameroun - Religion: Le je\u00fbne du Ramadan d\u00e9bute le mardi 13 avril 2021\" \/>\n<meta property=\"og:description\" content=\"La communaut\u00e9 musulmane du Cameroun s\u2019\u00e9tait pr\u00e9par\u00e9e \u00e0 d\u00e9marrer, d\u00e8s ce lundi 12 avril 2021, le je\u00fbne du mois du Ramadan ...\" \/>\n<meta property=\"og:url\" content=\"https:\/\/www.africa-press.net\/cameroun\/politique\/cameroun-religion-le-jeune-du-ramadan-debute-le-mardi-13-avril-2021\" \/>\n<meta property=\"og:site_name\" content=\"Cameroun\" \/>\n<meta property=\"article:published_time\" content=\"2021-04-12T17:51:23+00:00\" \/>\n<meta property=\"article:modified_time\" content=\"2021-04-13T02:40:23+00:00\" \/>\n<meta property=\"og:image\" content=\"https:\/\/static.africa-press.net\/cameroun\/sites\/57\/2021\/04\/img-6075040f3127f.jpg\" \/>\n\t<meta property=\"og:image:width\" content=\"800\" \/>\n\t<meta property=\"og:image:height\" content=\"532\" \/>\n\t<meta property=\"og:image:type\" content=\"image\/jpeg\" \/>\n<meta name=\"author\" content=\"cfeditorfr\" \/>\n<meta name=\"twitter:card\" content=\"summary_large_image\" \/>\n<meta name=\"twitter:label1\" content=\"\u00c9crit par\" \/>\n\t<meta name=\"twitter:data1\" content=\"cfeditorfr\" \/>\n\t<meta name=\"twitter:label2\" content=\"Dur\u00e9e de lecture estim\u00e9e\" \/>\n\t<meta name=\"twitter:data2\" content=\"2 minutes\" \/>\n<script type=\"application\/ld+json\" class=\"yoast-schema-graph\">{\"@context\":\"https:\/\/schema.org\",\"@graph\":[{\"@type\":\"Article\",\"@id\":\"https:\/\/www.africa-press.net\/cameroun\/politique\/cameroun-religion-le-jeune-du-ramadan-debute-le-mardi-13-avril-2021#article\",\"isPartOf\":{\"@id\":\"https:\/\/www.africa-press.net\/cameroun\/politique\/cameroun-religion-le-jeune-du-ramadan-debute-le-mardi-13-avril-2021\"},\"author\":{\"name\":\"cfeditorfr\",\"@id\":\"https:\/\/www.africa-press.net\/cameroun\/#\/schema\/person\/2b1cf3cd81a31e3cd26889ca66d677f1\"},\"headline\":\"Cameroun &#8211; Religion: Le je\u00fbne du Ramadan d\u00e9bute le mardi 13 avril 2021\",\"datePublished\":\"2021-04-12T17:51:23+00:00\",\"dateModified\":\"2021-04-13T02:40:23+00:00\",\"mainEntityOfPage\":{\"@id\":\"https:\/\/www.africa-press.net\/cameroun\/politique\/cameroun-religion-le-jeune-du-ramadan-debute-le-mardi-13-avril-2021\"},\"wordCount\":282,\"commentCount\":0,\"image\":{\"@id\":\"https:\/\/www.africa-press.net\/cameroun\/politique\/cameroun-religion-le-jeune-du-ramadan-debute-le-mardi-13-avril-2021#primaryimage\"},\"thumbnailUrl\":\"https:\/\/static.africa-press.net\/cameroun\/sites\/57\/2021\/04\/img-6075040f3127f.jpg\",\"keywords\":[\"Africa Press\",\"Africa Press-Cameroun\",\"Cameroun\"],\"articleSection\":[\"homepage-french\",\"Politique\",\"Toutes les actualit\u00e9s\"],\"inLanguage\":\"fr-FR\",\"potentialAction\":[{\"@type\":\"CommentAction\",\"name\":\"Comment\",\"target\":[\"https:\/\/www.africa-press.net\/cameroun\/politique\/cameroun-religion-le-jeune-du-ramadan-debute-le-mardi-13-avril-2021#respond\"]}]},{\"@type\":\"WebPage\",\"@id\":\"https:\/\/www.africa-press.net\/cameroun\/politique\/cameroun-religion-le-jeune-du-ramadan-debute-le-mardi-13-avril-2021\",\"url\":\"https:\/\/www.africa-press.net\/cameroun\/politique\/cameroun-religion-le-jeune-du-ramadan-debute-le-mardi-13-avril-2021\",\"name\":\"Cameroun - Religion: Le je\u00fbne du Ramadan d\u00e9bute le mardi 13 avril 2021 - Cameroun\",\"isPartOf\":{\"@id\":\"https:\/\/www.africa-press.net\/cameroun\/#website\"},\"primaryImageOfPage\":{\"@id\":\"https:\/\/www.africa-press.net\/cameroun\/politique\/cameroun-religion-le-jeune-du-ramadan-debute-le-mardi-13-avril-2021#primaryimage\"},\"image\":{\"@id\":\"https:\/\/www.africa-press.net\/cameroun\/politique\/cameroun-religion-le-jeune-du-ramadan-debute-le-mardi-13-avril-2021#primaryimage\"},\"thumbnailUrl\":\"https:\/\/static.africa-press.net\/cameroun\/sites\/57\/2021\/04\/img-6075040f3127f.jpg\",\"datePublished\":\"2021-04-12T17:51:23+00:00\",\"dateModified\":\"2021-04-13T02:40:23+00:00\",\"author\":{\"@id\":\"https:\/\/www.africa-press.net\/cameroun\/#\/schema\/person\/2b1cf3cd81a31e3cd26889ca66d677f1\"},\"description\":\"La communaut\u00e9 musulmane du Cameroun s\u2019\u00e9tait pr\u00e9par\u00e9e \u00e0 d\u00e9marrer, d\u00e8s ce lundi 12 avril 2021, le je\u00fbne du mois du Ramadan ...\",\"breadcrumb\":{\"@id\":\"https:\/\/www.africa-press.net\/cameroun\/politique\/cameroun-religion-le-jeune-du-ramadan-debute-le-mardi-13-avril-2021#breadcrumb\"},\"inLanguage\":\"fr-FR\",\"potentialAction\":[{\"@type\":\"ReadAction\",\"target\":[\"https:\/\/www.africa-press.net\/cameroun\/politique\/cameroun-religion-le-jeune-du-ramadan-debute-le-mardi-13-avril-2021\"]}]},{\"@type\":\"ImageObject\",\"inLanguage\":\"fr-FR\",\"@id\":\"https:\/\/www.africa-press.net\/cameroun\/politique\/cameroun-religion-le-jeune-du-ramadan-debute-le-mardi-13-avril-2021#primaryimage\",\"url\":\"https:\/\/static.africa-press.net\/cameroun\/sites\/57\/2021\/04\/img-6075040f3127f.jpg\",\"contentUrl\":\"https:\/\/static.africa-press.net\/cameroun\/sites\/57\/2021\/04\/img-6075040f3127f.jpg\",\"width\":800,\"height\":532,\"caption\":\"Cameroun - Religion: Le je\u00fbne du Ramadan d\u00e9bute le mardi 13 avril 2021\"},{\"@type\":\"BreadcrumbList\",\"@id\":\"https:\/\/www.africa-press.net\/cameroun\/politique\/cameroun-religion-le-jeune-du-ramadan-debute-le-mardi-13-avril-2021#breadcrumb\",\"itemListElement\":[{\"@type\":\"ListItem\",\"position\":1,\"name\":\"Accueil\",\"item\":\"https:\/\/www.africa-press.net\/cameroun\/\"},{\"@type\":\"ListItem\",\"position\":2,\"name\":\"Cameroun &#8211; Religion: Le je\u00fbne du Ramadan d\u00e9bute le mardi 13 avril 2021\"}]},{\"@type\":\"WebSite\",\"@id\":\"https:\/\/www.africa-press.net\/cameroun\/#website\",\"url\":\"https:\/\/www.africa-press.net\/cameroun\/\",\"name\":\"Cameroun\",\"description\":\"Just another Africa News Agency Sites site\",\"potentialAction\":[{\"@type\":\"SearchAction\",\"target\":{\"@type\":\"EntryPoint\",\"urlTemplate\":\"https:\/\/www.africa-press.net\/cameroun\/?s={search_term_string}\"},\"query-input\":{\"@type\":\"PropertyValueSpecification\",\"valueRequired\":true,\"valueName\":\"search_term_string\"}}],\"inLanguage\":\"fr-FR\"},{\"@type\":\"Person\",\"@id\":\"https:\/\/www.africa-press.net\/cameroun\/#\/schema\/person\/2b1cf3cd81a31e3cd26889ca66d677f1\",\"name\":\"cfeditorfr\"}]}<\/script>\n<!-- \/ Yoast SEO Premium plugin. -->","yoast_head_json":{"title":"Cameroun - Religion: Le je\u00fbne du Ramadan d\u00e9bute le mardi 13 avril 2021 - Cameroun","description":"La communaut\u00e9 musulmane du Cameroun s\u2019\u00e9tait pr\u00e9par\u00e9e \u00e0 d\u00e9marrer, d\u00e8s ce lundi 12 avril 2021, le je\u00fbne du mois du Ramadan ...","robots":{"index":"index","follow":"follow","max-snippet":"max-snippet:-1","max-image-preview":"max-image-preview:large","max-video-preview":"max-video-preview:-1"},"canonical":"https:\/\/www.africa-press.net\/cameroun\/politique\/cameroun-religion-le-jeune-du-ramadan-debute-le-mardi-13-avril-2021","og_locale":"fr_FR","og_type":"article","og_title":"Cameroun - Religion: Le je\u00fbne du Ramadan d\u00e9bute le mardi 13 avril 2021","og_description":"La communaut\u00e9 musulmane du Cameroun s\u2019\u00e9tait pr\u00e9par\u00e9e \u00e0 d\u00e9marrer, d\u00e8s ce lundi 12 avril 2021, le je\u00fbne du mois du Ramadan ...","og_url":"https:\/\/www.africa-press.net\/cameroun\/politique\/cameroun-religion-le-jeune-du-ramadan-debute-le-mardi-13-avril-2021","og_site_name":"Cameroun","article_published_time":"2021-04-12T17:51:23+00:00","article_modified_time":"2021-04-13T02:40:23+00:00","og_image":[{"width":800,"height":532,"url":"https:\/\/static.africa-press.net\/cameroun\/sites\/57\/2021\/04\/img-6075040f3127f.jpg","type":"image\/jpeg"}],"author":"cfeditorfr","twitter_card":"summary_large_image","twitter_misc":{"\u00c9crit par":"cfeditorfr","Dur\u00e9e de lecture estim\u00e9e":"2 minutes"},"schema":{"@context":"https:\/\/schema.org","@graph":[{"@type":"Article","@id":"https:\/\/www.africa-press.net\/cameroun\/politique\/cameroun-religion-le-jeune-du-ramadan-debute-le-mardi-13-avril-2021#article","isPartOf":{"@id":"https:\/\/www.africa-press.net\/cameroun\/politique\/cameroun-religion-le-jeune-du-ramadan-debute-le-mardi-13-avril-2021"},"author":{"name":"cfeditorfr","@id":"https:\/\/www.africa-press.net\/cameroun\/#\/schema\/person\/2b1cf3cd81a31e3cd26889ca66d677f1"},"headline":"Cameroun &#8211; Religion: Le je\u00fbne du Ramadan d\u00e9bute le mardi 13 avril 2021","datePublished":"2021-04-12T17:51:23+00:00","dateModified":"2021-04-13T02:40:23+00:00","mainEntityOfPage":{"@id":"https:\/\/www.africa-press.net\/cameroun\/politique\/cameroun-religion-le-jeune-du-ramadan-debute-le-mardi-13-avril-2021"},"wordCount":282,"commentCount":0,"image":{"@id":"https:\/\/www.africa-press.net\/cameroun\/politique\/cameroun-religion-le-jeune-du-ramadan-debute-le-mardi-13-avril-2021#primaryimage"},"thumbnailUrl":"https:\/\/static.africa-press.net\/cameroun\/sites\/57\/2021\/04\/img-6075040f3127f.jpg","keywords":["Africa Press","Africa Press-Cameroun","Cameroun"],"articleSection":["homepage-french","Politique","Toutes les actualit\u00e9s"],"inLanguage":"fr-FR","potentialAction":[{"@type":"CommentAction","name":"Comment","target":["https:\/\/www.africa-press.net\/cameroun\/politique\/cameroun-religion-le-jeune-du-ramadan-debute-le-mardi-13-avril-2021#respond"]}]},{"@type":"WebPage","@id":"https:\/\/www.africa-press.net\/cameroun\/politique\/cameroun-religion-le-jeune-du-ramadan-debute-le-mardi-13-avril-2021","url":"https:\/\/www.africa-press.net\/cameroun\/politique\/cameroun-religion-le-jeune-du-ramadan-debute-le-mardi-13-avril-2021","name":"Cameroun - Religion: Le je\u00fbne du Ramadan d\u00e9bute le mardi 13 avril 2021 - Cameroun","isPartOf":{"@id":"https:\/\/www.africa-press.net\/cameroun\/#website"},"primaryImageOfPage":{"@id":"https:\/\/www.africa-press.net\/cameroun\/politique\/cameroun-religion-le-jeune-du-ramadan-debute-le-mardi-13-avril-2021#primaryimage"},"image":{"@id":"https:\/\/www.africa-press.net\/cameroun\/politique\/cameroun-religion-le-jeune-du-ramadan-debute-le-mardi-13-avril-2021#primaryimage"},"thumbnailUrl":"https:\/\/static.africa-press.net\/cameroun\/sites\/57\/2021\/04\/img-6075040f3127f.jpg","datePublished":"2021-04-12T17:51:23+00:00","dateModified":"2021-04-13T02:40:23+00:00","author":{"@id":"https:\/\/www.africa-press.net\/cameroun\/#\/schema\/person\/2b1cf3cd81a31e3cd26889ca66d677f1"},"description":"La communaut\u00e9 musulmane du Cameroun s\u2019\u00e9tait pr\u00e9par\u00e9e \u00e0 d\u00e9marrer, d\u00e8s ce lundi 12 avril 2021, le je\u00fbne du mois du Ramadan ...","breadcrumb":{"@id":"https:\/\/www.africa-press.net\/cameroun\/politique\/cameroun-religion-le-jeune-du-ramadan-debute-le-mardi-13-avril-2021#breadcrumb"},"inLanguage":"fr-FR","potentialAction":[{"@type":"ReadAction","target":["https:\/\/www.africa-press.net\/cameroun\/politique\/cameroun-religion-le-jeune-du-ramadan-debute-le-mardi-13-avril-2021"]}]},{"@type":"ImageObject","inLanguage":"fr-FR","@id":"https:\/\/www.africa-press.net\/cameroun\/politique\/cameroun-religion-le-jeune-du-ramadan-debute-le-mardi-13-avril-2021#primaryimage","url":"https:\/\/static.africa-press.net\/cameroun\/sites\/57\/2021\/04\/img-6075040f3127f.jpg","contentUrl":"https:\/\/static.africa-press.net\/cameroun\/sites\/57\/2021\/04\/img-6075040f3127f.jpg","width":800,"height":532,"caption":"Cameroun - Religion: Le je\u00fbne du Ramadan d\u00e9bute le mardi 13 avril 2021"},{"@type":"BreadcrumbList","@id":"https:\/\/www.africa-press.net\/cameroun\/politique\/cameroun-religion-le-jeune-du-ramadan-debute-le-mardi-13-avril-2021#breadcrumb","itemListElement":[{"@type":"ListItem","position":1,"name":"Accueil","item":"https:\/\/www.africa-press.net\/cameroun\/"},{"@type":"ListItem","position":2,"name":"Cameroun &#8211; Religion: Le je\u00fbne du Ramadan d\u00e9bute le mardi 13 avril 2021"}]},{"@type":"WebSite","@id":"https:\/\/www.africa-press.net\/cameroun\/#website","url":"https:\/\/www.africa-press.net\/cameroun\/","name":"Cameroun","description":"Just another Africa News Agency Sites site","potentialAction":[{"@type":"SearchAction","target":{"@type":"EntryPoint","urlTemplate":"https:\/\/www.africa-press.net\/cameroun\/?s={search_term_string}"},"query-input":{"@type":"PropertyValueSpecification","valueRequired":true,"valueName":"search_term_string"}}],"inLanguage":"fr-FR"},{"@type":"Person","@id":"https:\/\/www.africa-press.net\/cameroun\/#\/schema\/person\/2b1cf3cd81a31e3cd26889ca66d677f1","name":"cfeditorfr"}]}},"_links":{"self":[{"href":"https:\/\/www.africa-press.net\/cameroun\/wp-json\/wp\/v2\/posts\/2218","targetHints":{"allow":["GET"]}}],"collection":[{"href":"https:\/\/www.africa-press.net\/cameroun\/wp-json\/wp\/v2\/posts"}],"about":[{"href":"https:\/\/www.africa-press.net\/cameroun\/wp-json\/wp\/v2\/types\/post"}],"author":[{"embeddable":true,"href":"https:\/\/www.africa-press.net\/cameroun\/wp-json\/wp\/v2\/users\/82"}],"replies":[{"embeddable":true,"href":"https:\/\/www.africa-press.net\/cameroun\/wp-json\/wp\/v2\/comments?post=2218"}],"version-history":[{"count":0,"href":"https:\/\/www.africa-press.net\/cameroun\/wp-json\/wp\/v2\/posts\/2218\/revisions"}],"wp:featuredmedia":[{"embeddable":true,"href":"https:\/\/www.africa-press.net\/cameroun\/wp-json\/wp\/v2\/media\/2217"}],"wp:attachment":[{"href":"https:\/\/www.africa-press.net\/cameroun\/wp-json\/wp\/v2\/media?parent=2218"}],"wp:term":[{"taxonomy":"category","embeddable":true,"href":"https:\/\/www.africa-press.net\/cameroun\/wp-json\/wp\/v2\/categories?post=2218"},{"taxonomy":"post_tag","embeddable":true,"href":"https:\/\/www.africa-press.net\/cameroun\/wp-json\/wp\/v2\/tags?post=2218"}],"curies":[{"name":"wp","href":"https:\/\/api.w.org\/{rel}","templated":true}]}}