{"id":2221,"date":"2021-04-12T17:58:14","date_gmt":"2021-04-12T17:58:14","guid":{"rendered":"https:\/\/www.africa-press.net\/cameroun\/politique\/cameroun-reaction-samuel-moth-depute-rdpc-du-nkam-debattre-de-la-crise-anglophone-a-lassemblee-nationale-nest-pas-opportun"},"modified":"2021-04-13T02:40:36","modified_gmt":"2021-04-13T02:40:36","slug":"cameroun-reaction-samuel-moth-depute-rdpc-du-nkam-debattre-de-la-crise-anglophone-a-lassemblee-nationale-nest-pas-opportun","status":"publish","type":"post","link":"https:\/\/www.africa-press.net\/cameroun\/politique\/cameroun-reaction-samuel-moth-depute-rdpc-du-nkam-debattre-de-la-crise-anglophone-a-lassemblee-nationale-nest-pas-opportun","title":{"rendered":"Cameroun &#8211; Reaction\/Samuel Moth (D\u00e9put\u00e9 &#8211; RDPC du Nkam): \u00abD\u00e9battre de la crise anglophone \u00e0 l&rsquo;Assembl\u00e9e nationale n&rsquo;est pas opportun\u00bb"},"content":{"rendered":"<p><span style=\"color: #ff6600\"><strong><a href=\"https:\/\/www.africa-press.net\/\">Africa-Press<\/a> &#8211; <a href=\"https:\/\/www.africa-press.net\/cameroun\">Cameroun<\/a>. <\/strong><\/span><b>Samuel Dieudonne Moth <\/b>\u00e9tait l&rsquo;invit\u00e9 de l&rsquo;\u00e9mission \u00abl&rsquo;Ar\u00e8ne\u00bb sur la cha\u00eene priv\u00e9e Canal 2 International dimanche 11 avril 2021. La crise dans les r\u00e9gions du Nord-Ouest et Sud-Ouest \u00e9tait l&rsquo;un des sujets des \u00e9changes. Le d\u00e9put\u00e9 du Rassemblement D\u00e9mocratique du Peuple Camerounais (RDPC) du Nkam et des camarades de l&rsquo;Assembl\u00e9e Nationale ont \u00e9crit \u00e0 leurs homologues am\u00e9ricains pour \u00abdonner la bonne information et non de peur d&rsquo;une \u00e9ventuelle intervention \u00e9trang\u00e8re dans le NOSO\u00bb.<\/p>\n<p>Critiqu\u00e9 sur l&rsquo;absence d&rsquo;un d\u00e9bat sur la crise anglophone \u00e0 la chambre basse du Parlement, Samuel Moth estime que \u00ab d\u00e9battre de ce sujet n&rsquo;est pas opportun\u00bb, qui plus est, il \u00ab n&rsquo;y voit pas l&rsquo;efficacit\u00e9\u00bb. Selon lui, le gouvernement doit prendre le temps d&rsquo;ex\u00e9cuter son programme d&rsquo;action. Par cons\u00e9quent, le Parlement ne doit pas y interf\u00e9rer.<\/p>\n<p>Plusieurs Organisations Non Gouvernementales (ONG) et autres sont mont\u00e9es au cr\u00e9neau pour fustiger les actions du gouvernement, qui selon elles, ont envenim\u00e9 la crise dans les r\u00e9gions anglophones. Celles-ci ont \u00e9crit une p\u00e9tition pour un retour \u00e0 la paix. Pour le d\u00e9put\u00e9 cette \u00abp\u00e9tition des organisations de la soci\u00e9t\u00e9 civile camerounaise a pour but de demander une intervention \u00e9trang\u00e8re dans le NOSO\u00bb.<\/p>\n<p>Il va plus loin en indiquant que le gouvernement a d\u00e9montr\u00e9 sa volont\u00e9 de dialoguer avec le camp d&rsquo;en face, qui \u00abn&rsquo;a fait aucune proposition jusqu&rsquo;\u00e0 pr\u00e9sent\u00bb.<\/p>\n<p>Interrog\u00e9 sur l&rsquo;interdiction de la conf\u00e9rence anglophone par le gouvernement, son analyse l&rsquo;am\u00e8ne \u00e0 dire que \u00abc&rsquo;est parce que le gouvernement pensait que c&rsquo;\u00e9tait un moyen de mettre en \u00e9chec la pr\u00e9sidentielle de 2018\u00bb.<\/p>\n<p>En dehors de la crise anglophone, le parlementaire s&rsquo;est exprim\u00e9 sur le projet de la for\u00eat d&rsquo;Ebo, classement de plus de 68 mille hectares de for\u00eat dans le Nkam. Il dit avoir \u00ab\u00e9t\u00e9 d\u00e9sempar\u00e9 suite \u00e0 la d\u00e9cision du pr\u00e9sident de la R\u00e9publique l&rsquo;interdisant\u00bb.<\/p>\n<p>Cette d\u00e9cision d&rsquo;annulation d\u00e9coule, d&rsquo;apr\u00e8s lui, d&rsquo;une mauvaise information. Samuel Dieudonne Moth refuse d&rsquo;\u00eatre trait\u00e9 de \u00abd\u00e9fenseur de l&rsquo;UFA (Unit\u00e9 Foresti\u00e8re d&rsquo;Amenagement, ndlr) mais se veut d\u00e9fenseur d&rsquo;un retour aux droits de son peuple\u00bb.<\/p>\n","protected":false},"excerpt":{"rendered":"<p>Africa-Press &#8211; Cameroun. Samuel Dieudonne Moth \u00e9tait l&rsquo;invit\u00e9 de l&rsquo;\u00e9mission \u00abl&rsquo;Ar\u00e8ne\u00bb sur la cha\u00eene priv\u00e9e Canal 2 International dimanche 11 avril 2021. La crise dans les r\u00e9gions du Nord-Ouest et Sud-Ouest \u00e9tait l&rsquo;un des sujets des \u00e9changes. Le d\u00e9put\u00e9 du Rassemblement D\u00e9mocratique du Peuple Camerounais (RDPC) du Nkam et des camarades de l&rsquo;Assembl\u00e9e Nationale ont [&hellip;]<\/p>\n","protected":false},"author":82,"featured_media":2220,"comment_status":"open","ping_status":"closed","sticky":false,"template":"","format":"standard","meta":{"footnotes":""},"categories":[11,2,10],"tags":[36,50,49],"class_list":["post-2221","post","type-post","status-publish","format-standard","has-post-thumbnail","hentry","category-homepage-french","category-politique","category-toutes-les-actualites","tag-africa-press","tag-africa-press-cameroun","tag-cameroun"],"yoast_head":"<!-- This site is optimized with the Yoast SEO Premium plugin v26.1 (Yoast SEO v27.0) - https:\/\/yoast.com\/product\/yoast-seo-premium-wordpress\/ -->\n<title>Cameroun - Reaction\/Samuel Moth (D\u00e9put\u00e9 - RDPC du Nkam): \u00abD\u00e9battre de la crise anglophone \u00e0 l&#039;Assembl\u00e9e nationale n&#039;est pas opportun\u00bb - Cameroun<\/title>\n<meta name=\"description\" content=\"Samuel Dieudonne Moth \u00e9tait l&#039;invit\u00e9 de l&#039;\u00e9mission \u00abl&#039;Ar\u00e8ne\u00bb sur la cha\u00eene priv\u00e9e Canal 2 International dimanche ...\" \/>\n<meta name=\"robots\" content=\"index, follow, max-snippet:-1, max-image-preview:large, max-video-preview:-1\" \/>\n<link rel=\"canonical\" href=\"https:\/\/www.africa-press.net\/cameroun\/politique\/cameroun-reaction-samuel-moth-depute-rdpc-du-nkam-debattre-de-la-crise-anglophone-a-lassemblee-nationale-nest-pas-opportun\" \/>\n<meta property=\"og:locale\" content=\"fr_FR\" \/>\n<meta property=\"og:type\" content=\"article\" \/>\n<meta property=\"og:title\" content=\"Cameroun - Reaction\/Samuel Moth (D\u00e9put\u00e9 - RDPC du Nkam): \u00abD\u00e9battre de la crise anglophone \u00e0 l&#039;Assembl\u00e9e nationale n&#039;est pas opportun\u00bb\" \/>\n<meta property=\"og:description\" content=\"Samuel Dieudonne Moth \u00e9tait l&#039;invit\u00e9 de l&#039;\u00e9mission \u00abl&#039;Ar\u00e8ne\u00bb sur la cha\u00eene priv\u00e9e Canal 2 International dimanche ...\" \/>\n<meta property=\"og:url\" content=\"https:\/\/www.africa-press.net\/cameroun\/politique\/cameroun-reaction-samuel-moth-depute-rdpc-du-nkam-debattre-de-la-crise-anglophone-a-lassemblee-nationale-nest-pas-opportun\" \/>\n<meta property=\"og:site_name\" content=\"Cameroun\" \/>\n<meta property=\"article:published_time\" content=\"2021-04-12T17:58:14+00:00\" \/>\n<meta property=\"article:modified_time\" content=\"2021-04-13T02:40:36+00:00\" \/>\n<meta property=\"og:image\" content=\"https:\/\/static.africa-press.net\/cameroun\/sites\/57\/2021\/04\/img-607504437b35d.jpg\" \/>\n\t<meta property=\"og:image:width\" content=\"800\" \/>\n\t<meta property=\"og:image:height\" content=\"567\" \/>\n\t<meta property=\"og:image:type\" content=\"image\/jpeg\" \/>\n<meta name=\"author\" content=\"cfeditorfr\" \/>\n<meta name=\"twitter:card\" content=\"summary_large_image\" \/>\n<meta name=\"twitter:label1\" content=\"\u00c9crit par\" \/>\n\t<meta name=\"twitter:data1\" content=\"cfeditorfr\" \/>\n\t<meta name=\"twitter:label2\" content=\"Dur\u00e9e de lecture estim\u00e9e\" \/>\n\t<meta name=\"twitter:data2\" content=\"2 minutes\" \/>\n<script type=\"application\/ld+json\" class=\"yoast-schema-graph\">{\"@context\":\"https:\/\/schema.org\",\"@graph\":[{\"@type\":\"Article\",\"@id\":\"https:\/\/www.africa-press.net\/cameroun\/politique\/cameroun-reaction-samuel-moth-depute-rdpc-du-nkam-debattre-de-la-crise-anglophone-a-lassemblee-nationale-nest-pas-opportun#article\",\"isPartOf\":{\"@id\":\"https:\/\/www.africa-press.net\/cameroun\/politique\/cameroun-reaction-samuel-moth-depute-rdpc-du-nkam-debattre-de-la-crise-anglophone-a-lassemblee-nationale-nest-pas-opportun\"},\"author\":{\"name\":\"cfeditorfr\",\"@id\":\"https:\/\/www.africa-press.net\/cameroun\/#\/schema\/person\/2b1cf3cd81a31e3cd26889ca66d677f1\"},\"headline\":\"Cameroun &#8211; Reaction\/Samuel Moth (D\u00e9put\u00e9 &#8211; RDPC du Nkam): \u00abD\u00e9battre de la crise anglophone \u00e0 l&rsquo;Assembl\u00e9e nationale n&rsquo;est pas opportun\u00bb\",\"datePublished\":\"2021-04-12T17:58:14+00:00\",\"dateModified\":\"2021-04-13T02:40:36+00:00\",\"mainEntityOfPage\":{\"@id\":\"https:\/\/www.africa-press.net\/cameroun\/politique\/cameroun-reaction-samuel-moth-depute-rdpc-du-nkam-debattre-de-la-crise-anglophone-a-lassemblee-nationale-nest-pas-opportun\"},\"wordCount\":415,\"commentCount\":0,\"image\":{\"@id\":\"https:\/\/www.africa-press.net\/cameroun\/politique\/cameroun-reaction-samuel-moth-depute-rdpc-du-nkam-debattre-de-la-crise-anglophone-a-lassemblee-nationale-nest-pas-opportun#primaryimage\"},\"thumbnailUrl\":\"https:\/\/static.africa-press.net\/cameroun\/sites\/57\/2021\/04\/img-607504437b35d.jpg\",\"keywords\":[\"Africa Press\",\"Africa Press-Cameroun\",\"Cameroun\"],\"articleSection\":[\"homepage-french\",\"Politique\",\"Toutes les actualit\u00e9s\"],\"inLanguage\":\"fr-FR\",\"potentialAction\":[{\"@type\":\"CommentAction\",\"name\":\"Comment\",\"target\":[\"https:\/\/www.africa-press.net\/cameroun\/politique\/cameroun-reaction-samuel-moth-depute-rdpc-du-nkam-debattre-de-la-crise-anglophone-a-lassemblee-nationale-nest-pas-opportun#respond\"]}]},{\"@type\":\"WebPage\",\"@id\":\"https:\/\/www.africa-press.net\/cameroun\/politique\/cameroun-reaction-samuel-moth-depute-rdpc-du-nkam-debattre-de-la-crise-anglophone-a-lassemblee-nationale-nest-pas-opportun\",\"url\":\"https:\/\/www.africa-press.net\/cameroun\/politique\/cameroun-reaction-samuel-moth-depute-rdpc-du-nkam-debattre-de-la-crise-anglophone-a-lassemblee-nationale-nest-pas-opportun\",\"name\":\"Cameroun - Reaction\/Samuel Moth (D\u00e9put\u00e9 - RDPC du Nkam): \u00abD\u00e9battre de la crise anglophone \u00e0 l'Assembl\u00e9e nationale n'est pas opportun\u00bb - Cameroun\",\"isPartOf\":{\"@id\":\"https:\/\/www.africa-press.net\/cameroun\/#website\"},\"primaryImageOfPage\":{\"@id\":\"https:\/\/www.africa-press.net\/cameroun\/politique\/cameroun-reaction-samuel-moth-depute-rdpc-du-nkam-debattre-de-la-crise-anglophone-a-lassemblee-nationale-nest-pas-opportun#primaryimage\"},\"image\":{\"@id\":\"https:\/\/www.africa-press.net\/cameroun\/politique\/cameroun-reaction-samuel-moth-depute-rdpc-du-nkam-debattre-de-la-crise-anglophone-a-lassemblee-nationale-nest-pas-opportun#primaryimage\"},\"thumbnailUrl\":\"https:\/\/static.africa-press.net\/cameroun\/sites\/57\/2021\/04\/img-607504437b35d.jpg\",\"datePublished\":\"2021-04-12T17:58:14+00:00\",\"dateModified\":\"2021-04-13T02:40:36+00:00\",\"author\":{\"@id\":\"https:\/\/www.africa-press.net\/cameroun\/#\/schema\/person\/2b1cf3cd81a31e3cd26889ca66d677f1\"},\"description\":\"Samuel Dieudonne Moth \u00e9tait l'invit\u00e9 de l'\u00e9mission \u00abl'Ar\u00e8ne\u00bb sur la cha\u00eene priv\u00e9e Canal 2 International dimanche ...\",\"breadcrumb\":{\"@id\":\"https:\/\/www.africa-press.net\/cameroun\/politique\/cameroun-reaction-samuel-moth-depute-rdpc-du-nkam-debattre-de-la-crise-anglophone-a-lassemblee-nationale-nest-pas-opportun#breadcrumb\"},\"inLanguage\":\"fr-FR\",\"potentialAction\":[{\"@type\":\"ReadAction\",\"target\":[\"https:\/\/www.africa-press.net\/cameroun\/politique\/cameroun-reaction-samuel-moth-depute-rdpc-du-nkam-debattre-de-la-crise-anglophone-a-lassemblee-nationale-nest-pas-opportun\"]}]},{\"@type\":\"ImageObject\",\"inLanguage\":\"fr-FR\",\"@id\":\"https:\/\/www.africa-press.net\/cameroun\/politique\/cameroun-reaction-samuel-moth-depute-rdpc-du-nkam-debattre-de-la-crise-anglophone-a-lassemblee-nationale-nest-pas-opportun#primaryimage\",\"url\":\"https:\/\/static.africa-press.net\/cameroun\/sites\/57\/2021\/04\/img-607504437b35d.jpg\",\"contentUrl\":\"https:\/\/static.africa-press.net\/cameroun\/sites\/57\/2021\/04\/img-607504437b35d.jpg\",\"width\":800,\"height\":567,\"caption\":\"Cameroun - Reaction\/Samuel Moth (D\u00e9put\u00e9 - RDPC du Nkam): \u00abD\u00e9battre de la crise anglophone \u00e0 l'Assembl\u00e9e nationale n'est pas opportun\u00bb\"},{\"@type\":\"BreadcrumbList\",\"@id\":\"https:\/\/www.africa-press.net\/cameroun\/politique\/cameroun-reaction-samuel-moth-depute-rdpc-du-nkam-debattre-de-la-crise-anglophone-a-lassemblee-nationale-nest-pas-opportun#breadcrumb\",\"itemListElement\":[{\"@type\":\"ListItem\",\"position\":1,\"name\":\"Accueil\",\"item\":\"https:\/\/www.africa-press.net\/cameroun\/\"},{\"@type\":\"ListItem\",\"position\":2,\"name\":\"Cameroun &#8211; Reaction\/Samuel Moth (D\u00e9put\u00e9 &#8211; RDPC du Nkam): \u00abD\u00e9battre de la crise anglophone \u00e0 l&#8217;Assembl\u00e9e nationale n&#8217;est pas opportun\u00bb\"}]},{\"@type\":\"WebSite\",\"@id\":\"https:\/\/www.africa-press.net\/cameroun\/#website\",\"url\":\"https:\/\/www.africa-press.net\/cameroun\/\",\"name\":\"Cameroun\",\"description\":\"Just another Africa News Agency Sites site\",\"potentialAction\":[{\"@type\":\"SearchAction\",\"target\":{\"@type\":\"EntryPoint\",\"urlTemplate\":\"https:\/\/www.africa-press.net\/cameroun\/?s={search_term_string}\"},\"query-input\":{\"@type\":\"PropertyValueSpecification\",\"valueRequired\":true,\"valueName\":\"search_term_string\"}}],\"inLanguage\":\"fr-FR\"},{\"@type\":\"Person\",\"@id\":\"https:\/\/www.africa-press.net\/cameroun\/#\/schema\/person\/2b1cf3cd81a31e3cd26889ca66d677f1\",\"name\":\"cfeditorfr\"}]}<\/script>\n<!-- \/ Yoast SEO Premium plugin. -->","yoast_head_json":{"title":"Cameroun - Reaction\/Samuel Moth (D\u00e9put\u00e9 - RDPC du Nkam): \u00abD\u00e9battre de la crise anglophone \u00e0 l'Assembl\u00e9e nationale n'est pas opportun\u00bb - Cameroun","description":"Samuel Dieudonne Moth \u00e9tait l'invit\u00e9 de l'\u00e9mission \u00abl'Ar\u00e8ne\u00bb sur la cha\u00eene priv\u00e9e Canal 2 International dimanche ...","robots":{"index":"index","follow":"follow","max-snippet":"max-snippet:-1","max-image-preview":"max-image-preview:large","max-video-preview":"max-video-preview:-1"},"canonical":"https:\/\/www.africa-press.net\/cameroun\/politique\/cameroun-reaction-samuel-moth-depute-rdpc-du-nkam-debattre-de-la-crise-anglophone-a-lassemblee-nationale-nest-pas-opportun","og_locale":"fr_FR","og_type":"article","og_title":"Cameroun - Reaction\/Samuel Moth (D\u00e9put\u00e9 - RDPC du Nkam): \u00abD\u00e9battre de la crise anglophone \u00e0 l'Assembl\u00e9e nationale n'est pas opportun\u00bb","og_description":"Samuel Dieudonne Moth \u00e9tait l'invit\u00e9 de l'\u00e9mission \u00abl'Ar\u00e8ne\u00bb sur la cha\u00eene priv\u00e9e Canal 2 International dimanche ...","og_url":"https:\/\/www.africa-press.net\/cameroun\/politique\/cameroun-reaction-samuel-moth-depute-rdpc-du-nkam-debattre-de-la-crise-anglophone-a-lassemblee-nationale-nest-pas-opportun","og_site_name":"Cameroun","article_published_time":"2021-04-12T17:58:14+00:00","article_modified_time":"2021-04-13T02:40:36+00:00","og_image":[{"width":800,"height":567,"url":"https:\/\/static.africa-press.net\/cameroun\/sites\/57\/2021\/04\/img-607504437b35d.jpg","type":"image\/jpeg"}],"author":"cfeditorfr","twitter_card":"summary_large_image","twitter_misc":{"\u00c9crit par":"cfeditorfr","Dur\u00e9e de lecture estim\u00e9e":"2 minutes"},"schema":{"@context":"https:\/\/schema.org","@graph":[{"@type":"Article","@id":"https:\/\/www.africa-press.net\/cameroun\/politique\/cameroun-reaction-samuel-moth-depute-rdpc-du-nkam-debattre-de-la-crise-anglophone-a-lassemblee-nationale-nest-pas-opportun#article","isPartOf":{"@id":"https:\/\/www.africa-press.net\/cameroun\/politique\/cameroun-reaction-samuel-moth-depute-rdpc-du-nkam-debattre-de-la-crise-anglophone-a-lassemblee-nationale-nest-pas-opportun"},"author":{"name":"cfeditorfr","@id":"https:\/\/www.africa-press.net\/cameroun\/#\/schema\/person\/2b1cf3cd81a31e3cd26889ca66d677f1"},"headline":"Cameroun &#8211; Reaction\/Samuel Moth (D\u00e9put\u00e9 &#8211; RDPC du Nkam): \u00abD\u00e9battre de la crise anglophone \u00e0 l&rsquo;Assembl\u00e9e nationale n&rsquo;est pas opportun\u00bb","datePublished":"2021-04-12T17:58:14+00:00","dateModified":"2021-04-13T02:40:36+00:00","mainEntityOfPage":{"@id":"https:\/\/www.africa-press.net\/cameroun\/politique\/cameroun-reaction-samuel-moth-depute-rdpc-du-nkam-debattre-de-la-crise-anglophone-a-lassemblee-nationale-nest-pas-opportun"},"wordCount":415,"commentCount":0,"image":{"@id":"https:\/\/www.africa-press.net\/cameroun\/politique\/cameroun-reaction-samuel-moth-depute-rdpc-du-nkam-debattre-de-la-crise-anglophone-a-lassemblee-nationale-nest-pas-opportun#primaryimage"},"thumbnailUrl":"https:\/\/static.africa-press.net\/cameroun\/sites\/57\/2021\/04\/img-607504437b35d.jpg","keywords":["Africa Press","Africa Press-Cameroun","Cameroun"],"articleSection":["homepage-french","Politique","Toutes les actualit\u00e9s"],"inLanguage":"fr-FR","potentialAction":[{"@type":"CommentAction","name":"Comment","target":["https:\/\/www.africa-press.net\/cameroun\/politique\/cameroun-reaction-samuel-moth-depute-rdpc-du-nkam-debattre-de-la-crise-anglophone-a-lassemblee-nationale-nest-pas-opportun#respond"]}]},{"@type":"WebPage","@id":"https:\/\/www.africa-press.net\/cameroun\/politique\/cameroun-reaction-samuel-moth-depute-rdpc-du-nkam-debattre-de-la-crise-anglophone-a-lassemblee-nationale-nest-pas-opportun","url":"https:\/\/www.africa-press.net\/cameroun\/politique\/cameroun-reaction-samuel-moth-depute-rdpc-du-nkam-debattre-de-la-crise-anglophone-a-lassemblee-nationale-nest-pas-opportun","name":"Cameroun - Reaction\/Samuel Moth (D\u00e9put\u00e9 - RDPC du Nkam): \u00abD\u00e9battre de la crise anglophone \u00e0 l'Assembl\u00e9e nationale n'est pas opportun\u00bb - Cameroun","isPartOf":{"@id":"https:\/\/www.africa-press.net\/cameroun\/#website"},"primaryImageOfPage":{"@id":"https:\/\/www.africa-press.net\/cameroun\/politique\/cameroun-reaction-samuel-moth-depute-rdpc-du-nkam-debattre-de-la-crise-anglophone-a-lassemblee-nationale-nest-pas-opportun#primaryimage"},"image":{"@id":"https:\/\/www.africa-press.net\/cameroun\/politique\/cameroun-reaction-samuel-moth-depute-rdpc-du-nkam-debattre-de-la-crise-anglophone-a-lassemblee-nationale-nest-pas-opportun#primaryimage"},"thumbnailUrl":"https:\/\/static.africa-press.net\/cameroun\/sites\/57\/2021\/04\/img-607504437b35d.jpg","datePublished":"2021-04-12T17:58:14+00:00","dateModified":"2021-04-13T02:40:36+00:00","author":{"@id":"https:\/\/www.africa-press.net\/cameroun\/#\/schema\/person\/2b1cf3cd81a31e3cd26889ca66d677f1"},"description":"Samuel Dieudonne Moth \u00e9tait l'invit\u00e9 de l'\u00e9mission \u00abl'Ar\u00e8ne\u00bb sur la cha\u00eene priv\u00e9e Canal 2 International dimanche ...","breadcrumb":{"@id":"https:\/\/www.africa-press.net\/cameroun\/politique\/cameroun-reaction-samuel-moth-depute-rdpc-du-nkam-debattre-de-la-crise-anglophone-a-lassemblee-nationale-nest-pas-opportun#breadcrumb"},"inLanguage":"fr-FR","potentialAction":[{"@type":"ReadAction","target":["https:\/\/www.africa-press.net\/cameroun\/politique\/cameroun-reaction-samuel-moth-depute-rdpc-du-nkam-debattre-de-la-crise-anglophone-a-lassemblee-nationale-nest-pas-opportun"]}]},{"@type":"ImageObject","inLanguage":"fr-FR","@id":"https:\/\/www.africa-press.net\/cameroun\/politique\/cameroun-reaction-samuel-moth-depute-rdpc-du-nkam-debattre-de-la-crise-anglophone-a-lassemblee-nationale-nest-pas-opportun#primaryimage","url":"https:\/\/static.africa-press.net\/cameroun\/sites\/57\/2021\/04\/img-607504437b35d.jpg","contentUrl":"https:\/\/static.africa-press.net\/cameroun\/sites\/57\/2021\/04\/img-607504437b35d.jpg","width":800,"height":567,"caption":"Cameroun - Reaction\/Samuel Moth (D\u00e9put\u00e9 - RDPC du Nkam): \u00abD\u00e9battre de la crise anglophone \u00e0 l'Assembl\u00e9e nationale n'est pas opportun\u00bb"},{"@type":"BreadcrumbList","@id":"https:\/\/www.africa-press.net\/cameroun\/politique\/cameroun-reaction-samuel-moth-depute-rdpc-du-nkam-debattre-de-la-crise-anglophone-a-lassemblee-nationale-nest-pas-opportun#breadcrumb","itemListElement":[{"@type":"ListItem","position":1,"name":"Accueil","item":"https:\/\/www.africa-press.net\/cameroun\/"},{"@type":"ListItem","position":2,"name":"Cameroun &#8211; Reaction\/Samuel Moth (D\u00e9put\u00e9 &#8211; RDPC du Nkam): \u00abD\u00e9battre de la crise anglophone \u00e0 l&#8217;Assembl\u00e9e nationale n&#8217;est pas opportun\u00bb"}]},{"@type":"WebSite","@id":"https:\/\/www.africa-press.net\/cameroun\/#website","url":"https:\/\/www.africa-press.net\/cameroun\/","name":"Cameroun","description":"Just another Africa News Agency Sites site","potentialAction":[{"@type":"SearchAction","target":{"@type":"EntryPoint","urlTemplate":"https:\/\/www.africa-press.net\/cameroun\/?s={search_term_string}"},"query-input":{"@type":"PropertyValueSpecification","valueRequired":true,"valueName":"search_term_string"}}],"inLanguage":"fr-FR"},{"@type":"Person","@id":"https:\/\/www.africa-press.net\/cameroun\/#\/schema\/person\/2b1cf3cd81a31e3cd26889ca66d677f1","name":"cfeditorfr"}]}},"_links":{"self":[{"href":"https:\/\/www.africa-press.net\/cameroun\/wp-json\/wp\/v2\/posts\/2221","targetHints":{"allow":["GET"]}}],"collection":[{"href":"https:\/\/www.africa-press.net\/cameroun\/wp-json\/wp\/v2\/posts"}],"about":[{"href":"https:\/\/www.africa-press.net\/cameroun\/wp-json\/wp\/v2\/types\/post"}],"author":[{"embeddable":true,"href":"https:\/\/www.africa-press.net\/cameroun\/wp-json\/wp\/v2\/users\/82"}],"replies":[{"embeddable":true,"href":"https:\/\/www.africa-press.net\/cameroun\/wp-json\/wp\/v2\/comments?post=2221"}],"version-history":[{"count":0,"href":"https:\/\/www.africa-press.net\/cameroun\/wp-json\/wp\/v2\/posts\/2221\/revisions"}],"wp:featuredmedia":[{"embeddable":true,"href":"https:\/\/www.africa-press.net\/cameroun\/wp-json\/wp\/v2\/media\/2220"}],"wp:attachment":[{"href":"https:\/\/www.africa-press.net\/cameroun\/wp-json\/wp\/v2\/media?parent=2221"}],"wp:term":[{"taxonomy":"category","embeddable":true,"href":"https:\/\/www.africa-press.net\/cameroun\/wp-json\/wp\/v2\/categories?post=2221"},{"taxonomy":"post_tag","embeddable":true,"href":"https:\/\/www.africa-press.net\/cameroun\/wp-json\/wp\/v2\/tags?post=2221"}],"curies":[{"name":"wp","href":"https:\/\/api.w.org\/{rel}","templated":true}]}}