{"id":22232,"date":"2022-06-25T16:18:15","date_gmt":"2022-06-25T16:18:15","guid":{"rendered":"https:\/\/www.africa-press.net\/cameroun\/politique\/vie-chere-paul-biya-prend-une-importante-mesure-en-oubliant-les-pauvres-des-villages"},"modified":"2022-06-25T16:27:36","modified_gmt":"2022-06-25T16:27:36","slug":"vie-chere-paul-biya-prend-une-importante-mesure-en-oubliant-les-pauvres-des-villages","status":"publish","type":"post","link":"https:\/\/www.africa-press.net\/cameroun\/politique\/vie-chere-paul-biya-prend-une-importante-mesure-en-oubliant-les-pauvres-des-villages","title":{"rendered":"Vie ch\u00e8re : Paul Biya prend une importante mesure en oubliant les pauvres des villages"},"content":{"rendered":"<p><span style=\"color: #ff6600\"><strong>Africa-Press &#8211; Cameroun. <\/strong><\/span>C\u2019est un secret de Polichinelle. Depuis plusieurs mois, le contexte \u00e9conomique mondial est fortement marqu\u00e9 par une hausse g\u00e9n\u00e9ralis\u00e9e des prix des produits sur les march\u00e9s. Cette hausse touche tous les secteurs d\u2019activit\u00e9 avec une incidence significative sur le consommateur. Le Cameroun de Paul Biya est durablement touch\u00e9. La vie devient de plus en plus invivable, notamment pour les couches d\u00e9favoris\u00e9es qui constituent la majeure partie de la population.<\/p>\n<p>Depuis, le gouvernement essaye de prendre des mesures pour juguler la crise, mais vainement. Le Ministre du Commerce vient d\u2019inititier une nouvelle mesure qui cr\u00e9e d\u00e9j\u00e0 pol\u00e9mique.<\/p>\n<p>En effet, le gouvernement camerounais vient de lancer une op\u00e9ration sp\u00e9ciale de vente directe \u00e0 prix co\u00fbtant des produits de grande consommation d\u00e8s lundi 27 juin 2022 \u00e0 l&rsquo;esplanade du Boulevard du 20 mai pour la ville de Yaound\u00e9. Cette op\u00e9ration qui se cantonne seulement au niveau de la capitale va s\u2019\u00e9tendre sur 1 mois.<\/p>\n<p>\u00ab Le Ministre du Commerce. Monsieur Luc Magloire MBARGA ATANGANA, a l&rsquo;honneur de porter \u00e0 la connaissance du grand public et de la communaut\u00e9 des consommateurs que dans le souci d&rsquo;accompagner les m\u00e9nages, confront\u00e9s au rench\u00e9rissement des prix des produits de grande consommation el \u00e0 la r\u00e9currence des p\u00e9nuries diverses, tout pays et tous Continents confondus. Cons\u00e9cutifs \u00e0 la pand\u00e9mie du COVID- I 9 et amplifi\u00e9s par la crise en cours en Ukraine, le Gouvernement o d\u00e9cid\u00e9 de lancer une op\u00e9ration sp\u00e9ciale de vente directe, \u00e0 prix co\u00fbtant desdits produits, avec le concours citoyen des op\u00e9rateurs \u00e9conomiques partenaires. Cette op\u00e9ration, en ce qui concerne la ville de Yaound\u00e9 et ses environs se d\u00e9roulera \u00e0 l&rsquo;Esplanade du Boulevard du 20 Mai, \u00e0 compter du lundi 27 juin 2022 et pour une p\u00e9riode initiale d&rsquo;un mois \u00bb, souligne le communiqu\u00e9 du gouvernement qui pr\u00e9cise :<\/p>\n<p>\u00ab Les populations sont convi\u00e9es \u00e0 tirer pleinement avantage de cette opportunit\u00e9 exceptionnelle qui participe de la mise en \u0153uvre des TRES HAUTES INSTRUCTIONS DU CHEF DE L&rsquo;ETAT relatives \u00e0 la pr\u00e9servation du pouvoir d&rsquo;achat des consommateurs, en d\u00e9pit des al\u00e9as d&rsquo;une conjoncture internationale particuli\u00e8rement d\u00e9favorable \u00bb.<\/p>\n<p>Si le gouvernement ne dit rien pour le moment pour ce qui est de l\u2019int\u00e9rieur du pays, notamment ces zones durablement secou\u00e9es par la crise, certains dans l\u2019opinion estiment que c\u2019est une faute car le gouvernement devrait prioriser ses zones.<\/p>\n<p><strong>Pour plus d&rsquo;informations et d&rsquo;analyses sur la <a href=\"https:\/\/www.africa-press.net\/cameroun\">Cameroun<\/a>, suivez <a href=\"https:\/\/www.africa-press.net\/\">Africa-Press<\/a><\/strong><\/p>\n","protected":false},"excerpt":{"rendered":"<p>Africa-Press &#8211; Cameroun. C\u2019est un secret de Polichinelle. Depuis plusieurs mois, le contexte \u00e9conomique mondial est fortement marqu\u00e9 par une hausse g\u00e9n\u00e9ralis\u00e9e des prix des produits sur les march\u00e9s. Cette hausse touche tous les secteurs d\u2019activit\u00e9 avec une incidence significative sur le consommateur. Le Cameroun de Paul Biya est durablement touch\u00e9. La vie devient de [&hellip;]<\/p>\n","protected":false},"author":82,"featured_media":22231,"comment_status":"open","ping_status":"closed","sticky":false,"template":"","format":"standard","meta":{"footnotes":""},"categories":[11,2,10],"tags":[36,50,49],"class_list":["post-22232","post","type-post","status-publish","format-standard","has-post-thumbnail","hentry","category-homepage-french","category-politique","category-toutes-les-actualites","tag-africa-press","tag-africa-press-cameroun","tag-cameroun"],"yoast_head":"<!-- This site is optimized with the Yoast SEO Premium plugin v26.1 (Yoast SEO v27.0) - https:\/\/yoast.com\/product\/yoast-seo-premium-wordpress\/ -->\n<title>Vie ch\u00e8re : Paul Biya prend une importante mesure en oubliant les pauvres des villages - Cameroun<\/title>\n<meta name=\"description\" content=\"C\u2019est un secret de Polichinelle. Depuis plusieurs mois, le contexte \u00e9conomique mondial est fortement marqu\u00e9 par une haus ...\" \/>\n<meta name=\"robots\" content=\"index, follow, max-snippet:-1, max-image-preview:large, max-video-preview:-1\" \/>\n<link rel=\"canonical\" href=\"https:\/\/www.africa-press.net\/cameroun\/politique\/vie-chere-paul-biya-prend-une-importante-mesure-en-oubliant-les-pauvres-des-villages\" \/>\n<meta property=\"og:locale\" content=\"fr_FR\" \/>\n<meta property=\"og:type\" content=\"article\" \/>\n<meta property=\"og:title\" content=\"Vie ch\u00e8re : Paul Biya prend une importante mesure en oubliant les pauvres des villages\" \/>\n<meta property=\"og:description\" content=\"C\u2019est un secret de Polichinelle. Depuis plusieurs mois, le contexte \u00e9conomique mondial est fortement marqu\u00e9 par une haus ...\" \/>\n<meta property=\"og:url\" content=\"https:\/\/www.africa-press.net\/cameroun\/politique\/vie-chere-paul-biya-prend-une-importante-mesure-en-oubliant-les-pauvres-des-villages\" \/>\n<meta property=\"og:site_name\" content=\"Cameroun\" \/>\n<meta property=\"article:published_time\" content=\"2022-06-25T16:18:15+00:00\" \/>\n<meta property=\"article:modified_time\" content=\"2022-06-25T16:27:36+00:00\" \/>\n<meta property=\"og:image\" content=\"https:\/\/static.africa-press.net\/cameroun\/sites\/57\/2022\/06\/postQueueImg_6-62b737578253a.jpg\" \/>\n\t<meta property=\"og:image:width\" content=\"600\" \/>\n\t<meta property=\"og:image:height\" content=\"337\" \/>\n\t<meta property=\"og:image:type\" content=\"image\/jpeg\" \/>\n<meta name=\"author\" content=\"cfeditorfr\" \/>\n<meta name=\"twitter:card\" content=\"summary_large_image\" \/>\n<meta name=\"twitter:label1\" content=\"\u00c9crit par\" \/>\n\t<meta name=\"twitter:data1\" content=\"cfeditorfr\" \/>\n\t<meta name=\"twitter:label2\" content=\"Dur\u00e9e de lecture estim\u00e9e\" \/>\n\t<meta name=\"twitter:data2\" content=\"2 minutes\" \/>\n<script type=\"application\/ld+json\" class=\"yoast-schema-graph\">{\"@context\":\"https:\/\/schema.org\",\"@graph\":[{\"@type\":\"Article\",\"@id\":\"https:\/\/www.africa-press.net\/cameroun\/politique\/vie-chere-paul-biya-prend-une-importante-mesure-en-oubliant-les-pauvres-des-villages#article\",\"isPartOf\":{\"@id\":\"https:\/\/www.africa-press.net\/cameroun\/politique\/vie-chere-paul-biya-prend-une-importante-mesure-en-oubliant-les-pauvres-des-villages\"},\"author\":{\"name\":\"cfeditorfr\",\"@id\":\"https:\/\/www.africa-press.net\/cameroun\/#\/schema\/person\/2b1cf3cd81a31e3cd26889ca66d677f1\"},\"headline\":\"Vie ch\u00e8re : Paul Biya prend une importante mesure en oubliant les pauvres des villages\",\"datePublished\":\"2022-06-25T16:18:15+00:00\",\"dateModified\":\"2022-06-25T16:27:36+00:00\",\"mainEntityOfPage\":{\"@id\":\"https:\/\/www.africa-press.net\/cameroun\/politique\/vie-chere-paul-biya-prend-une-importante-mesure-en-oubliant-les-pauvres-des-villages\"},\"wordCount\":442,\"commentCount\":0,\"image\":{\"@id\":\"https:\/\/www.africa-press.net\/cameroun\/politique\/vie-chere-paul-biya-prend-une-importante-mesure-en-oubliant-les-pauvres-des-villages#primaryimage\"},\"thumbnailUrl\":\"https:\/\/static.africa-press.net\/cameroun\/sites\/57\/2022\/06\/postQueueImg_6-62b737578253a.jpg\",\"keywords\":[\"Africa Press\",\"Africa Press-Cameroun\",\"Cameroun\"],\"articleSection\":[\"homepage-french\",\"Politique\",\"Toutes les actualit\u00e9s\"],\"inLanguage\":\"fr-FR\",\"potentialAction\":[{\"@type\":\"CommentAction\",\"name\":\"Comment\",\"target\":[\"https:\/\/www.africa-press.net\/cameroun\/politique\/vie-chere-paul-biya-prend-une-importante-mesure-en-oubliant-les-pauvres-des-villages#respond\"]}]},{\"@type\":\"WebPage\",\"@id\":\"https:\/\/www.africa-press.net\/cameroun\/politique\/vie-chere-paul-biya-prend-une-importante-mesure-en-oubliant-les-pauvres-des-villages\",\"url\":\"https:\/\/www.africa-press.net\/cameroun\/politique\/vie-chere-paul-biya-prend-une-importante-mesure-en-oubliant-les-pauvres-des-villages\",\"name\":\"Vie ch\u00e8re : Paul Biya prend une importante mesure en oubliant les pauvres des villages - Cameroun\",\"isPartOf\":{\"@id\":\"https:\/\/www.africa-press.net\/cameroun\/#website\"},\"primaryImageOfPage\":{\"@id\":\"https:\/\/www.africa-press.net\/cameroun\/politique\/vie-chere-paul-biya-prend-une-importante-mesure-en-oubliant-les-pauvres-des-villages#primaryimage\"},\"image\":{\"@id\":\"https:\/\/www.africa-press.net\/cameroun\/politique\/vie-chere-paul-biya-prend-une-importante-mesure-en-oubliant-les-pauvres-des-villages#primaryimage\"},\"thumbnailUrl\":\"https:\/\/static.africa-press.net\/cameroun\/sites\/57\/2022\/06\/postQueueImg_6-62b737578253a.jpg\",\"datePublished\":\"2022-06-25T16:18:15+00:00\",\"dateModified\":\"2022-06-25T16:27:36+00:00\",\"author\":{\"@id\":\"https:\/\/www.africa-press.net\/cameroun\/#\/schema\/person\/2b1cf3cd81a31e3cd26889ca66d677f1\"},\"description\":\"C\u2019est un secret de Polichinelle. Depuis plusieurs mois, le contexte \u00e9conomique mondial est fortement marqu\u00e9 par une haus ...\",\"breadcrumb\":{\"@id\":\"https:\/\/www.africa-press.net\/cameroun\/politique\/vie-chere-paul-biya-prend-une-importante-mesure-en-oubliant-les-pauvres-des-villages#breadcrumb\"},\"inLanguage\":\"fr-FR\",\"potentialAction\":[{\"@type\":\"ReadAction\",\"target\":[\"https:\/\/www.africa-press.net\/cameroun\/politique\/vie-chere-paul-biya-prend-une-importante-mesure-en-oubliant-les-pauvres-des-villages\"]}]},{\"@type\":\"ImageObject\",\"inLanguage\":\"fr-FR\",\"@id\":\"https:\/\/www.africa-press.net\/cameroun\/politique\/vie-chere-paul-biya-prend-une-importante-mesure-en-oubliant-les-pauvres-des-villages#primaryimage\",\"url\":\"https:\/\/static.africa-press.net\/cameroun\/sites\/57\/2022\/06\/postQueueImg_6-62b737578253a.jpg\",\"contentUrl\":\"https:\/\/static.africa-press.net\/cameroun\/sites\/57\/2022\/06\/postQueueImg_6-62b737578253a.jpg\",\"width\":600,\"height\":337,\"caption\":\"Vie ch\u00e8re : Paul Biya prend une importante mesure en oubliant les pauvres des villages\"},{\"@type\":\"BreadcrumbList\",\"@id\":\"https:\/\/www.africa-press.net\/cameroun\/politique\/vie-chere-paul-biya-prend-une-importante-mesure-en-oubliant-les-pauvres-des-villages#breadcrumb\",\"itemListElement\":[{\"@type\":\"ListItem\",\"position\":1,\"name\":\"Accueil\",\"item\":\"https:\/\/www.africa-press.net\/cameroun\/\"},{\"@type\":\"ListItem\",\"position\":2,\"name\":\"Vie ch\u00e8re : Paul Biya prend une importante mesure en oubliant les pauvres des villages\"}]},{\"@type\":\"WebSite\",\"@id\":\"https:\/\/www.africa-press.net\/cameroun\/#website\",\"url\":\"https:\/\/www.africa-press.net\/cameroun\/\",\"name\":\"Cameroun\",\"description\":\"Just another Africa News Agency Sites site\",\"potentialAction\":[{\"@type\":\"SearchAction\",\"target\":{\"@type\":\"EntryPoint\",\"urlTemplate\":\"https:\/\/www.africa-press.net\/cameroun\/?s={search_term_string}\"},\"query-input\":{\"@type\":\"PropertyValueSpecification\",\"valueRequired\":true,\"valueName\":\"search_term_string\"}}],\"inLanguage\":\"fr-FR\"},{\"@type\":\"Person\",\"@id\":\"https:\/\/www.africa-press.net\/cameroun\/#\/schema\/person\/2b1cf3cd81a31e3cd26889ca66d677f1\",\"name\":\"cfeditorfr\"}]}<\/script>\n<!-- \/ Yoast SEO Premium plugin. -->","yoast_head_json":{"title":"Vie ch\u00e8re : Paul Biya prend une importante mesure en oubliant les pauvres des villages - Cameroun","description":"C\u2019est un secret de Polichinelle. Depuis plusieurs mois, le contexte \u00e9conomique mondial est fortement marqu\u00e9 par une haus ...","robots":{"index":"index","follow":"follow","max-snippet":"max-snippet:-1","max-image-preview":"max-image-preview:large","max-video-preview":"max-video-preview:-1"},"canonical":"https:\/\/www.africa-press.net\/cameroun\/politique\/vie-chere-paul-biya-prend-une-importante-mesure-en-oubliant-les-pauvres-des-villages","og_locale":"fr_FR","og_type":"article","og_title":"Vie ch\u00e8re : Paul Biya prend une importante mesure en oubliant les pauvres des villages","og_description":"C\u2019est un secret de Polichinelle. Depuis plusieurs mois, le contexte \u00e9conomique mondial est fortement marqu\u00e9 par une haus ...","og_url":"https:\/\/www.africa-press.net\/cameroun\/politique\/vie-chere-paul-biya-prend-une-importante-mesure-en-oubliant-les-pauvres-des-villages","og_site_name":"Cameroun","article_published_time":"2022-06-25T16:18:15+00:00","article_modified_time":"2022-06-25T16:27:36+00:00","og_image":[{"width":600,"height":337,"url":"https:\/\/static.africa-press.net\/cameroun\/sites\/57\/2022\/06\/postQueueImg_6-62b737578253a.jpg","type":"image\/jpeg"}],"author":"cfeditorfr","twitter_card":"summary_large_image","twitter_misc":{"\u00c9crit par":"cfeditorfr","Dur\u00e9e de lecture estim\u00e9e":"2 minutes"},"schema":{"@context":"https:\/\/schema.org","@graph":[{"@type":"Article","@id":"https:\/\/www.africa-press.net\/cameroun\/politique\/vie-chere-paul-biya-prend-une-importante-mesure-en-oubliant-les-pauvres-des-villages#article","isPartOf":{"@id":"https:\/\/www.africa-press.net\/cameroun\/politique\/vie-chere-paul-biya-prend-une-importante-mesure-en-oubliant-les-pauvres-des-villages"},"author":{"name":"cfeditorfr","@id":"https:\/\/www.africa-press.net\/cameroun\/#\/schema\/person\/2b1cf3cd81a31e3cd26889ca66d677f1"},"headline":"Vie ch\u00e8re : Paul Biya prend une importante mesure en oubliant les pauvres des villages","datePublished":"2022-06-25T16:18:15+00:00","dateModified":"2022-06-25T16:27:36+00:00","mainEntityOfPage":{"@id":"https:\/\/www.africa-press.net\/cameroun\/politique\/vie-chere-paul-biya-prend-une-importante-mesure-en-oubliant-les-pauvres-des-villages"},"wordCount":442,"commentCount":0,"image":{"@id":"https:\/\/www.africa-press.net\/cameroun\/politique\/vie-chere-paul-biya-prend-une-importante-mesure-en-oubliant-les-pauvres-des-villages#primaryimage"},"thumbnailUrl":"https:\/\/static.africa-press.net\/cameroun\/sites\/57\/2022\/06\/postQueueImg_6-62b737578253a.jpg","keywords":["Africa Press","Africa Press-Cameroun","Cameroun"],"articleSection":["homepage-french","Politique","Toutes les actualit\u00e9s"],"inLanguage":"fr-FR","potentialAction":[{"@type":"CommentAction","name":"Comment","target":["https:\/\/www.africa-press.net\/cameroun\/politique\/vie-chere-paul-biya-prend-une-importante-mesure-en-oubliant-les-pauvres-des-villages#respond"]}]},{"@type":"WebPage","@id":"https:\/\/www.africa-press.net\/cameroun\/politique\/vie-chere-paul-biya-prend-une-importante-mesure-en-oubliant-les-pauvres-des-villages","url":"https:\/\/www.africa-press.net\/cameroun\/politique\/vie-chere-paul-biya-prend-une-importante-mesure-en-oubliant-les-pauvres-des-villages","name":"Vie ch\u00e8re : Paul Biya prend une importante mesure en oubliant les pauvres des villages - Cameroun","isPartOf":{"@id":"https:\/\/www.africa-press.net\/cameroun\/#website"},"primaryImageOfPage":{"@id":"https:\/\/www.africa-press.net\/cameroun\/politique\/vie-chere-paul-biya-prend-une-importante-mesure-en-oubliant-les-pauvres-des-villages#primaryimage"},"image":{"@id":"https:\/\/www.africa-press.net\/cameroun\/politique\/vie-chere-paul-biya-prend-une-importante-mesure-en-oubliant-les-pauvres-des-villages#primaryimage"},"thumbnailUrl":"https:\/\/static.africa-press.net\/cameroun\/sites\/57\/2022\/06\/postQueueImg_6-62b737578253a.jpg","datePublished":"2022-06-25T16:18:15+00:00","dateModified":"2022-06-25T16:27:36+00:00","author":{"@id":"https:\/\/www.africa-press.net\/cameroun\/#\/schema\/person\/2b1cf3cd81a31e3cd26889ca66d677f1"},"description":"C\u2019est un secret de Polichinelle. Depuis plusieurs mois, le contexte \u00e9conomique mondial est fortement marqu\u00e9 par une haus ...","breadcrumb":{"@id":"https:\/\/www.africa-press.net\/cameroun\/politique\/vie-chere-paul-biya-prend-une-importante-mesure-en-oubliant-les-pauvres-des-villages#breadcrumb"},"inLanguage":"fr-FR","potentialAction":[{"@type":"ReadAction","target":["https:\/\/www.africa-press.net\/cameroun\/politique\/vie-chere-paul-biya-prend-une-importante-mesure-en-oubliant-les-pauvres-des-villages"]}]},{"@type":"ImageObject","inLanguage":"fr-FR","@id":"https:\/\/www.africa-press.net\/cameroun\/politique\/vie-chere-paul-biya-prend-une-importante-mesure-en-oubliant-les-pauvres-des-villages#primaryimage","url":"https:\/\/static.africa-press.net\/cameroun\/sites\/57\/2022\/06\/postQueueImg_6-62b737578253a.jpg","contentUrl":"https:\/\/static.africa-press.net\/cameroun\/sites\/57\/2022\/06\/postQueueImg_6-62b737578253a.jpg","width":600,"height":337,"caption":"Vie ch\u00e8re : Paul Biya prend une importante mesure en oubliant les pauvres des villages"},{"@type":"BreadcrumbList","@id":"https:\/\/www.africa-press.net\/cameroun\/politique\/vie-chere-paul-biya-prend-une-importante-mesure-en-oubliant-les-pauvres-des-villages#breadcrumb","itemListElement":[{"@type":"ListItem","position":1,"name":"Accueil","item":"https:\/\/www.africa-press.net\/cameroun\/"},{"@type":"ListItem","position":2,"name":"Vie ch\u00e8re : Paul Biya prend une importante mesure en oubliant les pauvres des villages"}]},{"@type":"WebSite","@id":"https:\/\/www.africa-press.net\/cameroun\/#website","url":"https:\/\/www.africa-press.net\/cameroun\/","name":"Cameroun","description":"Just another Africa News Agency Sites site","potentialAction":[{"@type":"SearchAction","target":{"@type":"EntryPoint","urlTemplate":"https:\/\/www.africa-press.net\/cameroun\/?s={search_term_string}"},"query-input":{"@type":"PropertyValueSpecification","valueRequired":true,"valueName":"search_term_string"}}],"inLanguage":"fr-FR"},{"@type":"Person","@id":"https:\/\/www.africa-press.net\/cameroun\/#\/schema\/person\/2b1cf3cd81a31e3cd26889ca66d677f1","name":"cfeditorfr"}]}},"_links":{"self":[{"href":"https:\/\/www.africa-press.net\/cameroun\/wp-json\/wp\/v2\/posts\/22232","targetHints":{"allow":["GET"]}}],"collection":[{"href":"https:\/\/www.africa-press.net\/cameroun\/wp-json\/wp\/v2\/posts"}],"about":[{"href":"https:\/\/www.africa-press.net\/cameroun\/wp-json\/wp\/v2\/types\/post"}],"author":[{"embeddable":true,"href":"https:\/\/www.africa-press.net\/cameroun\/wp-json\/wp\/v2\/users\/82"}],"replies":[{"embeddable":true,"href":"https:\/\/www.africa-press.net\/cameroun\/wp-json\/wp\/v2\/comments?post=22232"}],"version-history":[{"count":0,"href":"https:\/\/www.africa-press.net\/cameroun\/wp-json\/wp\/v2\/posts\/22232\/revisions"}],"wp:featuredmedia":[{"embeddable":true,"href":"https:\/\/www.africa-press.net\/cameroun\/wp-json\/wp\/v2\/media\/22231"}],"wp:attachment":[{"href":"https:\/\/www.africa-press.net\/cameroun\/wp-json\/wp\/v2\/media?parent=22232"}],"wp:term":[{"taxonomy":"category","embeddable":true,"href":"https:\/\/www.africa-press.net\/cameroun\/wp-json\/wp\/v2\/categories?post=22232"},{"taxonomy":"post_tag","embeddable":true,"href":"https:\/\/www.africa-press.net\/cameroun\/wp-json\/wp\/v2\/tags?post=22232"}],"curies":[{"name":"wp","href":"https:\/\/api.w.org\/{rel}","templated":true}]}}