{"id":2231,"date":"2021-04-12T18:16:46","date_gmt":"2021-04-12T18:16:46","guid":{"rendered":"https:\/\/www.africa-press.net\/cameroun\/politique\/cameroun-joseph-dion-ngute-premier-ministre-a-propos-des-vaccins-recus-de-la-chine-le-fait-de-nous-avoir-envoye-une-telle-quantite-alors-que-la-chine-elle-meme-est-dans-la-necessite-est"},"modified":"2021-04-13T02:41:00","modified_gmt":"2021-04-13T02:41:00","slug":"cameroun-joseph-dion-ngute-premier-ministre-a-propos-des-vaccins-recus-de-la-chine-le-fait-de-nous-avoir-envoye-une-telle-quantite-alors-que-la-chine-elle-meme-est-dans-la-necessite-est","status":"publish","type":"post","link":"https:\/\/www.africa-press.net\/cameroun\/politique\/cameroun-joseph-dion-ngute-premier-ministre-a-propos-des-vaccins-recus-de-la-chine-le-fait-de-nous-avoir-envoye-une-telle-quantite-alors-que-la-chine-elle-meme-est-dans-la-necessite-est","title":{"rendered":"Cameroun &#8211; Joseph Dion Ngute (Premier Ministre) \u00e0 propos des vaccins re\u00e7us de la Chine: \u00abLe fait de nous avoir envoy\u00e9 une telle quantit\u00e9 alors que la Chine elle-m\u00eame est dans la n\u00e9cessit\u00e9 est \u2026 Une d\u00e9monstration d\u2019amiti\u00e9 envers le peuple camerounais\u00bb"},"content":{"rendered":"<p><span style=\"color: #ff6600\"><strong><a href=\"https:\/\/www.africa-press.net\/\">Africa-Press<\/a> &#8211; <a href=\"https:\/\/www.africa-press.net\/cameroun\">Cameroun<\/a>. <\/strong><\/span>Le Premier Ministre Joseph Dion Ngute a r\u00e9ceptionn\u00e9 la premi\u00e8re cargaison de 200 000 doses de vaccin anti-covid-19 \u00e0 l\u2019a\u00e9roport international de Yaound\u00e9-Nsimalen le 11 avril 2021. De mani\u00e8re symbolique, il a re\u00e7u un carton contenant des vaccins SINOPHARM, des mains de l\u2019ambassadeur de la R\u00e9publique Populaire de Chine au Cameroun, Wang Ying Wu.<\/p>\n<p>Au terme de cette c\u00e9r\u00e9monie qui se voulait solennelle, le Chef du gouvernement a d\u00e9clar\u00e9 dans les colonnes du quotidien national bilingue Cameroon Tribune en kiosque ce 12 avril 2021 que: \u00abje voudrais d\u2019abord remercier, au nom du Pr\u00e9sident de la R\u00e9publique, le peuple et le gouvernement chinois pour ce don de 200 000 doses de ce vaccin SINOPHARM\u00bb.<\/p>\n<p>Avant de poursuivre que: \u00abnous savons que la Chine elle-m\u00eame en a besoin. Le fait de nous avoir envoy\u00e9 une telle quantit\u00e9 alors que la Chine elle-m\u00eame est dans la n\u00e9cessit\u00e9 est une bonne chose. C\u2019est une d\u00e9monstration d\u2019amiti\u00e9 envers le peuple camerounais\u00bb, peut-on lire dans les colonnes du journal.<\/p>\n<p>Pour savoir comment seront g\u00e9r\u00e9s ces 200 000 doses de vaccins que le Cameroun vient de recevoir, Joseph Dion Ngut\u00e9 d\u00e9clare que: \u00able ministre de la Sant\u00e9 publique va s\u2019assurer que les personnels de la sant\u00e9 qui nous traitent soient d\u2019abord vaccin\u00e9s. S\u2019ils ne sont pas vaccin\u00e9s, ils n\u2019auront pas la possibilit\u00e9 de nous traiter. C\u2019est \u00e0 eux la priorit\u00e9. Quant \u00e0 moi, je suis pr\u00eat \u00e0 prendre ce vaccin n\u2019importe quand, parce que les professionnels de la sant\u00e9 disent que c\u2019est la meilleure chose \u00e0 faire. Le vaccin c\u2019est la solution \u00e0 cette pand\u00e9mie qui s\u00e9vit depuis plus d\u2019un an sur notre territoire\u00bb, note le reporter du quotidien.<\/p>\n<p>Selon l\u2019Organisation mondiale de la Sant\u00e9 (OMS), l\u2019Empire du milieu compte une quinzaine de vaccins qui ont entam\u00e9 les tests sur l&rsquo;homme. SINOPHARM, le vaccin re\u00e7u par le Cameroun et qui porte le nom de la plus grande entreprise pharmaceutique en Chine, est l\u2019un de ces vaccins.<\/p>\n<p>Le Cameroun re\u00e7oit ce vaccin au moment o\u00f9 il compte d\u00e9j\u00e0 61 731 malades de Covid-19.<\/p>\n<p><b>Wilfried ONDOA<\/b><\/p>\n","protected":false},"excerpt":{"rendered":"<p>Africa-Press &#8211; Cameroun. Le Premier Ministre Joseph Dion Ngute a r\u00e9ceptionn\u00e9 la premi\u00e8re cargaison de 200 000 doses de vaccin anti-covid-19 \u00e0 l\u2019a\u00e9roport international de Yaound\u00e9-Nsimalen le 11 avril 2021. De mani\u00e8re symbolique, il a re\u00e7u un carton contenant des vaccins SINOPHARM, des mains de l\u2019ambassadeur de la R\u00e9publique Populaire de Chine au Cameroun, Wang [&hellip;]<\/p>\n","protected":false},"author":82,"featured_media":2229,"comment_status":"open","ping_status":"closed","sticky":false,"template":"","format":"standard","meta":{"footnotes":""},"categories":[11,2,20,10],"tags":[36,50,49],"class_list":["post-2231","post","type-post","status-publish","format-standard","has-post-thumbnail","hentry","category-homepage-french","category-politique","category-top-nouvelles","category-toutes-les-actualites","tag-africa-press","tag-africa-press-cameroun","tag-cameroun"],"yoast_head":"<!-- This site is optimized with the Yoast SEO Premium plugin v26.1 (Yoast SEO v27.0) - https:\/\/yoast.com\/product\/yoast-seo-premium-wordpress\/ -->\n<title>Cameroun - Joseph Dion Ngute (Premier Ministre) \u00e0 propos des vaccins re\u00e7us de la Chine: \u00abLe fait de nous avoir envoy\u00e9 une telle quantit\u00e9 alors que la Chine elle-m\u00eame est dans la n\u00e9cessit\u00e9 est \u2026 Une d\u00e9monstration d\u2019amiti\u00e9 envers le peuple camerounais\u00bb - Cameroun<\/title>\n<meta name=\"description\" content=\"Le Premier Ministre Joseph Dion Ngute a r\u00e9ceptionn\u00e9 la premi\u00e8re cargaison de 200 000 doses de vaccin anti-covid-19 \u00e0 l\u2019a ...\" \/>\n<meta name=\"robots\" content=\"index, follow, max-snippet:-1, max-image-preview:large, max-video-preview:-1\" \/>\n<link rel=\"canonical\" href=\"https:\/\/www.africa-press.net\/cameroun\/politique\/cameroun-joseph-dion-ngute-premier-ministre-a-propos-des-vaccins-recus-de-la-chine-le-fait-de-nous-avoir-envoye-une-telle-quantite-alors-que-la-chine-elle-meme-est-dans-la-necessite-est\" \/>\n<meta property=\"og:locale\" content=\"fr_FR\" \/>\n<meta property=\"og:type\" content=\"article\" \/>\n<meta property=\"og:title\" content=\"Cameroun - Joseph Dion Ngute (Premier Ministre) \u00e0 propos des vaccins re\u00e7us de la Chine: \u00abLe fait de nous avoir envoy\u00e9 une telle quantit\u00e9 alors que la Chine elle-m\u00eame est dans la n\u00e9cessit\u00e9 est \u2026 Une d\u00e9monstration d\u2019amiti\u00e9 envers le peuple camerounais\u00bb\" \/>\n<meta property=\"og:description\" content=\"Le Premier Ministre Joseph Dion Ngute a r\u00e9ceptionn\u00e9 la premi\u00e8re cargaison de 200 000 doses de vaccin anti-covid-19 \u00e0 l\u2019a ...\" \/>\n<meta property=\"og:url\" content=\"https:\/\/www.africa-press.net\/cameroun\/politique\/cameroun-joseph-dion-ngute-premier-ministre-a-propos-des-vaccins-recus-de-la-chine-le-fait-de-nous-avoir-envoye-une-telle-quantite-alors-que-la-chine-elle-meme-est-dans-la-necessite-est\" \/>\n<meta property=\"og:site_name\" content=\"Cameroun\" \/>\n<meta property=\"article:published_time\" content=\"2021-04-12T18:16:46+00:00\" \/>\n<meta property=\"article:modified_time\" content=\"2021-04-13T02:41:00+00:00\" \/>\n<meta property=\"og:image\" content=\"https:\/\/static.africa-press.net\/cameroun\/sites\/57\/2021\/04\/img-6075049fc3ecc.jpg\" \/>\n\t<meta property=\"og:image:width\" content=\"800\" \/>\n\t<meta property=\"og:image:height\" content=\"670\" \/>\n\t<meta property=\"og:image:type\" content=\"image\/jpeg\" \/>\n<meta name=\"author\" content=\"cfeditorfr\" \/>\n<meta name=\"twitter:card\" content=\"summary_large_image\" \/>\n<meta name=\"twitter:label1\" content=\"\u00c9crit par\" \/>\n\t<meta name=\"twitter:data1\" content=\"cfeditorfr\" \/>\n\t<meta name=\"twitter:label2\" content=\"Dur\u00e9e de lecture estim\u00e9e\" \/>\n\t<meta name=\"twitter:data2\" content=\"2 minutes\" \/>\n<script type=\"application\/ld+json\" class=\"yoast-schema-graph\">{\"@context\":\"https:\/\/schema.org\",\"@graph\":[{\"@type\":\"Article\",\"@id\":\"https:\/\/www.africa-press.net\/cameroun\/politique\/cameroun-joseph-dion-ngute-premier-ministre-a-propos-des-vaccins-recus-de-la-chine-le-fait-de-nous-avoir-envoye-une-telle-quantite-alors-que-la-chine-elle-meme-est-dans-la-necessite-est#article\",\"isPartOf\":{\"@id\":\"https:\/\/www.africa-press.net\/cameroun\/politique\/cameroun-joseph-dion-ngute-premier-ministre-a-propos-des-vaccins-recus-de-la-chine-le-fait-de-nous-avoir-envoye-une-telle-quantite-alors-que-la-chine-elle-meme-est-dans-la-necessite-est\"},\"author\":{\"name\":\"cfeditorfr\",\"@id\":\"https:\/\/www.africa-press.net\/cameroun\/#\/schema\/person\/2b1cf3cd81a31e3cd26889ca66d677f1\"},\"headline\":\"Cameroun &#8211; Joseph Dion Ngute (Premier Ministre) \u00e0 propos des vaccins re\u00e7us de la Chine: \u00abLe fait de nous avoir envoy\u00e9 une telle quantit\u00e9 alors que la Chine elle-m\u00eame est dans la n\u00e9cessit\u00e9 est \u2026 Une d\u00e9monstration d\u2019amiti\u00e9 envers le peuple camerounais\u00bb\",\"datePublished\":\"2021-04-12T18:16:46+00:00\",\"dateModified\":\"2021-04-13T02:41:00+00:00\",\"mainEntityOfPage\":{\"@id\":\"https:\/\/www.africa-press.net\/cameroun\/politique\/cameroun-joseph-dion-ngute-premier-ministre-a-propos-des-vaccins-recus-de-la-chine-le-fait-de-nous-avoir-envoye-une-telle-quantite-alors-que-la-chine-elle-meme-est-dans-la-necessite-est\"},\"wordCount\":412,\"commentCount\":0,\"image\":{\"@id\":\"https:\/\/www.africa-press.net\/cameroun\/politique\/cameroun-joseph-dion-ngute-premier-ministre-a-propos-des-vaccins-recus-de-la-chine-le-fait-de-nous-avoir-envoye-une-telle-quantite-alors-que-la-chine-elle-meme-est-dans-la-necessite-est#primaryimage\"},\"thumbnailUrl\":\"https:\/\/static.africa-press.net\/cameroun\/sites\/57\/2021\/04\/img-6075049fc3ecc.jpg\",\"keywords\":[\"Africa Press\",\"Africa Press-Cameroun\",\"Cameroun\"],\"articleSection\":[\"homepage-french\",\"Politique\",\"Top Nouvelles\",\"Toutes les actualit\u00e9s\"],\"inLanguage\":\"fr-FR\",\"potentialAction\":[{\"@type\":\"CommentAction\",\"name\":\"Comment\",\"target\":[\"https:\/\/www.africa-press.net\/cameroun\/politique\/cameroun-joseph-dion-ngute-premier-ministre-a-propos-des-vaccins-recus-de-la-chine-le-fait-de-nous-avoir-envoye-une-telle-quantite-alors-que-la-chine-elle-meme-est-dans-la-necessite-est#respond\"]}]},{\"@type\":\"WebPage\",\"@id\":\"https:\/\/www.africa-press.net\/cameroun\/politique\/cameroun-joseph-dion-ngute-premier-ministre-a-propos-des-vaccins-recus-de-la-chine-le-fait-de-nous-avoir-envoye-une-telle-quantite-alors-que-la-chine-elle-meme-est-dans-la-necessite-est\",\"url\":\"https:\/\/www.africa-press.net\/cameroun\/politique\/cameroun-joseph-dion-ngute-premier-ministre-a-propos-des-vaccins-recus-de-la-chine-le-fait-de-nous-avoir-envoye-une-telle-quantite-alors-que-la-chine-elle-meme-est-dans-la-necessite-est\",\"name\":\"Cameroun - Joseph Dion Ngute (Premier Ministre) \u00e0 propos des vaccins re\u00e7us de la Chine: \u00abLe fait de nous avoir envoy\u00e9 une telle quantit\u00e9 alors que la Chine elle-m\u00eame est dans la n\u00e9cessit\u00e9 est \u2026 Une d\u00e9monstration d\u2019amiti\u00e9 envers le peuple camerounais\u00bb - Cameroun\",\"isPartOf\":{\"@id\":\"https:\/\/www.africa-press.net\/cameroun\/#website\"},\"primaryImageOfPage\":{\"@id\":\"https:\/\/www.africa-press.net\/cameroun\/politique\/cameroun-joseph-dion-ngute-premier-ministre-a-propos-des-vaccins-recus-de-la-chine-le-fait-de-nous-avoir-envoye-une-telle-quantite-alors-que-la-chine-elle-meme-est-dans-la-necessite-est#primaryimage\"},\"image\":{\"@id\":\"https:\/\/www.africa-press.net\/cameroun\/politique\/cameroun-joseph-dion-ngute-premier-ministre-a-propos-des-vaccins-recus-de-la-chine-le-fait-de-nous-avoir-envoye-une-telle-quantite-alors-que-la-chine-elle-meme-est-dans-la-necessite-est#primaryimage\"},\"thumbnailUrl\":\"https:\/\/static.africa-press.net\/cameroun\/sites\/57\/2021\/04\/img-6075049fc3ecc.jpg\",\"datePublished\":\"2021-04-12T18:16:46+00:00\",\"dateModified\":\"2021-04-13T02:41:00+00:00\",\"author\":{\"@id\":\"https:\/\/www.africa-press.net\/cameroun\/#\/schema\/person\/2b1cf3cd81a31e3cd26889ca66d677f1\"},\"description\":\"Le Premier Ministre Joseph Dion Ngute a r\u00e9ceptionn\u00e9 la premi\u00e8re cargaison de 200 000 doses de vaccin anti-covid-19 \u00e0 l\u2019a ...\",\"breadcrumb\":{\"@id\":\"https:\/\/www.africa-press.net\/cameroun\/politique\/cameroun-joseph-dion-ngute-premier-ministre-a-propos-des-vaccins-recus-de-la-chine-le-fait-de-nous-avoir-envoye-une-telle-quantite-alors-que-la-chine-elle-meme-est-dans-la-necessite-est#breadcrumb\"},\"inLanguage\":\"fr-FR\",\"potentialAction\":[{\"@type\":\"ReadAction\",\"target\":[\"https:\/\/www.africa-press.net\/cameroun\/politique\/cameroun-joseph-dion-ngute-premier-ministre-a-propos-des-vaccins-recus-de-la-chine-le-fait-de-nous-avoir-envoye-une-telle-quantite-alors-que-la-chine-elle-meme-est-dans-la-necessite-est\"]}]},{\"@type\":\"ImageObject\",\"inLanguage\":\"fr-FR\",\"@id\":\"https:\/\/www.africa-press.net\/cameroun\/politique\/cameroun-joseph-dion-ngute-premier-ministre-a-propos-des-vaccins-recus-de-la-chine-le-fait-de-nous-avoir-envoye-une-telle-quantite-alors-que-la-chine-elle-meme-est-dans-la-necessite-est#primaryimage\",\"url\":\"https:\/\/static.africa-press.net\/cameroun\/sites\/57\/2021\/04\/img-6075049fc3ecc.jpg\",\"contentUrl\":\"https:\/\/static.africa-press.net\/cameroun\/sites\/57\/2021\/04\/img-6075049fc3ecc.jpg\",\"width\":800,\"height\":670,\"caption\":\"Cameroun - Joseph Dion Ngute (Premier Ministre) \u00e0 propos des vaccins re\u00e7us de la Chine: \u00abLe fait de nous avoir envoy\u00e9 une telle quantit\u00e9 alors que la Chine elle-m\u00eame est dans la n\u00e9cessit\u00e9 est \u2026 Une d\u00e9monstration d\u2019amiti\u00e9 envers le peuple camerounais\u00bb\"},{\"@type\":\"BreadcrumbList\",\"@id\":\"https:\/\/www.africa-press.net\/cameroun\/politique\/cameroun-joseph-dion-ngute-premier-ministre-a-propos-des-vaccins-recus-de-la-chine-le-fait-de-nous-avoir-envoye-une-telle-quantite-alors-que-la-chine-elle-meme-est-dans-la-necessite-est#breadcrumb\",\"itemListElement\":[{\"@type\":\"ListItem\",\"position\":1,\"name\":\"Accueil\",\"item\":\"https:\/\/www.africa-press.net\/cameroun\/\"},{\"@type\":\"ListItem\",\"position\":2,\"name\":\"Cameroun &#8211; Joseph Dion Ngute (Premier Ministre) \u00e0 propos des vaccins re\u00e7us de la Chine: \u00abLe fait de nous avoir envoy\u00e9 une telle quantit\u00e9 alors que la Chine elle-m\u00eame est dans la n\u00e9cessit\u00e9 est \u2026 Une d\u00e9monstration d\u2019amiti\u00e9 envers le peuple camerounais\u00bb\"}]},{\"@type\":\"WebSite\",\"@id\":\"https:\/\/www.africa-press.net\/cameroun\/#website\",\"url\":\"https:\/\/www.africa-press.net\/cameroun\/\",\"name\":\"Cameroun\",\"description\":\"Just another Africa News Agency Sites site\",\"potentialAction\":[{\"@type\":\"SearchAction\",\"target\":{\"@type\":\"EntryPoint\",\"urlTemplate\":\"https:\/\/www.africa-press.net\/cameroun\/?s={search_term_string}\"},\"query-input\":{\"@type\":\"PropertyValueSpecification\",\"valueRequired\":true,\"valueName\":\"search_term_string\"}}],\"inLanguage\":\"fr-FR\"},{\"@type\":\"Person\",\"@id\":\"https:\/\/www.africa-press.net\/cameroun\/#\/schema\/person\/2b1cf3cd81a31e3cd26889ca66d677f1\",\"name\":\"cfeditorfr\"}]}<\/script>\n<!-- \/ Yoast SEO Premium plugin. -->","yoast_head_json":{"title":"Cameroun - Joseph Dion Ngute (Premier Ministre) \u00e0 propos des vaccins re\u00e7us de la Chine: \u00abLe fait de nous avoir envoy\u00e9 une telle quantit\u00e9 alors que la Chine elle-m\u00eame est dans la n\u00e9cessit\u00e9 est \u2026 Une d\u00e9monstration d\u2019amiti\u00e9 envers le peuple camerounais\u00bb - Cameroun","description":"Le Premier Ministre Joseph Dion Ngute a r\u00e9ceptionn\u00e9 la premi\u00e8re cargaison de 200 000 doses de vaccin anti-covid-19 \u00e0 l\u2019a ...","robots":{"index":"index","follow":"follow","max-snippet":"max-snippet:-1","max-image-preview":"max-image-preview:large","max-video-preview":"max-video-preview:-1"},"canonical":"https:\/\/www.africa-press.net\/cameroun\/politique\/cameroun-joseph-dion-ngute-premier-ministre-a-propos-des-vaccins-recus-de-la-chine-le-fait-de-nous-avoir-envoye-une-telle-quantite-alors-que-la-chine-elle-meme-est-dans-la-necessite-est","og_locale":"fr_FR","og_type":"article","og_title":"Cameroun - Joseph Dion Ngute (Premier Ministre) \u00e0 propos des vaccins re\u00e7us de la Chine: \u00abLe fait de nous avoir envoy\u00e9 une telle quantit\u00e9 alors que la Chine elle-m\u00eame est dans la n\u00e9cessit\u00e9 est \u2026 Une d\u00e9monstration d\u2019amiti\u00e9 envers le peuple camerounais\u00bb","og_description":"Le Premier Ministre Joseph Dion Ngute a r\u00e9ceptionn\u00e9 la premi\u00e8re cargaison de 200 000 doses de vaccin anti-covid-19 \u00e0 l\u2019a ...","og_url":"https:\/\/www.africa-press.net\/cameroun\/politique\/cameroun-joseph-dion-ngute-premier-ministre-a-propos-des-vaccins-recus-de-la-chine-le-fait-de-nous-avoir-envoye-une-telle-quantite-alors-que-la-chine-elle-meme-est-dans-la-necessite-est","og_site_name":"Cameroun","article_published_time":"2021-04-12T18:16:46+00:00","article_modified_time":"2021-04-13T02:41:00+00:00","og_image":[{"width":800,"height":670,"url":"https:\/\/static.africa-press.net\/cameroun\/sites\/57\/2021\/04\/img-6075049fc3ecc.jpg","type":"image\/jpeg"}],"author":"cfeditorfr","twitter_card":"summary_large_image","twitter_misc":{"\u00c9crit par":"cfeditorfr","Dur\u00e9e de lecture estim\u00e9e":"2 minutes"},"schema":{"@context":"https:\/\/schema.org","@graph":[{"@type":"Article","@id":"https:\/\/www.africa-press.net\/cameroun\/politique\/cameroun-joseph-dion-ngute-premier-ministre-a-propos-des-vaccins-recus-de-la-chine-le-fait-de-nous-avoir-envoye-une-telle-quantite-alors-que-la-chine-elle-meme-est-dans-la-necessite-est#article","isPartOf":{"@id":"https:\/\/www.africa-press.net\/cameroun\/politique\/cameroun-joseph-dion-ngute-premier-ministre-a-propos-des-vaccins-recus-de-la-chine-le-fait-de-nous-avoir-envoye-une-telle-quantite-alors-que-la-chine-elle-meme-est-dans-la-necessite-est"},"author":{"name":"cfeditorfr","@id":"https:\/\/www.africa-press.net\/cameroun\/#\/schema\/person\/2b1cf3cd81a31e3cd26889ca66d677f1"},"headline":"Cameroun &#8211; Joseph Dion Ngute (Premier Ministre) \u00e0 propos des vaccins re\u00e7us de la Chine: \u00abLe fait de nous avoir envoy\u00e9 une telle quantit\u00e9 alors que la Chine elle-m\u00eame est dans la n\u00e9cessit\u00e9 est \u2026 Une d\u00e9monstration d\u2019amiti\u00e9 envers le peuple camerounais\u00bb","datePublished":"2021-04-12T18:16:46+00:00","dateModified":"2021-04-13T02:41:00+00:00","mainEntityOfPage":{"@id":"https:\/\/www.africa-press.net\/cameroun\/politique\/cameroun-joseph-dion-ngute-premier-ministre-a-propos-des-vaccins-recus-de-la-chine-le-fait-de-nous-avoir-envoye-une-telle-quantite-alors-que-la-chine-elle-meme-est-dans-la-necessite-est"},"wordCount":412,"commentCount":0,"image":{"@id":"https:\/\/www.africa-press.net\/cameroun\/politique\/cameroun-joseph-dion-ngute-premier-ministre-a-propos-des-vaccins-recus-de-la-chine-le-fait-de-nous-avoir-envoye-une-telle-quantite-alors-que-la-chine-elle-meme-est-dans-la-necessite-est#primaryimage"},"thumbnailUrl":"https:\/\/static.africa-press.net\/cameroun\/sites\/57\/2021\/04\/img-6075049fc3ecc.jpg","keywords":["Africa Press","Africa Press-Cameroun","Cameroun"],"articleSection":["homepage-french","Politique","Top Nouvelles","Toutes les actualit\u00e9s"],"inLanguage":"fr-FR","potentialAction":[{"@type":"CommentAction","name":"Comment","target":["https:\/\/www.africa-press.net\/cameroun\/politique\/cameroun-joseph-dion-ngute-premier-ministre-a-propos-des-vaccins-recus-de-la-chine-le-fait-de-nous-avoir-envoye-une-telle-quantite-alors-que-la-chine-elle-meme-est-dans-la-necessite-est#respond"]}]},{"@type":"WebPage","@id":"https:\/\/www.africa-press.net\/cameroun\/politique\/cameroun-joseph-dion-ngute-premier-ministre-a-propos-des-vaccins-recus-de-la-chine-le-fait-de-nous-avoir-envoye-une-telle-quantite-alors-que-la-chine-elle-meme-est-dans-la-necessite-est","url":"https:\/\/www.africa-press.net\/cameroun\/politique\/cameroun-joseph-dion-ngute-premier-ministre-a-propos-des-vaccins-recus-de-la-chine-le-fait-de-nous-avoir-envoye-une-telle-quantite-alors-que-la-chine-elle-meme-est-dans-la-necessite-est","name":"Cameroun - Joseph Dion Ngute (Premier Ministre) \u00e0 propos des vaccins re\u00e7us de la Chine: \u00abLe fait de nous avoir envoy\u00e9 une telle quantit\u00e9 alors que la Chine elle-m\u00eame est dans la n\u00e9cessit\u00e9 est \u2026 Une d\u00e9monstration d\u2019amiti\u00e9 envers le peuple camerounais\u00bb - Cameroun","isPartOf":{"@id":"https:\/\/www.africa-press.net\/cameroun\/#website"},"primaryImageOfPage":{"@id":"https:\/\/www.africa-press.net\/cameroun\/politique\/cameroun-joseph-dion-ngute-premier-ministre-a-propos-des-vaccins-recus-de-la-chine-le-fait-de-nous-avoir-envoye-une-telle-quantite-alors-que-la-chine-elle-meme-est-dans-la-necessite-est#primaryimage"},"image":{"@id":"https:\/\/www.africa-press.net\/cameroun\/politique\/cameroun-joseph-dion-ngute-premier-ministre-a-propos-des-vaccins-recus-de-la-chine-le-fait-de-nous-avoir-envoye-une-telle-quantite-alors-que-la-chine-elle-meme-est-dans-la-necessite-est#primaryimage"},"thumbnailUrl":"https:\/\/static.africa-press.net\/cameroun\/sites\/57\/2021\/04\/img-6075049fc3ecc.jpg","datePublished":"2021-04-12T18:16:46+00:00","dateModified":"2021-04-13T02:41:00+00:00","author":{"@id":"https:\/\/www.africa-press.net\/cameroun\/#\/schema\/person\/2b1cf3cd81a31e3cd26889ca66d677f1"},"description":"Le Premier Ministre Joseph Dion Ngute a r\u00e9ceptionn\u00e9 la premi\u00e8re cargaison de 200 000 doses de vaccin anti-covid-19 \u00e0 l\u2019a ...","breadcrumb":{"@id":"https:\/\/www.africa-press.net\/cameroun\/politique\/cameroun-joseph-dion-ngute-premier-ministre-a-propos-des-vaccins-recus-de-la-chine-le-fait-de-nous-avoir-envoye-une-telle-quantite-alors-que-la-chine-elle-meme-est-dans-la-necessite-est#breadcrumb"},"inLanguage":"fr-FR","potentialAction":[{"@type":"ReadAction","target":["https:\/\/www.africa-press.net\/cameroun\/politique\/cameroun-joseph-dion-ngute-premier-ministre-a-propos-des-vaccins-recus-de-la-chine-le-fait-de-nous-avoir-envoye-une-telle-quantite-alors-que-la-chine-elle-meme-est-dans-la-necessite-est"]}]},{"@type":"ImageObject","inLanguage":"fr-FR","@id":"https:\/\/www.africa-press.net\/cameroun\/politique\/cameroun-joseph-dion-ngute-premier-ministre-a-propos-des-vaccins-recus-de-la-chine-le-fait-de-nous-avoir-envoye-une-telle-quantite-alors-que-la-chine-elle-meme-est-dans-la-necessite-est#primaryimage","url":"https:\/\/static.africa-press.net\/cameroun\/sites\/57\/2021\/04\/img-6075049fc3ecc.jpg","contentUrl":"https:\/\/static.africa-press.net\/cameroun\/sites\/57\/2021\/04\/img-6075049fc3ecc.jpg","width":800,"height":670,"caption":"Cameroun - Joseph Dion Ngute (Premier Ministre) \u00e0 propos des vaccins re\u00e7us de la Chine: \u00abLe fait de nous avoir envoy\u00e9 une telle quantit\u00e9 alors que la Chine elle-m\u00eame est dans la n\u00e9cessit\u00e9 est \u2026 Une d\u00e9monstration d\u2019amiti\u00e9 envers le peuple camerounais\u00bb"},{"@type":"BreadcrumbList","@id":"https:\/\/www.africa-press.net\/cameroun\/politique\/cameroun-joseph-dion-ngute-premier-ministre-a-propos-des-vaccins-recus-de-la-chine-le-fait-de-nous-avoir-envoye-une-telle-quantite-alors-que-la-chine-elle-meme-est-dans-la-necessite-est#breadcrumb","itemListElement":[{"@type":"ListItem","position":1,"name":"Accueil","item":"https:\/\/www.africa-press.net\/cameroun\/"},{"@type":"ListItem","position":2,"name":"Cameroun &#8211; Joseph Dion Ngute (Premier Ministre) \u00e0 propos des vaccins re\u00e7us de la Chine: \u00abLe fait de nous avoir envoy\u00e9 une telle quantit\u00e9 alors que la Chine elle-m\u00eame est dans la n\u00e9cessit\u00e9 est \u2026 Une d\u00e9monstration d\u2019amiti\u00e9 envers le peuple camerounais\u00bb"}]},{"@type":"WebSite","@id":"https:\/\/www.africa-press.net\/cameroun\/#website","url":"https:\/\/www.africa-press.net\/cameroun\/","name":"Cameroun","description":"Just another Africa News Agency Sites site","potentialAction":[{"@type":"SearchAction","target":{"@type":"EntryPoint","urlTemplate":"https:\/\/www.africa-press.net\/cameroun\/?s={search_term_string}"},"query-input":{"@type":"PropertyValueSpecification","valueRequired":true,"valueName":"search_term_string"}}],"inLanguage":"fr-FR"},{"@type":"Person","@id":"https:\/\/www.africa-press.net\/cameroun\/#\/schema\/person\/2b1cf3cd81a31e3cd26889ca66d677f1","name":"cfeditorfr"}]}},"_links":{"self":[{"href":"https:\/\/www.africa-press.net\/cameroun\/wp-json\/wp\/v2\/posts\/2231","targetHints":{"allow":["GET"]}}],"collection":[{"href":"https:\/\/www.africa-press.net\/cameroun\/wp-json\/wp\/v2\/posts"}],"about":[{"href":"https:\/\/www.africa-press.net\/cameroun\/wp-json\/wp\/v2\/types\/post"}],"author":[{"embeddable":true,"href":"https:\/\/www.africa-press.net\/cameroun\/wp-json\/wp\/v2\/users\/82"}],"replies":[{"embeddable":true,"href":"https:\/\/www.africa-press.net\/cameroun\/wp-json\/wp\/v2\/comments?post=2231"}],"version-history":[{"count":0,"href":"https:\/\/www.africa-press.net\/cameroun\/wp-json\/wp\/v2\/posts\/2231\/revisions"}],"wp:featuredmedia":[{"embeddable":true,"href":"https:\/\/www.africa-press.net\/cameroun\/wp-json\/wp\/v2\/media\/2229"}],"wp:attachment":[{"href":"https:\/\/www.africa-press.net\/cameroun\/wp-json\/wp\/v2\/media?parent=2231"}],"wp:term":[{"taxonomy":"category","embeddable":true,"href":"https:\/\/www.africa-press.net\/cameroun\/wp-json\/wp\/v2\/categories?post=2231"},{"taxonomy":"post_tag","embeddable":true,"href":"https:\/\/www.africa-press.net\/cameroun\/wp-json\/wp\/v2\/tags?post=2231"}],"curies":[{"name":"wp","href":"https:\/\/api.w.org\/{rel}","templated":true}]}}