{"id":2237,"date":"2021-04-12T18:32:16","date_gmt":"2021-04-12T18:32:16","guid":{"rendered":"https:\/\/www.africa-press.net\/cameroun\/politique\/cameroun-soutien-a-lentrepreneuriat-une-competition-nationale-pour-la-promotion-du-savoir-faire-lancee-au-cameroun"},"modified":"2021-04-13T02:54:08","modified_gmt":"2021-04-13T02:54:08","slug":"cameroun-soutien-a-lentrepreneuriat-une-competition-nationale-pour-la-promotion-du-savoir-faire-lancee-au-cameroun","status":"publish","type":"post","link":"https:\/\/www.africa-press.net\/cameroun\/toutes-les-actualites\/cameroun-soutien-a-lentrepreneuriat-une-competition-nationale-pour-la-promotion-du-savoir-faire-lancee-au-cameroun","title":{"rendered":"Cameroun &#8211; Soutien \u00e0 l\u2019entrepreneuriat: Une comp\u00e9tition nationale pour la promotion du savoir-faire lanc\u00e9e au Cameroun"},"content":{"rendered":"<p><span style=\"color: #ff6600\"><strong><a href=\"https:\/\/www.africa-press.net\/\">Africa-Press<\/a> &#8211; <a href=\"https:\/\/www.africa-press.net\/cameroun\">Cameroun<\/a>. <\/strong><\/span>Dans le cadre du soutien \u00e0 l\u2019entrepreneuriat au Cameroun, les Rencontres Business Cameroon (RBC) ont \u00e9t\u00e9 lanc\u00e9es. Les RBC sont une comp\u00e9tition nationale pour la promotion du savoir-faire camerounais. Elles ont \u00e9t\u00e9 lanc\u00e9es le 8 avril 2021 \u00e0 Yaound\u00e9, sous le parrainage du minist\u00e8re du Commerce.<\/p>\n<p>Le quotidien national bilingue Cameroon Tribune en kiosque ce 12 avril 2021 rapporte que les RBC \u00abont pour ambition d\u2019accompagner les initiatives et les entrepreneurs dans les secteurs cl\u00e9s avec un impact favorable direct sur les populations, dans chaque r\u00e9gion du Cameroun, chaque ann\u00e9e pour en faire des entrepreneurs. Elles visent \u00e9galement l\u2019accompagnement de la d\u00e9centralisation par la promotion des r\u00e9gions, leurs savoir-faire et les opportunit\u00e9s qu\u2019elles offrent, ainsi que l\u2019accompagnement de 50 000 entrepreneurs et porteurs de projets avec un impact direct sur la cr\u00e9ation de 500 000 emplois d\u2019ici 2035\u00bb.<\/p>\n<p><b>\u00abCette plateforme promeut et accompagne le Made in Cameroon dans tous les secteurs d\u2019activit\u00e9s. Elle ira dans les zones les plus recul\u00e9es des 360 arrondissements du Cameroun pour y d\u00e9nicher de jeunes startups afin de leur permettre de r\u00e9aliser leurs projets et contribuer ainsi \u00e0 l\u2019atteinte des objectifs SND 30\u00bb<\/b>, poursuit le reporter.<\/p>\n<p>D\u2019apr\u00e8s la secr\u00e9taire g\u00e9n\u00e9ral du minist\u00e8re du Commerce, Brusil Miranda Metou, \u00able minist\u00e8re du Commerce encourage cette initiative qui permet d\u2019aller \u00e0 la d\u00e9couverte des jeunes porteurs de projets, d\u00e9j\u00e0 en phase d\u2019initiation, pour constituer une v\u00e9ritable p\u00e9pini\u00e8re pour la cr\u00e9ation non seulement des entreprises dans notre pays, mais aussi la lutte contre le ch\u00f4mage et la cr\u00e9ation des emplois\u00bb, peut-on lire.<\/p>\n<p>Quant \u00e0 D\u00e9sir\u00e9 Makan II, le promoteur de ce projet, \u00ables Rencontres Business Cameroun sont un appui \u00e0 la promotion du Made in Cameroon. La situation du Covid-19 nous a fait prendre conscience que nous devons apprendre \u00e0 p\u00eacher nous-m\u00eames nos propres poissons. Pour cela, il faut former et accompagner les entrepreneurs\u00bb, note le journal.<\/p>\n<p>Ainsi, poursuit-il tout est organis\u00e9 pour donner la chance aux meilleurs projets de se d\u00e9velopper et surtout un accompagnement \u00e0 la recherche de partenaires strat\u00e9giques. \u00abLes trois meilleurs projets r\u00e9gionaux participeront \u00e0 la comp\u00e9tition nationale qui se d\u00e9roulera \u00e0 Yaound\u00e9. Et au terme de cette \u00e9tape ultime, les trois meilleurs parmi les 30 finalistes plus sept autres cat\u00e9gories seront r\u00e9compens\u00e9s, les champions des r\u00e9gions b\u00e9n\u00e9ficieront d\u2019un accompagnement qui ira de l\u2019incubation \u00e0 la recherche de partenaires techniques et financiers\u00bb, lit-on.<\/p>\n<p><b>Wilfried ONDOA<\/b><\/p>\n","protected":false},"excerpt":{"rendered":"<p>Africa-Press &#8211; Cameroun. Dans le cadre du soutien \u00e0 l\u2019entrepreneuriat au Cameroun, les Rencontres Business Cameroon (RBC) ont \u00e9t\u00e9 lanc\u00e9es. Les RBC sont une comp\u00e9tition nationale pour la promotion du savoir-faire camerounais. Elles ont \u00e9t\u00e9 lanc\u00e9es le 8 avril 2021 \u00e0 Yaound\u00e9, sous le parrainage du minist\u00e8re du Commerce. Le quotidien national bilingue Cameroon Tribune [&hellip;]<\/p>\n","protected":false},"author":82,"featured_media":2236,"comment_status":"open","ping_status":"closed","sticky":false,"template":"","format":"standard","meta":{"footnotes":""},"categories":[21,11,10],"tags":[36,50,49],"class_list":["post-2237","post","type-post","status-publish","format-standard","has-post-thumbnail","hentry","category-communaute","category-homepage-french","category-toutes-les-actualites","tag-africa-press","tag-africa-press-cameroun","tag-cameroun"],"yoast_head":"<!-- This site is optimized with the Yoast SEO Premium plugin v26.1 (Yoast SEO v27.0) - https:\/\/yoast.com\/product\/yoast-seo-premium-wordpress\/ -->\n<title>Cameroun - Soutien \u00e0 l\u2019entrepreneuriat: Une comp\u00e9tition nationale pour la promotion du savoir-faire lanc\u00e9e au Cameroun - Cameroun<\/title>\n<meta name=\"description\" content=\"Dans le cadre du soutien \u00e0 l\u2019entrepreneuriat au Cameroun, les Rencontres Business Cameroon (RBC) ont \u00e9t\u00e9 lanc\u00e9es. Les RB ...\" \/>\n<meta name=\"robots\" content=\"index, follow, max-snippet:-1, max-image-preview:large, max-video-preview:-1\" \/>\n<link rel=\"canonical\" href=\"https:\/\/www.africa-press.net\/cameroun\/toutes-les-actualites\/cameroun-soutien-a-lentrepreneuriat-une-competition-nationale-pour-la-promotion-du-savoir-faire-lancee-au-cameroun\" \/>\n<meta property=\"og:locale\" content=\"fr_FR\" \/>\n<meta property=\"og:type\" content=\"article\" \/>\n<meta property=\"og:title\" content=\"Cameroun - Soutien \u00e0 l\u2019entrepreneuriat: Une comp\u00e9tition nationale pour la promotion du savoir-faire lanc\u00e9e au Cameroun\" \/>\n<meta property=\"og:description\" content=\"Dans le cadre du soutien \u00e0 l\u2019entrepreneuriat au Cameroun, les Rencontres Business Cameroon (RBC) ont \u00e9t\u00e9 lanc\u00e9es. Les RB ...\" \/>\n<meta property=\"og:url\" content=\"https:\/\/www.africa-press.net\/cameroun\/toutes-les-actualites\/cameroun-soutien-a-lentrepreneuriat-une-competition-nationale-pour-la-promotion-du-savoir-faire-lancee-au-cameroun\" \/>\n<meta property=\"og:site_name\" content=\"Cameroun\" \/>\n<meta property=\"article:published_time\" content=\"2021-04-12T18:32:16+00:00\" \/>\n<meta property=\"article:modified_time\" content=\"2021-04-13T02:54:08+00:00\" \/>\n<meta property=\"og:image\" content=\"https:\/\/static.africa-press.net\/cameroun\/sites\/57\/2021\/04\/img-607504f6ceffd.jpg\" \/>\n\t<meta property=\"og:image:width\" content=\"800\" \/>\n\t<meta property=\"og:image:height\" content=\"1130\" \/>\n\t<meta property=\"og:image:type\" content=\"image\/jpeg\" \/>\n<meta name=\"author\" content=\"cfeditorfr\" \/>\n<meta name=\"twitter:card\" content=\"summary_large_image\" \/>\n<meta name=\"twitter:label1\" content=\"\u00c9crit par\" \/>\n\t<meta name=\"twitter:data1\" content=\"cfeditorfr\" \/>\n\t<meta name=\"twitter:label2\" content=\"Dur\u00e9e de lecture estim\u00e9e\" \/>\n\t<meta name=\"twitter:data2\" content=\"2 minutes\" \/>\n<script type=\"application\/ld+json\" class=\"yoast-schema-graph\">{\"@context\":\"https:\/\/schema.org\",\"@graph\":[{\"@type\":\"Article\",\"@id\":\"https:\/\/www.africa-press.net\/cameroun\/toutes-les-actualites\/cameroun-soutien-a-lentrepreneuriat-une-competition-nationale-pour-la-promotion-du-savoir-faire-lancee-au-cameroun#article\",\"isPartOf\":{\"@id\":\"https:\/\/www.africa-press.net\/cameroun\/toutes-les-actualites\/cameroun-soutien-a-lentrepreneuriat-une-competition-nationale-pour-la-promotion-du-savoir-faire-lancee-au-cameroun\"},\"author\":{\"name\":\"cfeditorfr\",\"@id\":\"https:\/\/www.africa-press.net\/cameroun\/#\/schema\/person\/2b1cf3cd81a31e3cd26889ca66d677f1\"},\"headline\":\"Cameroun &#8211; Soutien \u00e0 l\u2019entrepreneuriat: Une comp\u00e9tition nationale pour la promotion du savoir-faire lanc\u00e9e au Cameroun\",\"datePublished\":\"2021-04-12T18:32:16+00:00\",\"dateModified\":\"2021-04-13T02:54:08+00:00\",\"mainEntityOfPage\":{\"@id\":\"https:\/\/www.africa-press.net\/cameroun\/toutes-les-actualites\/cameroun-soutien-a-lentrepreneuriat-une-competition-nationale-pour-la-promotion-du-savoir-faire-lancee-au-cameroun\"},\"wordCount\":444,\"commentCount\":0,\"image\":{\"@id\":\"https:\/\/www.africa-press.net\/cameroun\/toutes-les-actualites\/cameroun-soutien-a-lentrepreneuriat-une-competition-nationale-pour-la-promotion-du-savoir-faire-lancee-au-cameroun#primaryimage\"},\"thumbnailUrl\":\"https:\/\/static.africa-press.net\/cameroun\/sites\/57\/2021\/04\/img-607504f6ceffd.jpg\",\"keywords\":[\"Africa Press\",\"Africa Press-Cameroun\",\"Cameroun\"],\"articleSection\":[\"Communaut\u00e9\",\"homepage-french\",\"Toutes les actualit\u00e9s\"],\"inLanguage\":\"fr-FR\",\"potentialAction\":[{\"@type\":\"CommentAction\",\"name\":\"Comment\",\"target\":[\"https:\/\/www.africa-press.net\/cameroun\/toutes-les-actualites\/cameroun-soutien-a-lentrepreneuriat-une-competition-nationale-pour-la-promotion-du-savoir-faire-lancee-au-cameroun#respond\"]}]},{\"@type\":\"WebPage\",\"@id\":\"https:\/\/www.africa-press.net\/cameroun\/toutes-les-actualites\/cameroun-soutien-a-lentrepreneuriat-une-competition-nationale-pour-la-promotion-du-savoir-faire-lancee-au-cameroun\",\"url\":\"https:\/\/www.africa-press.net\/cameroun\/toutes-les-actualites\/cameroun-soutien-a-lentrepreneuriat-une-competition-nationale-pour-la-promotion-du-savoir-faire-lancee-au-cameroun\",\"name\":\"Cameroun - Soutien \u00e0 l\u2019entrepreneuriat: Une comp\u00e9tition nationale pour la promotion du savoir-faire lanc\u00e9e au Cameroun - Cameroun\",\"isPartOf\":{\"@id\":\"https:\/\/www.africa-press.net\/cameroun\/#website\"},\"primaryImageOfPage\":{\"@id\":\"https:\/\/www.africa-press.net\/cameroun\/toutes-les-actualites\/cameroun-soutien-a-lentrepreneuriat-une-competition-nationale-pour-la-promotion-du-savoir-faire-lancee-au-cameroun#primaryimage\"},\"image\":{\"@id\":\"https:\/\/www.africa-press.net\/cameroun\/toutes-les-actualites\/cameroun-soutien-a-lentrepreneuriat-une-competition-nationale-pour-la-promotion-du-savoir-faire-lancee-au-cameroun#primaryimage\"},\"thumbnailUrl\":\"https:\/\/static.africa-press.net\/cameroun\/sites\/57\/2021\/04\/img-607504f6ceffd.jpg\",\"datePublished\":\"2021-04-12T18:32:16+00:00\",\"dateModified\":\"2021-04-13T02:54:08+00:00\",\"author\":{\"@id\":\"https:\/\/www.africa-press.net\/cameroun\/#\/schema\/person\/2b1cf3cd81a31e3cd26889ca66d677f1\"},\"description\":\"Dans le cadre du soutien \u00e0 l\u2019entrepreneuriat au Cameroun, les Rencontres Business Cameroon (RBC) ont \u00e9t\u00e9 lanc\u00e9es. Les RB ...\",\"breadcrumb\":{\"@id\":\"https:\/\/www.africa-press.net\/cameroun\/toutes-les-actualites\/cameroun-soutien-a-lentrepreneuriat-une-competition-nationale-pour-la-promotion-du-savoir-faire-lancee-au-cameroun#breadcrumb\"},\"inLanguage\":\"fr-FR\",\"potentialAction\":[{\"@type\":\"ReadAction\",\"target\":[\"https:\/\/www.africa-press.net\/cameroun\/toutes-les-actualites\/cameroun-soutien-a-lentrepreneuriat-une-competition-nationale-pour-la-promotion-du-savoir-faire-lancee-au-cameroun\"]}]},{\"@type\":\"ImageObject\",\"inLanguage\":\"fr-FR\",\"@id\":\"https:\/\/www.africa-press.net\/cameroun\/toutes-les-actualites\/cameroun-soutien-a-lentrepreneuriat-une-competition-nationale-pour-la-promotion-du-savoir-faire-lancee-au-cameroun#primaryimage\",\"url\":\"https:\/\/static.africa-press.net\/cameroun\/sites\/57\/2021\/04\/img-607504f6ceffd.jpg\",\"contentUrl\":\"https:\/\/static.africa-press.net\/cameroun\/sites\/57\/2021\/04\/img-607504f6ceffd.jpg\",\"width\":800,\"height\":1130,\"caption\":\"Cameroun - Soutien \u00e0 l\u2019entrepreneuriat: Une comp\u00e9tition nationale pour la promotion du savoir-faire lanc\u00e9e au Cameroun\"},{\"@type\":\"BreadcrumbList\",\"@id\":\"https:\/\/www.africa-press.net\/cameroun\/toutes-les-actualites\/cameroun-soutien-a-lentrepreneuriat-une-competition-nationale-pour-la-promotion-du-savoir-faire-lancee-au-cameroun#breadcrumb\",\"itemListElement\":[{\"@type\":\"ListItem\",\"position\":1,\"name\":\"Accueil\",\"item\":\"https:\/\/www.africa-press.net\/cameroun\/\"},{\"@type\":\"ListItem\",\"position\":2,\"name\":\"Cameroun &#8211; Soutien \u00e0 l\u2019entrepreneuriat: Une comp\u00e9tition nationale pour la promotion du savoir-faire lanc\u00e9e au Cameroun\"}]},{\"@type\":\"WebSite\",\"@id\":\"https:\/\/www.africa-press.net\/cameroun\/#website\",\"url\":\"https:\/\/www.africa-press.net\/cameroun\/\",\"name\":\"Cameroun\",\"description\":\"Just another Africa News Agency Sites site\",\"potentialAction\":[{\"@type\":\"SearchAction\",\"target\":{\"@type\":\"EntryPoint\",\"urlTemplate\":\"https:\/\/www.africa-press.net\/cameroun\/?s={search_term_string}\"},\"query-input\":{\"@type\":\"PropertyValueSpecification\",\"valueRequired\":true,\"valueName\":\"search_term_string\"}}],\"inLanguage\":\"fr-FR\"},{\"@type\":\"Person\",\"@id\":\"https:\/\/www.africa-press.net\/cameroun\/#\/schema\/person\/2b1cf3cd81a31e3cd26889ca66d677f1\",\"name\":\"cfeditorfr\"}]}<\/script>\n<!-- \/ Yoast SEO Premium plugin. -->","yoast_head_json":{"title":"Cameroun - Soutien \u00e0 l\u2019entrepreneuriat: Une comp\u00e9tition nationale pour la promotion du savoir-faire lanc\u00e9e au Cameroun - Cameroun","description":"Dans le cadre du soutien \u00e0 l\u2019entrepreneuriat au Cameroun, les Rencontres Business Cameroon (RBC) ont \u00e9t\u00e9 lanc\u00e9es. Les RB ...","robots":{"index":"index","follow":"follow","max-snippet":"max-snippet:-1","max-image-preview":"max-image-preview:large","max-video-preview":"max-video-preview:-1"},"canonical":"https:\/\/www.africa-press.net\/cameroun\/toutes-les-actualites\/cameroun-soutien-a-lentrepreneuriat-une-competition-nationale-pour-la-promotion-du-savoir-faire-lancee-au-cameroun","og_locale":"fr_FR","og_type":"article","og_title":"Cameroun - Soutien \u00e0 l\u2019entrepreneuriat: Une comp\u00e9tition nationale pour la promotion du savoir-faire lanc\u00e9e au Cameroun","og_description":"Dans le cadre du soutien \u00e0 l\u2019entrepreneuriat au Cameroun, les Rencontres Business Cameroon (RBC) ont \u00e9t\u00e9 lanc\u00e9es. Les RB ...","og_url":"https:\/\/www.africa-press.net\/cameroun\/toutes-les-actualites\/cameroun-soutien-a-lentrepreneuriat-une-competition-nationale-pour-la-promotion-du-savoir-faire-lancee-au-cameroun","og_site_name":"Cameroun","article_published_time":"2021-04-12T18:32:16+00:00","article_modified_time":"2021-04-13T02:54:08+00:00","og_image":[{"width":800,"height":1130,"url":"https:\/\/static.africa-press.net\/cameroun\/sites\/57\/2021\/04\/img-607504f6ceffd.jpg","type":"image\/jpeg"}],"author":"cfeditorfr","twitter_card":"summary_large_image","twitter_misc":{"\u00c9crit par":"cfeditorfr","Dur\u00e9e de lecture estim\u00e9e":"2 minutes"},"schema":{"@context":"https:\/\/schema.org","@graph":[{"@type":"Article","@id":"https:\/\/www.africa-press.net\/cameroun\/toutes-les-actualites\/cameroun-soutien-a-lentrepreneuriat-une-competition-nationale-pour-la-promotion-du-savoir-faire-lancee-au-cameroun#article","isPartOf":{"@id":"https:\/\/www.africa-press.net\/cameroun\/toutes-les-actualites\/cameroun-soutien-a-lentrepreneuriat-une-competition-nationale-pour-la-promotion-du-savoir-faire-lancee-au-cameroun"},"author":{"name":"cfeditorfr","@id":"https:\/\/www.africa-press.net\/cameroun\/#\/schema\/person\/2b1cf3cd81a31e3cd26889ca66d677f1"},"headline":"Cameroun &#8211; Soutien \u00e0 l\u2019entrepreneuriat: Une comp\u00e9tition nationale pour la promotion du savoir-faire lanc\u00e9e au Cameroun","datePublished":"2021-04-12T18:32:16+00:00","dateModified":"2021-04-13T02:54:08+00:00","mainEntityOfPage":{"@id":"https:\/\/www.africa-press.net\/cameroun\/toutes-les-actualites\/cameroun-soutien-a-lentrepreneuriat-une-competition-nationale-pour-la-promotion-du-savoir-faire-lancee-au-cameroun"},"wordCount":444,"commentCount":0,"image":{"@id":"https:\/\/www.africa-press.net\/cameroun\/toutes-les-actualites\/cameroun-soutien-a-lentrepreneuriat-une-competition-nationale-pour-la-promotion-du-savoir-faire-lancee-au-cameroun#primaryimage"},"thumbnailUrl":"https:\/\/static.africa-press.net\/cameroun\/sites\/57\/2021\/04\/img-607504f6ceffd.jpg","keywords":["Africa Press","Africa Press-Cameroun","Cameroun"],"articleSection":["Communaut\u00e9","homepage-french","Toutes les actualit\u00e9s"],"inLanguage":"fr-FR","potentialAction":[{"@type":"CommentAction","name":"Comment","target":["https:\/\/www.africa-press.net\/cameroun\/toutes-les-actualites\/cameroun-soutien-a-lentrepreneuriat-une-competition-nationale-pour-la-promotion-du-savoir-faire-lancee-au-cameroun#respond"]}]},{"@type":"WebPage","@id":"https:\/\/www.africa-press.net\/cameroun\/toutes-les-actualites\/cameroun-soutien-a-lentrepreneuriat-une-competition-nationale-pour-la-promotion-du-savoir-faire-lancee-au-cameroun","url":"https:\/\/www.africa-press.net\/cameroun\/toutes-les-actualites\/cameroun-soutien-a-lentrepreneuriat-une-competition-nationale-pour-la-promotion-du-savoir-faire-lancee-au-cameroun","name":"Cameroun - Soutien \u00e0 l\u2019entrepreneuriat: Une comp\u00e9tition nationale pour la promotion du savoir-faire lanc\u00e9e au Cameroun - Cameroun","isPartOf":{"@id":"https:\/\/www.africa-press.net\/cameroun\/#website"},"primaryImageOfPage":{"@id":"https:\/\/www.africa-press.net\/cameroun\/toutes-les-actualites\/cameroun-soutien-a-lentrepreneuriat-une-competition-nationale-pour-la-promotion-du-savoir-faire-lancee-au-cameroun#primaryimage"},"image":{"@id":"https:\/\/www.africa-press.net\/cameroun\/toutes-les-actualites\/cameroun-soutien-a-lentrepreneuriat-une-competition-nationale-pour-la-promotion-du-savoir-faire-lancee-au-cameroun#primaryimage"},"thumbnailUrl":"https:\/\/static.africa-press.net\/cameroun\/sites\/57\/2021\/04\/img-607504f6ceffd.jpg","datePublished":"2021-04-12T18:32:16+00:00","dateModified":"2021-04-13T02:54:08+00:00","author":{"@id":"https:\/\/www.africa-press.net\/cameroun\/#\/schema\/person\/2b1cf3cd81a31e3cd26889ca66d677f1"},"description":"Dans le cadre du soutien \u00e0 l\u2019entrepreneuriat au Cameroun, les Rencontres Business Cameroon (RBC) ont \u00e9t\u00e9 lanc\u00e9es. Les RB ...","breadcrumb":{"@id":"https:\/\/www.africa-press.net\/cameroun\/toutes-les-actualites\/cameroun-soutien-a-lentrepreneuriat-une-competition-nationale-pour-la-promotion-du-savoir-faire-lancee-au-cameroun#breadcrumb"},"inLanguage":"fr-FR","potentialAction":[{"@type":"ReadAction","target":["https:\/\/www.africa-press.net\/cameroun\/toutes-les-actualites\/cameroun-soutien-a-lentrepreneuriat-une-competition-nationale-pour-la-promotion-du-savoir-faire-lancee-au-cameroun"]}]},{"@type":"ImageObject","inLanguage":"fr-FR","@id":"https:\/\/www.africa-press.net\/cameroun\/toutes-les-actualites\/cameroun-soutien-a-lentrepreneuriat-une-competition-nationale-pour-la-promotion-du-savoir-faire-lancee-au-cameroun#primaryimage","url":"https:\/\/static.africa-press.net\/cameroun\/sites\/57\/2021\/04\/img-607504f6ceffd.jpg","contentUrl":"https:\/\/static.africa-press.net\/cameroun\/sites\/57\/2021\/04\/img-607504f6ceffd.jpg","width":800,"height":1130,"caption":"Cameroun - Soutien \u00e0 l\u2019entrepreneuriat: Une comp\u00e9tition nationale pour la promotion du savoir-faire lanc\u00e9e au Cameroun"},{"@type":"BreadcrumbList","@id":"https:\/\/www.africa-press.net\/cameroun\/toutes-les-actualites\/cameroun-soutien-a-lentrepreneuriat-une-competition-nationale-pour-la-promotion-du-savoir-faire-lancee-au-cameroun#breadcrumb","itemListElement":[{"@type":"ListItem","position":1,"name":"Accueil","item":"https:\/\/www.africa-press.net\/cameroun\/"},{"@type":"ListItem","position":2,"name":"Cameroun &#8211; Soutien \u00e0 l\u2019entrepreneuriat: Une comp\u00e9tition nationale pour la promotion du savoir-faire lanc\u00e9e au Cameroun"}]},{"@type":"WebSite","@id":"https:\/\/www.africa-press.net\/cameroun\/#website","url":"https:\/\/www.africa-press.net\/cameroun\/","name":"Cameroun","description":"Just another Africa News Agency Sites site","potentialAction":[{"@type":"SearchAction","target":{"@type":"EntryPoint","urlTemplate":"https:\/\/www.africa-press.net\/cameroun\/?s={search_term_string}"},"query-input":{"@type":"PropertyValueSpecification","valueRequired":true,"valueName":"search_term_string"}}],"inLanguage":"fr-FR"},{"@type":"Person","@id":"https:\/\/www.africa-press.net\/cameroun\/#\/schema\/person\/2b1cf3cd81a31e3cd26889ca66d677f1","name":"cfeditorfr"}]}},"_links":{"self":[{"href":"https:\/\/www.africa-press.net\/cameroun\/wp-json\/wp\/v2\/posts\/2237","targetHints":{"allow":["GET"]}}],"collection":[{"href":"https:\/\/www.africa-press.net\/cameroun\/wp-json\/wp\/v2\/posts"}],"about":[{"href":"https:\/\/www.africa-press.net\/cameroun\/wp-json\/wp\/v2\/types\/post"}],"author":[{"embeddable":true,"href":"https:\/\/www.africa-press.net\/cameroun\/wp-json\/wp\/v2\/users\/82"}],"replies":[{"embeddable":true,"href":"https:\/\/www.africa-press.net\/cameroun\/wp-json\/wp\/v2\/comments?post=2237"}],"version-history":[{"count":0,"href":"https:\/\/www.africa-press.net\/cameroun\/wp-json\/wp\/v2\/posts\/2237\/revisions"}],"wp:featuredmedia":[{"embeddable":true,"href":"https:\/\/www.africa-press.net\/cameroun\/wp-json\/wp\/v2\/media\/2236"}],"wp:attachment":[{"href":"https:\/\/www.africa-press.net\/cameroun\/wp-json\/wp\/v2\/media?parent=2237"}],"wp:term":[{"taxonomy":"category","embeddable":true,"href":"https:\/\/www.africa-press.net\/cameroun\/wp-json\/wp\/v2\/categories?post=2237"},{"taxonomy":"post_tag","embeddable":true,"href":"https:\/\/www.africa-press.net\/cameroun\/wp-json\/wp\/v2\/tags?post=2237"}],"curies":[{"name":"wp","href":"https:\/\/api.w.org\/{rel}","templated":true}]}}