{"id":2246,"date":"2021-04-12T18:50:20","date_gmt":"2021-04-12T18:50:20","guid":{"rendered":"https:\/\/www.africa-press.net\/cameroun\/politique\/cameroun-douala-un-incendie-ravage-pres-dune-dizaine-de-boutiques-au-marche-de-la-cite-des-palmiers"},"modified":"2021-04-13T02:44:33","modified_gmt":"2021-04-13T02:44:33","slug":"cameroun-douala-un-incendie-ravage-pres-dune-dizaine-de-boutiques-au-marche-de-la-cite-des-palmiers","status":"publish","type":"post","link":"https:\/\/www.africa-press.net\/cameroun\/toutes-les-actualites\/cameroun-douala-un-incendie-ravage-pres-dune-dizaine-de-boutiques-au-marche-de-la-cite-des-palmiers","title":{"rendered":"Cameroun &#8211; Douala: Un incendie ravage pr\u00e8s d\u2019une dizaine de boutiques au march\u00e9 de la Cit\u00e9 des Palmiers"},"content":{"rendered":"<p><span style=\"color: #ff6600\"><strong><a href=\"https:\/\/www.africa-press.net\/\">Africa-Press<\/a> &#8211; <a href=\"https:\/\/www.africa-press.net\/cameroun\">Cameroun<\/a>. <\/strong><\/span>Jusque dans l\u2019apr\u00e8s-midi de ce 12 avril 2021, les policiers \u00e9taient toujours en faction pour s\u00e9curiser le lieu de l\u2019incendie et emp\u00eacher les clients et commer\u00e7ants d\u2019y acc\u00e9der. C\u2019est qu\u2019autour de 20 h hier 11 avril, un violent incendie s\u2019est d\u00e9clench\u00e9 sur une partie du march\u00e9 de la Cit\u00e9 des Palmiers, situ\u00e9 dans l\u2019arrondissement de Douala 5e.<\/p>\n<p>Difficile pour l\u2019instant de donner le bilan exact des d\u00e9g\u00e2ts. La police ayant emp\u00each\u00e9 l\u2019acc\u00e8s du site \u00e0 la presse ce matin. Mais les t\u00e9moignages des curieux arriv\u00e9s sur les lieux au d\u00e9but de l\u2019incendie, indiquent que pr\u00e8s d\u2019une dizaine de boutiques seraient parties en fum\u00e9e. Des pertes importantes seraient colossales pour les commer\u00e7ants qui n&rsquo;en reviennent toujours pas. \u00ab\u00a0J&rsquo;\u00e9tais l&rsquo;un des derniers commer\u00e7ants \u00e0 partir du march\u00e9 samedi. J&rsquo;\u00e9tais \u00e0 la reunion ce dimanche lorsque j&rsquo;ai \u00e9t\u00e9 appel\u00e9 en catastrophe que le march\u00e9 br\u00fble\u00a0\u00bb, confie un commer\u00e7ant.<\/p>\n<p>N\u2019e\u00fbt \u00e9t\u00e9 la prompte intervention des sapeurs pompiers alert\u00e9s par des anonymes, le feu se serait encore propag\u00e9 sur une bonne partie du march\u00e9. Plus de peur que de mal, aucune perte humaine n\u2019a \u00e9t\u00e9 enregistr\u00e9e pour l\u2019instant. Le feu, a-t-on appris, serait parti d&rsquo;une installation \u00e9lectrique d\u00e9fectueuse.<\/p>\n<p>Un bilan exhaustif est attendu dans les prochaines heures. Une enqu\u00eate est ouverte pour \u00e9tablir les causes de ce \u00e9ni\u00e8me incendie dans ledit march\u00e9. Le dernier remonte au 23 novembre 2019. Il avait ravag\u00e9 une cinquantaine de boutiques. Les commer\u00e7ants d\u00e9sempar\u00e9s, interpellent les autorit\u00e9s administratives notamment la Communaut\u00e9 urbaine de Douala \u00e0 approvisionner le march\u00e9 en eau pour parer au plus vite en cas d\u2019un nouvel incendie.<\/p>\n","protected":false},"excerpt":{"rendered":"<p>Africa-Press &#8211; Cameroun. Jusque dans l\u2019apr\u00e8s-midi de ce 12 avril 2021, les policiers \u00e9taient toujours en faction pour s\u00e9curiser le lieu de l\u2019incendie et emp\u00eacher les clients et commer\u00e7ants d\u2019y acc\u00e9der. C\u2019est qu\u2019autour de 20 h hier 11 avril, un violent incendie s\u2019est d\u00e9clench\u00e9 sur une partie du march\u00e9 de la Cit\u00e9 des Palmiers, situ\u00e9 [&hellip;]<\/p>\n","protected":false},"author":82,"featured_media":2245,"comment_status":"open","ping_status":"closed","sticky":false,"template":"","format":"standard","meta":{"footnotes":""},"categories":[21,11,10],"tags":[36,50,49],"class_list":["post-2246","post","type-post","status-publish","format-standard","has-post-thumbnail","hentry","category-communaute","category-homepage-french","category-toutes-les-actualites","tag-africa-press","tag-africa-press-cameroun","tag-cameroun"],"yoast_head":"<!-- This site is optimized with the Yoast SEO Premium plugin v26.1 (Yoast SEO v27.0) - https:\/\/yoast.com\/product\/yoast-seo-premium-wordpress\/ -->\n<title>Cameroun - Douala: Un incendie ravage pr\u00e8s d\u2019une dizaine de boutiques au march\u00e9 de la Cit\u00e9 des Palmiers - Cameroun<\/title>\n<meta name=\"description\" content=\"Jusque dans l\u2019apr\u00e8s-midi de ce 12 avril 2021, les policiers \u00e9taient toujours en faction pour s\u00e9curiser le lieu de l\u2019ince ...\" \/>\n<meta name=\"robots\" content=\"index, follow, max-snippet:-1, max-image-preview:large, max-video-preview:-1\" \/>\n<link rel=\"canonical\" href=\"https:\/\/www.africa-press.net\/cameroun\/toutes-les-actualites\/cameroun-douala-un-incendie-ravage-pres-dune-dizaine-de-boutiques-au-marche-de-la-cite-des-palmiers\" \/>\n<meta property=\"og:locale\" content=\"fr_FR\" \/>\n<meta property=\"og:type\" content=\"article\" \/>\n<meta property=\"og:title\" content=\"Cameroun - Douala: Un incendie ravage pr\u00e8s d\u2019une dizaine de boutiques au march\u00e9 de la Cit\u00e9 des Palmiers\" \/>\n<meta property=\"og:description\" content=\"Jusque dans l\u2019apr\u00e8s-midi de ce 12 avril 2021, les policiers \u00e9taient toujours en faction pour s\u00e9curiser le lieu de l\u2019ince ...\" \/>\n<meta property=\"og:url\" content=\"https:\/\/www.africa-press.net\/cameroun\/toutes-les-actualites\/cameroun-douala-un-incendie-ravage-pres-dune-dizaine-de-boutiques-au-marche-de-la-cite-des-palmiers\" \/>\n<meta property=\"og:site_name\" content=\"Cameroun\" \/>\n<meta property=\"article:published_time\" content=\"2021-04-12T18:50:20+00:00\" \/>\n<meta property=\"article:modified_time\" content=\"2021-04-13T02:44:33+00:00\" \/>\n<meta property=\"og:image\" content=\"https:\/\/static.africa-press.net\/cameroun\/sites\/57\/2021\/04\/img-607505756ed21.jpg\" \/>\n\t<meta property=\"og:image:width\" content=\"800\" \/>\n\t<meta property=\"og:image:height\" content=\"442\" \/>\n\t<meta property=\"og:image:type\" content=\"image\/jpeg\" \/>\n<meta name=\"author\" content=\"cfeditorfr\" \/>\n<meta name=\"twitter:card\" content=\"summary_large_image\" \/>\n<meta name=\"twitter:label1\" content=\"\u00c9crit par\" \/>\n\t<meta name=\"twitter:data1\" content=\"cfeditorfr\" \/>\n\t<meta name=\"twitter:label2\" content=\"Dur\u00e9e de lecture estim\u00e9e\" \/>\n\t<meta name=\"twitter:data2\" content=\"1 minute\" \/>\n<script type=\"application\/ld+json\" class=\"yoast-schema-graph\">{\"@context\":\"https:\/\/schema.org\",\"@graph\":[{\"@type\":\"Article\",\"@id\":\"https:\/\/www.africa-press.net\/cameroun\/toutes-les-actualites\/cameroun-douala-un-incendie-ravage-pres-dune-dizaine-de-boutiques-au-marche-de-la-cite-des-palmiers#article\",\"isPartOf\":{\"@id\":\"https:\/\/www.africa-press.net\/cameroun\/toutes-les-actualites\/cameroun-douala-un-incendie-ravage-pres-dune-dizaine-de-boutiques-au-marche-de-la-cite-des-palmiers\"},\"author\":{\"name\":\"cfeditorfr\",\"@id\":\"https:\/\/www.africa-press.net\/cameroun\/#\/schema\/person\/2b1cf3cd81a31e3cd26889ca66d677f1\"},\"headline\":\"Cameroun &#8211; Douala: Un incendie ravage pr\u00e8s d\u2019une dizaine de boutiques au march\u00e9 de la Cit\u00e9 des Palmiers\",\"datePublished\":\"2021-04-12T18:50:20+00:00\",\"dateModified\":\"2021-04-13T02:44:33+00:00\",\"mainEntityOfPage\":{\"@id\":\"https:\/\/www.africa-press.net\/cameroun\/toutes-les-actualites\/cameroun-douala-un-incendie-ravage-pres-dune-dizaine-de-boutiques-au-marche-de-la-cite-des-palmiers\"},\"wordCount\":323,\"commentCount\":0,\"image\":{\"@id\":\"https:\/\/www.africa-press.net\/cameroun\/toutes-les-actualites\/cameroun-douala-un-incendie-ravage-pres-dune-dizaine-de-boutiques-au-marche-de-la-cite-des-palmiers#primaryimage\"},\"thumbnailUrl\":\"https:\/\/static.africa-press.net\/cameroun\/sites\/57\/2021\/04\/img-607505756ed21.jpg\",\"keywords\":[\"Africa Press\",\"Africa Press-Cameroun\",\"Cameroun\"],\"articleSection\":[\"Communaut\u00e9\",\"homepage-french\",\"Toutes les actualit\u00e9s\"],\"inLanguage\":\"fr-FR\",\"potentialAction\":[{\"@type\":\"CommentAction\",\"name\":\"Comment\",\"target\":[\"https:\/\/www.africa-press.net\/cameroun\/toutes-les-actualites\/cameroun-douala-un-incendie-ravage-pres-dune-dizaine-de-boutiques-au-marche-de-la-cite-des-palmiers#respond\"]}]},{\"@type\":\"WebPage\",\"@id\":\"https:\/\/www.africa-press.net\/cameroun\/toutes-les-actualites\/cameroun-douala-un-incendie-ravage-pres-dune-dizaine-de-boutiques-au-marche-de-la-cite-des-palmiers\",\"url\":\"https:\/\/www.africa-press.net\/cameroun\/toutes-les-actualites\/cameroun-douala-un-incendie-ravage-pres-dune-dizaine-de-boutiques-au-marche-de-la-cite-des-palmiers\",\"name\":\"Cameroun - Douala: Un incendie ravage pr\u00e8s d\u2019une dizaine de boutiques au march\u00e9 de la Cit\u00e9 des Palmiers - Cameroun\",\"isPartOf\":{\"@id\":\"https:\/\/www.africa-press.net\/cameroun\/#website\"},\"primaryImageOfPage\":{\"@id\":\"https:\/\/www.africa-press.net\/cameroun\/toutes-les-actualites\/cameroun-douala-un-incendie-ravage-pres-dune-dizaine-de-boutiques-au-marche-de-la-cite-des-palmiers#primaryimage\"},\"image\":{\"@id\":\"https:\/\/www.africa-press.net\/cameroun\/toutes-les-actualites\/cameroun-douala-un-incendie-ravage-pres-dune-dizaine-de-boutiques-au-marche-de-la-cite-des-palmiers#primaryimage\"},\"thumbnailUrl\":\"https:\/\/static.africa-press.net\/cameroun\/sites\/57\/2021\/04\/img-607505756ed21.jpg\",\"datePublished\":\"2021-04-12T18:50:20+00:00\",\"dateModified\":\"2021-04-13T02:44:33+00:00\",\"author\":{\"@id\":\"https:\/\/www.africa-press.net\/cameroun\/#\/schema\/person\/2b1cf3cd81a31e3cd26889ca66d677f1\"},\"description\":\"Jusque dans l\u2019apr\u00e8s-midi de ce 12 avril 2021, les policiers \u00e9taient toujours en faction pour s\u00e9curiser le lieu de l\u2019ince ...\",\"breadcrumb\":{\"@id\":\"https:\/\/www.africa-press.net\/cameroun\/toutes-les-actualites\/cameroun-douala-un-incendie-ravage-pres-dune-dizaine-de-boutiques-au-marche-de-la-cite-des-palmiers#breadcrumb\"},\"inLanguage\":\"fr-FR\",\"potentialAction\":[{\"@type\":\"ReadAction\",\"target\":[\"https:\/\/www.africa-press.net\/cameroun\/toutes-les-actualites\/cameroun-douala-un-incendie-ravage-pres-dune-dizaine-de-boutiques-au-marche-de-la-cite-des-palmiers\"]}]},{\"@type\":\"ImageObject\",\"inLanguage\":\"fr-FR\",\"@id\":\"https:\/\/www.africa-press.net\/cameroun\/toutes-les-actualites\/cameroun-douala-un-incendie-ravage-pres-dune-dizaine-de-boutiques-au-marche-de-la-cite-des-palmiers#primaryimage\",\"url\":\"https:\/\/static.africa-press.net\/cameroun\/sites\/57\/2021\/04\/img-607505756ed21.jpg\",\"contentUrl\":\"https:\/\/static.africa-press.net\/cameroun\/sites\/57\/2021\/04\/img-607505756ed21.jpg\",\"width\":800,\"height\":442,\"caption\":\"Cameroun - Douala: Un incendie ravage pr\u00e8s d\u2019une dizaine de boutiques au march\u00e9 de la Cit\u00e9 des Palmiers\"},{\"@type\":\"BreadcrumbList\",\"@id\":\"https:\/\/www.africa-press.net\/cameroun\/toutes-les-actualites\/cameroun-douala-un-incendie-ravage-pres-dune-dizaine-de-boutiques-au-marche-de-la-cite-des-palmiers#breadcrumb\",\"itemListElement\":[{\"@type\":\"ListItem\",\"position\":1,\"name\":\"Accueil\",\"item\":\"https:\/\/www.africa-press.net\/cameroun\/\"},{\"@type\":\"ListItem\",\"position\":2,\"name\":\"Cameroun &#8211; Douala: Un incendie ravage pr\u00e8s d\u2019une dizaine de boutiques au march\u00e9 de la Cit\u00e9 des Palmiers\"}]},{\"@type\":\"WebSite\",\"@id\":\"https:\/\/www.africa-press.net\/cameroun\/#website\",\"url\":\"https:\/\/www.africa-press.net\/cameroun\/\",\"name\":\"Cameroun\",\"description\":\"Just another Africa News Agency Sites site\",\"potentialAction\":[{\"@type\":\"SearchAction\",\"target\":{\"@type\":\"EntryPoint\",\"urlTemplate\":\"https:\/\/www.africa-press.net\/cameroun\/?s={search_term_string}\"},\"query-input\":{\"@type\":\"PropertyValueSpecification\",\"valueRequired\":true,\"valueName\":\"search_term_string\"}}],\"inLanguage\":\"fr-FR\"},{\"@type\":\"Person\",\"@id\":\"https:\/\/www.africa-press.net\/cameroun\/#\/schema\/person\/2b1cf3cd81a31e3cd26889ca66d677f1\",\"name\":\"cfeditorfr\"}]}<\/script>\n<!-- \/ Yoast SEO Premium plugin. -->","yoast_head_json":{"title":"Cameroun - Douala: Un incendie ravage pr\u00e8s d\u2019une dizaine de boutiques au march\u00e9 de la Cit\u00e9 des Palmiers - Cameroun","description":"Jusque dans l\u2019apr\u00e8s-midi de ce 12 avril 2021, les policiers \u00e9taient toujours en faction pour s\u00e9curiser le lieu de l\u2019ince ...","robots":{"index":"index","follow":"follow","max-snippet":"max-snippet:-1","max-image-preview":"max-image-preview:large","max-video-preview":"max-video-preview:-1"},"canonical":"https:\/\/www.africa-press.net\/cameroun\/toutes-les-actualites\/cameroun-douala-un-incendie-ravage-pres-dune-dizaine-de-boutiques-au-marche-de-la-cite-des-palmiers","og_locale":"fr_FR","og_type":"article","og_title":"Cameroun - Douala: Un incendie ravage pr\u00e8s d\u2019une dizaine de boutiques au march\u00e9 de la Cit\u00e9 des Palmiers","og_description":"Jusque dans l\u2019apr\u00e8s-midi de ce 12 avril 2021, les policiers \u00e9taient toujours en faction pour s\u00e9curiser le lieu de l\u2019ince ...","og_url":"https:\/\/www.africa-press.net\/cameroun\/toutes-les-actualites\/cameroun-douala-un-incendie-ravage-pres-dune-dizaine-de-boutiques-au-marche-de-la-cite-des-palmiers","og_site_name":"Cameroun","article_published_time":"2021-04-12T18:50:20+00:00","article_modified_time":"2021-04-13T02:44:33+00:00","og_image":[{"width":800,"height":442,"url":"https:\/\/static.africa-press.net\/cameroun\/sites\/57\/2021\/04\/img-607505756ed21.jpg","type":"image\/jpeg"}],"author":"cfeditorfr","twitter_card":"summary_large_image","twitter_misc":{"\u00c9crit par":"cfeditorfr","Dur\u00e9e de lecture estim\u00e9e":"1 minute"},"schema":{"@context":"https:\/\/schema.org","@graph":[{"@type":"Article","@id":"https:\/\/www.africa-press.net\/cameroun\/toutes-les-actualites\/cameroun-douala-un-incendie-ravage-pres-dune-dizaine-de-boutiques-au-marche-de-la-cite-des-palmiers#article","isPartOf":{"@id":"https:\/\/www.africa-press.net\/cameroun\/toutes-les-actualites\/cameroun-douala-un-incendie-ravage-pres-dune-dizaine-de-boutiques-au-marche-de-la-cite-des-palmiers"},"author":{"name":"cfeditorfr","@id":"https:\/\/www.africa-press.net\/cameroun\/#\/schema\/person\/2b1cf3cd81a31e3cd26889ca66d677f1"},"headline":"Cameroun &#8211; Douala: Un incendie ravage pr\u00e8s d\u2019une dizaine de boutiques au march\u00e9 de la Cit\u00e9 des Palmiers","datePublished":"2021-04-12T18:50:20+00:00","dateModified":"2021-04-13T02:44:33+00:00","mainEntityOfPage":{"@id":"https:\/\/www.africa-press.net\/cameroun\/toutes-les-actualites\/cameroun-douala-un-incendie-ravage-pres-dune-dizaine-de-boutiques-au-marche-de-la-cite-des-palmiers"},"wordCount":323,"commentCount":0,"image":{"@id":"https:\/\/www.africa-press.net\/cameroun\/toutes-les-actualites\/cameroun-douala-un-incendie-ravage-pres-dune-dizaine-de-boutiques-au-marche-de-la-cite-des-palmiers#primaryimage"},"thumbnailUrl":"https:\/\/static.africa-press.net\/cameroun\/sites\/57\/2021\/04\/img-607505756ed21.jpg","keywords":["Africa Press","Africa Press-Cameroun","Cameroun"],"articleSection":["Communaut\u00e9","homepage-french","Toutes les actualit\u00e9s"],"inLanguage":"fr-FR","potentialAction":[{"@type":"CommentAction","name":"Comment","target":["https:\/\/www.africa-press.net\/cameroun\/toutes-les-actualites\/cameroun-douala-un-incendie-ravage-pres-dune-dizaine-de-boutiques-au-marche-de-la-cite-des-palmiers#respond"]}]},{"@type":"WebPage","@id":"https:\/\/www.africa-press.net\/cameroun\/toutes-les-actualites\/cameroun-douala-un-incendie-ravage-pres-dune-dizaine-de-boutiques-au-marche-de-la-cite-des-palmiers","url":"https:\/\/www.africa-press.net\/cameroun\/toutes-les-actualites\/cameroun-douala-un-incendie-ravage-pres-dune-dizaine-de-boutiques-au-marche-de-la-cite-des-palmiers","name":"Cameroun - Douala: Un incendie ravage pr\u00e8s d\u2019une dizaine de boutiques au march\u00e9 de la Cit\u00e9 des Palmiers - Cameroun","isPartOf":{"@id":"https:\/\/www.africa-press.net\/cameroun\/#website"},"primaryImageOfPage":{"@id":"https:\/\/www.africa-press.net\/cameroun\/toutes-les-actualites\/cameroun-douala-un-incendie-ravage-pres-dune-dizaine-de-boutiques-au-marche-de-la-cite-des-palmiers#primaryimage"},"image":{"@id":"https:\/\/www.africa-press.net\/cameroun\/toutes-les-actualites\/cameroun-douala-un-incendie-ravage-pres-dune-dizaine-de-boutiques-au-marche-de-la-cite-des-palmiers#primaryimage"},"thumbnailUrl":"https:\/\/static.africa-press.net\/cameroun\/sites\/57\/2021\/04\/img-607505756ed21.jpg","datePublished":"2021-04-12T18:50:20+00:00","dateModified":"2021-04-13T02:44:33+00:00","author":{"@id":"https:\/\/www.africa-press.net\/cameroun\/#\/schema\/person\/2b1cf3cd81a31e3cd26889ca66d677f1"},"description":"Jusque dans l\u2019apr\u00e8s-midi de ce 12 avril 2021, les policiers \u00e9taient toujours en faction pour s\u00e9curiser le lieu de l\u2019ince ...","breadcrumb":{"@id":"https:\/\/www.africa-press.net\/cameroun\/toutes-les-actualites\/cameroun-douala-un-incendie-ravage-pres-dune-dizaine-de-boutiques-au-marche-de-la-cite-des-palmiers#breadcrumb"},"inLanguage":"fr-FR","potentialAction":[{"@type":"ReadAction","target":["https:\/\/www.africa-press.net\/cameroun\/toutes-les-actualites\/cameroun-douala-un-incendie-ravage-pres-dune-dizaine-de-boutiques-au-marche-de-la-cite-des-palmiers"]}]},{"@type":"ImageObject","inLanguage":"fr-FR","@id":"https:\/\/www.africa-press.net\/cameroun\/toutes-les-actualites\/cameroun-douala-un-incendie-ravage-pres-dune-dizaine-de-boutiques-au-marche-de-la-cite-des-palmiers#primaryimage","url":"https:\/\/static.africa-press.net\/cameroun\/sites\/57\/2021\/04\/img-607505756ed21.jpg","contentUrl":"https:\/\/static.africa-press.net\/cameroun\/sites\/57\/2021\/04\/img-607505756ed21.jpg","width":800,"height":442,"caption":"Cameroun - Douala: Un incendie ravage pr\u00e8s d\u2019une dizaine de boutiques au march\u00e9 de la Cit\u00e9 des Palmiers"},{"@type":"BreadcrumbList","@id":"https:\/\/www.africa-press.net\/cameroun\/toutes-les-actualites\/cameroun-douala-un-incendie-ravage-pres-dune-dizaine-de-boutiques-au-marche-de-la-cite-des-palmiers#breadcrumb","itemListElement":[{"@type":"ListItem","position":1,"name":"Accueil","item":"https:\/\/www.africa-press.net\/cameroun\/"},{"@type":"ListItem","position":2,"name":"Cameroun &#8211; Douala: Un incendie ravage pr\u00e8s d\u2019une dizaine de boutiques au march\u00e9 de la Cit\u00e9 des Palmiers"}]},{"@type":"WebSite","@id":"https:\/\/www.africa-press.net\/cameroun\/#website","url":"https:\/\/www.africa-press.net\/cameroun\/","name":"Cameroun","description":"Just another Africa News Agency Sites site","potentialAction":[{"@type":"SearchAction","target":{"@type":"EntryPoint","urlTemplate":"https:\/\/www.africa-press.net\/cameroun\/?s={search_term_string}"},"query-input":{"@type":"PropertyValueSpecification","valueRequired":true,"valueName":"search_term_string"}}],"inLanguage":"fr-FR"},{"@type":"Person","@id":"https:\/\/www.africa-press.net\/cameroun\/#\/schema\/person\/2b1cf3cd81a31e3cd26889ca66d677f1","name":"cfeditorfr"}]}},"_links":{"self":[{"href":"https:\/\/www.africa-press.net\/cameroun\/wp-json\/wp\/v2\/posts\/2246","targetHints":{"allow":["GET"]}}],"collection":[{"href":"https:\/\/www.africa-press.net\/cameroun\/wp-json\/wp\/v2\/posts"}],"about":[{"href":"https:\/\/www.africa-press.net\/cameroun\/wp-json\/wp\/v2\/types\/post"}],"author":[{"embeddable":true,"href":"https:\/\/www.africa-press.net\/cameroun\/wp-json\/wp\/v2\/users\/82"}],"replies":[{"embeddable":true,"href":"https:\/\/www.africa-press.net\/cameroun\/wp-json\/wp\/v2\/comments?post=2246"}],"version-history":[{"count":0,"href":"https:\/\/www.africa-press.net\/cameroun\/wp-json\/wp\/v2\/posts\/2246\/revisions"}],"wp:featuredmedia":[{"embeddable":true,"href":"https:\/\/www.africa-press.net\/cameroun\/wp-json\/wp\/v2\/media\/2245"}],"wp:attachment":[{"href":"https:\/\/www.africa-press.net\/cameroun\/wp-json\/wp\/v2\/media?parent=2246"}],"wp:term":[{"taxonomy":"category","embeddable":true,"href":"https:\/\/www.africa-press.net\/cameroun\/wp-json\/wp\/v2\/categories?post=2246"},{"taxonomy":"post_tag","embeddable":true,"href":"https:\/\/www.africa-press.net\/cameroun\/wp-json\/wp\/v2\/tags?post=2246"}],"curies":[{"name":"wp","href":"https:\/\/api.w.org\/{rel}","templated":true}]}}