{"id":22532,"date":"2022-06-30T16:00:06","date_gmt":"2022-06-30T16:00:06","guid":{"rendered":"https:\/\/www.africa-press.net\/cameroun\/politique\/au-cameroun-dieudonne-ne-fait-plus-son-numero"},"modified":"2022-06-30T17:34:18","modified_gmt":"2022-06-30T17:34:18","slug":"au-cameroun-dieudonne-ne-fait-plus-son-numero","status":"publish","type":"post","link":"https:\/\/www.africa-press.net\/cameroun\/politique\/au-cameroun-dieudonne-ne-fait-plus-son-numero","title":{"rendered":"Au Cameroun, Dieudonn\u00e9 ne fait plus son num\u00e9ro"},"content":{"rendered":"<p><span style=\"color: #ff6600\"><strong>Africa-Press &#8211; Cameroun. <\/strong><\/span>La barbe, poivre et sel, hirsute, lui mange le visage. Il est plus enrob\u00e9 que lors de ses derniers spectacles en France, et ceux qui l\u2019ont perdu de vue depuis qu\u2019il a pos\u00e9 ses valises \u00e0 Kribi, sur les bords de l\u2019Atlantique, peinent \u00e0 le reconna\u00eetre. D\u00e9sormais install\u00e9 au Cameroun, Dieudonn\u00e9 M\u2019Bala M\u2019Bala, 56 ans, se balade en boubou floqu\u00e9 d\u2019une carte de l\u2019Afrique sur la poitrine, c\u00f4t\u00e9 c\u0153ur. La tenue n\u2019est pas sans rappeler celles qu\u2019arborait Mouammar Kadhafi dans les derni\u00e8res ann\u00e9es de sa vie ou celles qu\u2019affectionne aujourd\u2019hui l\u2019agitateur afrocentriste Kemi Seba. Et il n\u2019est pas s\u00fbr que l\u2019une ou l\u2019autre de ces comparaisons lui d\u00e9plaise.<\/p>\n<p><b>Sph\u00e8re complotiste<\/b><\/p>\n<p>Dans son nouveau pays de r\u00e9sidence, celui qui fut souvent d\u00e9crit comme \u00ab l\u2019un des comiques les plus dou\u00e9s de sa g\u00e9n\u00e9ration \u00bb n\u2019est plus qu\u2019une ombre fugace et insaisissable. Son t\u00e9l\u00e9phone fran\u00e7ais ne r\u00e9pond plus. Il n\u2019accorde pas d\u2019interview et se garde de parler aux journalistes. Ses amis se m\u00e9fient et se ferment aussit\u00f4t qu\u2019on les questionne. Ceux qui acceptent de se pr\u00eater au jeu parlent de lui avec prudence et circonspection. Ils ne croient pas qu\u2019un journaliste puisse traiter le sujet Dieudonn\u00e9 sans a priori. Le pol\u00e9miste a chang\u00e9 d\u2019air, mais il a voyag\u00e9 avec la sph\u00e8re complotiste dans laquelle il \u00e9voluait ces derni\u00e8res ann\u00e9es.<\/p>\n<p><strong>Pour plus d&rsquo;informations et d&rsquo;analyses sur la <a href=\"https:\/\/www.africa-press.net\/cameroun\">Cameroun<\/a>, suivez <a href=\"https:\/\/www.africa-press.net\/\">Africa-Press<\/a><\/strong><\/p>\n","protected":false},"excerpt":{"rendered":"<p>Africa-Press &#8211; Cameroun. La barbe, poivre et sel, hirsute, lui mange le visage. Il est plus enrob\u00e9 que lors de ses derniers spectacles en France, et ceux qui l\u2019ont perdu de vue depuis qu\u2019il a pos\u00e9 ses valises \u00e0 Kribi, sur les bords de l\u2019Atlantique, peinent \u00e0 le reconna\u00eetre. D\u00e9sormais install\u00e9 au Cameroun, Dieudonn\u00e9 M\u2019Bala [&hellip;]<\/p>\n","protected":false},"author":82,"featured_media":22531,"comment_status":"open","ping_status":"closed","sticky":false,"template":"","format":"standard","meta":{"footnotes":""},"categories":[11,2,10],"tags":[36,50,49],"class_list":["post-22532","post","type-post","status-publish","format-standard","has-post-thumbnail","hentry","category-homepage-french","category-politique","category-toutes-les-actualites","tag-africa-press","tag-africa-press-cameroun","tag-cameroun"],"yoast_head":"<!-- This site is optimized with the Yoast SEO Premium plugin v26.1 (Yoast SEO v27.0) - https:\/\/yoast.com\/product\/yoast-seo-premium-wordpress\/ -->\n<title>Au Cameroun, Dieudonn\u00e9 ne fait plus son num\u00e9ro - Cameroun<\/title>\n<meta name=\"description\" content=\"La barbe, poivre et sel, hirsute, lui mange le visage. Il est plus enrob\u00e9 que lors de ses derniers spectacles en France, ...\" \/>\n<meta name=\"robots\" content=\"index, follow, max-snippet:-1, max-image-preview:large, max-video-preview:-1\" \/>\n<link rel=\"canonical\" href=\"https:\/\/www.africa-press.net\/cameroun\/politique\/au-cameroun-dieudonne-ne-fait-plus-son-numero\" \/>\n<meta property=\"og:locale\" content=\"fr_FR\" \/>\n<meta property=\"og:type\" content=\"article\" \/>\n<meta property=\"og:title\" content=\"Au Cameroun, Dieudonn\u00e9 ne fait plus son num\u00e9ro\" \/>\n<meta property=\"og:description\" content=\"La barbe, poivre et sel, hirsute, lui mange le visage. Il est plus enrob\u00e9 que lors de ses derniers spectacles en France, ...\" \/>\n<meta property=\"og:url\" content=\"https:\/\/www.africa-press.net\/cameroun\/politique\/au-cameroun-dieudonne-ne-fait-plus-son-numero\" \/>\n<meta property=\"og:site_name\" content=\"Cameroun\" \/>\n<meta property=\"article:published_time\" content=\"2022-06-30T16:00:06+00:00\" \/>\n<meta property=\"article:modified_time\" content=\"2022-06-30T17:34:18+00:00\" \/>\n<meta property=\"og:image\" content=\"https:\/\/static.africa-press.net\/cameroun\/sites\/57\/2022\/06\/img-62bdde84a1494.jpg\" \/>\n\t<meta property=\"og:image:width\" content=\"1256\" \/>\n\t<meta property=\"og:image:height\" content=\"628\" \/>\n\t<meta property=\"og:image:type\" content=\"image\/jpeg\" \/>\n<meta name=\"author\" content=\"cfeditorfr\" \/>\n<meta name=\"twitter:card\" content=\"summary_large_image\" \/>\n<meta name=\"twitter:label1\" content=\"\u00c9crit par\" \/>\n\t<meta name=\"twitter:data1\" content=\"cfeditorfr\" \/>\n\t<meta name=\"twitter:label2\" content=\"Dur\u00e9e de lecture estim\u00e9e\" \/>\n\t<meta name=\"twitter:data2\" content=\"1 minute\" \/>\n<script type=\"application\/ld+json\" class=\"yoast-schema-graph\">{\"@context\":\"https:\/\/schema.org\",\"@graph\":[{\"@type\":\"Article\",\"@id\":\"https:\/\/www.africa-press.net\/cameroun\/politique\/au-cameroun-dieudonne-ne-fait-plus-son-numero#article\",\"isPartOf\":{\"@id\":\"https:\/\/www.africa-press.net\/cameroun\/politique\/au-cameroun-dieudonne-ne-fait-plus-son-numero\"},\"author\":{\"name\":\"cfeditorfr\",\"@id\":\"https:\/\/www.africa-press.net\/cameroun\/#\/schema\/person\/2b1cf3cd81a31e3cd26889ca66d677f1\"},\"headline\":\"Au Cameroun, Dieudonn\u00e9 ne fait plus son num\u00e9ro\",\"datePublished\":\"2022-06-30T16:00:06+00:00\",\"dateModified\":\"2022-06-30T17:34:18+00:00\",\"mainEntityOfPage\":{\"@id\":\"https:\/\/www.africa-press.net\/cameroun\/politique\/au-cameroun-dieudonne-ne-fait-plus-son-numero\"},\"wordCount\":284,\"commentCount\":0,\"image\":{\"@id\":\"https:\/\/www.africa-press.net\/cameroun\/politique\/au-cameroun-dieudonne-ne-fait-plus-son-numero#primaryimage\"},\"thumbnailUrl\":\"https:\/\/static.africa-press.net\/cameroun\/sites\/57\/2022\/06\/img-62bdde84a1494.jpg\",\"keywords\":[\"Africa Press\",\"Africa Press-Cameroun\",\"Cameroun\"],\"articleSection\":[\"homepage-french\",\"Politique\",\"Toutes les actualit\u00e9s\"],\"inLanguage\":\"fr-FR\",\"potentialAction\":[{\"@type\":\"CommentAction\",\"name\":\"Comment\",\"target\":[\"https:\/\/www.africa-press.net\/cameroun\/politique\/au-cameroun-dieudonne-ne-fait-plus-son-numero#respond\"]}]},{\"@type\":\"WebPage\",\"@id\":\"https:\/\/www.africa-press.net\/cameroun\/politique\/au-cameroun-dieudonne-ne-fait-plus-son-numero\",\"url\":\"https:\/\/www.africa-press.net\/cameroun\/politique\/au-cameroun-dieudonne-ne-fait-plus-son-numero\",\"name\":\"Au Cameroun, Dieudonn\u00e9 ne fait plus son num\u00e9ro - Cameroun\",\"isPartOf\":{\"@id\":\"https:\/\/www.africa-press.net\/cameroun\/#website\"},\"primaryImageOfPage\":{\"@id\":\"https:\/\/www.africa-press.net\/cameroun\/politique\/au-cameroun-dieudonne-ne-fait-plus-son-numero#primaryimage\"},\"image\":{\"@id\":\"https:\/\/www.africa-press.net\/cameroun\/politique\/au-cameroun-dieudonne-ne-fait-plus-son-numero#primaryimage\"},\"thumbnailUrl\":\"https:\/\/static.africa-press.net\/cameroun\/sites\/57\/2022\/06\/img-62bdde84a1494.jpg\",\"datePublished\":\"2022-06-30T16:00:06+00:00\",\"dateModified\":\"2022-06-30T17:34:18+00:00\",\"author\":{\"@id\":\"https:\/\/www.africa-press.net\/cameroun\/#\/schema\/person\/2b1cf3cd81a31e3cd26889ca66d677f1\"},\"description\":\"La barbe, poivre et sel, hirsute, lui mange le visage. Il est plus enrob\u00e9 que lors de ses derniers spectacles en France, ...\",\"breadcrumb\":{\"@id\":\"https:\/\/www.africa-press.net\/cameroun\/politique\/au-cameroun-dieudonne-ne-fait-plus-son-numero#breadcrumb\"},\"inLanguage\":\"fr-FR\",\"potentialAction\":[{\"@type\":\"ReadAction\",\"target\":[\"https:\/\/www.africa-press.net\/cameroun\/politique\/au-cameroun-dieudonne-ne-fait-plus-son-numero\"]}]},{\"@type\":\"ImageObject\",\"inLanguage\":\"fr-FR\",\"@id\":\"https:\/\/www.africa-press.net\/cameroun\/politique\/au-cameroun-dieudonne-ne-fait-plus-son-numero#primaryimage\",\"url\":\"https:\/\/static.africa-press.net\/cameroun\/sites\/57\/2022\/06\/img-62bdde84a1494.jpg\",\"contentUrl\":\"https:\/\/static.africa-press.net\/cameroun\/sites\/57\/2022\/06\/img-62bdde84a1494.jpg\",\"width\":1256,\"height\":628,\"caption\":\"Au Cameroun, Dieudonn\u00e9 ne fait plus son num\u00e9ro\"},{\"@type\":\"BreadcrumbList\",\"@id\":\"https:\/\/www.africa-press.net\/cameroun\/politique\/au-cameroun-dieudonne-ne-fait-plus-son-numero#breadcrumb\",\"itemListElement\":[{\"@type\":\"ListItem\",\"position\":1,\"name\":\"Accueil\",\"item\":\"https:\/\/www.africa-press.net\/cameroun\/\"},{\"@type\":\"ListItem\",\"position\":2,\"name\":\"Au Cameroun, Dieudonn\u00e9 ne fait plus son num\u00e9ro\"}]},{\"@type\":\"WebSite\",\"@id\":\"https:\/\/www.africa-press.net\/cameroun\/#website\",\"url\":\"https:\/\/www.africa-press.net\/cameroun\/\",\"name\":\"Cameroun\",\"description\":\"Just another Africa News Agency Sites site\",\"potentialAction\":[{\"@type\":\"SearchAction\",\"target\":{\"@type\":\"EntryPoint\",\"urlTemplate\":\"https:\/\/www.africa-press.net\/cameroun\/?s={search_term_string}\"},\"query-input\":{\"@type\":\"PropertyValueSpecification\",\"valueRequired\":true,\"valueName\":\"search_term_string\"}}],\"inLanguage\":\"fr-FR\"},{\"@type\":\"Person\",\"@id\":\"https:\/\/www.africa-press.net\/cameroun\/#\/schema\/person\/2b1cf3cd81a31e3cd26889ca66d677f1\",\"name\":\"cfeditorfr\"}]}<\/script>\n<!-- \/ Yoast SEO Premium plugin. -->","yoast_head_json":{"title":"Au Cameroun, Dieudonn\u00e9 ne fait plus son num\u00e9ro - Cameroun","description":"La barbe, poivre et sel, hirsute, lui mange le visage. Il est plus enrob\u00e9 que lors de ses derniers spectacles en France, ...","robots":{"index":"index","follow":"follow","max-snippet":"max-snippet:-1","max-image-preview":"max-image-preview:large","max-video-preview":"max-video-preview:-1"},"canonical":"https:\/\/www.africa-press.net\/cameroun\/politique\/au-cameroun-dieudonne-ne-fait-plus-son-numero","og_locale":"fr_FR","og_type":"article","og_title":"Au Cameroun, Dieudonn\u00e9 ne fait plus son num\u00e9ro","og_description":"La barbe, poivre et sel, hirsute, lui mange le visage. Il est plus enrob\u00e9 que lors de ses derniers spectacles en France, ...","og_url":"https:\/\/www.africa-press.net\/cameroun\/politique\/au-cameroun-dieudonne-ne-fait-plus-son-numero","og_site_name":"Cameroun","article_published_time":"2022-06-30T16:00:06+00:00","article_modified_time":"2022-06-30T17:34:18+00:00","og_image":[{"width":1256,"height":628,"url":"https:\/\/static.africa-press.net\/cameroun\/sites\/57\/2022\/06\/img-62bdde84a1494.jpg","type":"image\/jpeg"}],"author":"cfeditorfr","twitter_card":"summary_large_image","twitter_misc":{"\u00c9crit par":"cfeditorfr","Dur\u00e9e de lecture estim\u00e9e":"1 minute"},"schema":{"@context":"https:\/\/schema.org","@graph":[{"@type":"Article","@id":"https:\/\/www.africa-press.net\/cameroun\/politique\/au-cameroun-dieudonne-ne-fait-plus-son-numero#article","isPartOf":{"@id":"https:\/\/www.africa-press.net\/cameroun\/politique\/au-cameroun-dieudonne-ne-fait-plus-son-numero"},"author":{"name":"cfeditorfr","@id":"https:\/\/www.africa-press.net\/cameroun\/#\/schema\/person\/2b1cf3cd81a31e3cd26889ca66d677f1"},"headline":"Au Cameroun, Dieudonn\u00e9 ne fait plus son num\u00e9ro","datePublished":"2022-06-30T16:00:06+00:00","dateModified":"2022-06-30T17:34:18+00:00","mainEntityOfPage":{"@id":"https:\/\/www.africa-press.net\/cameroun\/politique\/au-cameroun-dieudonne-ne-fait-plus-son-numero"},"wordCount":284,"commentCount":0,"image":{"@id":"https:\/\/www.africa-press.net\/cameroun\/politique\/au-cameroun-dieudonne-ne-fait-plus-son-numero#primaryimage"},"thumbnailUrl":"https:\/\/static.africa-press.net\/cameroun\/sites\/57\/2022\/06\/img-62bdde84a1494.jpg","keywords":["Africa Press","Africa Press-Cameroun","Cameroun"],"articleSection":["homepage-french","Politique","Toutes les actualit\u00e9s"],"inLanguage":"fr-FR","potentialAction":[{"@type":"CommentAction","name":"Comment","target":["https:\/\/www.africa-press.net\/cameroun\/politique\/au-cameroun-dieudonne-ne-fait-plus-son-numero#respond"]}]},{"@type":"WebPage","@id":"https:\/\/www.africa-press.net\/cameroun\/politique\/au-cameroun-dieudonne-ne-fait-plus-son-numero","url":"https:\/\/www.africa-press.net\/cameroun\/politique\/au-cameroun-dieudonne-ne-fait-plus-son-numero","name":"Au Cameroun, Dieudonn\u00e9 ne fait plus son num\u00e9ro - Cameroun","isPartOf":{"@id":"https:\/\/www.africa-press.net\/cameroun\/#website"},"primaryImageOfPage":{"@id":"https:\/\/www.africa-press.net\/cameroun\/politique\/au-cameroun-dieudonne-ne-fait-plus-son-numero#primaryimage"},"image":{"@id":"https:\/\/www.africa-press.net\/cameroun\/politique\/au-cameroun-dieudonne-ne-fait-plus-son-numero#primaryimage"},"thumbnailUrl":"https:\/\/static.africa-press.net\/cameroun\/sites\/57\/2022\/06\/img-62bdde84a1494.jpg","datePublished":"2022-06-30T16:00:06+00:00","dateModified":"2022-06-30T17:34:18+00:00","author":{"@id":"https:\/\/www.africa-press.net\/cameroun\/#\/schema\/person\/2b1cf3cd81a31e3cd26889ca66d677f1"},"description":"La barbe, poivre et sel, hirsute, lui mange le visage. Il est plus enrob\u00e9 que lors de ses derniers spectacles en France, ...","breadcrumb":{"@id":"https:\/\/www.africa-press.net\/cameroun\/politique\/au-cameroun-dieudonne-ne-fait-plus-son-numero#breadcrumb"},"inLanguage":"fr-FR","potentialAction":[{"@type":"ReadAction","target":["https:\/\/www.africa-press.net\/cameroun\/politique\/au-cameroun-dieudonne-ne-fait-plus-son-numero"]}]},{"@type":"ImageObject","inLanguage":"fr-FR","@id":"https:\/\/www.africa-press.net\/cameroun\/politique\/au-cameroun-dieudonne-ne-fait-plus-son-numero#primaryimage","url":"https:\/\/static.africa-press.net\/cameroun\/sites\/57\/2022\/06\/img-62bdde84a1494.jpg","contentUrl":"https:\/\/static.africa-press.net\/cameroun\/sites\/57\/2022\/06\/img-62bdde84a1494.jpg","width":1256,"height":628,"caption":"Au Cameroun, Dieudonn\u00e9 ne fait plus son num\u00e9ro"},{"@type":"BreadcrumbList","@id":"https:\/\/www.africa-press.net\/cameroun\/politique\/au-cameroun-dieudonne-ne-fait-plus-son-numero#breadcrumb","itemListElement":[{"@type":"ListItem","position":1,"name":"Accueil","item":"https:\/\/www.africa-press.net\/cameroun\/"},{"@type":"ListItem","position":2,"name":"Au Cameroun, Dieudonn\u00e9 ne fait plus son num\u00e9ro"}]},{"@type":"WebSite","@id":"https:\/\/www.africa-press.net\/cameroun\/#website","url":"https:\/\/www.africa-press.net\/cameroun\/","name":"Cameroun","description":"Just another Africa News Agency Sites site","potentialAction":[{"@type":"SearchAction","target":{"@type":"EntryPoint","urlTemplate":"https:\/\/www.africa-press.net\/cameroun\/?s={search_term_string}"},"query-input":{"@type":"PropertyValueSpecification","valueRequired":true,"valueName":"search_term_string"}}],"inLanguage":"fr-FR"},{"@type":"Person","@id":"https:\/\/www.africa-press.net\/cameroun\/#\/schema\/person\/2b1cf3cd81a31e3cd26889ca66d677f1","name":"cfeditorfr"}]}},"_links":{"self":[{"href":"https:\/\/www.africa-press.net\/cameroun\/wp-json\/wp\/v2\/posts\/22532","targetHints":{"allow":["GET"]}}],"collection":[{"href":"https:\/\/www.africa-press.net\/cameroun\/wp-json\/wp\/v2\/posts"}],"about":[{"href":"https:\/\/www.africa-press.net\/cameroun\/wp-json\/wp\/v2\/types\/post"}],"author":[{"embeddable":true,"href":"https:\/\/www.africa-press.net\/cameroun\/wp-json\/wp\/v2\/users\/82"}],"replies":[{"embeddable":true,"href":"https:\/\/www.africa-press.net\/cameroun\/wp-json\/wp\/v2\/comments?post=22532"}],"version-history":[{"count":0,"href":"https:\/\/www.africa-press.net\/cameroun\/wp-json\/wp\/v2\/posts\/22532\/revisions"}],"wp:featuredmedia":[{"embeddable":true,"href":"https:\/\/www.africa-press.net\/cameroun\/wp-json\/wp\/v2\/media\/22531"}],"wp:attachment":[{"href":"https:\/\/www.africa-press.net\/cameroun\/wp-json\/wp\/v2\/media?parent=22532"}],"wp:term":[{"taxonomy":"category","embeddable":true,"href":"https:\/\/www.africa-press.net\/cameroun\/wp-json\/wp\/v2\/categories?post=22532"},{"taxonomy":"post_tag","embeddable":true,"href":"https:\/\/www.africa-press.net\/cameroun\/wp-json\/wp\/v2\/tags?post=22532"}],"curies":[{"name":"wp","href":"https:\/\/api.w.org\/{rel}","templated":true}]}}