{"id":22601,"date":"2022-07-01T17:43:18","date_gmt":"2022-07-01T17:43:18","guid":{"rendered":"https:\/\/www.africa-press.net\/cameroun\/politique\/telephonie-mobile-la-zambienne-mitwa-ngambi-nommee-manager-general-chez-mtn-cameroon"},"modified":"2022-07-01T17:43:34","modified_gmt":"2022-07-01T17:43:34","slug":"telephonie-mobile-la-zambienne-mitwa-ngambi-nommee-manager-general-chez-mtn-cameroon","status":"publish","type":"post","link":"https:\/\/www.africa-press.net\/cameroun\/politique\/telephonie-mobile-la-zambienne-mitwa-ngambi-nommee-manager-general-chez-mtn-cameroon","title":{"rendered":"T\u00e9l\u00e9phonie mobile: La Zambienne Mitwa Ng\u2019ambi nomm\u00e9e Manager G\u00e9n\u00e9ral  chez MTN Cameroon"},"content":{"rendered":"<p><span style=\"color: #ff6600\"><strong>Africa-Press &#8211; Cameroun. <\/strong><\/span>L\u2019op\u00e9rateur de t\u00e9l\u00e9phonie mobile MTN Cameroon a un nouveau directeur g\u00e9n\u00e9ral. Il s\u2019agit de la Zambienne Mitwa Ng\u2019ambi, dont la nomination a \u00e9t\u00e9 officialis\u00e9e ce jeudi 30 juin 2022 par la filiale camerounaise de la compagnie sud-africaine MTN Group sur son compte Twitter.<\/p>\n<p>L\u2019actuel manager g\u00e9n\u00e9ral de MTN Rwanda va officiellement prendre fonction le 1er septembre prochain, en remplacement du Sud-africain Stephen Blewett, qui aura pass\u00e9 deux ans \u00e0 ce poste. Il va quitter \u00e9galement le groupe pour explorer \u00ab d\u2019autres opportunit\u00e9s de carri\u00e8re \u00bb, renseigne Mtn Cameroon.<\/p>\n<p>Dans sa note d\u2019information, MTN Cameroon indique que Mitwa Ng&rsquo;ambi, \u00ab compte pr\u00e8s de dix ans dans la famille MTN o\u00f9 elle a \u00e9galement occup\u00e9 des postes de responsabilit\u00e9 au sein des filiales du Groupe au B\u00e9nin et en Zambie \u00bb.<\/p>\n<p>Au cours de son mandat \u00e0 la t\u00eate de MTN Rwanda, Mitwa a contribu\u00e9 \u00e0 renforcer l&rsquo;engagement des parties prenantes de l\u2019entreprise. Elle a men\u00e9 avec succ\u00e8s des initiatives de transformation de l&rsquo;industrie pour le d\u00e9veloppement du num\u00e9rique et l&rsquo;inclusion financi\u00e8re. Mitwa a par ailleurs supervis\u00e9 l\u2019entr\u00e9e en bourse de MTN Rwanda et la cr\u00e9ation de sa filiale Fintech.<\/p>\n<p>\u00ab Nous tenons \u00e0 remercier Stephen pour sa pr\u00e9cieuse contribution au fil des ans, et nous souhaitons la bienvenue \u00e0 Mitwa dans la famille MTN Cameroon. Nous sommes convaincus que son exp\u00e9rience, son leadership exceptionnel et son expertise profiteront \u00e0 MTN Cameroon et aux parties prenantes. Nous lui souhaitons la r\u00e9ussite dans son nouveau r\u00f4le o\u00f9 elle va poursuivre la mise en \u0153uvre de nos priorit\u00e9s strat\u00e9giques d\u00e9finies dans le Plan Ambition 2025 \u00bb, a d\u00e9clar\u00e9 Colin Mukete, Pr\u00e9sident du Conseil d\u2019Administration de MTN Cameroon.<\/p>\n<p><strong>Pour plus d&rsquo;informations et d&rsquo;analyses sur la <a href=\"https:\/\/www.africa-press.net\/cameroun\">Cameroun<\/a>, suivez <a href=\"https:\/\/www.africa-press.net\/\">Africa-Press<\/a><\/strong><\/p>\n","protected":false},"excerpt":{"rendered":"<p>Africa-Press &#8211; Cameroun. L\u2019op\u00e9rateur de t\u00e9l\u00e9phonie mobile MTN Cameroon a un nouveau directeur g\u00e9n\u00e9ral. Il s\u2019agit de la Zambienne Mitwa Ng\u2019ambi, dont la nomination a \u00e9t\u00e9 officialis\u00e9e ce jeudi 30 juin 2022 par la filiale camerounaise de la compagnie sud-africaine MTN Group sur son compte Twitter. L\u2019actuel manager g\u00e9n\u00e9ral de MTN Rwanda va officiellement prendre [&hellip;]<\/p>\n","protected":false},"author":82,"featured_media":22600,"comment_status":"open","ping_status":"closed","sticky":false,"template":"","format":"standard","meta":{"footnotes":""},"categories":[11,2,10],"tags":[36,50,49],"class_list":["post-22601","post","type-post","status-publish","format-standard","has-post-thumbnail","hentry","category-homepage-french","category-politique","category-toutes-les-actualites","tag-africa-press","tag-africa-press-cameroun","tag-cameroun"],"yoast_head":"<!-- This site is optimized with the Yoast SEO Premium plugin v26.1 (Yoast SEO v27.0) - https:\/\/yoast.com\/product\/yoast-seo-premium-wordpress\/ -->\n<title>T\u00e9l\u00e9phonie mobile: La Zambienne Mitwa Ng\u2019ambi nomm\u00e9e Manager G\u00e9n\u00e9ral chez MTN Cameroon - Cameroun<\/title>\n<meta name=\"description\" content=\"L\u2019op\u00e9rateur de t\u00e9l\u00e9phonie mobile MTN Cameroon a un nouveau directeur g\u00e9n\u00e9ral. Il s\u2019agit de la Zambienne Mitwa Ng\u2019ambi, d ...\" \/>\n<meta name=\"robots\" content=\"index, follow, max-snippet:-1, max-image-preview:large, max-video-preview:-1\" \/>\n<link rel=\"canonical\" href=\"https:\/\/www.africa-press.net\/cameroun\/politique\/telephonie-mobile-la-zambienne-mitwa-ngambi-nommee-manager-general-chez-mtn-cameroon\" \/>\n<meta property=\"og:locale\" content=\"fr_FR\" \/>\n<meta property=\"og:type\" content=\"article\" \/>\n<meta property=\"og:title\" content=\"T\u00e9l\u00e9phonie mobile: La Zambienne Mitwa Ng\u2019ambi nomm\u00e9e Manager G\u00e9n\u00e9ral chez MTN Cameroon\" \/>\n<meta property=\"og:description\" content=\"L\u2019op\u00e9rateur de t\u00e9l\u00e9phonie mobile MTN Cameroon a un nouveau directeur g\u00e9n\u00e9ral. Il s\u2019agit de la Zambienne Mitwa Ng\u2019ambi, d ...\" \/>\n<meta property=\"og:url\" content=\"https:\/\/www.africa-press.net\/cameroun\/politique\/telephonie-mobile-la-zambienne-mitwa-ngambi-nommee-manager-general-chez-mtn-cameroon\" \/>\n<meta property=\"og:site_name\" content=\"Cameroun\" \/>\n<meta property=\"article:published_time\" content=\"2022-07-01T17:43:18+00:00\" \/>\n<meta property=\"article:modified_time\" content=\"2022-07-01T17:43:34+00:00\" \/>\n<meta property=\"og:image\" content=\"https:\/\/static.africa-press.net\/cameroun\/sites\/57\/2022\/07\/img.jpg\" \/>\n\t<meta property=\"og:image:width\" content=\"800\" \/>\n\t<meta property=\"og:image:height\" content=\"777\" \/>\n\t<meta property=\"og:image:type\" content=\"image\/jpeg\" \/>\n<meta name=\"author\" content=\"cfeditorfr\" \/>\n<meta name=\"twitter:card\" content=\"summary_large_image\" \/>\n<meta name=\"twitter:label1\" content=\"\u00c9crit par\" \/>\n\t<meta name=\"twitter:data1\" content=\"cfeditorfr\" \/>\n\t<meta name=\"twitter:label2\" content=\"Dur\u00e9e de lecture estim\u00e9e\" \/>\n\t<meta name=\"twitter:data2\" content=\"2 minutes\" \/>\n<script type=\"application\/ld+json\" class=\"yoast-schema-graph\">{\"@context\":\"https:\/\/schema.org\",\"@graph\":[{\"@type\":\"Article\",\"@id\":\"https:\/\/www.africa-press.net\/cameroun\/politique\/telephonie-mobile-la-zambienne-mitwa-ngambi-nommee-manager-general-chez-mtn-cameroon#article\",\"isPartOf\":{\"@id\":\"https:\/\/www.africa-press.net\/cameroun\/politique\/telephonie-mobile-la-zambienne-mitwa-ngambi-nommee-manager-general-chez-mtn-cameroon\"},\"author\":{\"name\":\"cfeditorfr\",\"@id\":\"https:\/\/www.africa-press.net\/cameroun\/#\/schema\/person\/2b1cf3cd81a31e3cd26889ca66d677f1\"},\"headline\":\"T\u00e9l\u00e9phonie mobile: La Zambienne Mitwa Ng\u2019ambi nomm\u00e9e Manager G\u00e9n\u00e9ral chez MTN Cameroon\",\"datePublished\":\"2022-07-01T17:43:18+00:00\",\"dateModified\":\"2022-07-01T17:43:34+00:00\",\"mainEntityOfPage\":{\"@id\":\"https:\/\/www.africa-press.net\/cameroun\/politique\/telephonie-mobile-la-zambienne-mitwa-ngambi-nommee-manager-general-chez-mtn-cameroon\"},\"wordCount\":332,\"commentCount\":0,\"image\":{\"@id\":\"https:\/\/www.africa-press.net\/cameroun\/politique\/telephonie-mobile-la-zambienne-mitwa-ngambi-nommee-manager-general-chez-mtn-cameroon#primaryimage\"},\"thumbnailUrl\":\"https:\/\/static.africa-press.net\/cameroun\/sites\/57\/2022\/07\/img.jpg\",\"keywords\":[\"Africa Press\",\"Africa Press-Cameroun\",\"Cameroun\"],\"articleSection\":[\"homepage-french\",\"Politique\",\"Toutes les actualit\u00e9s\"],\"inLanguage\":\"fr-FR\",\"potentialAction\":[{\"@type\":\"CommentAction\",\"name\":\"Comment\",\"target\":[\"https:\/\/www.africa-press.net\/cameroun\/politique\/telephonie-mobile-la-zambienne-mitwa-ngambi-nommee-manager-general-chez-mtn-cameroon#respond\"]}]},{\"@type\":\"WebPage\",\"@id\":\"https:\/\/www.africa-press.net\/cameroun\/politique\/telephonie-mobile-la-zambienne-mitwa-ngambi-nommee-manager-general-chez-mtn-cameroon\",\"url\":\"https:\/\/www.africa-press.net\/cameroun\/politique\/telephonie-mobile-la-zambienne-mitwa-ngambi-nommee-manager-general-chez-mtn-cameroon\",\"name\":\"T\u00e9l\u00e9phonie mobile: La Zambienne Mitwa Ng\u2019ambi nomm\u00e9e Manager G\u00e9n\u00e9ral chez MTN Cameroon - Cameroun\",\"isPartOf\":{\"@id\":\"https:\/\/www.africa-press.net\/cameroun\/#website\"},\"primaryImageOfPage\":{\"@id\":\"https:\/\/www.africa-press.net\/cameroun\/politique\/telephonie-mobile-la-zambienne-mitwa-ngambi-nommee-manager-general-chez-mtn-cameroon#primaryimage\"},\"image\":{\"@id\":\"https:\/\/www.africa-press.net\/cameroun\/politique\/telephonie-mobile-la-zambienne-mitwa-ngambi-nommee-manager-general-chez-mtn-cameroon#primaryimage\"},\"thumbnailUrl\":\"https:\/\/static.africa-press.net\/cameroun\/sites\/57\/2022\/07\/img.jpg\",\"datePublished\":\"2022-07-01T17:43:18+00:00\",\"dateModified\":\"2022-07-01T17:43:34+00:00\",\"author\":{\"@id\":\"https:\/\/www.africa-press.net\/cameroun\/#\/schema\/person\/2b1cf3cd81a31e3cd26889ca66d677f1\"},\"description\":\"L\u2019op\u00e9rateur de t\u00e9l\u00e9phonie mobile MTN Cameroon a un nouveau directeur g\u00e9n\u00e9ral. Il s\u2019agit de la Zambienne Mitwa Ng\u2019ambi, d ...\",\"breadcrumb\":{\"@id\":\"https:\/\/www.africa-press.net\/cameroun\/politique\/telephonie-mobile-la-zambienne-mitwa-ngambi-nommee-manager-general-chez-mtn-cameroon#breadcrumb\"},\"inLanguage\":\"fr-FR\",\"potentialAction\":[{\"@type\":\"ReadAction\",\"target\":[\"https:\/\/www.africa-press.net\/cameroun\/politique\/telephonie-mobile-la-zambienne-mitwa-ngambi-nommee-manager-general-chez-mtn-cameroon\"]}]},{\"@type\":\"ImageObject\",\"inLanguage\":\"fr-FR\",\"@id\":\"https:\/\/www.africa-press.net\/cameroun\/politique\/telephonie-mobile-la-zambienne-mitwa-ngambi-nommee-manager-general-chez-mtn-cameroon#primaryimage\",\"url\":\"https:\/\/static.africa-press.net\/cameroun\/sites\/57\/2022\/07\/img.jpg\",\"contentUrl\":\"https:\/\/static.africa-press.net\/cameroun\/sites\/57\/2022\/07\/img.jpg\",\"width\":800,\"height\":777,\"caption\":\"T\u00e9l\u00e9phonie mobile: La Zambienne Mitwa Ng\u2019ambi nomm\u00e9e Manager G\u00e9n\u00e9ral chez MTN Cameroon\"},{\"@type\":\"BreadcrumbList\",\"@id\":\"https:\/\/www.africa-press.net\/cameroun\/politique\/telephonie-mobile-la-zambienne-mitwa-ngambi-nommee-manager-general-chez-mtn-cameroon#breadcrumb\",\"itemListElement\":[{\"@type\":\"ListItem\",\"position\":1,\"name\":\"Accueil\",\"item\":\"https:\/\/www.africa-press.net\/cameroun\/\"},{\"@type\":\"ListItem\",\"position\":2,\"name\":\"T\u00e9l\u00e9phonie mobile: La Zambienne Mitwa Ng\u2019ambi nomm\u00e9e Manager G\u00e9n\u00e9ral chez MTN Cameroon\"}]},{\"@type\":\"WebSite\",\"@id\":\"https:\/\/www.africa-press.net\/cameroun\/#website\",\"url\":\"https:\/\/www.africa-press.net\/cameroun\/\",\"name\":\"Cameroun\",\"description\":\"Just another Africa News Agency Sites site\",\"potentialAction\":[{\"@type\":\"SearchAction\",\"target\":{\"@type\":\"EntryPoint\",\"urlTemplate\":\"https:\/\/www.africa-press.net\/cameroun\/?s={search_term_string}\"},\"query-input\":{\"@type\":\"PropertyValueSpecification\",\"valueRequired\":true,\"valueName\":\"search_term_string\"}}],\"inLanguage\":\"fr-FR\"},{\"@type\":\"Person\",\"@id\":\"https:\/\/www.africa-press.net\/cameroun\/#\/schema\/person\/2b1cf3cd81a31e3cd26889ca66d677f1\",\"name\":\"cfeditorfr\"}]}<\/script>\n<!-- \/ Yoast SEO Premium plugin. -->","yoast_head_json":{"title":"T\u00e9l\u00e9phonie mobile: La Zambienne Mitwa Ng\u2019ambi nomm\u00e9e Manager G\u00e9n\u00e9ral chez MTN Cameroon - Cameroun","description":"L\u2019op\u00e9rateur de t\u00e9l\u00e9phonie mobile MTN Cameroon a un nouveau directeur g\u00e9n\u00e9ral. Il s\u2019agit de la Zambienne Mitwa Ng\u2019ambi, d ...","robots":{"index":"index","follow":"follow","max-snippet":"max-snippet:-1","max-image-preview":"max-image-preview:large","max-video-preview":"max-video-preview:-1"},"canonical":"https:\/\/www.africa-press.net\/cameroun\/politique\/telephonie-mobile-la-zambienne-mitwa-ngambi-nommee-manager-general-chez-mtn-cameroon","og_locale":"fr_FR","og_type":"article","og_title":"T\u00e9l\u00e9phonie mobile: La Zambienne Mitwa Ng\u2019ambi nomm\u00e9e Manager G\u00e9n\u00e9ral chez MTN Cameroon","og_description":"L\u2019op\u00e9rateur de t\u00e9l\u00e9phonie mobile MTN Cameroon a un nouveau directeur g\u00e9n\u00e9ral. Il s\u2019agit de la Zambienne Mitwa Ng\u2019ambi, d ...","og_url":"https:\/\/www.africa-press.net\/cameroun\/politique\/telephonie-mobile-la-zambienne-mitwa-ngambi-nommee-manager-general-chez-mtn-cameroon","og_site_name":"Cameroun","article_published_time":"2022-07-01T17:43:18+00:00","article_modified_time":"2022-07-01T17:43:34+00:00","og_image":[{"width":800,"height":777,"url":"https:\/\/static.africa-press.net\/cameroun\/sites\/57\/2022\/07\/img.jpg","type":"image\/jpeg"}],"author":"cfeditorfr","twitter_card":"summary_large_image","twitter_misc":{"\u00c9crit par":"cfeditorfr","Dur\u00e9e de lecture estim\u00e9e":"2 minutes"},"schema":{"@context":"https:\/\/schema.org","@graph":[{"@type":"Article","@id":"https:\/\/www.africa-press.net\/cameroun\/politique\/telephonie-mobile-la-zambienne-mitwa-ngambi-nommee-manager-general-chez-mtn-cameroon#article","isPartOf":{"@id":"https:\/\/www.africa-press.net\/cameroun\/politique\/telephonie-mobile-la-zambienne-mitwa-ngambi-nommee-manager-general-chez-mtn-cameroon"},"author":{"name":"cfeditorfr","@id":"https:\/\/www.africa-press.net\/cameroun\/#\/schema\/person\/2b1cf3cd81a31e3cd26889ca66d677f1"},"headline":"T\u00e9l\u00e9phonie mobile: La Zambienne Mitwa Ng\u2019ambi nomm\u00e9e Manager G\u00e9n\u00e9ral chez MTN Cameroon","datePublished":"2022-07-01T17:43:18+00:00","dateModified":"2022-07-01T17:43:34+00:00","mainEntityOfPage":{"@id":"https:\/\/www.africa-press.net\/cameroun\/politique\/telephonie-mobile-la-zambienne-mitwa-ngambi-nommee-manager-general-chez-mtn-cameroon"},"wordCount":332,"commentCount":0,"image":{"@id":"https:\/\/www.africa-press.net\/cameroun\/politique\/telephonie-mobile-la-zambienne-mitwa-ngambi-nommee-manager-general-chez-mtn-cameroon#primaryimage"},"thumbnailUrl":"https:\/\/static.africa-press.net\/cameroun\/sites\/57\/2022\/07\/img.jpg","keywords":["Africa Press","Africa Press-Cameroun","Cameroun"],"articleSection":["homepage-french","Politique","Toutes les actualit\u00e9s"],"inLanguage":"fr-FR","potentialAction":[{"@type":"CommentAction","name":"Comment","target":["https:\/\/www.africa-press.net\/cameroun\/politique\/telephonie-mobile-la-zambienne-mitwa-ngambi-nommee-manager-general-chez-mtn-cameroon#respond"]}]},{"@type":"WebPage","@id":"https:\/\/www.africa-press.net\/cameroun\/politique\/telephonie-mobile-la-zambienne-mitwa-ngambi-nommee-manager-general-chez-mtn-cameroon","url":"https:\/\/www.africa-press.net\/cameroun\/politique\/telephonie-mobile-la-zambienne-mitwa-ngambi-nommee-manager-general-chez-mtn-cameroon","name":"T\u00e9l\u00e9phonie mobile: La Zambienne Mitwa Ng\u2019ambi nomm\u00e9e Manager G\u00e9n\u00e9ral chez MTN Cameroon - Cameroun","isPartOf":{"@id":"https:\/\/www.africa-press.net\/cameroun\/#website"},"primaryImageOfPage":{"@id":"https:\/\/www.africa-press.net\/cameroun\/politique\/telephonie-mobile-la-zambienne-mitwa-ngambi-nommee-manager-general-chez-mtn-cameroon#primaryimage"},"image":{"@id":"https:\/\/www.africa-press.net\/cameroun\/politique\/telephonie-mobile-la-zambienne-mitwa-ngambi-nommee-manager-general-chez-mtn-cameroon#primaryimage"},"thumbnailUrl":"https:\/\/static.africa-press.net\/cameroun\/sites\/57\/2022\/07\/img.jpg","datePublished":"2022-07-01T17:43:18+00:00","dateModified":"2022-07-01T17:43:34+00:00","author":{"@id":"https:\/\/www.africa-press.net\/cameroun\/#\/schema\/person\/2b1cf3cd81a31e3cd26889ca66d677f1"},"description":"L\u2019op\u00e9rateur de t\u00e9l\u00e9phonie mobile MTN Cameroon a un nouveau directeur g\u00e9n\u00e9ral. Il s\u2019agit de la Zambienne Mitwa Ng\u2019ambi, d ...","breadcrumb":{"@id":"https:\/\/www.africa-press.net\/cameroun\/politique\/telephonie-mobile-la-zambienne-mitwa-ngambi-nommee-manager-general-chez-mtn-cameroon#breadcrumb"},"inLanguage":"fr-FR","potentialAction":[{"@type":"ReadAction","target":["https:\/\/www.africa-press.net\/cameroun\/politique\/telephonie-mobile-la-zambienne-mitwa-ngambi-nommee-manager-general-chez-mtn-cameroon"]}]},{"@type":"ImageObject","inLanguage":"fr-FR","@id":"https:\/\/www.africa-press.net\/cameroun\/politique\/telephonie-mobile-la-zambienne-mitwa-ngambi-nommee-manager-general-chez-mtn-cameroon#primaryimage","url":"https:\/\/static.africa-press.net\/cameroun\/sites\/57\/2022\/07\/img.jpg","contentUrl":"https:\/\/static.africa-press.net\/cameroun\/sites\/57\/2022\/07\/img.jpg","width":800,"height":777,"caption":"T\u00e9l\u00e9phonie mobile: La Zambienne Mitwa Ng\u2019ambi nomm\u00e9e Manager G\u00e9n\u00e9ral chez MTN Cameroon"},{"@type":"BreadcrumbList","@id":"https:\/\/www.africa-press.net\/cameroun\/politique\/telephonie-mobile-la-zambienne-mitwa-ngambi-nommee-manager-general-chez-mtn-cameroon#breadcrumb","itemListElement":[{"@type":"ListItem","position":1,"name":"Accueil","item":"https:\/\/www.africa-press.net\/cameroun\/"},{"@type":"ListItem","position":2,"name":"T\u00e9l\u00e9phonie mobile: La Zambienne Mitwa Ng\u2019ambi nomm\u00e9e Manager G\u00e9n\u00e9ral chez MTN Cameroon"}]},{"@type":"WebSite","@id":"https:\/\/www.africa-press.net\/cameroun\/#website","url":"https:\/\/www.africa-press.net\/cameroun\/","name":"Cameroun","description":"Just another Africa News Agency Sites site","potentialAction":[{"@type":"SearchAction","target":{"@type":"EntryPoint","urlTemplate":"https:\/\/www.africa-press.net\/cameroun\/?s={search_term_string}"},"query-input":{"@type":"PropertyValueSpecification","valueRequired":true,"valueName":"search_term_string"}}],"inLanguage":"fr-FR"},{"@type":"Person","@id":"https:\/\/www.africa-press.net\/cameroun\/#\/schema\/person\/2b1cf3cd81a31e3cd26889ca66d677f1","name":"cfeditorfr"}]}},"_links":{"self":[{"href":"https:\/\/www.africa-press.net\/cameroun\/wp-json\/wp\/v2\/posts\/22601","targetHints":{"allow":["GET"]}}],"collection":[{"href":"https:\/\/www.africa-press.net\/cameroun\/wp-json\/wp\/v2\/posts"}],"about":[{"href":"https:\/\/www.africa-press.net\/cameroun\/wp-json\/wp\/v2\/types\/post"}],"author":[{"embeddable":true,"href":"https:\/\/www.africa-press.net\/cameroun\/wp-json\/wp\/v2\/users\/82"}],"replies":[{"embeddable":true,"href":"https:\/\/www.africa-press.net\/cameroun\/wp-json\/wp\/v2\/comments?post=22601"}],"version-history":[{"count":0,"href":"https:\/\/www.africa-press.net\/cameroun\/wp-json\/wp\/v2\/posts\/22601\/revisions"}],"wp:featuredmedia":[{"embeddable":true,"href":"https:\/\/www.africa-press.net\/cameroun\/wp-json\/wp\/v2\/media\/22600"}],"wp:attachment":[{"href":"https:\/\/www.africa-press.net\/cameroun\/wp-json\/wp\/v2\/media?parent=22601"}],"wp:term":[{"taxonomy":"category","embeddable":true,"href":"https:\/\/www.africa-press.net\/cameroun\/wp-json\/wp\/v2\/categories?post=22601"},{"taxonomy":"post_tag","embeddable":true,"href":"https:\/\/www.africa-press.net\/cameroun\/wp-json\/wp\/v2\/tags?post=22601"}],"curies":[{"name":"wp","href":"https:\/\/api.w.org\/{rel}","templated":true}]}}