{"id":2264,"date":"2021-04-12T19:38:24","date_gmt":"2021-04-12T19:38:24","guid":{"rendered":"https:\/\/www.africa-press.net\/cameroun\/politique\/grace-de-mendo-ze-paul-biya-pique-une-colere-noire-contre-charles-ndongo"},"modified":"2021-04-13T02:48:34","modified_gmt":"2021-04-13T02:48:34","slug":"grace-de-mendo-ze-paul-biya-pique-une-colere-noire-contre-charles-ndongo","status":"publish","type":"post","link":"https:\/\/www.africa-press.net\/cameroun\/politique\/grace-de-mendo-ze-paul-biya-pique-une-colere-noire-contre-charles-ndongo","title":{"rendered":"Gr\u00e2ce de Mendo Z\u00e9: Paul Biya pique une col\u00e8re noire contre Charles Ndongo"},"content":{"rendered":"<p><span style=\"color: #ff6600\"><strong><a href=\"https:\/\/www.africa-press.net\/\">Africa-Press<\/a> &#8211; <a href=\"https:\/\/www.africa-press.net\/cameroun\">Cameroun<\/a>. <\/strong><\/span>Selon le Directeur g\u00e9n\u00e9ral de RIS FM, Paul Biya n&rsquo;a pas appr\u00e9ci\u00e9 l&rsquo;initiative de Charles Ndongo, le DG de la CRTV qui a d\u00e9clar\u00e9 en mondovision que lui le chef de l&rsquo;Etat a sign\u00e9 une gr\u00e2ce pr\u00e9sidentielle au Prof Mendo Z\u00e9.<\/p>\n<p>&lsquo;\u00e7a chauffe en ce moment au cabinet de Paul Biya furieux ; \u00ab\u00a0qui lui a demand\u00e9 de dire des choses pareils\u00a0\u00bb il parle de Charles Ndongo qui a pris sur lui de dire que le pr\u00e9sident avait sign\u00e9 une GR\u00c2CE en secret pour Mendo Z\u00e9 ! Ce qui est impossible car les proc\u00e9dures de recours du professeur \u00e9taient en cours&rsquo;, a \u00e9crit le patron de RIS FM ce lundi 12 avril.<\/p>\n<p>Le faux d\u00e9cret de Paul Biya et Charles Ndongo d\u00e9masqu\u00e9<\/p>\n<p>\u00ab Nous avons \u00e9t\u00e9 aid\u00e9s par la gr\u00e2ce que le pr\u00e9sident lui a accord\u00e9e. Tout le monde doit savoir qu\u2019elle a \u00e9t\u00e9 effective. Elle lui a \u00e9t\u00e9 accord\u00e9e. J\u2019ai \u00e9t\u00e9 l\u2019un des premiers \u00e0 \u00eatre inform\u00e9 en m\u2019interdisant de faire trop de publicit\u00e9 autour de cela, en sachant qu\u2019il \u00e9tait au bout du rouleau, en fin de potentiel et que nous devrions rester discret sur cet \u00e9tat de sant\u00e9\u2026Le chef de l\u2019\u00c9tat a suivi son \u00e9tat jusqu\u2019au bout. Je peux vous dire qu\u2019il est mort dans l\u2019ambulance du palais de l\u2019unit\u00e9. \u00bb, r\u00e9v\u00e8le Charles Ndongo.<\/p>\n<p>Ce dimanche 11 avril 2021, le sujet de la mort du professeur Gervais Mendo Ze est revenu lors du d\u00e9bat sur le plateau de \u00ab Droit de r\u00e9ponse \u00bb, une \u00e9mission de d\u00e9bat dominicale diffus\u00e9e sur les antennes d\u2019Equinoxe Tv, un m\u00e9dia priv\u00e9 \u00e9mettant depuis Douala au Cameroun. On se souvient que dans une sortie hommage, vendredi dernier Charles Ndongo, affirmait que son ex-patron avait eu droit \u00e0 une gr\u00e2ce pr\u00e9sidentielle.<\/p>\n<p>Me Assira estime qu\u2019il s\u2019agit d\u2019une mauvaise interpr\u00e9tation de la loi. \u00ab Pr Mendo Ze avait fait un recours. Donc il est impossible qu\u2019il y ait eu une gr\u00e2ce. Affirmer qu\u2019il y\u2019a eu une d\u00e9cision de gr\u00e2ce me para\u00eet imprudent. \u00c7a n\u2019existe pas. Si \u00e7a a \u00e9t\u00e9 fait c\u2019est pire encore. C\u2019est qu\u2019il y a eu violation de la loi. L\u2019affaire Mendo Ze \u00e9tait encore en appel. Il ne pouvait pas b\u00e9n\u00e9ficier d\u2019une gr\u00e2ce pr\u00e9sidentielle. S\u2019il a \u00e9t\u00e9 graci\u00e9 comme l\u2019a affirm\u00e9 Charles Ndongo, la loi a donc \u00e9t\u00e9 viol\u00e9e \u00bb, a-t-il indiqu\u00e9.<\/p>\n<p>Un point de vue partag\u00e9 par Me Emmanuel Pensy, le mandataire du Rdpc sur le plateau de cette \u00e9mission. \u00ab Tous les avocats qui se respectent savent qu\u2019on ne peut pas avoir droit de gr\u00e2ce lorsqu\u2019il n\u2019existe plus de voie de recours. Il n\u2019existe pas un d\u00e9cret, parce que les dispositions de la loi sont strictes. Paul Biya est un juriste. Il ne va pas violer la loi parce que c\u2019est Mendo Ze \u00bb.<\/p>\n<p>\u00ab On ne peut pas dire en plus que c\u2019est un d\u00e9cret qui est secret. Un d\u00e9cret a l\u2019obligation d\u2019\u00eatre publi\u00e9. C\u2019est une obligation l\u00e9gale. Il ne faut pas dire que le pr\u00e9sident a sign\u00e9 un d\u00e9cret et c\u2019est secret, qu\u2019il est mort dans l\u2019ambulance du pr\u00e9sident. Il faut \u00eatre s\u00e9rieux quand quelqu\u2019un est mort \u00bb, a conclu l\u2019avocat.<\/p>\n","protected":false},"excerpt":{"rendered":"<p>Africa-Press &#8211; Cameroun. Selon le Directeur g\u00e9n\u00e9ral de RIS FM, Paul Biya n&rsquo;a pas appr\u00e9ci\u00e9 l&rsquo;initiative de Charles Ndongo, le DG de la CRTV qui a d\u00e9clar\u00e9 en mondovision que lui le chef de l&rsquo;Etat a sign\u00e9 une gr\u00e2ce pr\u00e9sidentielle au Prof Mendo Z\u00e9. &lsquo;\u00e7a chauffe en ce moment au cabinet de Paul Biya furieux [&hellip;]<\/p>\n","protected":false},"author":82,"featured_media":2263,"comment_status":"open","ping_status":"closed","sticky":false,"template":"","format":"standard","meta":{"footnotes":""},"categories":[11,2,10],"tags":[36,50,49],"class_list":["post-2264","post","type-post","status-publish","format-standard","has-post-thumbnail","hentry","category-homepage-french","category-politique","category-toutes-les-actualites","tag-africa-press","tag-africa-press-cameroun","tag-cameroun"],"yoast_head":"<!-- This site is optimized with the Yoast SEO Premium plugin v26.1 (Yoast SEO v27.0) - https:\/\/yoast.com\/product\/yoast-seo-premium-wordpress\/ -->\n<title>Gr\u00e2ce de Mendo Z\u00e9: Paul Biya pique une col\u00e8re noire contre Charles Ndongo - Cameroun<\/title>\n<meta name=\"description\" content=\"Selon le Directeur g\u00e9n\u00e9ral de RIS FM, Paul Biya n&#039;a pas appr\u00e9ci\u00e9 l&#039;initiative de Charles Ndongo, le DG de la CRTV qui a ...\" \/>\n<meta name=\"robots\" content=\"index, follow, max-snippet:-1, max-image-preview:large, max-video-preview:-1\" \/>\n<link rel=\"canonical\" href=\"https:\/\/www.africa-press.net\/cameroun\/politique\/grace-de-mendo-ze-paul-biya-pique-une-colere-noire-contre-charles-ndongo\" \/>\n<meta property=\"og:locale\" content=\"fr_FR\" \/>\n<meta property=\"og:type\" content=\"article\" \/>\n<meta property=\"og:title\" content=\"Gr\u00e2ce de Mendo Z\u00e9: Paul Biya pique une col\u00e8re noire contre Charles Ndongo\" \/>\n<meta property=\"og:description\" content=\"Selon le Directeur g\u00e9n\u00e9ral de RIS FM, Paul Biya n&#039;a pas appr\u00e9ci\u00e9 l&#039;initiative de Charles Ndongo, le DG de la CRTV qui a ...\" \/>\n<meta property=\"og:url\" content=\"https:\/\/www.africa-press.net\/cameroun\/politique\/grace-de-mendo-ze-paul-biya-pique-une-colere-noire-contre-charles-ndongo\" \/>\n<meta property=\"og:site_name\" content=\"Cameroun\" \/>\n<meta property=\"article:published_time\" content=\"2021-04-12T19:38:24+00:00\" \/>\n<meta property=\"article:modified_time\" content=\"2021-04-13T02:48:34+00:00\" \/>\n<meta property=\"og:image\" content=\"https:\/\/static.africa-press.net\/cameroun\/sites\/57\/2021\/04\/img-607506697c880.jpg\" \/>\n\t<meta property=\"og:image:width\" content=\"1200\" \/>\n\t<meta property=\"og:image:height\" content=\"674\" \/>\n\t<meta property=\"og:image:type\" content=\"image\/jpeg\" \/>\n<meta name=\"author\" content=\"cfeditorfr\" \/>\n<meta name=\"twitter:card\" content=\"summary_large_image\" \/>\n<meta name=\"twitter:label1\" content=\"\u00c9crit par\" \/>\n\t<meta name=\"twitter:data1\" content=\"cfeditorfr\" \/>\n\t<meta name=\"twitter:label2\" content=\"Dur\u00e9e de lecture estim\u00e9e\" \/>\n\t<meta name=\"twitter:data2\" content=\"3 minutes\" \/>\n<script type=\"application\/ld+json\" class=\"yoast-schema-graph\">{\"@context\":\"https:\/\/schema.org\",\"@graph\":[{\"@type\":\"Article\",\"@id\":\"https:\/\/www.africa-press.net\/cameroun\/politique\/grace-de-mendo-ze-paul-biya-pique-une-colere-noire-contre-charles-ndongo#article\",\"isPartOf\":{\"@id\":\"https:\/\/www.africa-press.net\/cameroun\/politique\/grace-de-mendo-ze-paul-biya-pique-une-colere-noire-contre-charles-ndongo\"},\"author\":{\"name\":\"cfeditorfr\",\"@id\":\"https:\/\/www.africa-press.net\/cameroun\/#\/schema\/person\/2b1cf3cd81a31e3cd26889ca66d677f1\"},\"headline\":\"Gr\u00e2ce de Mendo Z\u00e9: Paul Biya pique une col\u00e8re noire contre Charles Ndongo\",\"datePublished\":\"2021-04-12T19:38:24+00:00\",\"dateModified\":\"2021-04-13T02:48:34+00:00\",\"mainEntityOfPage\":{\"@id\":\"https:\/\/www.africa-press.net\/cameroun\/politique\/grace-de-mendo-ze-paul-biya-pique-une-colere-noire-contre-charles-ndongo\"},\"wordCount\":602,\"commentCount\":0,\"image\":{\"@id\":\"https:\/\/www.africa-press.net\/cameroun\/politique\/grace-de-mendo-ze-paul-biya-pique-une-colere-noire-contre-charles-ndongo#primaryimage\"},\"thumbnailUrl\":\"https:\/\/static.africa-press.net\/cameroun\/sites\/57\/2021\/04\/img-607506697c880.jpg\",\"keywords\":[\"Africa Press\",\"Africa Press-Cameroun\",\"Cameroun\"],\"articleSection\":[\"homepage-french\",\"Politique\",\"Toutes les actualit\u00e9s\"],\"inLanguage\":\"fr-FR\",\"potentialAction\":[{\"@type\":\"CommentAction\",\"name\":\"Comment\",\"target\":[\"https:\/\/www.africa-press.net\/cameroun\/politique\/grace-de-mendo-ze-paul-biya-pique-une-colere-noire-contre-charles-ndongo#respond\"]}]},{\"@type\":\"WebPage\",\"@id\":\"https:\/\/www.africa-press.net\/cameroun\/politique\/grace-de-mendo-ze-paul-biya-pique-une-colere-noire-contre-charles-ndongo\",\"url\":\"https:\/\/www.africa-press.net\/cameroun\/politique\/grace-de-mendo-ze-paul-biya-pique-une-colere-noire-contre-charles-ndongo\",\"name\":\"Gr\u00e2ce de Mendo Z\u00e9: Paul Biya pique une col\u00e8re noire contre Charles Ndongo - Cameroun\",\"isPartOf\":{\"@id\":\"https:\/\/www.africa-press.net\/cameroun\/#website\"},\"primaryImageOfPage\":{\"@id\":\"https:\/\/www.africa-press.net\/cameroun\/politique\/grace-de-mendo-ze-paul-biya-pique-une-colere-noire-contre-charles-ndongo#primaryimage\"},\"image\":{\"@id\":\"https:\/\/www.africa-press.net\/cameroun\/politique\/grace-de-mendo-ze-paul-biya-pique-une-colere-noire-contre-charles-ndongo#primaryimage\"},\"thumbnailUrl\":\"https:\/\/static.africa-press.net\/cameroun\/sites\/57\/2021\/04\/img-607506697c880.jpg\",\"datePublished\":\"2021-04-12T19:38:24+00:00\",\"dateModified\":\"2021-04-13T02:48:34+00:00\",\"author\":{\"@id\":\"https:\/\/www.africa-press.net\/cameroun\/#\/schema\/person\/2b1cf3cd81a31e3cd26889ca66d677f1\"},\"description\":\"Selon le Directeur g\u00e9n\u00e9ral de RIS FM, Paul Biya n'a pas appr\u00e9ci\u00e9 l'initiative de Charles Ndongo, le DG de la CRTV qui a ...\",\"breadcrumb\":{\"@id\":\"https:\/\/www.africa-press.net\/cameroun\/politique\/grace-de-mendo-ze-paul-biya-pique-une-colere-noire-contre-charles-ndongo#breadcrumb\"},\"inLanguage\":\"fr-FR\",\"potentialAction\":[{\"@type\":\"ReadAction\",\"target\":[\"https:\/\/www.africa-press.net\/cameroun\/politique\/grace-de-mendo-ze-paul-biya-pique-une-colere-noire-contre-charles-ndongo\"]}]},{\"@type\":\"ImageObject\",\"inLanguage\":\"fr-FR\",\"@id\":\"https:\/\/www.africa-press.net\/cameroun\/politique\/grace-de-mendo-ze-paul-biya-pique-une-colere-noire-contre-charles-ndongo#primaryimage\",\"url\":\"https:\/\/static.africa-press.net\/cameroun\/sites\/57\/2021\/04\/img-607506697c880.jpg\",\"contentUrl\":\"https:\/\/static.africa-press.net\/cameroun\/sites\/57\/2021\/04\/img-607506697c880.jpg\",\"width\":1200,\"height\":674,\"caption\":\"Gr\u00e2ce de Mendo Z\u00e9: Paul Biya pique une col\u00e8re noire contre Charles Ndongo\"},{\"@type\":\"BreadcrumbList\",\"@id\":\"https:\/\/www.africa-press.net\/cameroun\/politique\/grace-de-mendo-ze-paul-biya-pique-une-colere-noire-contre-charles-ndongo#breadcrumb\",\"itemListElement\":[{\"@type\":\"ListItem\",\"position\":1,\"name\":\"Accueil\",\"item\":\"https:\/\/www.africa-press.net\/cameroun\/\"},{\"@type\":\"ListItem\",\"position\":2,\"name\":\"Gr\u00e2ce de Mendo Z\u00e9: Paul Biya pique une col\u00e8re noire contre Charles Ndongo\"}]},{\"@type\":\"WebSite\",\"@id\":\"https:\/\/www.africa-press.net\/cameroun\/#website\",\"url\":\"https:\/\/www.africa-press.net\/cameroun\/\",\"name\":\"Cameroun\",\"description\":\"Just another Africa News Agency Sites site\",\"potentialAction\":[{\"@type\":\"SearchAction\",\"target\":{\"@type\":\"EntryPoint\",\"urlTemplate\":\"https:\/\/www.africa-press.net\/cameroun\/?s={search_term_string}\"},\"query-input\":{\"@type\":\"PropertyValueSpecification\",\"valueRequired\":true,\"valueName\":\"search_term_string\"}}],\"inLanguage\":\"fr-FR\"},{\"@type\":\"Person\",\"@id\":\"https:\/\/www.africa-press.net\/cameroun\/#\/schema\/person\/2b1cf3cd81a31e3cd26889ca66d677f1\",\"name\":\"cfeditorfr\"}]}<\/script>\n<!-- \/ Yoast SEO Premium plugin. -->","yoast_head_json":{"title":"Gr\u00e2ce de Mendo Z\u00e9: Paul Biya pique une col\u00e8re noire contre Charles Ndongo - Cameroun","description":"Selon le Directeur g\u00e9n\u00e9ral de RIS FM, Paul Biya n'a pas appr\u00e9ci\u00e9 l'initiative de Charles Ndongo, le DG de la CRTV qui a ...","robots":{"index":"index","follow":"follow","max-snippet":"max-snippet:-1","max-image-preview":"max-image-preview:large","max-video-preview":"max-video-preview:-1"},"canonical":"https:\/\/www.africa-press.net\/cameroun\/politique\/grace-de-mendo-ze-paul-biya-pique-une-colere-noire-contre-charles-ndongo","og_locale":"fr_FR","og_type":"article","og_title":"Gr\u00e2ce de Mendo Z\u00e9: Paul Biya pique une col\u00e8re noire contre Charles Ndongo","og_description":"Selon le Directeur g\u00e9n\u00e9ral de RIS FM, Paul Biya n'a pas appr\u00e9ci\u00e9 l'initiative de Charles Ndongo, le DG de la CRTV qui a ...","og_url":"https:\/\/www.africa-press.net\/cameroun\/politique\/grace-de-mendo-ze-paul-biya-pique-une-colere-noire-contre-charles-ndongo","og_site_name":"Cameroun","article_published_time":"2021-04-12T19:38:24+00:00","article_modified_time":"2021-04-13T02:48:34+00:00","og_image":[{"width":1200,"height":674,"url":"https:\/\/static.africa-press.net\/cameroun\/sites\/57\/2021\/04\/img-607506697c880.jpg","type":"image\/jpeg"}],"author":"cfeditorfr","twitter_card":"summary_large_image","twitter_misc":{"\u00c9crit par":"cfeditorfr","Dur\u00e9e de lecture estim\u00e9e":"3 minutes"},"schema":{"@context":"https:\/\/schema.org","@graph":[{"@type":"Article","@id":"https:\/\/www.africa-press.net\/cameroun\/politique\/grace-de-mendo-ze-paul-biya-pique-une-colere-noire-contre-charles-ndongo#article","isPartOf":{"@id":"https:\/\/www.africa-press.net\/cameroun\/politique\/grace-de-mendo-ze-paul-biya-pique-une-colere-noire-contre-charles-ndongo"},"author":{"name":"cfeditorfr","@id":"https:\/\/www.africa-press.net\/cameroun\/#\/schema\/person\/2b1cf3cd81a31e3cd26889ca66d677f1"},"headline":"Gr\u00e2ce de Mendo Z\u00e9: Paul Biya pique une col\u00e8re noire contre Charles Ndongo","datePublished":"2021-04-12T19:38:24+00:00","dateModified":"2021-04-13T02:48:34+00:00","mainEntityOfPage":{"@id":"https:\/\/www.africa-press.net\/cameroun\/politique\/grace-de-mendo-ze-paul-biya-pique-une-colere-noire-contre-charles-ndongo"},"wordCount":602,"commentCount":0,"image":{"@id":"https:\/\/www.africa-press.net\/cameroun\/politique\/grace-de-mendo-ze-paul-biya-pique-une-colere-noire-contre-charles-ndongo#primaryimage"},"thumbnailUrl":"https:\/\/static.africa-press.net\/cameroun\/sites\/57\/2021\/04\/img-607506697c880.jpg","keywords":["Africa Press","Africa Press-Cameroun","Cameroun"],"articleSection":["homepage-french","Politique","Toutes les actualit\u00e9s"],"inLanguage":"fr-FR","potentialAction":[{"@type":"CommentAction","name":"Comment","target":["https:\/\/www.africa-press.net\/cameroun\/politique\/grace-de-mendo-ze-paul-biya-pique-une-colere-noire-contre-charles-ndongo#respond"]}]},{"@type":"WebPage","@id":"https:\/\/www.africa-press.net\/cameroun\/politique\/grace-de-mendo-ze-paul-biya-pique-une-colere-noire-contre-charles-ndongo","url":"https:\/\/www.africa-press.net\/cameroun\/politique\/grace-de-mendo-ze-paul-biya-pique-une-colere-noire-contre-charles-ndongo","name":"Gr\u00e2ce de Mendo Z\u00e9: Paul Biya pique une col\u00e8re noire contre Charles Ndongo - Cameroun","isPartOf":{"@id":"https:\/\/www.africa-press.net\/cameroun\/#website"},"primaryImageOfPage":{"@id":"https:\/\/www.africa-press.net\/cameroun\/politique\/grace-de-mendo-ze-paul-biya-pique-une-colere-noire-contre-charles-ndongo#primaryimage"},"image":{"@id":"https:\/\/www.africa-press.net\/cameroun\/politique\/grace-de-mendo-ze-paul-biya-pique-une-colere-noire-contre-charles-ndongo#primaryimage"},"thumbnailUrl":"https:\/\/static.africa-press.net\/cameroun\/sites\/57\/2021\/04\/img-607506697c880.jpg","datePublished":"2021-04-12T19:38:24+00:00","dateModified":"2021-04-13T02:48:34+00:00","author":{"@id":"https:\/\/www.africa-press.net\/cameroun\/#\/schema\/person\/2b1cf3cd81a31e3cd26889ca66d677f1"},"description":"Selon le Directeur g\u00e9n\u00e9ral de RIS FM, Paul Biya n'a pas appr\u00e9ci\u00e9 l'initiative de Charles Ndongo, le DG de la CRTV qui a ...","breadcrumb":{"@id":"https:\/\/www.africa-press.net\/cameroun\/politique\/grace-de-mendo-ze-paul-biya-pique-une-colere-noire-contre-charles-ndongo#breadcrumb"},"inLanguage":"fr-FR","potentialAction":[{"@type":"ReadAction","target":["https:\/\/www.africa-press.net\/cameroun\/politique\/grace-de-mendo-ze-paul-biya-pique-une-colere-noire-contre-charles-ndongo"]}]},{"@type":"ImageObject","inLanguage":"fr-FR","@id":"https:\/\/www.africa-press.net\/cameroun\/politique\/grace-de-mendo-ze-paul-biya-pique-une-colere-noire-contre-charles-ndongo#primaryimage","url":"https:\/\/static.africa-press.net\/cameroun\/sites\/57\/2021\/04\/img-607506697c880.jpg","contentUrl":"https:\/\/static.africa-press.net\/cameroun\/sites\/57\/2021\/04\/img-607506697c880.jpg","width":1200,"height":674,"caption":"Gr\u00e2ce de Mendo Z\u00e9: Paul Biya pique une col\u00e8re noire contre Charles Ndongo"},{"@type":"BreadcrumbList","@id":"https:\/\/www.africa-press.net\/cameroun\/politique\/grace-de-mendo-ze-paul-biya-pique-une-colere-noire-contre-charles-ndongo#breadcrumb","itemListElement":[{"@type":"ListItem","position":1,"name":"Accueil","item":"https:\/\/www.africa-press.net\/cameroun\/"},{"@type":"ListItem","position":2,"name":"Gr\u00e2ce de Mendo Z\u00e9: Paul Biya pique une col\u00e8re noire contre Charles Ndongo"}]},{"@type":"WebSite","@id":"https:\/\/www.africa-press.net\/cameroun\/#website","url":"https:\/\/www.africa-press.net\/cameroun\/","name":"Cameroun","description":"Just another Africa News Agency Sites site","potentialAction":[{"@type":"SearchAction","target":{"@type":"EntryPoint","urlTemplate":"https:\/\/www.africa-press.net\/cameroun\/?s={search_term_string}"},"query-input":{"@type":"PropertyValueSpecification","valueRequired":true,"valueName":"search_term_string"}}],"inLanguage":"fr-FR"},{"@type":"Person","@id":"https:\/\/www.africa-press.net\/cameroun\/#\/schema\/person\/2b1cf3cd81a31e3cd26889ca66d677f1","name":"cfeditorfr"}]}},"_links":{"self":[{"href":"https:\/\/www.africa-press.net\/cameroun\/wp-json\/wp\/v2\/posts\/2264","targetHints":{"allow":["GET"]}}],"collection":[{"href":"https:\/\/www.africa-press.net\/cameroun\/wp-json\/wp\/v2\/posts"}],"about":[{"href":"https:\/\/www.africa-press.net\/cameroun\/wp-json\/wp\/v2\/types\/post"}],"author":[{"embeddable":true,"href":"https:\/\/www.africa-press.net\/cameroun\/wp-json\/wp\/v2\/users\/82"}],"replies":[{"embeddable":true,"href":"https:\/\/www.africa-press.net\/cameroun\/wp-json\/wp\/v2\/comments?post=2264"}],"version-history":[{"count":0,"href":"https:\/\/www.africa-press.net\/cameroun\/wp-json\/wp\/v2\/posts\/2264\/revisions"}],"wp:featuredmedia":[{"embeddable":true,"href":"https:\/\/www.africa-press.net\/cameroun\/wp-json\/wp\/v2\/media\/2263"}],"wp:attachment":[{"href":"https:\/\/www.africa-press.net\/cameroun\/wp-json\/wp\/v2\/media?parent=2264"}],"wp:term":[{"taxonomy":"category","embeddable":true,"href":"https:\/\/www.africa-press.net\/cameroun\/wp-json\/wp\/v2\/categories?post=2264"},{"taxonomy":"post_tag","embeddable":true,"href":"https:\/\/www.africa-press.net\/cameroun\/wp-json\/wp\/v2\/tags?post=2264"}],"curies":[{"name":"wp","href":"https:\/\/api.w.org\/{rel}","templated":true}]}}