{"id":2282,"date":"2021-04-23T18:48:30","date_gmt":"2021-04-23T18:48:30","guid":{"rendered":"https:\/\/www.africa-press.net\/cameroun\/politique\/cameroun-obseques-debut-ce-jour-des-obseques-de-gervais-mendo-ze-ancien-dg-de-la-crtv"},"modified":"2021-04-23T21:48:06","modified_gmt":"2021-04-23T21:48:06","slug":"cameroun-obseques-debut-ce-jour-des-obseques-de-gervais-mendo-ze-ancien-dg-de-la-crtv","status":"publish","type":"post","link":"https:\/\/www.africa-press.net\/cameroun\/politique\/cameroun-obseques-debut-ce-jour-des-obseques-de-gervais-mendo-ze-ancien-dg-de-la-crtv","title":{"rendered":"Cameroun &#8211; Obs\u00e8ques: D\u00e9but ce jour des obs\u00e8ques de Gervais Mendo Ze (ancien DG de la CRTV)"},"content":{"rendered":"<p><span style=\"color: #ff6600\"><strong><a href=\"https:\/\/www.africa-press.net\/\">Africa-Press<\/a> &#8211; <a href=\"https:\/\/www.africa-press.net\/cameroun\">Cameroun<\/a>. <\/strong><\/span><b>Gervais Mendo Ze &#8211; <\/b>entame ce 23 avril 2021, son dernier voyage sur terre. La mise en bi\u00e8re est pr\u00e9vue en fin de matin\u00e9e \u00e0 l\u2019h\u00f4pital central de Yaound\u00e9. Une messe de requiem sera ensuite dite en la cath\u00e9drale Notre-Dame-des-Victoires de Yaound\u00e9, pr\u00e9sid\u00e9e par l\u2019archev\u00eaque de la ville, Monseigneur Jean Mbarga.<\/p>\n<p>En d\u00e9but d\u2019apr\u00e8s-midi, la d\u00e9pouille de l\u2019ancien directeur g\u00e9n\u00e9ral de la CRTV sera transf\u00e9r\u00e9e \u00e0 Sangmelima, son village, situ\u00e9 dans la r\u00e9gion du Sud, o\u00f9 il sera inhum\u00e9 demain samedi.<\/p>\n<p>La CRTV, qu\u2019il a dirig\u00e9e pendant trois d\u00e9cennies, annonce pour ce soir, un programme sp\u00e9cial d\u2019hommages en son honneur. L\u2019on annonce notamment de nombreux t\u00e9moignages de ses anciens collaborateurs au sein de la cha\u00eene publique.<\/p>\n<p>L\u2019ancien ministre d\u00e9l\u00e9gu\u00e9 aupr\u00e8s du ministre de la Communication est d\u00e9c\u00e9d\u00e9 le 9 avril dernier des suites de maladie \u00e0 Yaound\u00e9. L\u2019enseignant de lettres, \u00e9crou\u00e9 en prison pour d\u00e9tournement de fonds publics, a souffert pendant les derni\u00e8res ann\u00e9es de sa vie.<\/p>\n<p>Les images de lui, tr\u00e8s amaigri, alit\u00e9 dans un h\u00f4pital, ont fait le tour des r\u00e9seaux sociaux. Certains leaders d\u2019opinion ont appel\u00e9 \u00e0 la gr\u00e2ce pr\u00e9sidentielle. Un appel qui n\u2019a jamais \u00e9t\u00e9 entendu. C\u2019est donc dans l\u2019indiff\u00e9rence totale que cet ancien ponte du r\u00e9gime de Yaound\u00e9 a rendu l\u2019\u00e2me \u00e0 l\u00e2ge de 77 ans, provoquant \u00e9moi et compassion au sein de l\u2019opinion.<\/p>\n","protected":false},"excerpt":{"rendered":"<p>Africa-Press &#8211; Cameroun. Gervais Mendo Ze &#8211; entame ce 23 avril 2021, son dernier voyage sur terre. La mise en bi\u00e8re est pr\u00e9vue en fin de matin\u00e9e \u00e0 l\u2019h\u00f4pital central de Yaound\u00e9. Une messe de requiem sera ensuite dite en la cath\u00e9drale Notre-Dame-des-Victoires de Yaound\u00e9, pr\u00e9sid\u00e9e par l\u2019archev\u00eaque de la ville, Monseigneur Jean Mbarga. En [&hellip;]<\/p>\n","protected":false},"author":82,"featured_media":2281,"comment_status":"open","ping_status":"closed","sticky":false,"template":"","format":"standard","meta":{"footnotes":""},"categories":[11,2,20,10],"tags":[36,50,49],"class_list":["post-2282","post","type-post","status-publish","format-standard","has-post-thumbnail","hentry","category-homepage-french","category-politique","category-top-nouvelles","category-toutes-les-actualites","tag-africa-press","tag-africa-press-cameroun","tag-cameroun"],"yoast_head":"<!-- This site is optimized with the Yoast SEO Premium plugin v26.1 (Yoast SEO v27.0) - https:\/\/yoast.com\/product\/yoast-seo-premium-wordpress\/ -->\n<title>Cameroun - Obs\u00e8ques: D\u00e9but ce jour des obs\u00e8ques de Gervais Mendo Ze (ancien DG de la CRTV) - Cameroun<\/title>\n<meta name=\"description\" content=\"Gervais Mendo Ze entame ce 23 avril 2021, son dernier voyage sur terre. La mise en bi\u00e8re est pr\u00e9vue en fin de ma ...\" \/>\n<meta name=\"robots\" content=\"index, follow, max-snippet:-1, max-image-preview:large, max-video-preview:-1\" \/>\n<link rel=\"canonical\" href=\"https:\/\/www.africa-press.net\/cameroun\/politique\/cameroun-obseques-debut-ce-jour-des-obseques-de-gervais-mendo-ze-ancien-dg-de-la-crtv\" \/>\n<meta property=\"og:locale\" content=\"fr_FR\" \/>\n<meta property=\"og:type\" content=\"article\" \/>\n<meta property=\"og:title\" content=\"Cameroun - Obs\u00e8ques: D\u00e9but ce jour des obs\u00e8ques de Gervais Mendo Ze (ancien DG de la CRTV)\" \/>\n<meta property=\"og:description\" content=\"Gervais Mendo Ze entame ce 23 avril 2021, son dernier voyage sur terre. La mise en bi\u00e8re est pr\u00e9vue en fin de ma ...\" \/>\n<meta property=\"og:url\" content=\"https:\/\/www.africa-press.net\/cameroun\/politique\/cameroun-obseques-debut-ce-jour-des-obseques-de-gervais-mendo-ze-ancien-dg-de-la-crtv\" \/>\n<meta property=\"og:site_name\" content=\"Cameroun\" \/>\n<meta property=\"article:published_time\" content=\"2021-04-23T18:48:30+00:00\" \/>\n<meta property=\"article:modified_time\" content=\"2021-04-23T21:48:06+00:00\" \/>\n<meta property=\"og:image\" content=\"https:\/\/static.africa-press.net\/cameroun\/sites\/57\/2021\/04\/img-60833e034c01d.jpg\" \/>\n\t<meta property=\"og:image:width\" content=\"800\" \/>\n\t<meta property=\"og:image:height\" content=\"533\" \/>\n\t<meta property=\"og:image:type\" content=\"image\/jpeg\" \/>\n<meta name=\"author\" content=\"cfeditorfr\" \/>\n<meta name=\"twitter:card\" content=\"summary_large_image\" \/>\n<meta name=\"twitter:label1\" content=\"\u00c9crit par\" \/>\n\t<meta name=\"twitter:data1\" content=\"cfeditorfr\" \/>\n\t<meta name=\"twitter:label2\" content=\"Dur\u00e9e de lecture estim\u00e9e\" \/>\n\t<meta name=\"twitter:data2\" content=\"1 minute\" \/>\n<script type=\"application\/ld+json\" class=\"yoast-schema-graph\">{\"@context\":\"https:\/\/schema.org\",\"@graph\":[{\"@type\":\"Article\",\"@id\":\"https:\/\/www.africa-press.net\/cameroun\/politique\/cameroun-obseques-debut-ce-jour-des-obseques-de-gervais-mendo-ze-ancien-dg-de-la-crtv#article\",\"isPartOf\":{\"@id\":\"https:\/\/www.africa-press.net\/cameroun\/politique\/cameroun-obseques-debut-ce-jour-des-obseques-de-gervais-mendo-ze-ancien-dg-de-la-crtv\"},\"author\":{\"name\":\"cfeditorfr\",\"@id\":\"https:\/\/www.africa-press.net\/cameroun\/#\/schema\/person\/2b1cf3cd81a31e3cd26889ca66d677f1\"},\"headline\":\"Cameroun &#8211; Obs\u00e8ques: D\u00e9but ce jour des obs\u00e8ques de Gervais Mendo Ze (ancien DG de la CRTV)\",\"datePublished\":\"2021-04-23T18:48:30+00:00\",\"dateModified\":\"2021-04-23T21:48:06+00:00\",\"mainEntityOfPage\":{\"@id\":\"https:\/\/www.africa-press.net\/cameroun\/politique\/cameroun-obseques-debut-ce-jour-des-obseques-de-gervais-mendo-ze-ancien-dg-de-la-crtv\"},\"wordCount\":285,\"commentCount\":0,\"image\":{\"@id\":\"https:\/\/www.africa-press.net\/cameroun\/politique\/cameroun-obseques-debut-ce-jour-des-obseques-de-gervais-mendo-ze-ancien-dg-de-la-crtv#primaryimage\"},\"thumbnailUrl\":\"https:\/\/static.africa-press.net\/cameroun\/sites\/57\/2021\/04\/img-60833e034c01d.jpg\",\"keywords\":[\"Africa Press\",\"Africa Press-Cameroun\",\"Cameroun\"],\"articleSection\":[\"homepage-french\",\"Politique\",\"Top Nouvelles\",\"Toutes les actualit\u00e9s\"],\"inLanguage\":\"fr-FR\",\"potentialAction\":[{\"@type\":\"CommentAction\",\"name\":\"Comment\",\"target\":[\"https:\/\/www.africa-press.net\/cameroun\/politique\/cameroun-obseques-debut-ce-jour-des-obseques-de-gervais-mendo-ze-ancien-dg-de-la-crtv#respond\"]}]},{\"@type\":\"WebPage\",\"@id\":\"https:\/\/www.africa-press.net\/cameroun\/politique\/cameroun-obseques-debut-ce-jour-des-obseques-de-gervais-mendo-ze-ancien-dg-de-la-crtv\",\"url\":\"https:\/\/www.africa-press.net\/cameroun\/politique\/cameroun-obseques-debut-ce-jour-des-obseques-de-gervais-mendo-ze-ancien-dg-de-la-crtv\",\"name\":\"Cameroun - Obs\u00e8ques: D\u00e9but ce jour des obs\u00e8ques de Gervais Mendo Ze (ancien DG de la CRTV) - Cameroun\",\"isPartOf\":{\"@id\":\"https:\/\/www.africa-press.net\/cameroun\/#website\"},\"primaryImageOfPage\":{\"@id\":\"https:\/\/www.africa-press.net\/cameroun\/politique\/cameroun-obseques-debut-ce-jour-des-obseques-de-gervais-mendo-ze-ancien-dg-de-la-crtv#primaryimage\"},\"image\":{\"@id\":\"https:\/\/www.africa-press.net\/cameroun\/politique\/cameroun-obseques-debut-ce-jour-des-obseques-de-gervais-mendo-ze-ancien-dg-de-la-crtv#primaryimage\"},\"thumbnailUrl\":\"https:\/\/static.africa-press.net\/cameroun\/sites\/57\/2021\/04\/img-60833e034c01d.jpg\",\"datePublished\":\"2021-04-23T18:48:30+00:00\",\"dateModified\":\"2021-04-23T21:48:06+00:00\",\"author\":{\"@id\":\"https:\/\/www.africa-press.net\/cameroun\/#\/schema\/person\/2b1cf3cd81a31e3cd26889ca66d677f1\"},\"description\":\"Gervais Mendo Ze entame ce 23 avril 2021, son dernier voyage sur terre. La mise en bi\u00e8re est pr\u00e9vue en fin de ma ...\",\"breadcrumb\":{\"@id\":\"https:\/\/www.africa-press.net\/cameroun\/politique\/cameroun-obseques-debut-ce-jour-des-obseques-de-gervais-mendo-ze-ancien-dg-de-la-crtv#breadcrumb\"},\"inLanguage\":\"fr-FR\",\"potentialAction\":[{\"@type\":\"ReadAction\",\"target\":[\"https:\/\/www.africa-press.net\/cameroun\/politique\/cameroun-obseques-debut-ce-jour-des-obseques-de-gervais-mendo-ze-ancien-dg-de-la-crtv\"]}]},{\"@type\":\"ImageObject\",\"inLanguage\":\"fr-FR\",\"@id\":\"https:\/\/www.africa-press.net\/cameroun\/politique\/cameroun-obseques-debut-ce-jour-des-obseques-de-gervais-mendo-ze-ancien-dg-de-la-crtv#primaryimage\",\"url\":\"https:\/\/static.africa-press.net\/cameroun\/sites\/57\/2021\/04\/img-60833e034c01d.jpg\",\"contentUrl\":\"https:\/\/static.africa-press.net\/cameroun\/sites\/57\/2021\/04\/img-60833e034c01d.jpg\",\"width\":800,\"height\":533,\"caption\":\"Cameroun - Obs\u00e8ques: D\u00e9but ce jour des obs\u00e8ques de Gervais Mendo Ze (ancien DG de la CRTV)\"},{\"@type\":\"BreadcrumbList\",\"@id\":\"https:\/\/www.africa-press.net\/cameroun\/politique\/cameroun-obseques-debut-ce-jour-des-obseques-de-gervais-mendo-ze-ancien-dg-de-la-crtv#breadcrumb\",\"itemListElement\":[{\"@type\":\"ListItem\",\"position\":1,\"name\":\"Accueil\",\"item\":\"https:\/\/www.africa-press.net\/cameroun\/\"},{\"@type\":\"ListItem\",\"position\":2,\"name\":\"Cameroun &#8211; Obs\u00e8ques: D\u00e9but ce jour des obs\u00e8ques de Gervais Mendo Ze (ancien DG de la CRTV)\"}]},{\"@type\":\"WebSite\",\"@id\":\"https:\/\/www.africa-press.net\/cameroun\/#website\",\"url\":\"https:\/\/www.africa-press.net\/cameroun\/\",\"name\":\"Cameroun\",\"description\":\"Just another Africa News Agency Sites site\",\"potentialAction\":[{\"@type\":\"SearchAction\",\"target\":{\"@type\":\"EntryPoint\",\"urlTemplate\":\"https:\/\/www.africa-press.net\/cameroun\/?s={search_term_string}\"},\"query-input\":{\"@type\":\"PropertyValueSpecification\",\"valueRequired\":true,\"valueName\":\"search_term_string\"}}],\"inLanguage\":\"fr-FR\"},{\"@type\":\"Person\",\"@id\":\"https:\/\/www.africa-press.net\/cameroun\/#\/schema\/person\/2b1cf3cd81a31e3cd26889ca66d677f1\",\"name\":\"cfeditorfr\"}]}<\/script>\n<!-- \/ Yoast SEO Premium plugin. -->","yoast_head_json":{"title":"Cameroun - Obs\u00e8ques: D\u00e9but ce jour des obs\u00e8ques de Gervais Mendo Ze (ancien DG de la CRTV) - Cameroun","description":"Gervais Mendo Ze entame ce 23 avril 2021, son dernier voyage sur terre. La mise en bi\u00e8re est pr\u00e9vue en fin de ma ...","robots":{"index":"index","follow":"follow","max-snippet":"max-snippet:-1","max-image-preview":"max-image-preview:large","max-video-preview":"max-video-preview:-1"},"canonical":"https:\/\/www.africa-press.net\/cameroun\/politique\/cameroun-obseques-debut-ce-jour-des-obseques-de-gervais-mendo-ze-ancien-dg-de-la-crtv","og_locale":"fr_FR","og_type":"article","og_title":"Cameroun - Obs\u00e8ques: D\u00e9but ce jour des obs\u00e8ques de Gervais Mendo Ze (ancien DG de la CRTV)","og_description":"Gervais Mendo Ze entame ce 23 avril 2021, son dernier voyage sur terre. La mise en bi\u00e8re est pr\u00e9vue en fin de ma ...","og_url":"https:\/\/www.africa-press.net\/cameroun\/politique\/cameroun-obseques-debut-ce-jour-des-obseques-de-gervais-mendo-ze-ancien-dg-de-la-crtv","og_site_name":"Cameroun","article_published_time":"2021-04-23T18:48:30+00:00","article_modified_time":"2021-04-23T21:48:06+00:00","og_image":[{"width":800,"height":533,"url":"https:\/\/static.africa-press.net\/cameroun\/sites\/57\/2021\/04\/img-60833e034c01d.jpg","type":"image\/jpeg"}],"author":"cfeditorfr","twitter_card":"summary_large_image","twitter_misc":{"\u00c9crit par":"cfeditorfr","Dur\u00e9e de lecture estim\u00e9e":"1 minute"},"schema":{"@context":"https:\/\/schema.org","@graph":[{"@type":"Article","@id":"https:\/\/www.africa-press.net\/cameroun\/politique\/cameroun-obseques-debut-ce-jour-des-obseques-de-gervais-mendo-ze-ancien-dg-de-la-crtv#article","isPartOf":{"@id":"https:\/\/www.africa-press.net\/cameroun\/politique\/cameroun-obseques-debut-ce-jour-des-obseques-de-gervais-mendo-ze-ancien-dg-de-la-crtv"},"author":{"name":"cfeditorfr","@id":"https:\/\/www.africa-press.net\/cameroun\/#\/schema\/person\/2b1cf3cd81a31e3cd26889ca66d677f1"},"headline":"Cameroun &#8211; Obs\u00e8ques: D\u00e9but ce jour des obs\u00e8ques de Gervais Mendo Ze (ancien DG de la CRTV)","datePublished":"2021-04-23T18:48:30+00:00","dateModified":"2021-04-23T21:48:06+00:00","mainEntityOfPage":{"@id":"https:\/\/www.africa-press.net\/cameroun\/politique\/cameroun-obseques-debut-ce-jour-des-obseques-de-gervais-mendo-ze-ancien-dg-de-la-crtv"},"wordCount":285,"commentCount":0,"image":{"@id":"https:\/\/www.africa-press.net\/cameroun\/politique\/cameroun-obseques-debut-ce-jour-des-obseques-de-gervais-mendo-ze-ancien-dg-de-la-crtv#primaryimage"},"thumbnailUrl":"https:\/\/static.africa-press.net\/cameroun\/sites\/57\/2021\/04\/img-60833e034c01d.jpg","keywords":["Africa Press","Africa Press-Cameroun","Cameroun"],"articleSection":["homepage-french","Politique","Top Nouvelles","Toutes les actualit\u00e9s"],"inLanguage":"fr-FR","potentialAction":[{"@type":"CommentAction","name":"Comment","target":["https:\/\/www.africa-press.net\/cameroun\/politique\/cameroun-obseques-debut-ce-jour-des-obseques-de-gervais-mendo-ze-ancien-dg-de-la-crtv#respond"]}]},{"@type":"WebPage","@id":"https:\/\/www.africa-press.net\/cameroun\/politique\/cameroun-obseques-debut-ce-jour-des-obseques-de-gervais-mendo-ze-ancien-dg-de-la-crtv","url":"https:\/\/www.africa-press.net\/cameroun\/politique\/cameroun-obseques-debut-ce-jour-des-obseques-de-gervais-mendo-ze-ancien-dg-de-la-crtv","name":"Cameroun - Obs\u00e8ques: D\u00e9but ce jour des obs\u00e8ques de Gervais Mendo Ze (ancien DG de la CRTV) - Cameroun","isPartOf":{"@id":"https:\/\/www.africa-press.net\/cameroun\/#website"},"primaryImageOfPage":{"@id":"https:\/\/www.africa-press.net\/cameroun\/politique\/cameroun-obseques-debut-ce-jour-des-obseques-de-gervais-mendo-ze-ancien-dg-de-la-crtv#primaryimage"},"image":{"@id":"https:\/\/www.africa-press.net\/cameroun\/politique\/cameroun-obseques-debut-ce-jour-des-obseques-de-gervais-mendo-ze-ancien-dg-de-la-crtv#primaryimage"},"thumbnailUrl":"https:\/\/static.africa-press.net\/cameroun\/sites\/57\/2021\/04\/img-60833e034c01d.jpg","datePublished":"2021-04-23T18:48:30+00:00","dateModified":"2021-04-23T21:48:06+00:00","author":{"@id":"https:\/\/www.africa-press.net\/cameroun\/#\/schema\/person\/2b1cf3cd81a31e3cd26889ca66d677f1"},"description":"Gervais Mendo Ze entame ce 23 avril 2021, son dernier voyage sur terre. La mise en bi\u00e8re est pr\u00e9vue en fin de ma ...","breadcrumb":{"@id":"https:\/\/www.africa-press.net\/cameroun\/politique\/cameroun-obseques-debut-ce-jour-des-obseques-de-gervais-mendo-ze-ancien-dg-de-la-crtv#breadcrumb"},"inLanguage":"fr-FR","potentialAction":[{"@type":"ReadAction","target":["https:\/\/www.africa-press.net\/cameroun\/politique\/cameroun-obseques-debut-ce-jour-des-obseques-de-gervais-mendo-ze-ancien-dg-de-la-crtv"]}]},{"@type":"ImageObject","inLanguage":"fr-FR","@id":"https:\/\/www.africa-press.net\/cameroun\/politique\/cameroun-obseques-debut-ce-jour-des-obseques-de-gervais-mendo-ze-ancien-dg-de-la-crtv#primaryimage","url":"https:\/\/static.africa-press.net\/cameroun\/sites\/57\/2021\/04\/img-60833e034c01d.jpg","contentUrl":"https:\/\/static.africa-press.net\/cameroun\/sites\/57\/2021\/04\/img-60833e034c01d.jpg","width":800,"height":533,"caption":"Cameroun - Obs\u00e8ques: D\u00e9but ce jour des obs\u00e8ques de Gervais Mendo Ze (ancien DG de la CRTV)"},{"@type":"BreadcrumbList","@id":"https:\/\/www.africa-press.net\/cameroun\/politique\/cameroun-obseques-debut-ce-jour-des-obseques-de-gervais-mendo-ze-ancien-dg-de-la-crtv#breadcrumb","itemListElement":[{"@type":"ListItem","position":1,"name":"Accueil","item":"https:\/\/www.africa-press.net\/cameroun\/"},{"@type":"ListItem","position":2,"name":"Cameroun &#8211; Obs\u00e8ques: D\u00e9but ce jour des obs\u00e8ques de Gervais Mendo Ze (ancien DG de la CRTV)"}]},{"@type":"WebSite","@id":"https:\/\/www.africa-press.net\/cameroun\/#website","url":"https:\/\/www.africa-press.net\/cameroun\/","name":"Cameroun","description":"Just another Africa News Agency Sites site","potentialAction":[{"@type":"SearchAction","target":{"@type":"EntryPoint","urlTemplate":"https:\/\/www.africa-press.net\/cameroun\/?s={search_term_string}"},"query-input":{"@type":"PropertyValueSpecification","valueRequired":true,"valueName":"search_term_string"}}],"inLanguage":"fr-FR"},{"@type":"Person","@id":"https:\/\/www.africa-press.net\/cameroun\/#\/schema\/person\/2b1cf3cd81a31e3cd26889ca66d677f1","name":"cfeditorfr"}]}},"_links":{"self":[{"href":"https:\/\/www.africa-press.net\/cameroun\/wp-json\/wp\/v2\/posts\/2282","targetHints":{"allow":["GET"]}}],"collection":[{"href":"https:\/\/www.africa-press.net\/cameroun\/wp-json\/wp\/v2\/posts"}],"about":[{"href":"https:\/\/www.africa-press.net\/cameroun\/wp-json\/wp\/v2\/types\/post"}],"author":[{"embeddable":true,"href":"https:\/\/www.africa-press.net\/cameroun\/wp-json\/wp\/v2\/users\/82"}],"replies":[{"embeddable":true,"href":"https:\/\/www.africa-press.net\/cameroun\/wp-json\/wp\/v2\/comments?post=2282"}],"version-history":[{"count":0,"href":"https:\/\/www.africa-press.net\/cameroun\/wp-json\/wp\/v2\/posts\/2282\/revisions"}],"wp:featuredmedia":[{"embeddable":true,"href":"https:\/\/www.africa-press.net\/cameroun\/wp-json\/wp\/v2\/media\/2281"}],"wp:attachment":[{"href":"https:\/\/www.africa-press.net\/cameroun\/wp-json\/wp\/v2\/media?parent=2282"}],"wp:term":[{"taxonomy":"category","embeddable":true,"href":"https:\/\/www.africa-press.net\/cameroun\/wp-json\/wp\/v2\/categories?post=2282"},{"taxonomy":"post_tag","embeddable":true,"href":"https:\/\/www.africa-press.net\/cameroun\/wp-json\/wp\/v2\/tags?post=2282"}],"curies":[{"name":"wp","href":"https:\/\/api.w.org\/{rel}","templated":true}]}}