{"id":2288,"date":"2021-04-23T19:04:48","date_gmt":"2021-04-23T19:04:48","guid":{"rendered":"https:\/\/www.africa-press.net\/cameroun\/politique\/cameroun-revirement-le-rdpc-va-de-nouveau-participer-aux-emissions-dequinoxe-radio-et-television"},"modified":"2021-04-23T21:38:59","modified_gmt":"2021-04-23T21:38:59","slug":"cameroun-revirement-le-rdpc-va-de-nouveau-participer-aux-emissions-dequinoxe-radio-et-television","status":"publish","type":"post","link":"https:\/\/www.africa-press.net\/cameroun\/toutes-les-actualites\/cameroun-revirement-le-rdpc-va-de-nouveau-participer-aux-emissions-dequinoxe-radio-et-television","title":{"rendered":"Cameroun &#8211; Revirement: Le RDPC va de nouveau participer aux \u00e9missions d\u2019Equinoxe Radio et T\u00e9l\u00e9vision"},"content":{"rendered":"<p><span style=\"color: #ff6600\"><strong><a href=\"https:\/\/www.africa-press.net\/\">Africa-Press<\/a> &#8211; <a href=\"https:\/\/www.africa-press.net\/cameroun\">Cameroun<\/a>. <\/strong><\/span>Le RDPC va retrouver les antennes d\u2019Equinoxe T\u00e9l\u00e9vision et Radio Equinoxe. C\u2019est le journaliste Bertin Metsengue, qui a pris l\u2019habitude de parler au nom de ce parti, qui s\u2019est charg\u00e9 d\u2019annoncer ce 22 avril le retour des communicants du \u00abparti du flambeau\u00bb \u00e0 l\u2019immeuble Saint Pierre de Bonakouamouang. \u00abSelon les sources dignes de foi, le secr\u00e9tariat \u00e0 la Communication a d\u00e9cid\u00e9 de lever la sanction qui pesait sur le groupe Equinoxe \u00e0 compter de ce week-end. Le RDPC parti du peuple camerounais n\u2019ayant pas pos\u00e9 cet acte dans le but d\u2019un acharnement mais dans le sens d\u2019une correction fraternelle en novembre dernier, juge opportun de lever la Sanction. Quelles sont les signes qui ont pu convaincre le RDPC \u00e0 la lev\u00e9e de cette sanction ?\u00bb, \u00e9crit le messager du parti au pouvoir, qui jure qu\u2019\u00abEquinoxe TV a reconnu son erreur\u00bb.<\/p>\n<p>Il illustre son propos en indiquant que \u00abd\u00e8s le 13 novembre 2020, la cha\u00eene a pris conscience des reproches que lui avait formul\u00e9s le gouvernement mais aussi et surtout le RDPC. Ils ont retravaill\u00e9 le traitement et la diffusion de l\u2019information de mani\u00e8re \u00e0 la rendre plus digeste ceci sans alt\u00e9rer leur ligne \u00e9ditoriale. Depuis janvier, elle a manifest\u00e9 l\u2019envie du retour des Communicants du RDPC dans ses \u00e9missions de d\u00e9bat. Son audience commen\u00e7ant \u00e0 prendre un coup, il a fallu en trouver m\u00eame les simples militants ou pas n\u2019ayant aucun mandat sur leur plateau pourvu que l&rsquo;opinion ait l\u2019impression de la pr\u00e9sence du RDPC\u00bb, ajoute celui qui se pr\u00e9sente comme \u00abjournaliste ind\u00e9pendant\u00bb.<\/p>\n<p>A Radio Equinoxe et Equinoxe T\u00e9l\u00e9vision, l\u2019on crie au mensonge. Un journaliste de la maison qui a requis l\u2019anonymat donne une toute autre version de ce retour des communicants du RDPC \u00e0 l\u2019antenne. \u00abC\u2019est faux. C\u2019est depuis janvier 2021 qu\u2019ils cherchent \u00e0 revenir sur nos antennes. Ils ont appel\u00e9 le PDG, mais celui-ci n\u2019a jamais d\u00e9croch\u00e9 son t\u00e9l\u00e9phone. Puis en mars, il les a re\u00e7us. Nous ne leur avons jamais dit que nous avions commis des erreurs. Ce sont plut\u00f4t eux qui avaient tr\u00e8s envie de retrouver nos studios\u00bb, r\u00e9agit notre source.<\/p>\n<p>Courant novembre 2020 et suite \u00e0 une \u00e9mission controvers\u00e9e sur la crise anglophone, qui avait mis le ministre de la Communication en col\u00e8re, le RDPC avait d\u00e9cid\u00e9 de prendre ses distances au motif qu\u2019Equinoxe TV faisait la promotion de la haine. Dans sa publication, Bertin Metsengue annonce que le coordonnateur des communicants du RDPC pour le Littoral, le d\u00e9put\u00e9 Samuel Moth, sera le premier \u00e0 intervenir. Ce sera le 25 avril dans le programme hebdomadaire \u00a0\u00bb Droit de Reponse \u00ab\u00a0.<\/p>\n","protected":false},"excerpt":{"rendered":"<p>Africa-Press &#8211; Cameroun. Le RDPC va retrouver les antennes d\u2019Equinoxe T\u00e9l\u00e9vision et Radio Equinoxe. C\u2019est le journaliste Bertin Metsengue, qui a pris l\u2019habitude de parler au nom de ce parti, qui s\u2019est charg\u00e9 d\u2019annoncer ce 22 avril le retour des communicants du \u00abparti du flambeau\u00bb \u00e0 l\u2019immeuble Saint Pierre de Bonakouamouang. \u00abSelon les sources dignes [&hellip;]<\/p>\n","protected":false},"author":82,"featured_media":2287,"comment_status":"open","ping_status":"closed","sticky":false,"template":"","format":"standard","meta":{"footnotes":""},"categories":[21,11,10],"tags":[36,50,49],"class_list":["post-2288","post","type-post","status-publish","format-standard","has-post-thumbnail","hentry","category-communaute","category-homepage-french","category-toutes-les-actualites","tag-africa-press","tag-africa-press-cameroun","tag-cameroun"],"yoast_head":"<!-- This site is optimized with the Yoast SEO Premium plugin v26.1 (Yoast SEO v27.0) - https:\/\/yoast.com\/product\/yoast-seo-premium-wordpress\/ -->\n<title>Cameroun - Revirement: Le RDPC va de nouveau participer aux \u00e9missions d\u2019Equinoxe Radio et T\u00e9l\u00e9vision - Cameroun<\/title>\n<meta name=\"description\" content=\"Le RDPC va retrouver les antennes d\u2019Equinoxe T\u00e9l\u00e9vision et Radio Equinoxe. C\u2019est le journaliste Bertin Metsengue, qui a ...\" \/>\n<meta name=\"robots\" content=\"index, follow, max-snippet:-1, max-image-preview:large, max-video-preview:-1\" \/>\n<link rel=\"canonical\" href=\"https:\/\/www.africa-press.net\/cameroun\/toutes-les-actualites\/cameroun-revirement-le-rdpc-va-de-nouveau-participer-aux-emissions-dequinoxe-radio-et-television\" \/>\n<meta property=\"og:locale\" content=\"fr_FR\" \/>\n<meta property=\"og:type\" content=\"article\" \/>\n<meta property=\"og:title\" content=\"Cameroun - Revirement: Le RDPC va de nouveau participer aux \u00e9missions d\u2019Equinoxe Radio et T\u00e9l\u00e9vision\" \/>\n<meta property=\"og:description\" content=\"Le RDPC va retrouver les antennes d\u2019Equinoxe T\u00e9l\u00e9vision et Radio Equinoxe. C\u2019est le journaliste Bertin Metsengue, qui a ...\" \/>\n<meta property=\"og:url\" content=\"https:\/\/www.africa-press.net\/cameroun\/toutes-les-actualites\/cameroun-revirement-le-rdpc-va-de-nouveau-participer-aux-emissions-dequinoxe-radio-et-television\" \/>\n<meta property=\"og:site_name\" content=\"Cameroun\" \/>\n<meta property=\"article:published_time\" content=\"2021-04-23T19:04:48+00:00\" \/>\n<meta property=\"article:modified_time\" content=\"2021-04-23T21:38:59+00:00\" \/>\n<meta property=\"og:image\" content=\"https:\/\/static.africa-press.net\/cameroun\/sites\/57\/2021\/04\/img-60833e5a8627a.jpg\" \/>\n\t<meta property=\"og:image:width\" content=\"800\" \/>\n\t<meta property=\"og:image:height\" content=\"426\" \/>\n\t<meta property=\"og:image:type\" content=\"image\/jpeg\" \/>\n<meta name=\"author\" content=\"cfeditorfr\" \/>\n<meta name=\"twitter:card\" content=\"summary_large_image\" \/>\n<meta name=\"twitter:label1\" content=\"\u00c9crit par\" \/>\n\t<meta name=\"twitter:data1\" content=\"cfeditorfr\" \/>\n\t<meta name=\"twitter:label2\" content=\"Dur\u00e9e de lecture estim\u00e9e\" \/>\n\t<meta name=\"twitter:data2\" content=\"2 minutes\" \/>\n<script type=\"application\/ld+json\" class=\"yoast-schema-graph\">{\"@context\":\"https:\/\/schema.org\",\"@graph\":[{\"@type\":\"Article\",\"@id\":\"https:\/\/www.africa-press.net\/cameroun\/toutes-les-actualites\/cameroun-revirement-le-rdpc-va-de-nouveau-participer-aux-emissions-dequinoxe-radio-et-television#article\",\"isPartOf\":{\"@id\":\"https:\/\/www.africa-press.net\/cameroun\/toutes-les-actualites\/cameroun-revirement-le-rdpc-va-de-nouveau-participer-aux-emissions-dequinoxe-radio-et-television\"},\"author\":{\"name\":\"cfeditorfr\",\"@id\":\"https:\/\/www.africa-press.net\/cameroun\/#\/schema\/person\/2b1cf3cd81a31e3cd26889ca66d677f1\"},\"headline\":\"Cameroun &#8211; Revirement: Le RDPC va de nouveau participer aux \u00e9missions d\u2019Equinoxe Radio et T\u00e9l\u00e9vision\",\"datePublished\":\"2021-04-23T19:04:48+00:00\",\"dateModified\":\"2021-04-23T21:38:59+00:00\",\"mainEntityOfPage\":{\"@id\":\"https:\/\/www.africa-press.net\/cameroun\/toutes-les-actualites\/cameroun-revirement-le-rdpc-va-de-nouveau-participer-aux-emissions-dequinoxe-radio-et-television\"},\"wordCount\":479,\"commentCount\":0,\"image\":{\"@id\":\"https:\/\/www.africa-press.net\/cameroun\/toutes-les-actualites\/cameroun-revirement-le-rdpc-va-de-nouveau-participer-aux-emissions-dequinoxe-radio-et-television#primaryimage\"},\"thumbnailUrl\":\"https:\/\/static.africa-press.net\/cameroun\/sites\/57\/2021\/04\/img-60833e5a8627a.jpg\",\"keywords\":[\"Africa Press\",\"Africa Press-Cameroun\",\"Cameroun\"],\"articleSection\":[\"Communaut\u00e9\",\"homepage-french\",\"Toutes les actualit\u00e9s\"],\"inLanguage\":\"fr-FR\",\"potentialAction\":[{\"@type\":\"CommentAction\",\"name\":\"Comment\",\"target\":[\"https:\/\/www.africa-press.net\/cameroun\/toutes-les-actualites\/cameroun-revirement-le-rdpc-va-de-nouveau-participer-aux-emissions-dequinoxe-radio-et-television#respond\"]}]},{\"@type\":\"WebPage\",\"@id\":\"https:\/\/www.africa-press.net\/cameroun\/toutes-les-actualites\/cameroun-revirement-le-rdpc-va-de-nouveau-participer-aux-emissions-dequinoxe-radio-et-television\",\"url\":\"https:\/\/www.africa-press.net\/cameroun\/toutes-les-actualites\/cameroun-revirement-le-rdpc-va-de-nouveau-participer-aux-emissions-dequinoxe-radio-et-television\",\"name\":\"Cameroun - Revirement: Le RDPC va de nouveau participer aux \u00e9missions d\u2019Equinoxe Radio et T\u00e9l\u00e9vision - Cameroun\",\"isPartOf\":{\"@id\":\"https:\/\/www.africa-press.net\/cameroun\/#website\"},\"primaryImageOfPage\":{\"@id\":\"https:\/\/www.africa-press.net\/cameroun\/toutes-les-actualites\/cameroun-revirement-le-rdpc-va-de-nouveau-participer-aux-emissions-dequinoxe-radio-et-television#primaryimage\"},\"image\":{\"@id\":\"https:\/\/www.africa-press.net\/cameroun\/toutes-les-actualites\/cameroun-revirement-le-rdpc-va-de-nouveau-participer-aux-emissions-dequinoxe-radio-et-television#primaryimage\"},\"thumbnailUrl\":\"https:\/\/static.africa-press.net\/cameroun\/sites\/57\/2021\/04\/img-60833e5a8627a.jpg\",\"datePublished\":\"2021-04-23T19:04:48+00:00\",\"dateModified\":\"2021-04-23T21:38:59+00:00\",\"author\":{\"@id\":\"https:\/\/www.africa-press.net\/cameroun\/#\/schema\/person\/2b1cf3cd81a31e3cd26889ca66d677f1\"},\"description\":\"Le RDPC va retrouver les antennes d\u2019Equinoxe T\u00e9l\u00e9vision et Radio Equinoxe. C\u2019est le journaliste Bertin Metsengue, qui a ...\",\"breadcrumb\":{\"@id\":\"https:\/\/www.africa-press.net\/cameroun\/toutes-les-actualites\/cameroun-revirement-le-rdpc-va-de-nouveau-participer-aux-emissions-dequinoxe-radio-et-television#breadcrumb\"},\"inLanguage\":\"fr-FR\",\"potentialAction\":[{\"@type\":\"ReadAction\",\"target\":[\"https:\/\/www.africa-press.net\/cameroun\/toutes-les-actualites\/cameroun-revirement-le-rdpc-va-de-nouveau-participer-aux-emissions-dequinoxe-radio-et-television\"]}]},{\"@type\":\"ImageObject\",\"inLanguage\":\"fr-FR\",\"@id\":\"https:\/\/www.africa-press.net\/cameroun\/toutes-les-actualites\/cameroun-revirement-le-rdpc-va-de-nouveau-participer-aux-emissions-dequinoxe-radio-et-television#primaryimage\",\"url\":\"https:\/\/static.africa-press.net\/cameroun\/sites\/57\/2021\/04\/img-60833e5a8627a.jpg\",\"contentUrl\":\"https:\/\/static.africa-press.net\/cameroun\/sites\/57\/2021\/04\/img-60833e5a8627a.jpg\",\"width\":800,\"height\":426,\"caption\":\"Cameroun - Revirement: Le RDPC va de nouveau participer aux \u00e9missions d\u2019Equinoxe Radio et T\u00e9l\u00e9vision\"},{\"@type\":\"BreadcrumbList\",\"@id\":\"https:\/\/www.africa-press.net\/cameroun\/toutes-les-actualites\/cameroun-revirement-le-rdpc-va-de-nouveau-participer-aux-emissions-dequinoxe-radio-et-television#breadcrumb\",\"itemListElement\":[{\"@type\":\"ListItem\",\"position\":1,\"name\":\"Accueil\",\"item\":\"https:\/\/www.africa-press.net\/cameroun\/\"},{\"@type\":\"ListItem\",\"position\":2,\"name\":\"Cameroun &#8211; Revirement: Le RDPC va de nouveau participer aux \u00e9missions d\u2019Equinoxe Radio et T\u00e9l\u00e9vision\"}]},{\"@type\":\"WebSite\",\"@id\":\"https:\/\/www.africa-press.net\/cameroun\/#website\",\"url\":\"https:\/\/www.africa-press.net\/cameroun\/\",\"name\":\"Cameroun\",\"description\":\"Just another Africa News Agency Sites site\",\"potentialAction\":[{\"@type\":\"SearchAction\",\"target\":{\"@type\":\"EntryPoint\",\"urlTemplate\":\"https:\/\/www.africa-press.net\/cameroun\/?s={search_term_string}\"},\"query-input\":{\"@type\":\"PropertyValueSpecification\",\"valueRequired\":true,\"valueName\":\"search_term_string\"}}],\"inLanguage\":\"fr-FR\"},{\"@type\":\"Person\",\"@id\":\"https:\/\/www.africa-press.net\/cameroun\/#\/schema\/person\/2b1cf3cd81a31e3cd26889ca66d677f1\",\"name\":\"cfeditorfr\"}]}<\/script>\n<!-- \/ Yoast SEO Premium plugin. -->","yoast_head_json":{"title":"Cameroun - Revirement: Le RDPC va de nouveau participer aux \u00e9missions d\u2019Equinoxe Radio et T\u00e9l\u00e9vision - Cameroun","description":"Le RDPC va retrouver les antennes d\u2019Equinoxe T\u00e9l\u00e9vision et Radio Equinoxe. C\u2019est le journaliste Bertin Metsengue, qui a ...","robots":{"index":"index","follow":"follow","max-snippet":"max-snippet:-1","max-image-preview":"max-image-preview:large","max-video-preview":"max-video-preview:-1"},"canonical":"https:\/\/www.africa-press.net\/cameroun\/toutes-les-actualites\/cameroun-revirement-le-rdpc-va-de-nouveau-participer-aux-emissions-dequinoxe-radio-et-television","og_locale":"fr_FR","og_type":"article","og_title":"Cameroun - Revirement: Le RDPC va de nouveau participer aux \u00e9missions d\u2019Equinoxe Radio et T\u00e9l\u00e9vision","og_description":"Le RDPC va retrouver les antennes d\u2019Equinoxe T\u00e9l\u00e9vision et Radio Equinoxe. C\u2019est le journaliste Bertin Metsengue, qui a ...","og_url":"https:\/\/www.africa-press.net\/cameroun\/toutes-les-actualites\/cameroun-revirement-le-rdpc-va-de-nouveau-participer-aux-emissions-dequinoxe-radio-et-television","og_site_name":"Cameroun","article_published_time":"2021-04-23T19:04:48+00:00","article_modified_time":"2021-04-23T21:38:59+00:00","og_image":[{"width":800,"height":426,"url":"https:\/\/static.africa-press.net\/cameroun\/sites\/57\/2021\/04\/img-60833e5a8627a.jpg","type":"image\/jpeg"}],"author":"cfeditorfr","twitter_card":"summary_large_image","twitter_misc":{"\u00c9crit par":"cfeditorfr","Dur\u00e9e de lecture estim\u00e9e":"2 minutes"},"schema":{"@context":"https:\/\/schema.org","@graph":[{"@type":"Article","@id":"https:\/\/www.africa-press.net\/cameroun\/toutes-les-actualites\/cameroun-revirement-le-rdpc-va-de-nouveau-participer-aux-emissions-dequinoxe-radio-et-television#article","isPartOf":{"@id":"https:\/\/www.africa-press.net\/cameroun\/toutes-les-actualites\/cameroun-revirement-le-rdpc-va-de-nouveau-participer-aux-emissions-dequinoxe-radio-et-television"},"author":{"name":"cfeditorfr","@id":"https:\/\/www.africa-press.net\/cameroun\/#\/schema\/person\/2b1cf3cd81a31e3cd26889ca66d677f1"},"headline":"Cameroun &#8211; Revirement: Le RDPC va de nouveau participer aux \u00e9missions d\u2019Equinoxe Radio et T\u00e9l\u00e9vision","datePublished":"2021-04-23T19:04:48+00:00","dateModified":"2021-04-23T21:38:59+00:00","mainEntityOfPage":{"@id":"https:\/\/www.africa-press.net\/cameroun\/toutes-les-actualites\/cameroun-revirement-le-rdpc-va-de-nouveau-participer-aux-emissions-dequinoxe-radio-et-television"},"wordCount":479,"commentCount":0,"image":{"@id":"https:\/\/www.africa-press.net\/cameroun\/toutes-les-actualites\/cameroun-revirement-le-rdpc-va-de-nouveau-participer-aux-emissions-dequinoxe-radio-et-television#primaryimage"},"thumbnailUrl":"https:\/\/static.africa-press.net\/cameroun\/sites\/57\/2021\/04\/img-60833e5a8627a.jpg","keywords":["Africa Press","Africa Press-Cameroun","Cameroun"],"articleSection":["Communaut\u00e9","homepage-french","Toutes les actualit\u00e9s"],"inLanguage":"fr-FR","potentialAction":[{"@type":"CommentAction","name":"Comment","target":["https:\/\/www.africa-press.net\/cameroun\/toutes-les-actualites\/cameroun-revirement-le-rdpc-va-de-nouveau-participer-aux-emissions-dequinoxe-radio-et-television#respond"]}]},{"@type":"WebPage","@id":"https:\/\/www.africa-press.net\/cameroun\/toutes-les-actualites\/cameroun-revirement-le-rdpc-va-de-nouveau-participer-aux-emissions-dequinoxe-radio-et-television","url":"https:\/\/www.africa-press.net\/cameroun\/toutes-les-actualites\/cameroun-revirement-le-rdpc-va-de-nouveau-participer-aux-emissions-dequinoxe-radio-et-television","name":"Cameroun - Revirement: Le RDPC va de nouveau participer aux \u00e9missions d\u2019Equinoxe Radio et T\u00e9l\u00e9vision - Cameroun","isPartOf":{"@id":"https:\/\/www.africa-press.net\/cameroun\/#website"},"primaryImageOfPage":{"@id":"https:\/\/www.africa-press.net\/cameroun\/toutes-les-actualites\/cameroun-revirement-le-rdpc-va-de-nouveau-participer-aux-emissions-dequinoxe-radio-et-television#primaryimage"},"image":{"@id":"https:\/\/www.africa-press.net\/cameroun\/toutes-les-actualites\/cameroun-revirement-le-rdpc-va-de-nouveau-participer-aux-emissions-dequinoxe-radio-et-television#primaryimage"},"thumbnailUrl":"https:\/\/static.africa-press.net\/cameroun\/sites\/57\/2021\/04\/img-60833e5a8627a.jpg","datePublished":"2021-04-23T19:04:48+00:00","dateModified":"2021-04-23T21:38:59+00:00","author":{"@id":"https:\/\/www.africa-press.net\/cameroun\/#\/schema\/person\/2b1cf3cd81a31e3cd26889ca66d677f1"},"description":"Le RDPC va retrouver les antennes d\u2019Equinoxe T\u00e9l\u00e9vision et Radio Equinoxe. C\u2019est le journaliste Bertin Metsengue, qui a ...","breadcrumb":{"@id":"https:\/\/www.africa-press.net\/cameroun\/toutes-les-actualites\/cameroun-revirement-le-rdpc-va-de-nouveau-participer-aux-emissions-dequinoxe-radio-et-television#breadcrumb"},"inLanguage":"fr-FR","potentialAction":[{"@type":"ReadAction","target":["https:\/\/www.africa-press.net\/cameroun\/toutes-les-actualites\/cameroun-revirement-le-rdpc-va-de-nouveau-participer-aux-emissions-dequinoxe-radio-et-television"]}]},{"@type":"ImageObject","inLanguage":"fr-FR","@id":"https:\/\/www.africa-press.net\/cameroun\/toutes-les-actualites\/cameroun-revirement-le-rdpc-va-de-nouveau-participer-aux-emissions-dequinoxe-radio-et-television#primaryimage","url":"https:\/\/static.africa-press.net\/cameroun\/sites\/57\/2021\/04\/img-60833e5a8627a.jpg","contentUrl":"https:\/\/static.africa-press.net\/cameroun\/sites\/57\/2021\/04\/img-60833e5a8627a.jpg","width":800,"height":426,"caption":"Cameroun - Revirement: Le RDPC va de nouveau participer aux \u00e9missions d\u2019Equinoxe Radio et T\u00e9l\u00e9vision"},{"@type":"BreadcrumbList","@id":"https:\/\/www.africa-press.net\/cameroun\/toutes-les-actualites\/cameroun-revirement-le-rdpc-va-de-nouveau-participer-aux-emissions-dequinoxe-radio-et-television#breadcrumb","itemListElement":[{"@type":"ListItem","position":1,"name":"Accueil","item":"https:\/\/www.africa-press.net\/cameroun\/"},{"@type":"ListItem","position":2,"name":"Cameroun &#8211; Revirement: Le RDPC va de nouveau participer aux \u00e9missions d\u2019Equinoxe Radio et T\u00e9l\u00e9vision"}]},{"@type":"WebSite","@id":"https:\/\/www.africa-press.net\/cameroun\/#website","url":"https:\/\/www.africa-press.net\/cameroun\/","name":"Cameroun","description":"Just another Africa News Agency Sites site","potentialAction":[{"@type":"SearchAction","target":{"@type":"EntryPoint","urlTemplate":"https:\/\/www.africa-press.net\/cameroun\/?s={search_term_string}"},"query-input":{"@type":"PropertyValueSpecification","valueRequired":true,"valueName":"search_term_string"}}],"inLanguage":"fr-FR"},{"@type":"Person","@id":"https:\/\/www.africa-press.net\/cameroun\/#\/schema\/person\/2b1cf3cd81a31e3cd26889ca66d677f1","name":"cfeditorfr"}]}},"_links":{"self":[{"href":"https:\/\/www.africa-press.net\/cameroun\/wp-json\/wp\/v2\/posts\/2288","targetHints":{"allow":["GET"]}}],"collection":[{"href":"https:\/\/www.africa-press.net\/cameroun\/wp-json\/wp\/v2\/posts"}],"about":[{"href":"https:\/\/www.africa-press.net\/cameroun\/wp-json\/wp\/v2\/types\/post"}],"author":[{"embeddable":true,"href":"https:\/\/www.africa-press.net\/cameroun\/wp-json\/wp\/v2\/users\/82"}],"replies":[{"embeddable":true,"href":"https:\/\/www.africa-press.net\/cameroun\/wp-json\/wp\/v2\/comments?post=2288"}],"version-history":[{"count":0,"href":"https:\/\/www.africa-press.net\/cameroun\/wp-json\/wp\/v2\/posts\/2288\/revisions"}],"wp:featuredmedia":[{"embeddable":true,"href":"https:\/\/www.africa-press.net\/cameroun\/wp-json\/wp\/v2\/media\/2287"}],"wp:attachment":[{"href":"https:\/\/www.africa-press.net\/cameroun\/wp-json\/wp\/v2\/media?parent=2288"}],"wp:term":[{"taxonomy":"category","embeddable":true,"href":"https:\/\/www.africa-press.net\/cameroun\/wp-json\/wp\/v2\/categories?post=2288"},{"taxonomy":"post_tag","embeddable":true,"href":"https:\/\/www.africa-press.net\/cameroun\/wp-json\/wp\/v2\/tags?post=2288"}],"curies":[{"name":"wp","href":"https:\/\/api.w.org\/{rel}","templated":true}]}}