{"id":2294,"date":"2021-04-23T19:19:02","date_gmt":"2021-04-23T19:19:02","guid":{"rendered":"https:\/\/www.africa-press.net\/cameroun\/politique\/cameroun-lutte-contre-le-covid-19-lordre-des-pharmaciens-favorable-a-ladministration-du-vaccin"},"modified":"2021-04-23T21:40:13","modified_gmt":"2021-04-23T21:40:13","slug":"cameroun-lutte-contre-le-covid-19-lordre-des-pharmaciens-favorable-a-ladministration-du-vaccin","status":"publish","type":"post","link":"https:\/\/www.africa-press.net\/cameroun\/politique\/cameroun-lutte-contre-le-covid-19-lordre-des-pharmaciens-favorable-a-ladministration-du-vaccin","title":{"rendered":"Cameroun &#8211; Lutte contre le Covid-19: L\u2019Ordre des Pharmaciens favorable \u00e0 l\u2019administration du vaccin"},"content":{"rendered":"<p><span style=\"color: #ff6600\"><strong><a href=\"https:\/\/www.africa-press.net\/\">Africa-Press<\/a> &#8211; <a href=\"https:\/\/www.africa-press.net\/cameroun\">Cameroun<\/a>. <\/strong><\/span>Parmi les points au menu de cette rencontre pr\u00e9sid\u00e9e par le Dr Franck Nana, le pr\u00e9sident de l\u2019Ordre des pharmaciens, la question des tests covid-19 et la vaccination contre la pand\u00e9mie qui continue de faire des victimes au Cameroun.<\/p>\n<p>Au sujet des tests Covid-19, le Dr Franck Nana a affirm\u00e9 que l\u2019Ordre a n\u00e9goci\u00e9 et obtenu avec le gouvernement sous l&rsquo;impulsion du minist\u00e8re de la Sant\u00e9 un partenariat public-priv\u00e9. \u00abLa substance de ce partenariat public-priv\u00e9 indique la r\u00e9alisation des TDR antig\u00e9niques homologu\u00e9s seront disponibles dans les officines de pharmacie d&rsquo;ici un mois pour permettre un testing massif pour une large couverture territoriale et que les tests de PCR seront r\u00e9alis\u00e9s dans les laboratoires priv\u00e9s de biologie de qualit\u00e9 d\u00e9tenus par des pharmaciens et des m\u00e9decins d&rsquo;ici un mois\u00bb, pr\u00e9cise le journal Le Messager \u00e9dition de ce vendredi 23 avril 2021. D\u2019apr\u00e8s le journal, le pr\u00e9sident de l\u2019Ordre des pharmaciens a apport\u00e9 des assurances sur la fiabilit\u00e9 desdits tests.<\/p>\n<p>En ce qui concerne la vaccination, \u00aboutre le fait que les vaccins seront aussi distribu\u00e9s par les pharmacies dans un mois, le Conseil national de l&rsquo;Ordre des pharmaciens a dit marquer son accord pour la vaccination volontaire suivant l&rsquo;avis du Conseil scientifique et le Nitag qui ont d\u00e9fini les groupes cibles, ceci dans le but de cr\u00e9er une immunog\u00e9nicit\u00e9 au sein de la population afin de casser la courbe de la pand\u00e9mie\u00bb, renseigne le journal.<\/p>\n<p>Toutefois, la campagne de vaccination contre le covid-19, lanc\u00e9e le 12 avril 2021, est loin de faire l\u2019unanimit\u00e9. De nombreux camerounais sont r\u00e9fractaires au vaccin. Pour le Dr Nana, \u00able vaccin contre le Covid-19 permet de r\u00e9duire le nombre de personnes qui vont en r\u00e9animation, qui ont besoin d&rsquo;oxyg\u00e8ne -ce qu&rsquo;il n&rsquo;y a pas beaucoup au Cameroun-.Le nombre de lit en r\u00e9animation est satur\u00e9 \u00e0 travers le monde. Mais regardez en Isra\u00ebl o\u00f9 la couverture vaccinale est d\u00e9j\u00e0 \u00e0 65%; les Isra\u00e9liens vont massivement \u00e0 la messe sans masque, de m\u00eame que les palestiniens \u00e0 la mosqu\u00e9e. Donc la vaccination est importante parce que lorsque la courbe vaccinale augmente, le taux de d\u00e9c\u00e8s baisse comme c&rsquo;est le cas actuellement aux Etats-Unis\u00bb, a expliqu\u00e9 le pr\u00e9sident de l\u2019Ordre des pharmaciens, tout en rappelant que \u00ablorsqu&rsquo;on est vaccin\u00e9, pendant les premiers mois, on porte toujours son masque, on respecte les mesures barri\u00e8res parce que le vaccin n&rsquo;agit pas tout de suite dans l&rsquo;organisme comme le m\u00e9dicament qui peut soigner apr\u00e8s deux ou trois jours\u00bb.<\/p>\n","protected":false},"excerpt":{"rendered":"<p>Africa-Press &#8211; Cameroun. Parmi les points au menu de cette rencontre pr\u00e9sid\u00e9e par le Dr Franck Nana, le pr\u00e9sident de l\u2019Ordre des pharmaciens, la question des tests covid-19 et la vaccination contre la pand\u00e9mie qui continue de faire des victimes au Cameroun. Au sujet des tests Covid-19, le Dr Franck Nana a affirm\u00e9 que l\u2019Ordre [&hellip;]<\/p>\n","protected":false},"author":82,"featured_media":2293,"comment_status":"open","ping_status":"closed","sticky":false,"template":"","format":"standard","meta":{"footnotes":""},"categories":[11,2,10],"tags":[36,50,49],"class_list":["post-2294","post","type-post","status-publish","format-standard","has-post-thumbnail","hentry","category-homepage-french","category-politique","category-toutes-les-actualites","tag-africa-press","tag-africa-press-cameroun","tag-cameroun"],"yoast_head":"<!-- This site is optimized with the Yoast SEO Premium plugin v26.1 (Yoast SEO v27.0) - https:\/\/yoast.com\/product\/yoast-seo-premium-wordpress\/ -->\n<title>Cameroun - Lutte contre le Covid-19: L\u2019Ordre des Pharmaciens favorable \u00e0 l\u2019administration du vaccin - Cameroun<\/title>\n<meta name=\"description\" content=\"Parmi les points au menu de cette rencontre pr\u00e9sid\u00e9e par le Dr Franck Nana, le pr\u00e9sident de l\u2019Ordre des pharmaciens, la ...\" \/>\n<meta name=\"robots\" content=\"index, follow, max-snippet:-1, max-image-preview:large, max-video-preview:-1\" \/>\n<link rel=\"canonical\" href=\"https:\/\/www.africa-press.net\/cameroun\/politique\/cameroun-lutte-contre-le-covid-19-lordre-des-pharmaciens-favorable-a-ladministration-du-vaccin\" \/>\n<meta property=\"og:locale\" content=\"fr_FR\" \/>\n<meta property=\"og:type\" content=\"article\" \/>\n<meta property=\"og:title\" content=\"Cameroun - Lutte contre le Covid-19: L\u2019Ordre des Pharmaciens favorable \u00e0 l\u2019administration du vaccin\" \/>\n<meta property=\"og:description\" content=\"Parmi les points au menu de cette rencontre pr\u00e9sid\u00e9e par le Dr Franck Nana, le pr\u00e9sident de l\u2019Ordre des pharmaciens, la ...\" \/>\n<meta property=\"og:url\" content=\"https:\/\/www.africa-press.net\/cameroun\/politique\/cameroun-lutte-contre-le-covid-19-lordre-des-pharmaciens-favorable-a-ladministration-du-vaccin\" \/>\n<meta property=\"og:site_name\" content=\"Cameroun\" \/>\n<meta property=\"article:published_time\" content=\"2021-04-23T19:19:02+00:00\" \/>\n<meta property=\"article:modified_time\" content=\"2021-04-23T21:40:13+00:00\" \/>\n<meta property=\"og:image\" content=\"https:\/\/static.africa-press.net\/cameroun\/sites\/57\/2021\/04\/img-60833ea4dc9e1.jpg\" \/>\n\t<meta property=\"og:image:width\" content=\"800\" \/>\n\t<meta property=\"og:image:height\" content=\"383\" \/>\n\t<meta property=\"og:image:type\" content=\"image\/jpeg\" \/>\n<meta name=\"author\" content=\"cfeditorfr\" \/>\n<meta name=\"twitter:card\" content=\"summary_large_image\" \/>\n<meta name=\"twitter:label1\" content=\"\u00c9crit par\" \/>\n\t<meta name=\"twitter:data1\" content=\"cfeditorfr\" \/>\n\t<meta name=\"twitter:label2\" content=\"Dur\u00e9e de lecture estim\u00e9e\" \/>\n\t<meta name=\"twitter:data2\" content=\"2 minutes\" \/>\n<script type=\"application\/ld+json\" class=\"yoast-schema-graph\">{\"@context\":\"https:\/\/schema.org\",\"@graph\":[{\"@type\":\"Article\",\"@id\":\"https:\/\/www.africa-press.net\/cameroun\/politique\/cameroun-lutte-contre-le-covid-19-lordre-des-pharmaciens-favorable-a-ladministration-du-vaccin#article\",\"isPartOf\":{\"@id\":\"https:\/\/www.africa-press.net\/cameroun\/politique\/cameroun-lutte-contre-le-covid-19-lordre-des-pharmaciens-favorable-a-ladministration-du-vaccin\"},\"author\":{\"name\":\"cfeditorfr\",\"@id\":\"https:\/\/www.africa-press.net\/cameroun\/#\/schema\/person\/2b1cf3cd81a31e3cd26889ca66d677f1\"},\"headline\":\"Cameroun &#8211; Lutte contre le Covid-19: L\u2019Ordre des Pharmaciens favorable \u00e0 l\u2019administration du vaccin\",\"datePublished\":\"2021-04-23T19:19:02+00:00\",\"dateModified\":\"2021-04-23T21:40:13+00:00\",\"mainEntityOfPage\":{\"@id\":\"https:\/\/www.africa-press.net\/cameroun\/politique\/cameroun-lutte-contre-le-covid-19-lordre-des-pharmaciens-favorable-a-ladministration-du-vaccin\"},\"wordCount\":472,\"commentCount\":0,\"image\":{\"@id\":\"https:\/\/www.africa-press.net\/cameroun\/politique\/cameroun-lutte-contre-le-covid-19-lordre-des-pharmaciens-favorable-a-ladministration-du-vaccin#primaryimage\"},\"thumbnailUrl\":\"https:\/\/static.africa-press.net\/cameroun\/sites\/57\/2021\/04\/img-60833ea4dc9e1.jpg\",\"keywords\":[\"Africa Press\",\"Africa Press-Cameroun\",\"Cameroun\"],\"articleSection\":[\"homepage-french\",\"Politique\",\"Toutes les actualit\u00e9s\"],\"inLanguage\":\"fr-FR\",\"potentialAction\":[{\"@type\":\"CommentAction\",\"name\":\"Comment\",\"target\":[\"https:\/\/www.africa-press.net\/cameroun\/politique\/cameroun-lutte-contre-le-covid-19-lordre-des-pharmaciens-favorable-a-ladministration-du-vaccin#respond\"]}]},{\"@type\":\"WebPage\",\"@id\":\"https:\/\/www.africa-press.net\/cameroun\/politique\/cameroun-lutte-contre-le-covid-19-lordre-des-pharmaciens-favorable-a-ladministration-du-vaccin\",\"url\":\"https:\/\/www.africa-press.net\/cameroun\/politique\/cameroun-lutte-contre-le-covid-19-lordre-des-pharmaciens-favorable-a-ladministration-du-vaccin\",\"name\":\"Cameroun - Lutte contre le Covid-19: L\u2019Ordre des Pharmaciens favorable \u00e0 l\u2019administration du vaccin - Cameroun\",\"isPartOf\":{\"@id\":\"https:\/\/www.africa-press.net\/cameroun\/#website\"},\"primaryImageOfPage\":{\"@id\":\"https:\/\/www.africa-press.net\/cameroun\/politique\/cameroun-lutte-contre-le-covid-19-lordre-des-pharmaciens-favorable-a-ladministration-du-vaccin#primaryimage\"},\"image\":{\"@id\":\"https:\/\/www.africa-press.net\/cameroun\/politique\/cameroun-lutte-contre-le-covid-19-lordre-des-pharmaciens-favorable-a-ladministration-du-vaccin#primaryimage\"},\"thumbnailUrl\":\"https:\/\/static.africa-press.net\/cameroun\/sites\/57\/2021\/04\/img-60833ea4dc9e1.jpg\",\"datePublished\":\"2021-04-23T19:19:02+00:00\",\"dateModified\":\"2021-04-23T21:40:13+00:00\",\"author\":{\"@id\":\"https:\/\/www.africa-press.net\/cameroun\/#\/schema\/person\/2b1cf3cd81a31e3cd26889ca66d677f1\"},\"description\":\"Parmi les points au menu de cette rencontre pr\u00e9sid\u00e9e par le Dr Franck Nana, le pr\u00e9sident de l\u2019Ordre des pharmaciens, la ...\",\"breadcrumb\":{\"@id\":\"https:\/\/www.africa-press.net\/cameroun\/politique\/cameroun-lutte-contre-le-covid-19-lordre-des-pharmaciens-favorable-a-ladministration-du-vaccin#breadcrumb\"},\"inLanguage\":\"fr-FR\",\"potentialAction\":[{\"@type\":\"ReadAction\",\"target\":[\"https:\/\/www.africa-press.net\/cameroun\/politique\/cameroun-lutte-contre-le-covid-19-lordre-des-pharmaciens-favorable-a-ladministration-du-vaccin\"]}]},{\"@type\":\"ImageObject\",\"inLanguage\":\"fr-FR\",\"@id\":\"https:\/\/www.africa-press.net\/cameroun\/politique\/cameroun-lutte-contre-le-covid-19-lordre-des-pharmaciens-favorable-a-ladministration-du-vaccin#primaryimage\",\"url\":\"https:\/\/static.africa-press.net\/cameroun\/sites\/57\/2021\/04\/img-60833ea4dc9e1.jpg\",\"contentUrl\":\"https:\/\/static.africa-press.net\/cameroun\/sites\/57\/2021\/04\/img-60833ea4dc9e1.jpg\",\"width\":800,\"height\":383,\"caption\":\"Cameroun - Lutte contre le Covid-19: L\u2019Ordre des Pharmaciens favorable \u00e0 l\u2019administration du vaccin\"},{\"@type\":\"BreadcrumbList\",\"@id\":\"https:\/\/www.africa-press.net\/cameroun\/politique\/cameroun-lutte-contre-le-covid-19-lordre-des-pharmaciens-favorable-a-ladministration-du-vaccin#breadcrumb\",\"itemListElement\":[{\"@type\":\"ListItem\",\"position\":1,\"name\":\"Accueil\",\"item\":\"https:\/\/www.africa-press.net\/cameroun\/\"},{\"@type\":\"ListItem\",\"position\":2,\"name\":\"Cameroun &#8211; Lutte contre le Covid-19: L\u2019Ordre des Pharmaciens favorable \u00e0 l\u2019administration du vaccin\"}]},{\"@type\":\"WebSite\",\"@id\":\"https:\/\/www.africa-press.net\/cameroun\/#website\",\"url\":\"https:\/\/www.africa-press.net\/cameroun\/\",\"name\":\"Cameroun\",\"description\":\"Just another Africa News Agency Sites site\",\"potentialAction\":[{\"@type\":\"SearchAction\",\"target\":{\"@type\":\"EntryPoint\",\"urlTemplate\":\"https:\/\/www.africa-press.net\/cameroun\/?s={search_term_string}\"},\"query-input\":{\"@type\":\"PropertyValueSpecification\",\"valueRequired\":true,\"valueName\":\"search_term_string\"}}],\"inLanguage\":\"fr-FR\"},{\"@type\":\"Person\",\"@id\":\"https:\/\/www.africa-press.net\/cameroun\/#\/schema\/person\/2b1cf3cd81a31e3cd26889ca66d677f1\",\"name\":\"cfeditorfr\"}]}<\/script>\n<!-- \/ Yoast SEO Premium plugin. -->","yoast_head_json":{"title":"Cameroun - Lutte contre le Covid-19: L\u2019Ordre des Pharmaciens favorable \u00e0 l\u2019administration du vaccin - Cameroun","description":"Parmi les points au menu de cette rencontre pr\u00e9sid\u00e9e par le Dr Franck Nana, le pr\u00e9sident de l\u2019Ordre des pharmaciens, la ...","robots":{"index":"index","follow":"follow","max-snippet":"max-snippet:-1","max-image-preview":"max-image-preview:large","max-video-preview":"max-video-preview:-1"},"canonical":"https:\/\/www.africa-press.net\/cameroun\/politique\/cameroun-lutte-contre-le-covid-19-lordre-des-pharmaciens-favorable-a-ladministration-du-vaccin","og_locale":"fr_FR","og_type":"article","og_title":"Cameroun - Lutte contre le Covid-19: L\u2019Ordre des Pharmaciens favorable \u00e0 l\u2019administration du vaccin","og_description":"Parmi les points au menu de cette rencontre pr\u00e9sid\u00e9e par le Dr Franck Nana, le pr\u00e9sident de l\u2019Ordre des pharmaciens, la ...","og_url":"https:\/\/www.africa-press.net\/cameroun\/politique\/cameroun-lutte-contre-le-covid-19-lordre-des-pharmaciens-favorable-a-ladministration-du-vaccin","og_site_name":"Cameroun","article_published_time":"2021-04-23T19:19:02+00:00","article_modified_time":"2021-04-23T21:40:13+00:00","og_image":[{"width":800,"height":383,"url":"https:\/\/static.africa-press.net\/cameroun\/sites\/57\/2021\/04\/img-60833ea4dc9e1.jpg","type":"image\/jpeg"}],"author":"cfeditorfr","twitter_card":"summary_large_image","twitter_misc":{"\u00c9crit par":"cfeditorfr","Dur\u00e9e de lecture estim\u00e9e":"2 minutes"},"schema":{"@context":"https:\/\/schema.org","@graph":[{"@type":"Article","@id":"https:\/\/www.africa-press.net\/cameroun\/politique\/cameroun-lutte-contre-le-covid-19-lordre-des-pharmaciens-favorable-a-ladministration-du-vaccin#article","isPartOf":{"@id":"https:\/\/www.africa-press.net\/cameroun\/politique\/cameroun-lutte-contre-le-covid-19-lordre-des-pharmaciens-favorable-a-ladministration-du-vaccin"},"author":{"name":"cfeditorfr","@id":"https:\/\/www.africa-press.net\/cameroun\/#\/schema\/person\/2b1cf3cd81a31e3cd26889ca66d677f1"},"headline":"Cameroun &#8211; Lutte contre le Covid-19: L\u2019Ordre des Pharmaciens favorable \u00e0 l\u2019administration du vaccin","datePublished":"2021-04-23T19:19:02+00:00","dateModified":"2021-04-23T21:40:13+00:00","mainEntityOfPage":{"@id":"https:\/\/www.africa-press.net\/cameroun\/politique\/cameroun-lutte-contre-le-covid-19-lordre-des-pharmaciens-favorable-a-ladministration-du-vaccin"},"wordCount":472,"commentCount":0,"image":{"@id":"https:\/\/www.africa-press.net\/cameroun\/politique\/cameroun-lutte-contre-le-covid-19-lordre-des-pharmaciens-favorable-a-ladministration-du-vaccin#primaryimage"},"thumbnailUrl":"https:\/\/static.africa-press.net\/cameroun\/sites\/57\/2021\/04\/img-60833ea4dc9e1.jpg","keywords":["Africa Press","Africa Press-Cameroun","Cameroun"],"articleSection":["homepage-french","Politique","Toutes les actualit\u00e9s"],"inLanguage":"fr-FR","potentialAction":[{"@type":"CommentAction","name":"Comment","target":["https:\/\/www.africa-press.net\/cameroun\/politique\/cameroun-lutte-contre-le-covid-19-lordre-des-pharmaciens-favorable-a-ladministration-du-vaccin#respond"]}]},{"@type":"WebPage","@id":"https:\/\/www.africa-press.net\/cameroun\/politique\/cameroun-lutte-contre-le-covid-19-lordre-des-pharmaciens-favorable-a-ladministration-du-vaccin","url":"https:\/\/www.africa-press.net\/cameroun\/politique\/cameroun-lutte-contre-le-covid-19-lordre-des-pharmaciens-favorable-a-ladministration-du-vaccin","name":"Cameroun - Lutte contre le Covid-19: L\u2019Ordre des Pharmaciens favorable \u00e0 l\u2019administration du vaccin - Cameroun","isPartOf":{"@id":"https:\/\/www.africa-press.net\/cameroun\/#website"},"primaryImageOfPage":{"@id":"https:\/\/www.africa-press.net\/cameroun\/politique\/cameroun-lutte-contre-le-covid-19-lordre-des-pharmaciens-favorable-a-ladministration-du-vaccin#primaryimage"},"image":{"@id":"https:\/\/www.africa-press.net\/cameroun\/politique\/cameroun-lutte-contre-le-covid-19-lordre-des-pharmaciens-favorable-a-ladministration-du-vaccin#primaryimage"},"thumbnailUrl":"https:\/\/static.africa-press.net\/cameroun\/sites\/57\/2021\/04\/img-60833ea4dc9e1.jpg","datePublished":"2021-04-23T19:19:02+00:00","dateModified":"2021-04-23T21:40:13+00:00","author":{"@id":"https:\/\/www.africa-press.net\/cameroun\/#\/schema\/person\/2b1cf3cd81a31e3cd26889ca66d677f1"},"description":"Parmi les points au menu de cette rencontre pr\u00e9sid\u00e9e par le Dr Franck Nana, le pr\u00e9sident de l\u2019Ordre des pharmaciens, la ...","breadcrumb":{"@id":"https:\/\/www.africa-press.net\/cameroun\/politique\/cameroun-lutte-contre-le-covid-19-lordre-des-pharmaciens-favorable-a-ladministration-du-vaccin#breadcrumb"},"inLanguage":"fr-FR","potentialAction":[{"@type":"ReadAction","target":["https:\/\/www.africa-press.net\/cameroun\/politique\/cameroun-lutte-contre-le-covid-19-lordre-des-pharmaciens-favorable-a-ladministration-du-vaccin"]}]},{"@type":"ImageObject","inLanguage":"fr-FR","@id":"https:\/\/www.africa-press.net\/cameroun\/politique\/cameroun-lutte-contre-le-covid-19-lordre-des-pharmaciens-favorable-a-ladministration-du-vaccin#primaryimage","url":"https:\/\/static.africa-press.net\/cameroun\/sites\/57\/2021\/04\/img-60833ea4dc9e1.jpg","contentUrl":"https:\/\/static.africa-press.net\/cameroun\/sites\/57\/2021\/04\/img-60833ea4dc9e1.jpg","width":800,"height":383,"caption":"Cameroun - Lutte contre le Covid-19: L\u2019Ordre des Pharmaciens favorable \u00e0 l\u2019administration du vaccin"},{"@type":"BreadcrumbList","@id":"https:\/\/www.africa-press.net\/cameroun\/politique\/cameroun-lutte-contre-le-covid-19-lordre-des-pharmaciens-favorable-a-ladministration-du-vaccin#breadcrumb","itemListElement":[{"@type":"ListItem","position":1,"name":"Accueil","item":"https:\/\/www.africa-press.net\/cameroun\/"},{"@type":"ListItem","position":2,"name":"Cameroun &#8211; Lutte contre le Covid-19: L\u2019Ordre des Pharmaciens favorable \u00e0 l\u2019administration du vaccin"}]},{"@type":"WebSite","@id":"https:\/\/www.africa-press.net\/cameroun\/#website","url":"https:\/\/www.africa-press.net\/cameroun\/","name":"Cameroun","description":"Just another Africa News Agency Sites site","potentialAction":[{"@type":"SearchAction","target":{"@type":"EntryPoint","urlTemplate":"https:\/\/www.africa-press.net\/cameroun\/?s={search_term_string}"},"query-input":{"@type":"PropertyValueSpecification","valueRequired":true,"valueName":"search_term_string"}}],"inLanguage":"fr-FR"},{"@type":"Person","@id":"https:\/\/www.africa-press.net\/cameroun\/#\/schema\/person\/2b1cf3cd81a31e3cd26889ca66d677f1","name":"cfeditorfr"}]}},"_links":{"self":[{"href":"https:\/\/www.africa-press.net\/cameroun\/wp-json\/wp\/v2\/posts\/2294","targetHints":{"allow":["GET"]}}],"collection":[{"href":"https:\/\/www.africa-press.net\/cameroun\/wp-json\/wp\/v2\/posts"}],"about":[{"href":"https:\/\/www.africa-press.net\/cameroun\/wp-json\/wp\/v2\/types\/post"}],"author":[{"embeddable":true,"href":"https:\/\/www.africa-press.net\/cameroun\/wp-json\/wp\/v2\/users\/82"}],"replies":[{"embeddable":true,"href":"https:\/\/www.africa-press.net\/cameroun\/wp-json\/wp\/v2\/comments?post=2294"}],"version-history":[{"count":0,"href":"https:\/\/www.africa-press.net\/cameroun\/wp-json\/wp\/v2\/posts\/2294\/revisions"}],"wp:featuredmedia":[{"embeddable":true,"href":"https:\/\/www.africa-press.net\/cameroun\/wp-json\/wp\/v2\/media\/2293"}],"wp:attachment":[{"href":"https:\/\/www.africa-press.net\/cameroun\/wp-json\/wp\/v2\/media?parent=2294"}],"wp:term":[{"taxonomy":"category","embeddable":true,"href":"https:\/\/www.africa-press.net\/cameroun\/wp-json\/wp\/v2\/categories?post=2294"},{"taxonomy":"post_tag","embeddable":true,"href":"https:\/\/www.africa-press.net\/cameroun\/wp-json\/wp\/v2\/tags?post=2294"}],"curies":[{"name":"wp","href":"https:\/\/api.w.org\/{rel}","templated":true}]}}