{"id":2300,"date":"2021-04-23T19:33:22","date_gmt":"2021-04-23T19:33:22","guid":{"rendered":"https:\/\/www.africa-press.net\/cameroun\/politique\/cameroun-deces-didriss-deby-itno-la-fermeture-de-la-frontiere-cameroun-tchad-impacte-negativement-les-echanges-commerciaux"},"modified":"2021-04-23T21:41:33","modified_gmt":"2021-04-23T21:41:33","slug":"cameroun-deces-didriss-deby-itno-la-fermeture-de-la-frontiere-cameroun-tchad-impacte-negativement-les-echanges-commerciaux","status":"publish","type":"post","link":"https:\/\/www.africa-press.net\/cameroun\/economie\/cameroun-deces-didriss-deby-itno-la-fermeture-de-la-frontiere-cameroun-tchad-impacte-negativement-les-echanges-commerciaux","title":{"rendered":"Cameroun &#8211; D\u00e9c\u00e8s d\u2019Idriss D\u00e9by Itno: La fermeture de la fronti\u00e8re Cameroun -Tchad impacte n\u00e9gativement les \u00e9changes commerciaux"},"content":{"rendered":"<p><span style=\"color: #ff6600\"><strong><a href=\"https:\/\/www.africa-press.net\/\">Africa-Press<\/a> &#8211; <a href=\"https:\/\/www.africa-press.net\/cameroun\">Cameroun<\/a>. <\/strong><\/span>Quelques heures apr\u00e8s l\u2019annonce du d\u00e9c\u00e8s du pr\u00e9sident tchadien Idriss D\u00e9by Itno, le Conseil national de transition, qui a \u00e9t\u00e9 rapidement mis sur pied par l\u2019arm\u00e9e, a d\u00e9cid\u00e9 de prendre diverses mesures pour s\u00e9curiser le territoire national sous la menace d\u2019une r\u00e9bellion, qui a d\u2019ailleurs co\u00fbt\u00e9 la vie \u00e0 l\u2019ancien homme fort de N&rsquo;djamena. Il s\u2019agit pour l\u2019essentiel d\u2019un couvre-feu qui s\u2019\u00e9tend de 18h \u00e0 5h du matin, et la fermeture des fronti\u00e8res terrestres et a\u00e9riennes.<\/p>\n<p>\u00c0 peine d\u00e9cid\u00e9e, cette derni\u00e8re mesure impacte d\u00e9j\u00e0 n\u00e9gativement les \u00e9changes commerciaux entre les deux pays. De nombreux convoyeurs, qui empruntent r\u00e9guli\u00e8rement le corridor Douala-N&rsquo;djamena afin d\u2019acheminer vivres et autres produits dans la capitale tchadienne et inversement, sont bloqu\u00e9s \u00e0 la fronti\u00e8re, plus pr\u00e9cis\u00e9ment au niveau du pont de Ngueli, qui relie N\u2019Djam\u00e9na, la capitale du Tchad, \u00e0 Kousseri, ville de l\u2019Extr\u00eame-Nord du Cameroun, emprunt\u00e9 chaque jour par des centaines de populations des deux pays, d\u00e9sireuses de se livrer au commerce ou d\u2019acheter des produits qu\u2019elles ne trouvent pas chez elles.<\/p>\n<p>\u00abLes camions sont bloqu\u00e9s. Vraiment c\u2019est une grande perte pour nous\u00bb, explique un transporteur interrog\u00e9 par la CRTV. \u00c0 Kousseri, on scrute avec inqui\u00e9tude la situation au Tchad. Les autorit\u00e9s administratives assurent n\u00e9anmoins que des mesures s\u00e9curitaires urgentes ont \u00e9t\u00e9 prises pour palier toute escalade de violence dans la r\u00e9gion mais \u00e9galement encadrer les populations qui afflueraient vers le Cameroun dans l\u2019\u00e9ventualit\u00e9 d\u2019une d\u00e9t\u00e9rioration du climat s\u00e9curitaire chez nos voisins.<\/p>\n<p><b>\u00abNous avons not\u00e9 la fermeture des fronti\u00e8res. Mais nous constatons qu\u2019au niveau de Kousseri la situation est calme. Il n\u2019y a pas d\u2019afflux de populations tel que v\u00e9hicul\u00e9 dans les r\u00e9seaux sociaux. Nous demandons \u00e0 nos populations de rester calmes. Les mesures s\u00e9curitaires ont \u00e9t\u00e9 prises pour assurer leur s\u00e9curit\u00e9<\/b><\/p>\n<p>\u00bb, a indiqu\u00e9 Jean Lazare Ndongo Ndongo, pr\u00e9fet du Logone et Chari au micro de nos confr\u00e8res de la CRTV.<\/p>\n","protected":false},"excerpt":{"rendered":"<p>Africa-Press &#8211; Cameroun. Quelques heures apr\u00e8s l\u2019annonce du d\u00e9c\u00e8s du pr\u00e9sident tchadien Idriss D\u00e9by Itno, le Conseil national de transition, qui a \u00e9t\u00e9 rapidement mis sur pied par l\u2019arm\u00e9e, a d\u00e9cid\u00e9 de prendre diverses mesures pour s\u00e9curiser le territoire national sous la menace d\u2019une r\u00e9bellion, qui a d\u2019ailleurs co\u00fbt\u00e9 la vie \u00e0 l\u2019ancien homme fort [&hellip;]<\/p>\n","protected":false},"author":82,"featured_media":2299,"comment_status":"open","ping_status":"closed","sticky":false,"template":"","format":"standard","meta":{"footnotes":""},"categories":[3,11,10],"tags":[36,50,49],"class_list":["post-2300","post","type-post","status-publish","format-standard","has-post-thumbnail","hentry","category-economie","category-homepage-french","category-toutes-les-actualites","tag-africa-press","tag-africa-press-cameroun","tag-cameroun"],"yoast_head":"<!-- This site is optimized with the Yoast SEO Premium plugin v26.1 (Yoast SEO v27.0) - https:\/\/yoast.com\/product\/yoast-seo-premium-wordpress\/ -->\n<title>Cameroun - D\u00e9c\u00e8s d\u2019Idriss D\u00e9by Itno: La fermeture de la fronti\u00e8re Cameroun -Tchad impacte n\u00e9gativement les \u00e9changes commerciaux - Cameroun<\/title>\n<meta name=\"description\" content=\"Quelques heures apr\u00e8s l\u2019annonce du d\u00e9c\u00e8s du pr\u00e9sident tchadien Idriss D\u00e9by Itno, le Conseil national de transition, qui ...\" \/>\n<meta name=\"robots\" content=\"index, follow, max-snippet:-1, max-image-preview:large, max-video-preview:-1\" \/>\n<link rel=\"canonical\" href=\"https:\/\/www.africa-press.net\/cameroun\/economie\/cameroun-deces-didriss-deby-itno-la-fermeture-de-la-frontiere-cameroun-tchad-impacte-negativement-les-echanges-commerciaux\" \/>\n<meta property=\"og:locale\" content=\"fr_FR\" \/>\n<meta property=\"og:type\" content=\"article\" \/>\n<meta property=\"og:title\" content=\"Cameroun - D\u00e9c\u00e8s d\u2019Idriss D\u00e9by Itno: La fermeture de la fronti\u00e8re Cameroun -Tchad impacte n\u00e9gativement les \u00e9changes commerciaux\" \/>\n<meta property=\"og:description\" content=\"Quelques heures apr\u00e8s l\u2019annonce du d\u00e9c\u00e8s du pr\u00e9sident tchadien Idriss D\u00e9by Itno, le Conseil national de transition, qui ...\" \/>\n<meta property=\"og:url\" content=\"https:\/\/www.africa-press.net\/cameroun\/economie\/cameroun-deces-didriss-deby-itno-la-fermeture-de-la-frontiere-cameroun-tchad-impacte-negativement-les-echanges-commerciaux\" \/>\n<meta property=\"og:site_name\" content=\"Cameroun\" \/>\n<meta property=\"article:published_time\" content=\"2021-04-23T19:33:22+00:00\" \/>\n<meta property=\"article:modified_time\" content=\"2021-04-23T21:41:33+00:00\" \/>\n<meta property=\"og:image\" content=\"https:\/\/static.africa-press.net\/cameroun\/sites\/57\/2021\/04\/img-60833ef43cc78.jpg\" \/>\n\t<meta property=\"og:image:width\" content=\"800\" \/>\n\t<meta property=\"og:image:height\" content=\"600\" \/>\n\t<meta property=\"og:image:type\" content=\"image\/jpeg\" \/>\n<meta name=\"author\" content=\"cfeditorfr\" \/>\n<meta name=\"twitter:card\" content=\"summary_large_image\" \/>\n<meta name=\"twitter:label1\" content=\"\u00c9crit par\" \/>\n\t<meta name=\"twitter:data1\" content=\"cfeditorfr\" \/>\n\t<meta name=\"twitter:label2\" content=\"Dur\u00e9e de lecture estim\u00e9e\" \/>\n\t<meta name=\"twitter:data2\" content=\"2 minutes\" \/>\n<script type=\"application\/ld+json\" class=\"yoast-schema-graph\">{\"@context\":\"https:\/\/schema.org\",\"@graph\":[{\"@type\":\"Article\",\"@id\":\"https:\/\/www.africa-press.net\/cameroun\/economie\/cameroun-deces-didriss-deby-itno-la-fermeture-de-la-frontiere-cameroun-tchad-impacte-negativement-les-echanges-commerciaux#article\",\"isPartOf\":{\"@id\":\"https:\/\/www.africa-press.net\/cameroun\/economie\/cameroun-deces-didriss-deby-itno-la-fermeture-de-la-frontiere-cameroun-tchad-impacte-negativement-les-echanges-commerciaux\"},\"author\":{\"name\":\"cfeditorfr\",\"@id\":\"https:\/\/www.africa-press.net\/cameroun\/#\/schema\/person\/2b1cf3cd81a31e3cd26889ca66d677f1\"},\"headline\":\"Cameroun &#8211; D\u00e9c\u00e8s d\u2019Idriss D\u00e9by Itno: La fermeture de la fronti\u00e8re Cameroun -Tchad impacte n\u00e9gativement les \u00e9changes commerciaux\",\"datePublished\":\"2021-04-23T19:33:22+00:00\",\"dateModified\":\"2021-04-23T21:41:33+00:00\",\"mainEntityOfPage\":{\"@id\":\"https:\/\/www.africa-press.net\/cameroun\/economie\/cameroun-deces-didriss-deby-itno-la-fermeture-de-la-frontiere-cameroun-tchad-impacte-negativement-les-echanges-commerciaux\"},\"wordCount\":390,\"commentCount\":0,\"image\":{\"@id\":\"https:\/\/www.africa-press.net\/cameroun\/economie\/cameroun-deces-didriss-deby-itno-la-fermeture-de-la-frontiere-cameroun-tchad-impacte-negativement-les-echanges-commerciaux#primaryimage\"},\"thumbnailUrl\":\"https:\/\/static.africa-press.net\/cameroun\/sites\/57\/2021\/04\/img-60833ef43cc78.jpg\",\"keywords\":[\"Africa Press\",\"Africa Press-Cameroun\",\"Cameroun\"],\"articleSection\":[\"\u00c9conomie\",\"homepage-french\",\"Toutes les actualit\u00e9s\"],\"inLanguage\":\"fr-FR\",\"potentialAction\":[{\"@type\":\"CommentAction\",\"name\":\"Comment\",\"target\":[\"https:\/\/www.africa-press.net\/cameroun\/economie\/cameroun-deces-didriss-deby-itno-la-fermeture-de-la-frontiere-cameroun-tchad-impacte-negativement-les-echanges-commerciaux#respond\"]}]},{\"@type\":\"WebPage\",\"@id\":\"https:\/\/www.africa-press.net\/cameroun\/economie\/cameroun-deces-didriss-deby-itno-la-fermeture-de-la-frontiere-cameroun-tchad-impacte-negativement-les-echanges-commerciaux\",\"url\":\"https:\/\/www.africa-press.net\/cameroun\/economie\/cameroun-deces-didriss-deby-itno-la-fermeture-de-la-frontiere-cameroun-tchad-impacte-negativement-les-echanges-commerciaux\",\"name\":\"Cameroun - D\u00e9c\u00e8s d\u2019Idriss D\u00e9by Itno: La fermeture de la fronti\u00e8re Cameroun -Tchad impacte n\u00e9gativement les \u00e9changes commerciaux - Cameroun\",\"isPartOf\":{\"@id\":\"https:\/\/www.africa-press.net\/cameroun\/#website\"},\"primaryImageOfPage\":{\"@id\":\"https:\/\/www.africa-press.net\/cameroun\/economie\/cameroun-deces-didriss-deby-itno-la-fermeture-de-la-frontiere-cameroun-tchad-impacte-negativement-les-echanges-commerciaux#primaryimage\"},\"image\":{\"@id\":\"https:\/\/www.africa-press.net\/cameroun\/economie\/cameroun-deces-didriss-deby-itno-la-fermeture-de-la-frontiere-cameroun-tchad-impacte-negativement-les-echanges-commerciaux#primaryimage\"},\"thumbnailUrl\":\"https:\/\/static.africa-press.net\/cameroun\/sites\/57\/2021\/04\/img-60833ef43cc78.jpg\",\"datePublished\":\"2021-04-23T19:33:22+00:00\",\"dateModified\":\"2021-04-23T21:41:33+00:00\",\"author\":{\"@id\":\"https:\/\/www.africa-press.net\/cameroun\/#\/schema\/person\/2b1cf3cd81a31e3cd26889ca66d677f1\"},\"description\":\"Quelques heures apr\u00e8s l\u2019annonce du d\u00e9c\u00e8s du pr\u00e9sident tchadien Idriss D\u00e9by Itno, le Conseil national de transition, qui ...\",\"breadcrumb\":{\"@id\":\"https:\/\/www.africa-press.net\/cameroun\/economie\/cameroun-deces-didriss-deby-itno-la-fermeture-de-la-frontiere-cameroun-tchad-impacte-negativement-les-echanges-commerciaux#breadcrumb\"},\"inLanguage\":\"fr-FR\",\"potentialAction\":[{\"@type\":\"ReadAction\",\"target\":[\"https:\/\/www.africa-press.net\/cameroun\/economie\/cameroun-deces-didriss-deby-itno-la-fermeture-de-la-frontiere-cameroun-tchad-impacte-negativement-les-echanges-commerciaux\"]}]},{\"@type\":\"ImageObject\",\"inLanguage\":\"fr-FR\",\"@id\":\"https:\/\/www.africa-press.net\/cameroun\/economie\/cameroun-deces-didriss-deby-itno-la-fermeture-de-la-frontiere-cameroun-tchad-impacte-negativement-les-echanges-commerciaux#primaryimage\",\"url\":\"https:\/\/static.africa-press.net\/cameroun\/sites\/57\/2021\/04\/img-60833ef43cc78.jpg\",\"contentUrl\":\"https:\/\/static.africa-press.net\/cameroun\/sites\/57\/2021\/04\/img-60833ef43cc78.jpg\",\"width\":800,\"height\":600,\"caption\":\"Cameroun - D\u00e9c\u00e8s d\u2019Idriss D\u00e9by Itno: La fermeture de la fronti\u00e8re Cameroun -Tchad impacte n\u00e9gativement les \u00e9changes commerciaux\"},{\"@type\":\"BreadcrumbList\",\"@id\":\"https:\/\/www.africa-press.net\/cameroun\/economie\/cameroun-deces-didriss-deby-itno-la-fermeture-de-la-frontiere-cameroun-tchad-impacte-negativement-les-echanges-commerciaux#breadcrumb\",\"itemListElement\":[{\"@type\":\"ListItem\",\"position\":1,\"name\":\"Accueil\",\"item\":\"https:\/\/www.africa-press.net\/cameroun\/\"},{\"@type\":\"ListItem\",\"position\":2,\"name\":\"Cameroun &#8211; D\u00e9c\u00e8s d\u2019Idriss D\u00e9by Itno: La fermeture de la fronti\u00e8re Cameroun -Tchad impacte n\u00e9gativement les \u00e9changes commerciaux\"}]},{\"@type\":\"WebSite\",\"@id\":\"https:\/\/www.africa-press.net\/cameroun\/#website\",\"url\":\"https:\/\/www.africa-press.net\/cameroun\/\",\"name\":\"Cameroun\",\"description\":\"Just another Africa News Agency Sites site\",\"potentialAction\":[{\"@type\":\"SearchAction\",\"target\":{\"@type\":\"EntryPoint\",\"urlTemplate\":\"https:\/\/www.africa-press.net\/cameroun\/?s={search_term_string}\"},\"query-input\":{\"@type\":\"PropertyValueSpecification\",\"valueRequired\":true,\"valueName\":\"search_term_string\"}}],\"inLanguage\":\"fr-FR\"},{\"@type\":\"Person\",\"@id\":\"https:\/\/www.africa-press.net\/cameroun\/#\/schema\/person\/2b1cf3cd81a31e3cd26889ca66d677f1\",\"name\":\"cfeditorfr\"}]}<\/script>\n<!-- \/ Yoast SEO Premium plugin. -->","yoast_head_json":{"title":"Cameroun - D\u00e9c\u00e8s d\u2019Idriss D\u00e9by Itno: La fermeture de la fronti\u00e8re Cameroun -Tchad impacte n\u00e9gativement les \u00e9changes commerciaux - Cameroun","description":"Quelques heures apr\u00e8s l\u2019annonce du d\u00e9c\u00e8s du pr\u00e9sident tchadien Idriss D\u00e9by Itno, le Conseil national de transition, qui ...","robots":{"index":"index","follow":"follow","max-snippet":"max-snippet:-1","max-image-preview":"max-image-preview:large","max-video-preview":"max-video-preview:-1"},"canonical":"https:\/\/www.africa-press.net\/cameroun\/economie\/cameroun-deces-didriss-deby-itno-la-fermeture-de-la-frontiere-cameroun-tchad-impacte-negativement-les-echanges-commerciaux","og_locale":"fr_FR","og_type":"article","og_title":"Cameroun - D\u00e9c\u00e8s d\u2019Idriss D\u00e9by Itno: La fermeture de la fronti\u00e8re Cameroun -Tchad impacte n\u00e9gativement les \u00e9changes commerciaux","og_description":"Quelques heures apr\u00e8s l\u2019annonce du d\u00e9c\u00e8s du pr\u00e9sident tchadien Idriss D\u00e9by Itno, le Conseil national de transition, qui ...","og_url":"https:\/\/www.africa-press.net\/cameroun\/economie\/cameroun-deces-didriss-deby-itno-la-fermeture-de-la-frontiere-cameroun-tchad-impacte-negativement-les-echanges-commerciaux","og_site_name":"Cameroun","article_published_time":"2021-04-23T19:33:22+00:00","article_modified_time":"2021-04-23T21:41:33+00:00","og_image":[{"width":800,"height":600,"url":"https:\/\/static.africa-press.net\/cameroun\/sites\/57\/2021\/04\/img-60833ef43cc78.jpg","type":"image\/jpeg"}],"author":"cfeditorfr","twitter_card":"summary_large_image","twitter_misc":{"\u00c9crit par":"cfeditorfr","Dur\u00e9e de lecture estim\u00e9e":"2 minutes"},"schema":{"@context":"https:\/\/schema.org","@graph":[{"@type":"Article","@id":"https:\/\/www.africa-press.net\/cameroun\/economie\/cameroun-deces-didriss-deby-itno-la-fermeture-de-la-frontiere-cameroun-tchad-impacte-negativement-les-echanges-commerciaux#article","isPartOf":{"@id":"https:\/\/www.africa-press.net\/cameroun\/economie\/cameroun-deces-didriss-deby-itno-la-fermeture-de-la-frontiere-cameroun-tchad-impacte-negativement-les-echanges-commerciaux"},"author":{"name":"cfeditorfr","@id":"https:\/\/www.africa-press.net\/cameroun\/#\/schema\/person\/2b1cf3cd81a31e3cd26889ca66d677f1"},"headline":"Cameroun &#8211; D\u00e9c\u00e8s d\u2019Idriss D\u00e9by Itno: La fermeture de la fronti\u00e8re Cameroun -Tchad impacte n\u00e9gativement les \u00e9changes commerciaux","datePublished":"2021-04-23T19:33:22+00:00","dateModified":"2021-04-23T21:41:33+00:00","mainEntityOfPage":{"@id":"https:\/\/www.africa-press.net\/cameroun\/economie\/cameroun-deces-didriss-deby-itno-la-fermeture-de-la-frontiere-cameroun-tchad-impacte-negativement-les-echanges-commerciaux"},"wordCount":390,"commentCount":0,"image":{"@id":"https:\/\/www.africa-press.net\/cameroun\/economie\/cameroun-deces-didriss-deby-itno-la-fermeture-de-la-frontiere-cameroun-tchad-impacte-negativement-les-echanges-commerciaux#primaryimage"},"thumbnailUrl":"https:\/\/static.africa-press.net\/cameroun\/sites\/57\/2021\/04\/img-60833ef43cc78.jpg","keywords":["Africa Press","Africa Press-Cameroun","Cameroun"],"articleSection":["\u00c9conomie","homepage-french","Toutes les actualit\u00e9s"],"inLanguage":"fr-FR","potentialAction":[{"@type":"CommentAction","name":"Comment","target":["https:\/\/www.africa-press.net\/cameroun\/economie\/cameroun-deces-didriss-deby-itno-la-fermeture-de-la-frontiere-cameroun-tchad-impacte-negativement-les-echanges-commerciaux#respond"]}]},{"@type":"WebPage","@id":"https:\/\/www.africa-press.net\/cameroun\/economie\/cameroun-deces-didriss-deby-itno-la-fermeture-de-la-frontiere-cameroun-tchad-impacte-negativement-les-echanges-commerciaux","url":"https:\/\/www.africa-press.net\/cameroun\/economie\/cameroun-deces-didriss-deby-itno-la-fermeture-de-la-frontiere-cameroun-tchad-impacte-negativement-les-echanges-commerciaux","name":"Cameroun - D\u00e9c\u00e8s d\u2019Idriss D\u00e9by Itno: La fermeture de la fronti\u00e8re Cameroun -Tchad impacte n\u00e9gativement les \u00e9changes commerciaux - Cameroun","isPartOf":{"@id":"https:\/\/www.africa-press.net\/cameroun\/#website"},"primaryImageOfPage":{"@id":"https:\/\/www.africa-press.net\/cameroun\/economie\/cameroun-deces-didriss-deby-itno-la-fermeture-de-la-frontiere-cameroun-tchad-impacte-negativement-les-echanges-commerciaux#primaryimage"},"image":{"@id":"https:\/\/www.africa-press.net\/cameroun\/economie\/cameroun-deces-didriss-deby-itno-la-fermeture-de-la-frontiere-cameroun-tchad-impacte-negativement-les-echanges-commerciaux#primaryimage"},"thumbnailUrl":"https:\/\/static.africa-press.net\/cameroun\/sites\/57\/2021\/04\/img-60833ef43cc78.jpg","datePublished":"2021-04-23T19:33:22+00:00","dateModified":"2021-04-23T21:41:33+00:00","author":{"@id":"https:\/\/www.africa-press.net\/cameroun\/#\/schema\/person\/2b1cf3cd81a31e3cd26889ca66d677f1"},"description":"Quelques heures apr\u00e8s l\u2019annonce du d\u00e9c\u00e8s du pr\u00e9sident tchadien Idriss D\u00e9by Itno, le Conseil national de transition, qui ...","breadcrumb":{"@id":"https:\/\/www.africa-press.net\/cameroun\/economie\/cameroun-deces-didriss-deby-itno-la-fermeture-de-la-frontiere-cameroun-tchad-impacte-negativement-les-echanges-commerciaux#breadcrumb"},"inLanguage":"fr-FR","potentialAction":[{"@type":"ReadAction","target":["https:\/\/www.africa-press.net\/cameroun\/economie\/cameroun-deces-didriss-deby-itno-la-fermeture-de-la-frontiere-cameroun-tchad-impacte-negativement-les-echanges-commerciaux"]}]},{"@type":"ImageObject","inLanguage":"fr-FR","@id":"https:\/\/www.africa-press.net\/cameroun\/economie\/cameroun-deces-didriss-deby-itno-la-fermeture-de-la-frontiere-cameroun-tchad-impacte-negativement-les-echanges-commerciaux#primaryimage","url":"https:\/\/static.africa-press.net\/cameroun\/sites\/57\/2021\/04\/img-60833ef43cc78.jpg","contentUrl":"https:\/\/static.africa-press.net\/cameroun\/sites\/57\/2021\/04\/img-60833ef43cc78.jpg","width":800,"height":600,"caption":"Cameroun - D\u00e9c\u00e8s d\u2019Idriss D\u00e9by Itno: La fermeture de la fronti\u00e8re Cameroun -Tchad impacte n\u00e9gativement les \u00e9changes commerciaux"},{"@type":"BreadcrumbList","@id":"https:\/\/www.africa-press.net\/cameroun\/economie\/cameroun-deces-didriss-deby-itno-la-fermeture-de-la-frontiere-cameroun-tchad-impacte-negativement-les-echanges-commerciaux#breadcrumb","itemListElement":[{"@type":"ListItem","position":1,"name":"Accueil","item":"https:\/\/www.africa-press.net\/cameroun\/"},{"@type":"ListItem","position":2,"name":"Cameroun &#8211; D\u00e9c\u00e8s d\u2019Idriss D\u00e9by Itno: La fermeture de la fronti\u00e8re Cameroun -Tchad impacte n\u00e9gativement les \u00e9changes commerciaux"}]},{"@type":"WebSite","@id":"https:\/\/www.africa-press.net\/cameroun\/#website","url":"https:\/\/www.africa-press.net\/cameroun\/","name":"Cameroun","description":"Just another Africa News Agency Sites site","potentialAction":[{"@type":"SearchAction","target":{"@type":"EntryPoint","urlTemplate":"https:\/\/www.africa-press.net\/cameroun\/?s={search_term_string}"},"query-input":{"@type":"PropertyValueSpecification","valueRequired":true,"valueName":"search_term_string"}}],"inLanguage":"fr-FR"},{"@type":"Person","@id":"https:\/\/www.africa-press.net\/cameroun\/#\/schema\/person\/2b1cf3cd81a31e3cd26889ca66d677f1","name":"cfeditorfr"}]}},"_links":{"self":[{"href":"https:\/\/www.africa-press.net\/cameroun\/wp-json\/wp\/v2\/posts\/2300","targetHints":{"allow":["GET"]}}],"collection":[{"href":"https:\/\/www.africa-press.net\/cameroun\/wp-json\/wp\/v2\/posts"}],"about":[{"href":"https:\/\/www.africa-press.net\/cameroun\/wp-json\/wp\/v2\/types\/post"}],"author":[{"embeddable":true,"href":"https:\/\/www.africa-press.net\/cameroun\/wp-json\/wp\/v2\/users\/82"}],"replies":[{"embeddable":true,"href":"https:\/\/www.africa-press.net\/cameroun\/wp-json\/wp\/v2\/comments?post=2300"}],"version-history":[{"count":0,"href":"https:\/\/www.africa-press.net\/cameroun\/wp-json\/wp\/v2\/posts\/2300\/revisions"}],"wp:featuredmedia":[{"embeddable":true,"href":"https:\/\/www.africa-press.net\/cameroun\/wp-json\/wp\/v2\/media\/2299"}],"wp:attachment":[{"href":"https:\/\/www.africa-press.net\/cameroun\/wp-json\/wp\/v2\/media?parent=2300"}],"wp:term":[{"taxonomy":"category","embeddable":true,"href":"https:\/\/www.africa-press.net\/cameroun\/wp-json\/wp\/v2\/categories?post=2300"},{"taxonomy":"post_tag","embeddable":true,"href":"https:\/\/www.africa-press.net\/cameroun\/wp-json\/wp\/v2\/tags?post=2300"}],"curies":[{"name":"wp","href":"https:\/\/api.w.org\/{rel}","templated":true}]}}