{"id":2303,"date":"2021-04-23T19:42:01","date_gmt":"2021-04-23T19:42:01","guid":{"rendered":"https:\/\/www.africa-press.net\/cameroun\/politique\/cameroun-mort-de-lhonorable-prince-mikody-lhommage-des-parlementaires-au-depute-du-departement-de-la-boumba-et-ngoko-est"},"modified":"2021-04-23T21:42:12","modified_gmt":"2021-04-23T21:42:12","slug":"cameroun-mort-de-lhonorable-prince-mikody-lhommage-des-parlementaires-au-depute-du-departement-de-la-boumba-et-ngoko-est","status":"publish","type":"post","link":"https:\/\/www.africa-press.net\/cameroun\/politique\/cameroun-mort-de-lhonorable-prince-mikody-lhommage-des-parlementaires-au-depute-du-departement-de-la-boumba-et-ngoko-est","title":{"rendered":"Cameroun &#8211; Mort de l\u2019honorable Prince Mikody: L\u2019hommage des parlementaires au d\u00e9put\u00e9 du d\u00e9partement de la Boumba-et-Ngoko (Est)"},"content":{"rendered":"<p><span style=\"color: #ff6600\"><strong><a href=\"https:\/\/www.africa-press.net\/\">Africa-Press<\/a> &#8211; <a href=\"https:\/\/www.africa-press.net\/cameroun\">Cameroun<\/a>. <\/strong><\/span>La d\u00e9pouille de Prince Mikody, jeune d\u00e9put\u00e9 RDPC du d\u00e9partement de la Boumba-et-Ngoko (Est), a \u00e9t\u00e9 accueillie au grand hall du palais des Congr\u00e8s de Yaound\u00e9 par le premier vice-pr\u00e9sident de l\u2019Assembl\u00e9e Nationale, Hilarion Etong. Pr\u00e9sents \u00e0 cette c\u00e9r\u00e9monie d\u2019hommages, de nombreux d\u00e9put\u00e9s parmi lesquels: Cabral Libii du PCRN, Joshua Osih du SDF ou Th\u00e9odore Datouo, Paul Eric Djomgoue, tous du RDPC.<\/p>\n<p>Dan son hom\u00e9lie, le pr\u00eatre a rappel\u00e9 que le d\u00e9put\u00e9 Prince Mikody \u00abrentre aupr\u00e8s de ses anc\u00eatres, de ceux qui lui ont donn\u00e9 la vie. T\u00e9moignage de sa m\u00e8re qui se demande si elle est dans un r\u00eave, lui le pilier de la famille. A ses s\u0153urs et ses ni\u00e8ces, malgr\u00e9 la douleur qui nous assaille nous allons \u00eatre forts. Le vide que tu laisses dans la famille est irrempla\u00e7able\u00bb, a d\u00e9clar\u00e9 le pr\u00e9lat dans une salle remplie d\u2019\u00e9motion, rapporte Le Messager de ce 22 avril 2021.<\/p>\n<p>Au cours de la phase des discours et t\u00e9moignages, le secr\u00e9taire adjoint du S\u00e9nat, Bernard Wongolo, dira que \u00ables douleurs les plus sinc\u00e8res sont muettes. Au nom de la famille Mikody, au nom de la Boumba et Ngoko, au nom de la r\u00e9gion de l&rsquo;Est, je tiens \u00e0 remercier l&rsquo;Assembl\u00e9e nationale pour tous les hommages. Un remerciement particulier \u00e0 Cavaye Yeguie Djibril. Un voyage dans la Paix pour ceux qui voyagent \u00e0 Mouloundou\u00bb, peut-on lire.<\/p>\n<p>Pour le pr\u00e9sident de la Commission des affaires \u00e9conomiques de l\u2019Assembl\u00e9e Nationale, \u00able seigneur l\u2019a rappel\u00e9 \u00e0 lui le 24 mars 2021. A sa premi\u00e8re l\u00e9gislature. Au nom des membres de la Commission, je dis toute ma tristesse et ma compassion. Un jeune homme tr\u00e8s actif. Il pr\u00e9sidait avec bonheur \u00e0 l&rsquo;animation du r\u00e9seau des parlementaires de la bonne gouvernance dans la gestion des ressources extractives au Cameroun. Comme une \u00e9toile filante, il reste un vide difficile \u00e0 combler au sein de la commission des Affaires \u00e9conomiques\u00bb, t\u00e9moignera le d\u00e9put\u00e9 dans une voix, renseigne Le Messager, \u00abbris\u00e9e par l\u2019\u00e9motion\u00bb.<\/p>\n<p>Apr\u00e8s cette c\u00e9r\u00e9monie, la d\u00e9pouille de Prince Mikody, d\u00e9c\u00e9d\u00e9 le 24 mars 2021 \u00e0 l&rsquo;h\u00f4pital g\u00e9n\u00e9ral de Yaound\u00e9 des suites de maladie, a pris la direction de Mouloundou (Est) o\u00f9 le d\u00e9put\u00e9, mort \u00e0 l\u2019\u00e2ge de 32 ans, sera inhum\u00e9 ce weekend.<\/p>\n","protected":false},"excerpt":{"rendered":"<p>Africa-Press &#8211; Cameroun. La d\u00e9pouille de Prince Mikody, jeune d\u00e9put\u00e9 RDPC du d\u00e9partement de la Boumba-et-Ngoko (Est), a \u00e9t\u00e9 accueillie au grand hall du palais des Congr\u00e8s de Yaound\u00e9 par le premier vice-pr\u00e9sident de l\u2019Assembl\u00e9e Nationale, Hilarion Etong. Pr\u00e9sents \u00e0 cette c\u00e9r\u00e9monie d\u2019hommages, de nombreux d\u00e9put\u00e9s parmi lesquels: Cabral Libii du PCRN, Joshua Osih du [&hellip;]<\/p>\n","protected":false},"author":82,"featured_media":2302,"comment_status":"open","ping_status":"closed","sticky":false,"template":"","format":"standard","meta":{"footnotes":""},"categories":[11,2,10],"tags":[36,50,49],"class_list":["post-2303","post","type-post","status-publish","format-standard","has-post-thumbnail","hentry","category-homepage-french","category-politique","category-toutes-les-actualites","tag-africa-press","tag-africa-press-cameroun","tag-cameroun"],"yoast_head":"<!-- This site is optimized with the Yoast SEO Premium plugin v26.1 (Yoast SEO v27.0) - https:\/\/yoast.com\/product\/yoast-seo-premium-wordpress\/ -->\n<title>Cameroun - Mort de l\u2019honorable Prince Mikody: L\u2019hommage des parlementaires au d\u00e9put\u00e9 du d\u00e9partement de la Boumba-et-Ngoko (Est) - Cameroun<\/title>\n<meta name=\"description\" content=\"La d\u00e9pouille de Prince Mikody, jeune d\u00e9put\u00e9 RDPC du d\u00e9partement de la Boumba-et-Ngoko (Est), a \u00e9t\u00e9 accueillie au grand h ...\" \/>\n<meta name=\"robots\" content=\"index, follow, max-snippet:-1, max-image-preview:large, max-video-preview:-1\" \/>\n<link rel=\"canonical\" href=\"https:\/\/www.africa-press.net\/cameroun\/politique\/cameroun-mort-de-lhonorable-prince-mikody-lhommage-des-parlementaires-au-depute-du-departement-de-la-boumba-et-ngoko-est\" \/>\n<meta property=\"og:locale\" content=\"fr_FR\" \/>\n<meta property=\"og:type\" content=\"article\" \/>\n<meta property=\"og:title\" content=\"Cameroun - Mort de l\u2019honorable Prince Mikody: L\u2019hommage des parlementaires au d\u00e9put\u00e9 du d\u00e9partement de la Boumba-et-Ngoko (Est)\" \/>\n<meta property=\"og:description\" content=\"La d\u00e9pouille de Prince Mikody, jeune d\u00e9put\u00e9 RDPC du d\u00e9partement de la Boumba-et-Ngoko (Est), a \u00e9t\u00e9 accueillie au grand h ...\" \/>\n<meta property=\"og:url\" content=\"https:\/\/www.africa-press.net\/cameroun\/politique\/cameroun-mort-de-lhonorable-prince-mikody-lhommage-des-parlementaires-au-depute-du-departement-de-la-boumba-et-ngoko-est\" \/>\n<meta property=\"og:site_name\" content=\"Cameroun\" \/>\n<meta property=\"article:published_time\" content=\"2021-04-23T19:42:01+00:00\" \/>\n<meta property=\"article:modified_time\" content=\"2021-04-23T21:42:12+00:00\" \/>\n<meta property=\"og:image\" content=\"https:\/\/static.africa-press.net\/cameroun\/sites\/57\/2021\/04\/img-60833f1a9046e.jpg\" \/>\n\t<meta property=\"og:image:width\" content=\"800\" \/>\n\t<meta property=\"og:image:height\" content=\"529\" \/>\n\t<meta property=\"og:image:type\" content=\"image\/jpeg\" \/>\n<meta name=\"author\" content=\"cfeditorfr\" \/>\n<meta name=\"twitter:card\" content=\"summary_large_image\" \/>\n<meta name=\"twitter:label1\" content=\"\u00c9crit par\" \/>\n\t<meta name=\"twitter:data1\" content=\"cfeditorfr\" \/>\n\t<meta name=\"twitter:label2\" content=\"Dur\u00e9e de lecture estim\u00e9e\" \/>\n\t<meta name=\"twitter:data2\" content=\"2 minutes\" \/>\n<script type=\"application\/ld+json\" class=\"yoast-schema-graph\">{\"@context\":\"https:\/\/schema.org\",\"@graph\":[{\"@type\":\"Article\",\"@id\":\"https:\/\/www.africa-press.net\/cameroun\/politique\/cameroun-mort-de-lhonorable-prince-mikody-lhommage-des-parlementaires-au-depute-du-departement-de-la-boumba-et-ngoko-est#article\",\"isPartOf\":{\"@id\":\"https:\/\/www.africa-press.net\/cameroun\/politique\/cameroun-mort-de-lhonorable-prince-mikody-lhommage-des-parlementaires-au-depute-du-departement-de-la-boumba-et-ngoko-est\"},\"author\":{\"name\":\"cfeditorfr\",\"@id\":\"https:\/\/www.africa-press.net\/cameroun\/#\/schema\/person\/2b1cf3cd81a31e3cd26889ca66d677f1\"},\"headline\":\"Cameroun &#8211; Mort de l\u2019honorable Prince Mikody: L\u2019hommage des parlementaires au d\u00e9put\u00e9 du d\u00e9partement de la Boumba-et-Ngoko (Est)\",\"datePublished\":\"2021-04-23T19:42:01+00:00\",\"dateModified\":\"2021-04-23T21:42:12+00:00\",\"mainEntityOfPage\":{\"@id\":\"https:\/\/www.africa-press.net\/cameroun\/politique\/cameroun-mort-de-lhonorable-prince-mikody-lhommage-des-parlementaires-au-depute-du-departement-de-la-boumba-et-ngoko-est\"},\"wordCount\":436,\"commentCount\":0,\"image\":{\"@id\":\"https:\/\/www.africa-press.net\/cameroun\/politique\/cameroun-mort-de-lhonorable-prince-mikody-lhommage-des-parlementaires-au-depute-du-departement-de-la-boumba-et-ngoko-est#primaryimage\"},\"thumbnailUrl\":\"https:\/\/static.africa-press.net\/cameroun\/sites\/57\/2021\/04\/img-60833f1a9046e.jpg\",\"keywords\":[\"Africa Press\",\"Africa Press-Cameroun\",\"Cameroun\"],\"articleSection\":[\"homepage-french\",\"Politique\",\"Toutes les actualit\u00e9s\"],\"inLanguage\":\"fr-FR\",\"potentialAction\":[{\"@type\":\"CommentAction\",\"name\":\"Comment\",\"target\":[\"https:\/\/www.africa-press.net\/cameroun\/politique\/cameroun-mort-de-lhonorable-prince-mikody-lhommage-des-parlementaires-au-depute-du-departement-de-la-boumba-et-ngoko-est#respond\"]}]},{\"@type\":\"WebPage\",\"@id\":\"https:\/\/www.africa-press.net\/cameroun\/politique\/cameroun-mort-de-lhonorable-prince-mikody-lhommage-des-parlementaires-au-depute-du-departement-de-la-boumba-et-ngoko-est\",\"url\":\"https:\/\/www.africa-press.net\/cameroun\/politique\/cameroun-mort-de-lhonorable-prince-mikody-lhommage-des-parlementaires-au-depute-du-departement-de-la-boumba-et-ngoko-est\",\"name\":\"Cameroun - Mort de l\u2019honorable Prince Mikody: L\u2019hommage des parlementaires au d\u00e9put\u00e9 du d\u00e9partement de la Boumba-et-Ngoko (Est) - Cameroun\",\"isPartOf\":{\"@id\":\"https:\/\/www.africa-press.net\/cameroun\/#website\"},\"primaryImageOfPage\":{\"@id\":\"https:\/\/www.africa-press.net\/cameroun\/politique\/cameroun-mort-de-lhonorable-prince-mikody-lhommage-des-parlementaires-au-depute-du-departement-de-la-boumba-et-ngoko-est#primaryimage\"},\"image\":{\"@id\":\"https:\/\/www.africa-press.net\/cameroun\/politique\/cameroun-mort-de-lhonorable-prince-mikody-lhommage-des-parlementaires-au-depute-du-departement-de-la-boumba-et-ngoko-est#primaryimage\"},\"thumbnailUrl\":\"https:\/\/static.africa-press.net\/cameroun\/sites\/57\/2021\/04\/img-60833f1a9046e.jpg\",\"datePublished\":\"2021-04-23T19:42:01+00:00\",\"dateModified\":\"2021-04-23T21:42:12+00:00\",\"author\":{\"@id\":\"https:\/\/www.africa-press.net\/cameroun\/#\/schema\/person\/2b1cf3cd81a31e3cd26889ca66d677f1\"},\"description\":\"La d\u00e9pouille de Prince Mikody, jeune d\u00e9put\u00e9 RDPC du d\u00e9partement de la Boumba-et-Ngoko (Est), a \u00e9t\u00e9 accueillie au grand h ...\",\"breadcrumb\":{\"@id\":\"https:\/\/www.africa-press.net\/cameroun\/politique\/cameroun-mort-de-lhonorable-prince-mikody-lhommage-des-parlementaires-au-depute-du-departement-de-la-boumba-et-ngoko-est#breadcrumb\"},\"inLanguage\":\"fr-FR\",\"potentialAction\":[{\"@type\":\"ReadAction\",\"target\":[\"https:\/\/www.africa-press.net\/cameroun\/politique\/cameroun-mort-de-lhonorable-prince-mikody-lhommage-des-parlementaires-au-depute-du-departement-de-la-boumba-et-ngoko-est\"]}]},{\"@type\":\"ImageObject\",\"inLanguage\":\"fr-FR\",\"@id\":\"https:\/\/www.africa-press.net\/cameroun\/politique\/cameroun-mort-de-lhonorable-prince-mikody-lhommage-des-parlementaires-au-depute-du-departement-de-la-boumba-et-ngoko-est#primaryimage\",\"url\":\"https:\/\/static.africa-press.net\/cameroun\/sites\/57\/2021\/04\/img-60833f1a9046e.jpg\",\"contentUrl\":\"https:\/\/static.africa-press.net\/cameroun\/sites\/57\/2021\/04\/img-60833f1a9046e.jpg\",\"width\":800,\"height\":529,\"caption\":\"Cameroun - Mort de l\u2019honorable Prince Mikody: L\u2019hommage des parlementaires au d\u00e9put\u00e9 du d\u00e9partement de la Boumba-et-Ngoko (Est)\"},{\"@type\":\"BreadcrumbList\",\"@id\":\"https:\/\/www.africa-press.net\/cameroun\/politique\/cameroun-mort-de-lhonorable-prince-mikody-lhommage-des-parlementaires-au-depute-du-departement-de-la-boumba-et-ngoko-est#breadcrumb\",\"itemListElement\":[{\"@type\":\"ListItem\",\"position\":1,\"name\":\"Accueil\",\"item\":\"https:\/\/www.africa-press.net\/cameroun\/\"},{\"@type\":\"ListItem\",\"position\":2,\"name\":\"Cameroun &#8211; Mort de l\u2019honorable Prince Mikody: L\u2019hommage des parlementaires au d\u00e9put\u00e9 du d\u00e9partement de la Boumba-et-Ngoko (Est)\"}]},{\"@type\":\"WebSite\",\"@id\":\"https:\/\/www.africa-press.net\/cameroun\/#website\",\"url\":\"https:\/\/www.africa-press.net\/cameroun\/\",\"name\":\"Cameroun\",\"description\":\"Just another Africa News Agency Sites site\",\"potentialAction\":[{\"@type\":\"SearchAction\",\"target\":{\"@type\":\"EntryPoint\",\"urlTemplate\":\"https:\/\/www.africa-press.net\/cameroun\/?s={search_term_string}\"},\"query-input\":{\"@type\":\"PropertyValueSpecification\",\"valueRequired\":true,\"valueName\":\"search_term_string\"}}],\"inLanguage\":\"fr-FR\"},{\"@type\":\"Person\",\"@id\":\"https:\/\/www.africa-press.net\/cameroun\/#\/schema\/person\/2b1cf3cd81a31e3cd26889ca66d677f1\",\"name\":\"cfeditorfr\"}]}<\/script>\n<!-- \/ Yoast SEO Premium plugin. -->","yoast_head_json":{"title":"Cameroun - Mort de l\u2019honorable Prince Mikody: L\u2019hommage des parlementaires au d\u00e9put\u00e9 du d\u00e9partement de la Boumba-et-Ngoko (Est) - Cameroun","description":"La d\u00e9pouille de Prince Mikody, jeune d\u00e9put\u00e9 RDPC du d\u00e9partement de la Boumba-et-Ngoko (Est), a \u00e9t\u00e9 accueillie au grand h ...","robots":{"index":"index","follow":"follow","max-snippet":"max-snippet:-1","max-image-preview":"max-image-preview:large","max-video-preview":"max-video-preview:-1"},"canonical":"https:\/\/www.africa-press.net\/cameroun\/politique\/cameroun-mort-de-lhonorable-prince-mikody-lhommage-des-parlementaires-au-depute-du-departement-de-la-boumba-et-ngoko-est","og_locale":"fr_FR","og_type":"article","og_title":"Cameroun - Mort de l\u2019honorable Prince Mikody: L\u2019hommage des parlementaires au d\u00e9put\u00e9 du d\u00e9partement de la Boumba-et-Ngoko (Est)","og_description":"La d\u00e9pouille de Prince Mikody, jeune d\u00e9put\u00e9 RDPC du d\u00e9partement de la Boumba-et-Ngoko (Est), a \u00e9t\u00e9 accueillie au grand h ...","og_url":"https:\/\/www.africa-press.net\/cameroun\/politique\/cameroun-mort-de-lhonorable-prince-mikody-lhommage-des-parlementaires-au-depute-du-departement-de-la-boumba-et-ngoko-est","og_site_name":"Cameroun","article_published_time":"2021-04-23T19:42:01+00:00","article_modified_time":"2021-04-23T21:42:12+00:00","og_image":[{"width":800,"height":529,"url":"https:\/\/static.africa-press.net\/cameroun\/sites\/57\/2021\/04\/img-60833f1a9046e.jpg","type":"image\/jpeg"}],"author":"cfeditorfr","twitter_card":"summary_large_image","twitter_misc":{"\u00c9crit par":"cfeditorfr","Dur\u00e9e de lecture estim\u00e9e":"2 minutes"},"schema":{"@context":"https:\/\/schema.org","@graph":[{"@type":"Article","@id":"https:\/\/www.africa-press.net\/cameroun\/politique\/cameroun-mort-de-lhonorable-prince-mikody-lhommage-des-parlementaires-au-depute-du-departement-de-la-boumba-et-ngoko-est#article","isPartOf":{"@id":"https:\/\/www.africa-press.net\/cameroun\/politique\/cameroun-mort-de-lhonorable-prince-mikody-lhommage-des-parlementaires-au-depute-du-departement-de-la-boumba-et-ngoko-est"},"author":{"name":"cfeditorfr","@id":"https:\/\/www.africa-press.net\/cameroun\/#\/schema\/person\/2b1cf3cd81a31e3cd26889ca66d677f1"},"headline":"Cameroun &#8211; Mort de l\u2019honorable Prince Mikody: L\u2019hommage des parlementaires au d\u00e9put\u00e9 du d\u00e9partement de la Boumba-et-Ngoko (Est)","datePublished":"2021-04-23T19:42:01+00:00","dateModified":"2021-04-23T21:42:12+00:00","mainEntityOfPage":{"@id":"https:\/\/www.africa-press.net\/cameroun\/politique\/cameroun-mort-de-lhonorable-prince-mikody-lhommage-des-parlementaires-au-depute-du-departement-de-la-boumba-et-ngoko-est"},"wordCount":436,"commentCount":0,"image":{"@id":"https:\/\/www.africa-press.net\/cameroun\/politique\/cameroun-mort-de-lhonorable-prince-mikody-lhommage-des-parlementaires-au-depute-du-departement-de-la-boumba-et-ngoko-est#primaryimage"},"thumbnailUrl":"https:\/\/static.africa-press.net\/cameroun\/sites\/57\/2021\/04\/img-60833f1a9046e.jpg","keywords":["Africa Press","Africa Press-Cameroun","Cameroun"],"articleSection":["homepage-french","Politique","Toutes les actualit\u00e9s"],"inLanguage":"fr-FR","potentialAction":[{"@type":"CommentAction","name":"Comment","target":["https:\/\/www.africa-press.net\/cameroun\/politique\/cameroun-mort-de-lhonorable-prince-mikody-lhommage-des-parlementaires-au-depute-du-departement-de-la-boumba-et-ngoko-est#respond"]}]},{"@type":"WebPage","@id":"https:\/\/www.africa-press.net\/cameroun\/politique\/cameroun-mort-de-lhonorable-prince-mikody-lhommage-des-parlementaires-au-depute-du-departement-de-la-boumba-et-ngoko-est","url":"https:\/\/www.africa-press.net\/cameroun\/politique\/cameroun-mort-de-lhonorable-prince-mikody-lhommage-des-parlementaires-au-depute-du-departement-de-la-boumba-et-ngoko-est","name":"Cameroun - Mort de l\u2019honorable Prince Mikody: L\u2019hommage des parlementaires au d\u00e9put\u00e9 du d\u00e9partement de la Boumba-et-Ngoko (Est) - Cameroun","isPartOf":{"@id":"https:\/\/www.africa-press.net\/cameroun\/#website"},"primaryImageOfPage":{"@id":"https:\/\/www.africa-press.net\/cameroun\/politique\/cameroun-mort-de-lhonorable-prince-mikody-lhommage-des-parlementaires-au-depute-du-departement-de-la-boumba-et-ngoko-est#primaryimage"},"image":{"@id":"https:\/\/www.africa-press.net\/cameroun\/politique\/cameroun-mort-de-lhonorable-prince-mikody-lhommage-des-parlementaires-au-depute-du-departement-de-la-boumba-et-ngoko-est#primaryimage"},"thumbnailUrl":"https:\/\/static.africa-press.net\/cameroun\/sites\/57\/2021\/04\/img-60833f1a9046e.jpg","datePublished":"2021-04-23T19:42:01+00:00","dateModified":"2021-04-23T21:42:12+00:00","author":{"@id":"https:\/\/www.africa-press.net\/cameroun\/#\/schema\/person\/2b1cf3cd81a31e3cd26889ca66d677f1"},"description":"La d\u00e9pouille de Prince Mikody, jeune d\u00e9put\u00e9 RDPC du d\u00e9partement de la Boumba-et-Ngoko (Est), a \u00e9t\u00e9 accueillie au grand h ...","breadcrumb":{"@id":"https:\/\/www.africa-press.net\/cameroun\/politique\/cameroun-mort-de-lhonorable-prince-mikody-lhommage-des-parlementaires-au-depute-du-departement-de-la-boumba-et-ngoko-est#breadcrumb"},"inLanguage":"fr-FR","potentialAction":[{"@type":"ReadAction","target":["https:\/\/www.africa-press.net\/cameroun\/politique\/cameroun-mort-de-lhonorable-prince-mikody-lhommage-des-parlementaires-au-depute-du-departement-de-la-boumba-et-ngoko-est"]}]},{"@type":"ImageObject","inLanguage":"fr-FR","@id":"https:\/\/www.africa-press.net\/cameroun\/politique\/cameroun-mort-de-lhonorable-prince-mikody-lhommage-des-parlementaires-au-depute-du-departement-de-la-boumba-et-ngoko-est#primaryimage","url":"https:\/\/static.africa-press.net\/cameroun\/sites\/57\/2021\/04\/img-60833f1a9046e.jpg","contentUrl":"https:\/\/static.africa-press.net\/cameroun\/sites\/57\/2021\/04\/img-60833f1a9046e.jpg","width":800,"height":529,"caption":"Cameroun - Mort de l\u2019honorable Prince Mikody: L\u2019hommage des parlementaires au d\u00e9put\u00e9 du d\u00e9partement de la Boumba-et-Ngoko (Est)"},{"@type":"BreadcrumbList","@id":"https:\/\/www.africa-press.net\/cameroun\/politique\/cameroun-mort-de-lhonorable-prince-mikody-lhommage-des-parlementaires-au-depute-du-departement-de-la-boumba-et-ngoko-est#breadcrumb","itemListElement":[{"@type":"ListItem","position":1,"name":"Accueil","item":"https:\/\/www.africa-press.net\/cameroun\/"},{"@type":"ListItem","position":2,"name":"Cameroun &#8211; Mort de l\u2019honorable Prince Mikody: L\u2019hommage des parlementaires au d\u00e9put\u00e9 du d\u00e9partement de la Boumba-et-Ngoko (Est)"}]},{"@type":"WebSite","@id":"https:\/\/www.africa-press.net\/cameroun\/#website","url":"https:\/\/www.africa-press.net\/cameroun\/","name":"Cameroun","description":"Just another Africa News Agency Sites site","potentialAction":[{"@type":"SearchAction","target":{"@type":"EntryPoint","urlTemplate":"https:\/\/www.africa-press.net\/cameroun\/?s={search_term_string}"},"query-input":{"@type":"PropertyValueSpecification","valueRequired":true,"valueName":"search_term_string"}}],"inLanguage":"fr-FR"},{"@type":"Person","@id":"https:\/\/www.africa-press.net\/cameroun\/#\/schema\/person\/2b1cf3cd81a31e3cd26889ca66d677f1","name":"cfeditorfr"}]}},"_links":{"self":[{"href":"https:\/\/www.africa-press.net\/cameroun\/wp-json\/wp\/v2\/posts\/2303","targetHints":{"allow":["GET"]}}],"collection":[{"href":"https:\/\/www.africa-press.net\/cameroun\/wp-json\/wp\/v2\/posts"}],"about":[{"href":"https:\/\/www.africa-press.net\/cameroun\/wp-json\/wp\/v2\/types\/post"}],"author":[{"embeddable":true,"href":"https:\/\/www.africa-press.net\/cameroun\/wp-json\/wp\/v2\/users\/82"}],"replies":[{"embeddable":true,"href":"https:\/\/www.africa-press.net\/cameroun\/wp-json\/wp\/v2\/comments?post=2303"}],"version-history":[{"count":0,"href":"https:\/\/www.africa-press.net\/cameroun\/wp-json\/wp\/v2\/posts\/2303\/revisions"}],"wp:featuredmedia":[{"embeddable":true,"href":"https:\/\/www.africa-press.net\/cameroun\/wp-json\/wp\/v2\/media\/2302"}],"wp:attachment":[{"href":"https:\/\/www.africa-press.net\/cameroun\/wp-json\/wp\/v2\/media?parent=2303"}],"wp:term":[{"taxonomy":"category","embeddable":true,"href":"https:\/\/www.africa-press.net\/cameroun\/wp-json\/wp\/v2\/categories?post=2303"},{"taxonomy":"post_tag","embeddable":true,"href":"https:\/\/www.africa-press.net\/cameroun\/wp-json\/wp\/v2\/tags?post=2303"}],"curies":[{"name":"wp","href":"https:\/\/api.w.org\/{rel}","templated":true}]}}