{"id":2315,"date":"2021-04-23T20:09:35","date_gmt":"2021-04-23T20:09:35","guid":{"rendered":"https:\/\/www.africa-press.net\/cameroun\/politique\/cameroun-gestion-des-spectres-de-frequence-les-recommandations-des-experts-de-lunion-africaine-des-telecommunications-au-ministre-des-postes-minette-libom-li-likeng"},"modified":"2021-04-23T21:44:45","modified_gmt":"2021-04-23T21:44:45","slug":"cameroun-gestion-des-spectres-de-frequence-les-recommandations-des-experts-de-lunion-africaine-des-telecommunications-au-ministre-des-postes-minette-libom-li-likeng","status":"publish","type":"post","link":"https:\/\/www.africa-press.net\/cameroun\/politique\/cameroun-gestion-des-spectres-de-frequence-les-recommandations-des-experts-de-lunion-africaine-des-telecommunications-au-ministre-des-postes-minette-libom-li-likeng","title":{"rendered":"Cameroun &#8211; Gestion des spectres de fr\u00e9quence: Les recommandations des experts de l\u2019Union africaine des T\u00e9l\u00e9communications au ministre des Postes Minette Libom Li Likeng"},"content":{"rendered":"<p><span style=\"color: #ff6600\"><strong><a href=\"https:\/\/www.africa-press.net\/\">Africa-Press<\/a> &#8211; <a href=\"https:\/\/www.africa-press.net\/cameroun\">Cameroun<\/a>. <\/strong><\/span>Dans le cadre de l\u2019assainissement de la bande de fr\u00e9quences de t\u00e9l\u00e9communications du Cameroun, le ministre des Postes et T\u00e9l\u00e9communications (MINPOSTEL), Minette Libom Li Likeng, a re\u00e7u des recommandations des experts de l\u2019Union africaine des t\u00e9l\u00e9communications le 22 avril 2021. Cette audience a eu lieu par visioconf\u00e9rence.<\/p>\n<p>En effet, \u00abla portion attribu\u00e9e au pays fait l\u2019objet d\u2019un usage anarchique surtout par les entreprises de radiodiffusion, pouvant mettre en difficult\u00e9 les activit\u00e9s des secteurs tels que la s\u00e9curit\u00e9 et le transport a\u00e9rien. C\u2019est pourquoi le pays s\u2019organise pour une meilleure gestion de l\u2019outil strat\u00e9gique qu\u2019est le spectre de fr\u00e9quences. Avec le soutien de l\u2019Union africaine des t\u00e9l\u00e9communications\u00bb, rapporte le quotidien d\u2019Etat Cameroon Tribune en kiosque ce 23 avril 2021.<\/p>\n<p>Le travail effectu\u00e9 sur le terrain par les experts de l\u2019Union africaine des T\u00e9l\u00e9communications s\u2019est achev\u00e9 le 22 avril dernier par une visioconf\u00e9rence pr\u00e9sid\u00e9e par le MINPOSTEL. Ces experts ont fait quelques recommandations au Cameroun. \u00abIl s\u2019agit en fait de solutions consistant \u00e0 mieux g\u00e9rer les spectres de fr\u00e9quence, notamment l\u2019audit, la prise en compte des \u00e9volutions technologiques et l\u2019am\u00e9lioration de la connexion des zones rurales en larges bandes\u00bb, peut-on lire.<\/p>\n<p>Minette Libom Li Likeng a indiqu\u00e9 que \u00abces outils qui aident \u00e0 mieux mener des activit\u00e9s techniques de gestion constituent un guide pour les diff\u00e9rentes administrations, dans un contexte de forte sollicitation de cette ressource limit\u00e9e, mais essentielle au d\u00e9ploiement des technologies \u00e9mergentes n\u00e9cessaires aux populations en vue de leur \u00e9mancipation\u00bb, note le reporter.<\/p>\n<p>D\u2019apr\u00e8s notre confr\u00e8re, cette concertation \u00e9tait aussi une occasion de c\u00e9l\u00e9brer les bonnes pratiques en vigueur dans certains pays du continent et en dehors. \u00abL\u2019on a formul\u00e9 le v\u0153u que les outils \u00e9labor\u00e9s par l\u2019expertise africaine soient utilis\u00e9s efficacement pour des r\u00e9sultats probants au b\u00e9n\u00e9fice des populations exigeantes dans l\u2019utilisation des services de communication de qualit\u00e9\u00bb, lit-on.<\/p>\n<p>Le travail des experts a \u00e9t\u00e9 fait sur la base de bonnes pratiques en vigueur dans certains pays du continent et hors continent. Il devrait, selon les experts, \u00ab\u00eatre une source d\u2019inspiration pour les autres pays du continent afin d\u2019am\u00e9liorer la gestion de fr\u00e9quences dans un contexte o\u00f9 les d\u00e9fis deviennent complexes\u00bb, conclut le journal.<\/p>\n<p><b>Wilfried ONDOA<\/b><\/p>\n","protected":false},"excerpt":{"rendered":"<p>Africa-Press &#8211; Cameroun. Dans le cadre de l\u2019assainissement de la bande de fr\u00e9quences de t\u00e9l\u00e9communications du Cameroun, le ministre des Postes et T\u00e9l\u00e9communications (MINPOSTEL), Minette Libom Li Likeng, a re\u00e7u des recommandations des experts de l\u2019Union africaine des t\u00e9l\u00e9communications le 22 avril 2021. Cette audience a eu lieu par visioconf\u00e9rence. En effet, \u00abla portion attribu\u00e9e [&hellip;]<\/p>\n","protected":false},"author":82,"featured_media":2314,"comment_status":"open","ping_status":"closed","sticky":false,"template":"","format":"standard","meta":{"footnotes":""},"categories":[11,2,10],"tags":[36,50,49],"class_list":["post-2315","post","type-post","status-publish","format-standard","has-post-thumbnail","hentry","category-homepage-french","category-politique","category-toutes-les-actualites","tag-africa-press","tag-africa-press-cameroun","tag-cameroun"],"yoast_head":"<!-- This site is optimized with the Yoast SEO Premium plugin v26.1 (Yoast SEO v27.0) - https:\/\/yoast.com\/product\/yoast-seo-premium-wordpress\/ -->\n<title>Cameroun - Gestion des spectres de fr\u00e9quence: Les recommandations des experts de l\u2019Union africaine des T\u00e9l\u00e9communications au ministre des Postes Minette Libom Li Likeng - Cameroun<\/title>\n<meta name=\"description\" content=\"Dans le cadre de l\u2019assainissement de la bande de fr\u00e9quences de t\u00e9l\u00e9communications du Cameroun, le ministre des Postes et ...\" \/>\n<meta name=\"robots\" content=\"index, follow, max-snippet:-1, max-image-preview:large, max-video-preview:-1\" \/>\n<link rel=\"canonical\" href=\"https:\/\/www.africa-press.net\/cameroun\/politique\/cameroun-gestion-des-spectres-de-frequence-les-recommandations-des-experts-de-lunion-africaine-des-telecommunications-au-ministre-des-postes-minette-libom-li-likeng\" \/>\n<meta property=\"og:locale\" content=\"fr_FR\" \/>\n<meta property=\"og:type\" content=\"article\" \/>\n<meta property=\"og:title\" content=\"Cameroun - Gestion des spectres de fr\u00e9quence: Les recommandations des experts de l\u2019Union africaine des T\u00e9l\u00e9communications au ministre des Postes Minette Libom Li Likeng\" \/>\n<meta property=\"og:description\" content=\"Dans le cadre de l\u2019assainissement de la bande de fr\u00e9quences de t\u00e9l\u00e9communications du Cameroun, le ministre des Postes et ...\" \/>\n<meta property=\"og:url\" content=\"https:\/\/www.africa-press.net\/cameroun\/politique\/cameroun-gestion-des-spectres-de-frequence-les-recommandations-des-experts-de-lunion-africaine-des-telecommunications-au-ministre-des-postes-minette-libom-li-likeng\" \/>\n<meta property=\"og:site_name\" content=\"Cameroun\" \/>\n<meta property=\"article:published_time\" content=\"2021-04-23T20:09:35+00:00\" \/>\n<meta property=\"article:modified_time\" content=\"2021-04-23T21:44:45+00:00\" \/>\n<meta property=\"og:image\" content=\"https:\/\/static.africa-press.net\/cameroun\/sites\/57\/2021\/04\/img-60833fb55058f.jpg\" \/>\n\t<meta property=\"og:image:width\" content=\"800\" \/>\n\t<meta property=\"og:image:height\" content=\"700\" \/>\n\t<meta property=\"og:image:type\" content=\"image\/jpeg\" \/>\n<meta name=\"author\" content=\"cfeditorfr\" \/>\n<meta name=\"twitter:card\" content=\"summary_large_image\" \/>\n<meta name=\"twitter:label1\" content=\"\u00c9crit par\" \/>\n\t<meta name=\"twitter:data1\" content=\"cfeditorfr\" \/>\n\t<meta name=\"twitter:label2\" content=\"Dur\u00e9e de lecture estim\u00e9e\" \/>\n\t<meta name=\"twitter:data2\" content=\"2 minutes\" \/>\n<script type=\"application\/ld+json\" class=\"yoast-schema-graph\">{\"@context\":\"https:\/\/schema.org\",\"@graph\":[{\"@type\":\"Article\",\"@id\":\"https:\/\/www.africa-press.net\/cameroun\/politique\/cameroun-gestion-des-spectres-de-frequence-les-recommandations-des-experts-de-lunion-africaine-des-telecommunications-au-ministre-des-postes-minette-libom-li-likeng#article\",\"isPartOf\":{\"@id\":\"https:\/\/www.africa-press.net\/cameroun\/politique\/cameroun-gestion-des-spectres-de-frequence-les-recommandations-des-experts-de-lunion-africaine-des-telecommunications-au-ministre-des-postes-minette-libom-li-likeng\"},\"author\":{\"name\":\"cfeditorfr\",\"@id\":\"https:\/\/www.africa-press.net\/cameroun\/#\/schema\/person\/2b1cf3cd81a31e3cd26889ca66d677f1\"},\"headline\":\"Cameroun &#8211; Gestion des spectres de fr\u00e9quence: Les recommandations des experts de l\u2019Union africaine des T\u00e9l\u00e9communications au ministre des Postes Minette Libom Li Likeng\",\"datePublished\":\"2021-04-23T20:09:35+00:00\",\"dateModified\":\"2021-04-23T21:44:45+00:00\",\"mainEntityOfPage\":{\"@id\":\"https:\/\/www.africa-press.net\/cameroun\/politique\/cameroun-gestion-des-spectres-de-frequence-les-recommandations-des-experts-de-lunion-africaine-des-telecommunications-au-ministre-des-postes-minette-libom-li-likeng\"},\"wordCount\":445,\"commentCount\":0,\"image\":{\"@id\":\"https:\/\/www.africa-press.net\/cameroun\/politique\/cameroun-gestion-des-spectres-de-frequence-les-recommandations-des-experts-de-lunion-africaine-des-telecommunications-au-ministre-des-postes-minette-libom-li-likeng#primaryimage\"},\"thumbnailUrl\":\"https:\/\/static.africa-press.net\/cameroun\/sites\/57\/2021\/04\/img-60833fb55058f.jpg\",\"keywords\":[\"Africa Press\",\"Africa Press-Cameroun\",\"Cameroun\"],\"articleSection\":[\"homepage-french\",\"Politique\",\"Toutes les actualit\u00e9s\"],\"inLanguage\":\"fr-FR\",\"potentialAction\":[{\"@type\":\"CommentAction\",\"name\":\"Comment\",\"target\":[\"https:\/\/www.africa-press.net\/cameroun\/politique\/cameroun-gestion-des-spectres-de-frequence-les-recommandations-des-experts-de-lunion-africaine-des-telecommunications-au-ministre-des-postes-minette-libom-li-likeng#respond\"]}]},{\"@type\":\"WebPage\",\"@id\":\"https:\/\/www.africa-press.net\/cameroun\/politique\/cameroun-gestion-des-spectres-de-frequence-les-recommandations-des-experts-de-lunion-africaine-des-telecommunications-au-ministre-des-postes-minette-libom-li-likeng\",\"url\":\"https:\/\/www.africa-press.net\/cameroun\/politique\/cameroun-gestion-des-spectres-de-frequence-les-recommandations-des-experts-de-lunion-africaine-des-telecommunications-au-ministre-des-postes-minette-libom-li-likeng\",\"name\":\"Cameroun - Gestion des spectres de fr\u00e9quence: Les recommandations des experts de l\u2019Union africaine des T\u00e9l\u00e9communications au ministre des Postes Minette Libom Li Likeng - Cameroun\",\"isPartOf\":{\"@id\":\"https:\/\/www.africa-press.net\/cameroun\/#website\"},\"primaryImageOfPage\":{\"@id\":\"https:\/\/www.africa-press.net\/cameroun\/politique\/cameroun-gestion-des-spectres-de-frequence-les-recommandations-des-experts-de-lunion-africaine-des-telecommunications-au-ministre-des-postes-minette-libom-li-likeng#primaryimage\"},\"image\":{\"@id\":\"https:\/\/www.africa-press.net\/cameroun\/politique\/cameroun-gestion-des-spectres-de-frequence-les-recommandations-des-experts-de-lunion-africaine-des-telecommunications-au-ministre-des-postes-minette-libom-li-likeng#primaryimage\"},\"thumbnailUrl\":\"https:\/\/static.africa-press.net\/cameroun\/sites\/57\/2021\/04\/img-60833fb55058f.jpg\",\"datePublished\":\"2021-04-23T20:09:35+00:00\",\"dateModified\":\"2021-04-23T21:44:45+00:00\",\"author\":{\"@id\":\"https:\/\/www.africa-press.net\/cameroun\/#\/schema\/person\/2b1cf3cd81a31e3cd26889ca66d677f1\"},\"description\":\"Dans le cadre de l\u2019assainissement de la bande de fr\u00e9quences de t\u00e9l\u00e9communications du Cameroun, le ministre des Postes et ...\",\"breadcrumb\":{\"@id\":\"https:\/\/www.africa-press.net\/cameroun\/politique\/cameroun-gestion-des-spectres-de-frequence-les-recommandations-des-experts-de-lunion-africaine-des-telecommunications-au-ministre-des-postes-minette-libom-li-likeng#breadcrumb\"},\"inLanguage\":\"fr-FR\",\"potentialAction\":[{\"@type\":\"ReadAction\",\"target\":[\"https:\/\/www.africa-press.net\/cameroun\/politique\/cameroun-gestion-des-spectres-de-frequence-les-recommandations-des-experts-de-lunion-africaine-des-telecommunications-au-ministre-des-postes-minette-libom-li-likeng\"]}]},{\"@type\":\"ImageObject\",\"inLanguage\":\"fr-FR\",\"@id\":\"https:\/\/www.africa-press.net\/cameroun\/politique\/cameroun-gestion-des-spectres-de-frequence-les-recommandations-des-experts-de-lunion-africaine-des-telecommunications-au-ministre-des-postes-minette-libom-li-likeng#primaryimage\",\"url\":\"https:\/\/static.africa-press.net\/cameroun\/sites\/57\/2021\/04\/img-60833fb55058f.jpg\",\"contentUrl\":\"https:\/\/static.africa-press.net\/cameroun\/sites\/57\/2021\/04\/img-60833fb55058f.jpg\",\"width\":800,\"height\":700,\"caption\":\"Cameroun - Gestion des spectres de fr\u00e9quence: Les recommandations des experts de l\u2019Union africaine des T\u00e9l\u00e9communications au ministre des Postes Minette Libom Li Likeng\"},{\"@type\":\"BreadcrumbList\",\"@id\":\"https:\/\/www.africa-press.net\/cameroun\/politique\/cameroun-gestion-des-spectres-de-frequence-les-recommandations-des-experts-de-lunion-africaine-des-telecommunications-au-ministre-des-postes-minette-libom-li-likeng#breadcrumb\",\"itemListElement\":[{\"@type\":\"ListItem\",\"position\":1,\"name\":\"Accueil\",\"item\":\"https:\/\/www.africa-press.net\/cameroun\/\"},{\"@type\":\"ListItem\",\"position\":2,\"name\":\"Cameroun &#8211; Gestion des spectres de fr\u00e9quence: Les recommandations des experts de l\u2019Union africaine des T\u00e9l\u00e9communications au ministre des Postes Minette Libom Li Likeng\"}]},{\"@type\":\"WebSite\",\"@id\":\"https:\/\/www.africa-press.net\/cameroun\/#website\",\"url\":\"https:\/\/www.africa-press.net\/cameroun\/\",\"name\":\"Cameroun\",\"description\":\"Just another Africa News Agency Sites site\",\"potentialAction\":[{\"@type\":\"SearchAction\",\"target\":{\"@type\":\"EntryPoint\",\"urlTemplate\":\"https:\/\/www.africa-press.net\/cameroun\/?s={search_term_string}\"},\"query-input\":{\"@type\":\"PropertyValueSpecification\",\"valueRequired\":true,\"valueName\":\"search_term_string\"}}],\"inLanguage\":\"fr-FR\"},{\"@type\":\"Person\",\"@id\":\"https:\/\/www.africa-press.net\/cameroun\/#\/schema\/person\/2b1cf3cd81a31e3cd26889ca66d677f1\",\"name\":\"cfeditorfr\"}]}<\/script>\n<!-- \/ Yoast SEO Premium plugin. -->","yoast_head_json":{"title":"Cameroun - Gestion des spectres de fr\u00e9quence: Les recommandations des experts de l\u2019Union africaine des T\u00e9l\u00e9communications au ministre des Postes Minette Libom Li Likeng - Cameroun","description":"Dans le cadre de l\u2019assainissement de la bande de fr\u00e9quences de t\u00e9l\u00e9communications du Cameroun, le ministre des Postes et ...","robots":{"index":"index","follow":"follow","max-snippet":"max-snippet:-1","max-image-preview":"max-image-preview:large","max-video-preview":"max-video-preview:-1"},"canonical":"https:\/\/www.africa-press.net\/cameroun\/politique\/cameroun-gestion-des-spectres-de-frequence-les-recommandations-des-experts-de-lunion-africaine-des-telecommunications-au-ministre-des-postes-minette-libom-li-likeng","og_locale":"fr_FR","og_type":"article","og_title":"Cameroun - Gestion des spectres de fr\u00e9quence: Les recommandations des experts de l\u2019Union africaine des T\u00e9l\u00e9communications au ministre des Postes Minette Libom Li Likeng","og_description":"Dans le cadre de l\u2019assainissement de la bande de fr\u00e9quences de t\u00e9l\u00e9communications du Cameroun, le ministre des Postes et ...","og_url":"https:\/\/www.africa-press.net\/cameroun\/politique\/cameroun-gestion-des-spectres-de-frequence-les-recommandations-des-experts-de-lunion-africaine-des-telecommunications-au-ministre-des-postes-minette-libom-li-likeng","og_site_name":"Cameroun","article_published_time":"2021-04-23T20:09:35+00:00","article_modified_time":"2021-04-23T21:44:45+00:00","og_image":[{"width":800,"height":700,"url":"https:\/\/static.africa-press.net\/cameroun\/sites\/57\/2021\/04\/img-60833fb55058f.jpg","type":"image\/jpeg"}],"author":"cfeditorfr","twitter_card":"summary_large_image","twitter_misc":{"\u00c9crit par":"cfeditorfr","Dur\u00e9e de lecture estim\u00e9e":"2 minutes"},"schema":{"@context":"https:\/\/schema.org","@graph":[{"@type":"Article","@id":"https:\/\/www.africa-press.net\/cameroun\/politique\/cameroun-gestion-des-spectres-de-frequence-les-recommandations-des-experts-de-lunion-africaine-des-telecommunications-au-ministre-des-postes-minette-libom-li-likeng#article","isPartOf":{"@id":"https:\/\/www.africa-press.net\/cameroun\/politique\/cameroun-gestion-des-spectres-de-frequence-les-recommandations-des-experts-de-lunion-africaine-des-telecommunications-au-ministre-des-postes-minette-libom-li-likeng"},"author":{"name":"cfeditorfr","@id":"https:\/\/www.africa-press.net\/cameroun\/#\/schema\/person\/2b1cf3cd81a31e3cd26889ca66d677f1"},"headline":"Cameroun &#8211; Gestion des spectres de fr\u00e9quence: Les recommandations des experts de l\u2019Union africaine des T\u00e9l\u00e9communications au ministre des Postes Minette Libom Li Likeng","datePublished":"2021-04-23T20:09:35+00:00","dateModified":"2021-04-23T21:44:45+00:00","mainEntityOfPage":{"@id":"https:\/\/www.africa-press.net\/cameroun\/politique\/cameroun-gestion-des-spectres-de-frequence-les-recommandations-des-experts-de-lunion-africaine-des-telecommunications-au-ministre-des-postes-minette-libom-li-likeng"},"wordCount":445,"commentCount":0,"image":{"@id":"https:\/\/www.africa-press.net\/cameroun\/politique\/cameroun-gestion-des-spectres-de-frequence-les-recommandations-des-experts-de-lunion-africaine-des-telecommunications-au-ministre-des-postes-minette-libom-li-likeng#primaryimage"},"thumbnailUrl":"https:\/\/static.africa-press.net\/cameroun\/sites\/57\/2021\/04\/img-60833fb55058f.jpg","keywords":["Africa Press","Africa Press-Cameroun","Cameroun"],"articleSection":["homepage-french","Politique","Toutes les actualit\u00e9s"],"inLanguage":"fr-FR","potentialAction":[{"@type":"CommentAction","name":"Comment","target":["https:\/\/www.africa-press.net\/cameroun\/politique\/cameroun-gestion-des-spectres-de-frequence-les-recommandations-des-experts-de-lunion-africaine-des-telecommunications-au-ministre-des-postes-minette-libom-li-likeng#respond"]}]},{"@type":"WebPage","@id":"https:\/\/www.africa-press.net\/cameroun\/politique\/cameroun-gestion-des-spectres-de-frequence-les-recommandations-des-experts-de-lunion-africaine-des-telecommunications-au-ministre-des-postes-minette-libom-li-likeng","url":"https:\/\/www.africa-press.net\/cameroun\/politique\/cameroun-gestion-des-spectres-de-frequence-les-recommandations-des-experts-de-lunion-africaine-des-telecommunications-au-ministre-des-postes-minette-libom-li-likeng","name":"Cameroun - Gestion des spectres de fr\u00e9quence: Les recommandations des experts de l\u2019Union africaine des T\u00e9l\u00e9communications au ministre des Postes Minette Libom Li Likeng - Cameroun","isPartOf":{"@id":"https:\/\/www.africa-press.net\/cameroun\/#website"},"primaryImageOfPage":{"@id":"https:\/\/www.africa-press.net\/cameroun\/politique\/cameroun-gestion-des-spectres-de-frequence-les-recommandations-des-experts-de-lunion-africaine-des-telecommunications-au-ministre-des-postes-minette-libom-li-likeng#primaryimage"},"image":{"@id":"https:\/\/www.africa-press.net\/cameroun\/politique\/cameroun-gestion-des-spectres-de-frequence-les-recommandations-des-experts-de-lunion-africaine-des-telecommunications-au-ministre-des-postes-minette-libom-li-likeng#primaryimage"},"thumbnailUrl":"https:\/\/static.africa-press.net\/cameroun\/sites\/57\/2021\/04\/img-60833fb55058f.jpg","datePublished":"2021-04-23T20:09:35+00:00","dateModified":"2021-04-23T21:44:45+00:00","author":{"@id":"https:\/\/www.africa-press.net\/cameroun\/#\/schema\/person\/2b1cf3cd81a31e3cd26889ca66d677f1"},"description":"Dans le cadre de l\u2019assainissement de la bande de fr\u00e9quences de t\u00e9l\u00e9communications du Cameroun, le ministre des Postes et ...","breadcrumb":{"@id":"https:\/\/www.africa-press.net\/cameroun\/politique\/cameroun-gestion-des-spectres-de-frequence-les-recommandations-des-experts-de-lunion-africaine-des-telecommunications-au-ministre-des-postes-minette-libom-li-likeng#breadcrumb"},"inLanguage":"fr-FR","potentialAction":[{"@type":"ReadAction","target":["https:\/\/www.africa-press.net\/cameroun\/politique\/cameroun-gestion-des-spectres-de-frequence-les-recommandations-des-experts-de-lunion-africaine-des-telecommunications-au-ministre-des-postes-minette-libom-li-likeng"]}]},{"@type":"ImageObject","inLanguage":"fr-FR","@id":"https:\/\/www.africa-press.net\/cameroun\/politique\/cameroun-gestion-des-spectres-de-frequence-les-recommandations-des-experts-de-lunion-africaine-des-telecommunications-au-ministre-des-postes-minette-libom-li-likeng#primaryimage","url":"https:\/\/static.africa-press.net\/cameroun\/sites\/57\/2021\/04\/img-60833fb55058f.jpg","contentUrl":"https:\/\/static.africa-press.net\/cameroun\/sites\/57\/2021\/04\/img-60833fb55058f.jpg","width":800,"height":700,"caption":"Cameroun - Gestion des spectres de fr\u00e9quence: Les recommandations des experts de l\u2019Union africaine des T\u00e9l\u00e9communications au ministre des Postes Minette Libom Li Likeng"},{"@type":"BreadcrumbList","@id":"https:\/\/www.africa-press.net\/cameroun\/politique\/cameroun-gestion-des-spectres-de-frequence-les-recommandations-des-experts-de-lunion-africaine-des-telecommunications-au-ministre-des-postes-minette-libom-li-likeng#breadcrumb","itemListElement":[{"@type":"ListItem","position":1,"name":"Accueil","item":"https:\/\/www.africa-press.net\/cameroun\/"},{"@type":"ListItem","position":2,"name":"Cameroun &#8211; Gestion des spectres de fr\u00e9quence: Les recommandations des experts de l\u2019Union africaine des T\u00e9l\u00e9communications au ministre des Postes Minette Libom Li Likeng"}]},{"@type":"WebSite","@id":"https:\/\/www.africa-press.net\/cameroun\/#website","url":"https:\/\/www.africa-press.net\/cameroun\/","name":"Cameroun","description":"Just another Africa News Agency Sites site","potentialAction":[{"@type":"SearchAction","target":{"@type":"EntryPoint","urlTemplate":"https:\/\/www.africa-press.net\/cameroun\/?s={search_term_string}"},"query-input":{"@type":"PropertyValueSpecification","valueRequired":true,"valueName":"search_term_string"}}],"inLanguage":"fr-FR"},{"@type":"Person","@id":"https:\/\/www.africa-press.net\/cameroun\/#\/schema\/person\/2b1cf3cd81a31e3cd26889ca66d677f1","name":"cfeditorfr"}]}},"_links":{"self":[{"href":"https:\/\/www.africa-press.net\/cameroun\/wp-json\/wp\/v2\/posts\/2315","targetHints":{"allow":["GET"]}}],"collection":[{"href":"https:\/\/www.africa-press.net\/cameroun\/wp-json\/wp\/v2\/posts"}],"about":[{"href":"https:\/\/www.africa-press.net\/cameroun\/wp-json\/wp\/v2\/types\/post"}],"author":[{"embeddable":true,"href":"https:\/\/www.africa-press.net\/cameroun\/wp-json\/wp\/v2\/users\/82"}],"replies":[{"embeddable":true,"href":"https:\/\/www.africa-press.net\/cameroun\/wp-json\/wp\/v2\/comments?post=2315"}],"version-history":[{"count":0,"href":"https:\/\/www.africa-press.net\/cameroun\/wp-json\/wp\/v2\/posts\/2315\/revisions"}],"wp:featuredmedia":[{"embeddable":true,"href":"https:\/\/www.africa-press.net\/cameroun\/wp-json\/wp\/v2\/media\/2314"}],"wp:attachment":[{"href":"https:\/\/www.africa-press.net\/cameroun\/wp-json\/wp\/v2\/media?parent=2315"}],"wp:term":[{"taxonomy":"category","embeddable":true,"href":"https:\/\/www.africa-press.net\/cameroun\/wp-json\/wp\/v2\/categories?post=2315"},{"taxonomy":"post_tag","embeddable":true,"href":"https:\/\/www.africa-press.net\/cameroun\/wp-json\/wp\/v2\/tags?post=2315"}],"curies":[{"name":"wp","href":"https:\/\/api.w.org\/{rel}","templated":true}]}}