{"id":2324,"date":"2021-04-23T20:36:32","date_gmt":"2021-04-23T20:36:32","guid":{"rendered":"https:\/\/www.africa-press.net\/cameroun\/politique\/cameroun-deces-de-francis-pene-tientcheu-delegue-regional-delecam-dans-ladamaoua"},"modified":"2021-04-23T21:48:56","modified_gmt":"2021-04-23T21:48:56","slug":"cameroun-deces-de-francis-pene-tientcheu-delegue-regional-delecam-dans-ladamaoua","status":"publish","type":"post","link":"https:\/\/www.africa-press.net\/cameroun\/politique\/cameroun-deces-de-francis-pene-tientcheu-delegue-regional-delecam-dans-ladamaoua","title":{"rendered":"Cameroun: D\u00e9c\u00e8s de Francis Pene Tientcheu, d\u00e9l\u00e9gu\u00e9 r\u00e9gional d\u2019ELECAM dans l\u2019Adamaoua,"},"content":{"rendered":"<p><span style=\"color: #ff6600\"><strong><a href=\"https:\/\/www.africa-press.net\/\">Africa-Press<\/a> &#8211; <a href=\"https:\/\/www.africa-press.net\/cameroun\">Cameroun<\/a>. <\/strong><\/span><b>Elections Cameroon <\/b>(ELECAM) est en deuil. L\u2019organisme charg\u00e9 de l\u2019organisation des \u00e9lections au Cameroun vient de perdre son repr\u00e9sentant dans la r\u00e9gion de l\u2019Adamaoua. Francis Pene Tientcheu, 45 ans, est d\u00e9c\u00e9d\u00e9 le lundi 19 avril 2021 \u00e0 l\u2019h\u00f4pital r\u00e9gional de Bafoussam, r\u00e9gion de l\u2019Ouest, suite \u00e0 une courte maladie. Le trihebdomadaire \u00ab L\u2019\u0153il du Sahel \u00bb qui r\u00e9v\u00e8le l\u2019information dans sa parution de ce vendredi 23 avril 2021, indique que le tout nouveau r\u00e9gional d\u2019ELECAM dans l\u2019Adamaoua avait pass\u00e9 moins de trois mois \u00e0 cette fonction.<\/p>\n<p>Francis Pene Tientcheu avait en effet \u00e9t\u00e9 nomm\u00e9 \u00e0 ce poste le 12 f\u00e9vrier 2021 \u00e0 la faveur d\u2019un red\u00e9ploiement interne des effectifs, et a officiellement pris fonction \u00e0 l\u2019agence ELECAM de Ngaound\u00e9r\u00e9 le 26 f\u00e9vrier 2021. Le journal de Guiba\u00ef Gatama indique par ailleurs qu\u2019imm\u00e9diatement apr\u00e8s sa mort, ce cadre de l\u2019administration a \u00e9t\u00e9 inhum\u00e9 le m\u00eame jour \u00e0 Bafang, sa ville natale.<\/p>\n<p>Francis Pene Tientcheu avait offici\u00e9 pr\u00e9c\u00e9demment comme d\u00e9l\u00e9gu\u00e9 r\u00e9gional d\u2019ELECAM \u00e0 l\u2019Ouest pendant six ann\u00e9es, avant d\u2019\u00eatre mut\u00e9 dans l\u2019Adamaoua. Ce juriste de formation a d\u00e9but\u00e9 sa carri\u00e8re comme cadre au minist\u00e8re de l\u2019Administration territoriale et de la d\u00e9centralisation, pr\u00e9cis\u00e9ment \u00e0 la Sous-pr\u00e9fecture de Bafang, la capitale d\u00e9partementale du Haut-Nkam. Il avait d\u00e9but\u00e9 au sein d\u2019ELECAM comme chef d\u2019antenne communal de Bafang en 2010.<\/p>\n","protected":false},"excerpt":{"rendered":"<p>Africa-Press &#8211; Cameroun. Elections Cameroon (ELECAM) est en deuil. L\u2019organisme charg\u00e9 de l\u2019organisation des \u00e9lections au Cameroun vient de perdre son repr\u00e9sentant dans la r\u00e9gion de l\u2019Adamaoua. Francis Pene Tientcheu, 45 ans, est d\u00e9c\u00e9d\u00e9 le lundi 19 avril 2021 \u00e0 l\u2019h\u00f4pital r\u00e9gional de Bafoussam, r\u00e9gion de l\u2019Ouest, suite \u00e0 une courte maladie. Le trihebdomadaire \u00ab [&hellip;]<\/p>\n","protected":false},"author":82,"featured_media":2323,"comment_status":"open","ping_status":"closed","sticky":false,"template":"","format":"standard","meta":{"footnotes":""},"categories":[11,2,10],"tags":[36,50,49],"class_list":["post-2324","post","type-post","status-publish","format-standard","has-post-thumbnail","hentry","category-homepage-french","category-politique","category-toutes-les-actualites","tag-africa-press","tag-africa-press-cameroun","tag-cameroun"],"yoast_head":"<!-- This site is optimized with the Yoast SEO Premium plugin v26.1 (Yoast SEO v27.0) - https:\/\/yoast.com\/product\/yoast-seo-premium-wordpress\/ -->\n<title>Cameroun: D\u00e9c\u00e8s de Francis Pene Tientcheu, d\u00e9l\u00e9gu\u00e9 r\u00e9gional d\u2019ELECAM dans l\u2019Adamaoua, - Cameroun<\/title>\n<meta name=\"description\" content=\"Elections Cameroon (ELECAM) est en deuil. L\u2019organisme charg\u00e9 de l\u2019organisation des \u00e9lections au Cameroun vient d ...\" \/>\n<meta name=\"robots\" content=\"index, follow, max-snippet:-1, max-image-preview:large, max-video-preview:-1\" \/>\n<link rel=\"canonical\" href=\"https:\/\/www.africa-press.net\/cameroun\/politique\/cameroun-deces-de-francis-pene-tientcheu-delegue-regional-delecam-dans-ladamaoua\" \/>\n<meta property=\"og:locale\" content=\"fr_FR\" \/>\n<meta property=\"og:type\" content=\"article\" \/>\n<meta property=\"og:title\" content=\"Cameroun: D\u00e9c\u00e8s de Francis Pene Tientcheu, d\u00e9l\u00e9gu\u00e9 r\u00e9gional d\u2019ELECAM dans l\u2019Adamaoua,\" \/>\n<meta property=\"og:description\" content=\"Elections Cameroon (ELECAM) est en deuil. L\u2019organisme charg\u00e9 de l\u2019organisation des \u00e9lections au Cameroun vient d ...\" \/>\n<meta property=\"og:url\" content=\"https:\/\/www.africa-press.net\/cameroun\/politique\/cameroun-deces-de-francis-pene-tientcheu-delegue-regional-delecam-dans-ladamaoua\" \/>\n<meta property=\"og:site_name\" content=\"Cameroun\" \/>\n<meta property=\"article:published_time\" content=\"2021-04-23T20:36:32+00:00\" \/>\n<meta property=\"article:modified_time\" content=\"2021-04-23T21:48:56+00:00\" \/>\n<meta property=\"og:image\" content=\"https:\/\/static.africa-press.net\/cameroun\/sites\/57\/2021\/04\/img-60834028e9f4a.jpg\" \/>\n\t<meta property=\"og:image:width\" content=\"800\" \/>\n\t<meta property=\"og:image:height\" content=\"603\" \/>\n\t<meta property=\"og:image:type\" content=\"image\/jpeg\" \/>\n<meta name=\"author\" content=\"cfeditorfr\" \/>\n<meta name=\"twitter:card\" content=\"summary_large_image\" \/>\n<meta name=\"twitter:label1\" content=\"\u00c9crit par\" \/>\n\t<meta name=\"twitter:data1\" content=\"cfeditorfr\" \/>\n\t<meta name=\"twitter:label2\" content=\"Dur\u00e9e de lecture estim\u00e9e\" \/>\n\t<meta name=\"twitter:data2\" content=\"1 minute\" \/>\n<script type=\"application\/ld+json\" class=\"yoast-schema-graph\">{\"@context\":\"https:\/\/schema.org\",\"@graph\":[{\"@type\":\"Article\",\"@id\":\"https:\/\/www.africa-press.net\/cameroun\/politique\/cameroun-deces-de-francis-pene-tientcheu-delegue-regional-delecam-dans-ladamaoua#article\",\"isPartOf\":{\"@id\":\"https:\/\/www.africa-press.net\/cameroun\/politique\/cameroun-deces-de-francis-pene-tientcheu-delegue-regional-delecam-dans-ladamaoua\"},\"author\":{\"name\":\"cfeditorfr\",\"@id\":\"https:\/\/www.africa-press.net\/cameroun\/#\/schema\/person\/2b1cf3cd81a31e3cd26889ca66d677f1\"},\"headline\":\"Cameroun: D\u00e9c\u00e8s de Francis Pene Tientcheu, d\u00e9l\u00e9gu\u00e9 r\u00e9gional d\u2019ELECAM dans l\u2019Adamaoua,\",\"datePublished\":\"2021-04-23T20:36:32+00:00\",\"dateModified\":\"2021-04-23T21:48:56+00:00\",\"mainEntityOfPage\":{\"@id\":\"https:\/\/www.africa-press.net\/cameroun\/politique\/cameroun-deces-de-francis-pene-tientcheu-delegue-regional-delecam-dans-ladamaoua\"},\"wordCount\":266,\"commentCount\":0,\"image\":{\"@id\":\"https:\/\/www.africa-press.net\/cameroun\/politique\/cameroun-deces-de-francis-pene-tientcheu-delegue-regional-delecam-dans-ladamaoua#primaryimage\"},\"thumbnailUrl\":\"https:\/\/static.africa-press.net\/cameroun\/sites\/57\/2021\/04\/img-60834028e9f4a.jpg\",\"keywords\":[\"Africa Press\",\"Africa Press-Cameroun\",\"Cameroun\"],\"articleSection\":[\"homepage-french\",\"Politique\",\"Toutes les actualit\u00e9s\"],\"inLanguage\":\"fr-FR\",\"potentialAction\":[{\"@type\":\"CommentAction\",\"name\":\"Comment\",\"target\":[\"https:\/\/www.africa-press.net\/cameroun\/politique\/cameroun-deces-de-francis-pene-tientcheu-delegue-regional-delecam-dans-ladamaoua#respond\"]}]},{\"@type\":\"WebPage\",\"@id\":\"https:\/\/www.africa-press.net\/cameroun\/politique\/cameroun-deces-de-francis-pene-tientcheu-delegue-regional-delecam-dans-ladamaoua\",\"url\":\"https:\/\/www.africa-press.net\/cameroun\/politique\/cameroun-deces-de-francis-pene-tientcheu-delegue-regional-delecam-dans-ladamaoua\",\"name\":\"Cameroun: D\u00e9c\u00e8s de Francis Pene Tientcheu, d\u00e9l\u00e9gu\u00e9 r\u00e9gional d\u2019ELECAM dans l\u2019Adamaoua, - Cameroun\",\"isPartOf\":{\"@id\":\"https:\/\/www.africa-press.net\/cameroun\/#website\"},\"primaryImageOfPage\":{\"@id\":\"https:\/\/www.africa-press.net\/cameroun\/politique\/cameroun-deces-de-francis-pene-tientcheu-delegue-regional-delecam-dans-ladamaoua#primaryimage\"},\"image\":{\"@id\":\"https:\/\/www.africa-press.net\/cameroun\/politique\/cameroun-deces-de-francis-pene-tientcheu-delegue-regional-delecam-dans-ladamaoua#primaryimage\"},\"thumbnailUrl\":\"https:\/\/static.africa-press.net\/cameroun\/sites\/57\/2021\/04\/img-60834028e9f4a.jpg\",\"datePublished\":\"2021-04-23T20:36:32+00:00\",\"dateModified\":\"2021-04-23T21:48:56+00:00\",\"author\":{\"@id\":\"https:\/\/www.africa-press.net\/cameroun\/#\/schema\/person\/2b1cf3cd81a31e3cd26889ca66d677f1\"},\"description\":\"Elections Cameroon (ELECAM) est en deuil. L\u2019organisme charg\u00e9 de l\u2019organisation des \u00e9lections au Cameroun vient d ...\",\"breadcrumb\":{\"@id\":\"https:\/\/www.africa-press.net\/cameroun\/politique\/cameroun-deces-de-francis-pene-tientcheu-delegue-regional-delecam-dans-ladamaoua#breadcrumb\"},\"inLanguage\":\"fr-FR\",\"potentialAction\":[{\"@type\":\"ReadAction\",\"target\":[\"https:\/\/www.africa-press.net\/cameroun\/politique\/cameroun-deces-de-francis-pene-tientcheu-delegue-regional-delecam-dans-ladamaoua\"]}]},{\"@type\":\"ImageObject\",\"inLanguage\":\"fr-FR\",\"@id\":\"https:\/\/www.africa-press.net\/cameroun\/politique\/cameroun-deces-de-francis-pene-tientcheu-delegue-regional-delecam-dans-ladamaoua#primaryimage\",\"url\":\"https:\/\/static.africa-press.net\/cameroun\/sites\/57\/2021\/04\/img-60834028e9f4a.jpg\",\"contentUrl\":\"https:\/\/static.africa-press.net\/cameroun\/sites\/57\/2021\/04\/img-60834028e9f4a.jpg\",\"width\":800,\"height\":603,\"caption\":\"Cameroun: D\u00e9c\u00e8s de Francis Pene Tientcheu, d\u00e9l\u00e9gu\u00e9 r\u00e9gional d\u2019ELECAM dans l\u2019Adamaoua,\"},{\"@type\":\"BreadcrumbList\",\"@id\":\"https:\/\/www.africa-press.net\/cameroun\/politique\/cameroun-deces-de-francis-pene-tientcheu-delegue-regional-delecam-dans-ladamaoua#breadcrumb\",\"itemListElement\":[{\"@type\":\"ListItem\",\"position\":1,\"name\":\"Accueil\",\"item\":\"https:\/\/www.africa-press.net\/cameroun\/\"},{\"@type\":\"ListItem\",\"position\":2,\"name\":\"Cameroun: D\u00e9c\u00e8s de Francis Pene Tientcheu, d\u00e9l\u00e9gu\u00e9 r\u00e9gional d\u2019ELECAM dans l\u2019Adamaoua,\"}]},{\"@type\":\"WebSite\",\"@id\":\"https:\/\/www.africa-press.net\/cameroun\/#website\",\"url\":\"https:\/\/www.africa-press.net\/cameroun\/\",\"name\":\"Cameroun\",\"description\":\"Just another Africa News Agency Sites site\",\"potentialAction\":[{\"@type\":\"SearchAction\",\"target\":{\"@type\":\"EntryPoint\",\"urlTemplate\":\"https:\/\/www.africa-press.net\/cameroun\/?s={search_term_string}\"},\"query-input\":{\"@type\":\"PropertyValueSpecification\",\"valueRequired\":true,\"valueName\":\"search_term_string\"}}],\"inLanguage\":\"fr-FR\"},{\"@type\":\"Person\",\"@id\":\"https:\/\/www.africa-press.net\/cameroun\/#\/schema\/person\/2b1cf3cd81a31e3cd26889ca66d677f1\",\"name\":\"cfeditorfr\"}]}<\/script>\n<!-- \/ Yoast SEO Premium plugin. -->","yoast_head_json":{"title":"Cameroun: D\u00e9c\u00e8s de Francis Pene Tientcheu, d\u00e9l\u00e9gu\u00e9 r\u00e9gional d\u2019ELECAM dans l\u2019Adamaoua, - Cameroun","description":"Elections Cameroon (ELECAM) est en deuil. L\u2019organisme charg\u00e9 de l\u2019organisation des \u00e9lections au Cameroun vient d ...","robots":{"index":"index","follow":"follow","max-snippet":"max-snippet:-1","max-image-preview":"max-image-preview:large","max-video-preview":"max-video-preview:-1"},"canonical":"https:\/\/www.africa-press.net\/cameroun\/politique\/cameroun-deces-de-francis-pene-tientcheu-delegue-regional-delecam-dans-ladamaoua","og_locale":"fr_FR","og_type":"article","og_title":"Cameroun: D\u00e9c\u00e8s de Francis Pene Tientcheu, d\u00e9l\u00e9gu\u00e9 r\u00e9gional d\u2019ELECAM dans l\u2019Adamaoua,","og_description":"Elections Cameroon (ELECAM) est en deuil. L\u2019organisme charg\u00e9 de l\u2019organisation des \u00e9lections au Cameroun vient d ...","og_url":"https:\/\/www.africa-press.net\/cameroun\/politique\/cameroun-deces-de-francis-pene-tientcheu-delegue-regional-delecam-dans-ladamaoua","og_site_name":"Cameroun","article_published_time":"2021-04-23T20:36:32+00:00","article_modified_time":"2021-04-23T21:48:56+00:00","og_image":[{"width":800,"height":603,"url":"https:\/\/static.africa-press.net\/cameroun\/sites\/57\/2021\/04\/img-60834028e9f4a.jpg","type":"image\/jpeg"}],"author":"cfeditorfr","twitter_card":"summary_large_image","twitter_misc":{"\u00c9crit par":"cfeditorfr","Dur\u00e9e de lecture estim\u00e9e":"1 minute"},"schema":{"@context":"https:\/\/schema.org","@graph":[{"@type":"Article","@id":"https:\/\/www.africa-press.net\/cameroun\/politique\/cameroun-deces-de-francis-pene-tientcheu-delegue-regional-delecam-dans-ladamaoua#article","isPartOf":{"@id":"https:\/\/www.africa-press.net\/cameroun\/politique\/cameroun-deces-de-francis-pene-tientcheu-delegue-regional-delecam-dans-ladamaoua"},"author":{"name":"cfeditorfr","@id":"https:\/\/www.africa-press.net\/cameroun\/#\/schema\/person\/2b1cf3cd81a31e3cd26889ca66d677f1"},"headline":"Cameroun: D\u00e9c\u00e8s de Francis Pene Tientcheu, d\u00e9l\u00e9gu\u00e9 r\u00e9gional d\u2019ELECAM dans l\u2019Adamaoua,","datePublished":"2021-04-23T20:36:32+00:00","dateModified":"2021-04-23T21:48:56+00:00","mainEntityOfPage":{"@id":"https:\/\/www.africa-press.net\/cameroun\/politique\/cameroun-deces-de-francis-pene-tientcheu-delegue-regional-delecam-dans-ladamaoua"},"wordCount":266,"commentCount":0,"image":{"@id":"https:\/\/www.africa-press.net\/cameroun\/politique\/cameroun-deces-de-francis-pene-tientcheu-delegue-regional-delecam-dans-ladamaoua#primaryimage"},"thumbnailUrl":"https:\/\/static.africa-press.net\/cameroun\/sites\/57\/2021\/04\/img-60834028e9f4a.jpg","keywords":["Africa Press","Africa Press-Cameroun","Cameroun"],"articleSection":["homepage-french","Politique","Toutes les actualit\u00e9s"],"inLanguage":"fr-FR","potentialAction":[{"@type":"CommentAction","name":"Comment","target":["https:\/\/www.africa-press.net\/cameroun\/politique\/cameroun-deces-de-francis-pene-tientcheu-delegue-regional-delecam-dans-ladamaoua#respond"]}]},{"@type":"WebPage","@id":"https:\/\/www.africa-press.net\/cameroun\/politique\/cameroun-deces-de-francis-pene-tientcheu-delegue-regional-delecam-dans-ladamaoua","url":"https:\/\/www.africa-press.net\/cameroun\/politique\/cameroun-deces-de-francis-pene-tientcheu-delegue-regional-delecam-dans-ladamaoua","name":"Cameroun: D\u00e9c\u00e8s de Francis Pene Tientcheu, d\u00e9l\u00e9gu\u00e9 r\u00e9gional d\u2019ELECAM dans l\u2019Adamaoua, - Cameroun","isPartOf":{"@id":"https:\/\/www.africa-press.net\/cameroun\/#website"},"primaryImageOfPage":{"@id":"https:\/\/www.africa-press.net\/cameroun\/politique\/cameroun-deces-de-francis-pene-tientcheu-delegue-regional-delecam-dans-ladamaoua#primaryimage"},"image":{"@id":"https:\/\/www.africa-press.net\/cameroun\/politique\/cameroun-deces-de-francis-pene-tientcheu-delegue-regional-delecam-dans-ladamaoua#primaryimage"},"thumbnailUrl":"https:\/\/static.africa-press.net\/cameroun\/sites\/57\/2021\/04\/img-60834028e9f4a.jpg","datePublished":"2021-04-23T20:36:32+00:00","dateModified":"2021-04-23T21:48:56+00:00","author":{"@id":"https:\/\/www.africa-press.net\/cameroun\/#\/schema\/person\/2b1cf3cd81a31e3cd26889ca66d677f1"},"description":"Elections Cameroon (ELECAM) est en deuil. L\u2019organisme charg\u00e9 de l\u2019organisation des \u00e9lections au Cameroun vient d ...","breadcrumb":{"@id":"https:\/\/www.africa-press.net\/cameroun\/politique\/cameroun-deces-de-francis-pene-tientcheu-delegue-regional-delecam-dans-ladamaoua#breadcrumb"},"inLanguage":"fr-FR","potentialAction":[{"@type":"ReadAction","target":["https:\/\/www.africa-press.net\/cameroun\/politique\/cameroun-deces-de-francis-pene-tientcheu-delegue-regional-delecam-dans-ladamaoua"]}]},{"@type":"ImageObject","inLanguage":"fr-FR","@id":"https:\/\/www.africa-press.net\/cameroun\/politique\/cameroun-deces-de-francis-pene-tientcheu-delegue-regional-delecam-dans-ladamaoua#primaryimage","url":"https:\/\/static.africa-press.net\/cameroun\/sites\/57\/2021\/04\/img-60834028e9f4a.jpg","contentUrl":"https:\/\/static.africa-press.net\/cameroun\/sites\/57\/2021\/04\/img-60834028e9f4a.jpg","width":800,"height":603,"caption":"Cameroun: D\u00e9c\u00e8s de Francis Pene Tientcheu, d\u00e9l\u00e9gu\u00e9 r\u00e9gional d\u2019ELECAM dans l\u2019Adamaoua,"},{"@type":"BreadcrumbList","@id":"https:\/\/www.africa-press.net\/cameroun\/politique\/cameroun-deces-de-francis-pene-tientcheu-delegue-regional-delecam-dans-ladamaoua#breadcrumb","itemListElement":[{"@type":"ListItem","position":1,"name":"Accueil","item":"https:\/\/www.africa-press.net\/cameroun\/"},{"@type":"ListItem","position":2,"name":"Cameroun: D\u00e9c\u00e8s de Francis Pene Tientcheu, d\u00e9l\u00e9gu\u00e9 r\u00e9gional d\u2019ELECAM dans l\u2019Adamaoua,"}]},{"@type":"WebSite","@id":"https:\/\/www.africa-press.net\/cameroun\/#website","url":"https:\/\/www.africa-press.net\/cameroun\/","name":"Cameroun","description":"Just another Africa News Agency Sites site","potentialAction":[{"@type":"SearchAction","target":{"@type":"EntryPoint","urlTemplate":"https:\/\/www.africa-press.net\/cameroun\/?s={search_term_string}"},"query-input":{"@type":"PropertyValueSpecification","valueRequired":true,"valueName":"search_term_string"}}],"inLanguage":"fr-FR"},{"@type":"Person","@id":"https:\/\/www.africa-press.net\/cameroun\/#\/schema\/person\/2b1cf3cd81a31e3cd26889ca66d677f1","name":"cfeditorfr"}]}},"_links":{"self":[{"href":"https:\/\/www.africa-press.net\/cameroun\/wp-json\/wp\/v2\/posts\/2324","targetHints":{"allow":["GET"]}}],"collection":[{"href":"https:\/\/www.africa-press.net\/cameroun\/wp-json\/wp\/v2\/posts"}],"about":[{"href":"https:\/\/www.africa-press.net\/cameroun\/wp-json\/wp\/v2\/types\/post"}],"author":[{"embeddable":true,"href":"https:\/\/www.africa-press.net\/cameroun\/wp-json\/wp\/v2\/users\/82"}],"replies":[{"embeddable":true,"href":"https:\/\/www.africa-press.net\/cameroun\/wp-json\/wp\/v2\/comments?post=2324"}],"version-history":[{"count":0,"href":"https:\/\/www.africa-press.net\/cameroun\/wp-json\/wp\/v2\/posts\/2324\/revisions"}],"wp:featuredmedia":[{"embeddable":true,"href":"https:\/\/www.africa-press.net\/cameroun\/wp-json\/wp\/v2\/media\/2323"}],"wp:attachment":[{"href":"https:\/\/www.africa-press.net\/cameroun\/wp-json\/wp\/v2\/media?parent=2324"}],"wp:term":[{"taxonomy":"category","embeddable":true,"href":"https:\/\/www.africa-press.net\/cameroun\/wp-json\/wp\/v2\/categories?post=2324"},{"taxonomy":"post_tag","embeddable":true,"href":"https:\/\/www.africa-press.net\/cameroun\/wp-json\/wp\/v2\/tags?post=2324"}],"curies":[{"name":"wp","href":"https:\/\/api.w.org\/{rel}","templated":true}]}}