{"id":23282,"date":"2022-07-11T14:18:08","date_gmt":"2022-07-11T14:18:08","guid":{"rendered":"https:\/\/www.africa-press.net\/cameroun\/politique\/concours-huawei-ict-academy-le-cameroun-arrive-2e-a-lechelle-international"},"modified":"2022-07-11T16:06:20","modified_gmt":"2022-07-11T16:06:20","slug":"concours-huawei-ict-academy-le-cameroun-arrive-2e-a-lechelle-international","status":"publish","type":"post","link":"https:\/\/www.africa-press.net\/cameroun\/sports\/concours-huawei-ict-academy-le-cameroun-arrive-2e-a-lechelle-international","title":{"rendered":"Concours Huawei ICT Academy\u00a0: le Cameroun arrive 2\u00e8 \u00e0 l\u2019\u00e9chelle international"},"content":{"rendered":"<p><span style=\"color: #ff6600\"><strong>Africa-Press &#8211; Cameroun. <\/strong><\/span>Ce sont ainsi les r\u00e9sultats de la 6\u00e8me \u00e9dition de ce concours \u00e0 l\u2019\u00e9chelle internationale.<\/p>\n<p>Kevin Steve Dongmo Temfack, Yassair Abdel Talla Fopa tous deux \u00e9tudiants de l\u2019Universit\u00e9 de Douala et Berry Orian KUETE \u00e9tudiant de SUP\u2019PTIC. Ce sont ces jeunes qui ont port\u00e9 le Cameroun \u00e0 la 2\u00e8 place de ce concours au niveau mondial.<\/p>\n<p>Ce concours international lanc\u00e9 par le g\u00e9ant des t\u00e9l\u00e9coms Huawei qui parvenu \u00e0 sa 6e \u00e9dition a vu des \u00e9quipes venues de divers pays \u00e0 travers le monde participer \u00e0 la grande finale internationale le samedi 18 juin 2022 et dont les r\u00e9sultats ont \u00e9t\u00e9 d\u00e9voil\u00e9s le samedi 25 juin 2022.<\/p>\n<p>Huawei ICT Competition est un concours de talents en TIC qui permet de promouvoir le d\u00e9veloppement de l\u2019\u00e9cosyst\u00e8me des talents TIC et de cr\u00e9er un pont entre l\u2019industrie et l\u2019\u00e9ducation.<\/p>\n<p>Les \u00e9tudiants camerounais y ont particip\u00e9 cette ann\u00e9e en ligne depuis les bureaux de Huawei Cameroun \u00e0 Douala en configurant des r\u00e9seaux complexes lors d\u2019une \u00e9preuve pratique pendant 8 heures de temps. Cette \u00e9dition tr\u00e8s particuli\u00e8re a connu la participation de 150 000 \u00e9tudiants provenant de 2000 universit\u00e9s et grandes \u00e9coles \u00e0 travers 85 pays et r\u00e9gions.<\/p>\n<p>Pour cette \u00e9dition, Huawei ICT Competition a connu une tr\u00e8s grande mobilisation d\u2019\u00e9tudiants, tant sur le plan national (camerounais) que sur le plan international.<\/p>\n<p>Edmonde Djiokeng Teboh, Directrice des Relations Publiques de Huawei zone CEMAC : \u00ab cette coop\u00e9ration entre Huawei et les universit\u00e9s camerounaises en passant par le MINESUP a longtemps port\u00e9 ses fruits aussi bien dans le transfert et le d\u00e9veloppement des comp\u00e9tences que dans l\u2019employabilit\u00e9 des jeunes camerounais qui sont devenus aujourd\u2019hui non seulement plus comp\u00e9titifs sur le march\u00e9 de l\u2019emploi mais aussi de v\u00e9ritables cr\u00e9ateurs d\u2019emploi \u00bb.<\/p>\n<p><strong>Pour plus d&rsquo;informations et d&rsquo;analyses sur la <a href=\"https:\/\/www.africa-press.net\/cameroun\">Cameroun<\/a>, suivez <a href=\"https:\/\/www.africa-press.net\/\">Africa-Press<\/a><\/strong><\/p>\n","protected":false},"excerpt":{"rendered":"<p>Africa-Press &#8211; Cameroun. Ce sont ainsi les r\u00e9sultats de la 6\u00e8me \u00e9dition de ce concours \u00e0 l\u2019\u00e9chelle internationale. Kevin Steve Dongmo Temfack, Yassair Abdel Talla Fopa tous deux \u00e9tudiants de l\u2019Universit\u00e9 de Douala et Berry Orian KUETE \u00e9tudiant de SUP\u2019PTIC. Ce sont ces jeunes qui ont port\u00e9 le Cameroun \u00e0 la 2\u00e8 place de ce [&hellip;]<\/p>\n","protected":false},"author":82,"featured_media":23281,"comment_status":"open","ping_status":"closed","sticky":false,"template":"","format":"standard","meta":{"footnotes":""},"categories":[11,6,10],"tags":[36,50,49],"class_list":["post-23282","post","type-post","status-publish","format-standard","has-post-thumbnail","hentry","category-homepage-french","category-sports","category-toutes-les-actualites","tag-africa-press","tag-africa-press-cameroun","tag-cameroun"],"yoast_head":"<!-- This site is optimized with the Yoast SEO Premium plugin v26.1 (Yoast SEO v27.0) - https:\/\/yoast.com\/product\/yoast-seo-premium-wordpress\/ -->\n<title>Concours Huawei ICT Academy\u00a0: le Cameroun arrive 2\u00e8 \u00e0 l\u2019\u00e9chelle international - Cameroun<\/title>\n<meta name=\"description\" content=\"Ce sont ainsi les r\u00e9sultats de la 6\u00e8me \u00e9dition de ce concours \u00e0 l\u2019\u00e9chelle internationale. Kevin Steve Dongmo Temfack, Y ...\" \/>\n<meta name=\"robots\" content=\"index, follow, max-snippet:-1, max-image-preview:large, max-video-preview:-1\" \/>\n<link rel=\"canonical\" href=\"https:\/\/www.africa-press.net\/cameroun\/sports\/concours-huawei-ict-academy-le-cameroun-arrive-2e-a-lechelle-international\" \/>\n<meta property=\"og:locale\" content=\"fr_FR\" \/>\n<meta property=\"og:type\" content=\"article\" \/>\n<meta property=\"og:title\" content=\"Concours Huawei ICT Academy\u00a0: le Cameroun arrive 2\u00e8 \u00e0 l\u2019\u00e9chelle international\" \/>\n<meta property=\"og:description\" content=\"Ce sont ainsi les r\u00e9sultats de la 6\u00e8me \u00e9dition de ce concours \u00e0 l\u2019\u00e9chelle internationale. Kevin Steve Dongmo Temfack, Y ...\" \/>\n<meta property=\"og:url\" content=\"https:\/\/www.africa-press.net\/cameroun\/sports\/concours-huawei-ict-academy-le-cameroun-arrive-2e-a-lechelle-international\" \/>\n<meta property=\"og:site_name\" content=\"Cameroun\" \/>\n<meta property=\"article:published_time\" content=\"2022-07-11T14:18:08+00:00\" \/>\n<meta property=\"article:modified_time\" content=\"2022-07-11T16:06:20+00:00\" \/>\n<meta property=\"og:image\" content=\"https:\/\/static.africa-press.net\/cameroun\/sites\/57\/2022\/07\/img-62cc4a6a7dea9.jpg\" \/>\n\t<meta property=\"og:image:width\" content=\"720\" \/>\n\t<meta property=\"og:image:height\" content=\"720\" \/>\n\t<meta property=\"og:image:type\" content=\"image\/jpeg\" \/>\n<meta name=\"author\" content=\"cfeditorfr\" \/>\n<meta name=\"twitter:card\" content=\"summary_large_image\" \/>\n<meta name=\"twitter:label1\" content=\"\u00c9crit par\" \/>\n\t<meta name=\"twitter:data1\" content=\"cfeditorfr\" \/>\n\t<meta name=\"twitter:label2\" content=\"Dur\u00e9e de lecture estim\u00e9e\" \/>\n\t<meta name=\"twitter:data2\" content=\"2 minutes\" \/>\n<script type=\"application\/ld+json\" class=\"yoast-schema-graph\">{\"@context\":\"https:\/\/schema.org\",\"@graph\":[{\"@type\":\"Article\",\"@id\":\"https:\/\/www.africa-press.net\/cameroun\/sports\/concours-huawei-ict-academy-le-cameroun-arrive-2e-a-lechelle-international#article\",\"isPartOf\":{\"@id\":\"https:\/\/www.africa-press.net\/cameroun\/sports\/concours-huawei-ict-academy-le-cameroun-arrive-2e-a-lechelle-international\"},\"author\":{\"name\":\"cfeditorfr\",\"@id\":\"https:\/\/www.africa-press.net\/cameroun\/#\/schema\/person\/2b1cf3cd81a31e3cd26889ca66d677f1\"},\"headline\":\"Concours Huawei ICT Academy\u00a0: le Cameroun arrive 2\u00e8 \u00e0 l\u2019\u00e9chelle international\",\"datePublished\":\"2022-07-11T14:18:08+00:00\",\"dateModified\":\"2022-07-11T16:06:20+00:00\",\"mainEntityOfPage\":{\"@id\":\"https:\/\/www.africa-press.net\/cameroun\/sports\/concours-huawei-ict-academy-le-cameroun-arrive-2e-a-lechelle-international\"},\"wordCount\":326,\"commentCount\":0,\"image\":{\"@id\":\"https:\/\/www.africa-press.net\/cameroun\/sports\/concours-huawei-ict-academy-le-cameroun-arrive-2e-a-lechelle-international#primaryimage\"},\"thumbnailUrl\":\"https:\/\/static.africa-press.net\/cameroun\/sites\/57\/2022\/07\/img-62cc4a6a7dea9.jpg\",\"keywords\":[\"Africa Press\",\"Africa Press-Cameroun\",\"Cameroun\"],\"articleSection\":[\"homepage-french\",\"Sports\",\"Toutes les actualit\u00e9s\"],\"inLanguage\":\"fr-FR\",\"potentialAction\":[{\"@type\":\"CommentAction\",\"name\":\"Comment\",\"target\":[\"https:\/\/www.africa-press.net\/cameroun\/sports\/concours-huawei-ict-academy-le-cameroun-arrive-2e-a-lechelle-international#respond\"]}]},{\"@type\":\"WebPage\",\"@id\":\"https:\/\/www.africa-press.net\/cameroun\/sports\/concours-huawei-ict-academy-le-cameroun-arrive-2e-a-lechelle-international\",\"url\":\"https:\/\/www.africa-press.net\/cameroun\/sports\/concours-huawei-ict-academy-le-cameroun-arrive-2e-a-lechelle-international\",\"name\":\"Concours Huawei ICT Academy\u00a0: le Cameroun arrive 2\u00e8 \u00e0 l\u2019\u00e9chelle international - Cameroun\",\"isPartOf\":{\"@id\":\"https:\/\/www.africa-press.net\/cameroun\/#website\"},\"primaryImageOfPage\":{\"@id\":\"https:\/\/www.africa-press.net\/cameroun\/sports\/concours-huawei-ict-academy-le-cameroun-arrive-2e-a-lechelle-international#primaryimage\"},\"image\":{\"@id\":\"https:\/\/www.africa-press.net\/cameroun\/sports\/concours-huawei-ict-academy-le-cameroun-arrive-2e-a-lechelle-international#primaryimage\"},\"thumbnailUrl\":\"https:\/\/static.africa-press.net\/cameroun\/sites\/57\/2022\/07\/img-62cc4a6a7dea9.jpg\",\"datePublished\":\"2022-07-11T14:18:08+00:00\",\"dateModified\":\"2022-07-11T16:06:20+00:00\",\"author\":{\"@id\":\"https:\/\/www.africa-press.net\/cameroun\/#\/schema\/person\/2b1cf3cd81a31e3cd26889ca66d677f1\"},\"description\":\"Ce sont ainsi les r\u00e9sultats de la 6\u00e8me \u00e9dition de ce concours \u00e0 l\u2019\u00e9chelle internationale. Kevin Steve Dongmo Temfack, Y ...\",\"breadcrumb\":{\"@id\":\"https:\/\/www.africa-press.net\/cameroun\/sports\/concours-huawei-ict-academy-le-cameroun-arrive-2e-a-lechelle-international#breadcrumb\"},\"inLanguage\":\"fr-FR\",\"potentialAction\":[{\"@type\":\"ReadAction\",\"target\":[\"https:\/\/www.africa-press.net\/cameroun\/sports\/concours-huawei-ict-academy-le-cameroun-arrive-2e-a-lechelle-international\"]}]},{\"@type\":\"ImageObject\",\"inLanguage\":\"fr-FR\",\"@id\":\"https:\/\/www.africa-press.net\/cameroun\/sports\/concours-huawei-ict-academy-le-cameroun-arrive-2e-a-lechelle-international#primaryimage\",\"url\":\"https:\/\/static.africa-press.net\/cameroun\/sites\/57\/2022\/07\/img-62cc4a6a7dea9.jpg\",\"contentUrl\":\"https:\/\/static.africa-press.net\/cameroun\/sites\/57\/2022\/07\/img-62cc4a6a7dea9.jpg\",\"width\":720,\"height\":720,\"caption\":\"Concours Huawei ICT Academy\u00a0: le Cameroun arrive 2\u00e8 \u00e0 l\u2019\u00e9chelle international\"},{\"@type\":\"BreadcrumbList\",\"@id\":\"https:\/\/www.africa-press.net\/cameroun\/sports\/concours-huawei-ict-academy-le-cameroun-arrive-2e-a-lechelle-international#breadcrumb\",\"itemListElement\":[{\"@type\":\"ListItem\",\"position\":1,\"name\":\"Accueil\",\"item\":\"https:\/\/www.africa-press.net\/cameroun\/\"},{\"@type\":\"ListItem\",\"position\":2,\"name\":\"Concours Huawei ICT Academy\u00a0: le Cameroun arrive 2\u00e8 \u00e0 l\u2019\u00e9chelle international\"}]},{\"@type\":\"WebSite\",\"@id\":\"https:\/\/www.africa-press.net\/cameroun\/#website\",\"url\":\"https:\/\/www.africa-press.net\/cameroun\/\",\"name\":\"Cameroun\",\"description\":\"Just another Africa News Agency Sites site\",\"potentialAction\":[{\"@type\":\"SearchAction\",\"target\":{\"@type\":\"EntryPoint\",\"urlTemplate\":\"https:\/\/www.africa-press.net\/cameroun\/?s={search_term_string}\"},\"query-input\":{\"@type\":\"PropertyValueSpecification\",\"valueRequired\":true,\"valueName\":\"search_term_string\"}}],\"inLanguage\":\"fr-FR\"},{\"@type\":\"Person\",\"@id\":\"https:\/\/www.africa-press.net\/cameroun\/#\/schema\/person\/2b1cf3cd81a31e3cd26889ca66d677f1\",\"name\":\"cfeditorfr\"}]}<\/script>\n<!-- \/ Yoast SEO Premium plugin. -->","yoast_head_json":{"title":"Concours Huawei ICT Academy\u00a0: le Cameroun arrive 2\u00e8 \u00e0 l\u2019\u00e9chelle international - Cameroun","description":"Ce sont ainsi les r\u00e9sultats de la 6\u00e8me \u00e9dition de ce concours \u00e0 l\u2019\u00e9chelle internationale. Kevin Steve Dongmo Temfack, Y ...","robots":{"index":"index","follow":"follow","max-snippet":"max-snippet:-1","max-image-preview":"max-image-preview:large","max-video-preview":"max-video-preview:-1"},"canonical":"https:\/\/www.africa-press.net\/cameroun\/sports\/concours-huawei-ict-academy-le-cameroun-arrive-2e-a-lechelle-international","og_locale":"fr_FR","og_type":"article","og_title":"Concours Huawei ICT Academy\u00a0: le Cameroun arrive 2\u00e8 \u00e0 l\u2019\u00e9chelle international","og_description":"Ce sont ainsi les r\u00e9sultats de la 6\u00e8me \u00e9dition de ce concours \u00e0 l\u2019\u00e9chelle internationale. Kevin Steve Dongmo Temfack, Y ...","og_url":"https:\/\/www.africa-press.net\/cameroun\/sports\/concours-huawei-ict-academy-le-cameroun-arrive-2e-a-lechelle-international","og_site_name":"Cameroun","article_published_time":"2022-07-11T14:18:08+00:00","article_modified_time":"2022-07-11T16:06:20+00:00","og_image":[{"width":720,"height":720,"url":"https:\/\/static.africa-press.net\/cameroun\/sites\/57\/2022\/07\/img-62cc4a6a7dea9.jpg","type":"image\/jpeg"}],"author":"cfeditorfr","twitter_card":"summary_large_image","twitter_misc":{"\u00c9crit par":"cfeditorfr","Dur\u00e9e de lecture estim\u00e9e":"2 minutes"},"schema":{"@context":"https:\/\/schema.org","@graph":[{"@type":"Article","@id":"https:\/\/www.africa-press.net\/cameroun\/sports\/concours-huawei-ict-academy-le-cameroun-arrive-2e-a-lechelle-international#article","isPartOf":{"@id":"https:\/\/www.africa-press.net\/cameroun\/sports\/concours-huawei-ict-academy-le-cameroun-arrive-2e-a-lechelle-international"},"author":{"name":"cfeditorfr","@id":"https:\/\/www.africa-press.net\/cameroun\/#\/schema\/person\/2b1cf3cd81a31e3cd26889ca66d677f1"},"headline":"Concours Huawei ICT Academy\u00a0: le Cameroun arrive 2\u00e8 \u00e0 l\u2019\u00e9chelle international","datePublished":"2022-07-11T14:18:08+00:00","dateModified":"2022-07-11T16:06:20+00:00","mainEntityOfPage":{"@id":"https:\/\/www.africa-press.net\/cameroun\/sports\/concours-huawei-ict-academy-le-cameroun-arrive-2e-a-lechelle-international"},"wordCount":326,"commentCount":0,"image":{"@id":"https:\/\/www.africa-press.net\/cameroun\/sports\/concours-huawei-ict-academy-le-cameroun-arrive-2e-a-lechelle-international#primaryimage"},"thumbnailUrl":"https:\/\/static.africa-press.net\/cameroun\/sites\/57\/2022\/07\/img-62cc4a6a7dea9.jpg","keywords":["Africa Press","Africa Press-Cameroun","Cameroun"],"articleSection":["homepage-french","Sports","Toutes les actualit\u00e9s"],"inLanguage":"fr-FR","potentialAction":[{"@type":"CommentAction","name":"Comment","target":["https:\/\/www.africa-press.net\/cameroun\/sports\/concours-huawei-ict-academy-le-cameroun-arrive-2e-a-lechelle-international#respond"]}]},{"@type":"WebPage","@id":"https:\/\/www.africa-press.net\/cameroun\/sports\/concours-huawei-ict-academy-le-cameroun-arrive-2e-a-lechelle-international","url":"https:\/\/www.africa-press.net\/cameroun\/sports\/concours-huawei-ict-academy-le-cameroun-arrive-2e-a-lechelle-international","name":"Concours Huawei ICT Academy\u00a0: le Cameroun arrive 2\u00e8 \u00e0 l\u2019\u00e9chelle international - Cameroun","isPartOf":{"@id":"https:\/\/www.africa-press.net\/cameroun\/#website"},"primaryImageOfPage":{"@id":"https:\/\/www.africa-press.net\/cameroun\/sports\/concours-huawei-ict-academy-le-cameroun-arrive-2e-a-lechelle-international#primaryimage"},"image":{"@id":"https:\/\/www.africa-press.net\/cameroun\/sports\/concours-huawei-ict-academy-le-cameroun-arrive-2e-a-lechelle-international#primaryimage"},"thumbnailUrl":"https:\/\/static.africa-press.net\/cameroun\/sites\/57\/2022\/07\/img-62cc4a6a7dea9.jpg","datePublished":"2022-07-11T14:18:08+00:00","dateModified":"2022-07-11T16:06:20+00:00","author":{"@id":"https:\/\/www.africa-press.net\/cameroun\/#\/schema\/person\/2b1cf3cd81a31e3cd26889ca66d677f1"},"description":"Ce sont ainsi les r\u00e9sultats de la 6\u00e8me \u00e9dition de ce concours \u00e0 l\u2019\u00e9chelle internationale. Kevin Steve Dongmo Temfack, Y ...","breadcrumb":{"@id":"https:\/\/www.africa-press.net\/cameroun\/sports\/concours-huawei-ict-academy-le-cameroun-arrive-2e-a-lechelle-international#breadcrumb"},"inLanguage":"fr-FR","potentialAction":[{"@type":"ReadAction","target":["https:\/\/www.africa-press.net\/cameroun\/sports\/concours-huawei-ict-academy-le-cameroun-arrive-2e-a-lechelle-international"]}]},{"@type":"ImageObject","inLanguage":"fr-FR","@id":"https:\/\/www.africa-press.net\/cameroun\/sports\/concours-huawei-ict-academy-le-cameroun-arrive-2e-a-lechelle-international#primaryimage","url":"https:\/\/static.africa-press.net\/cameroun\/sites\/57\/2022\/07\/img-62cc4a6a7dea9.jpg","contentUrl":"https:\/\/static.africa-press.net\/cameroun\/sites\/57\/2022\/07\/img-62cc4a6a7dea9.jpg","width":720,"height":720,"caption":"Concours Huawei ICT Academy\u00a0: le Cameroun arrive 2\u00e8 \u00e0 l\u2019\u00e9chelle international"},{"@type":"BreadcrumbList","@id":"https:\/\/www.africa-press.net\/cameroun\/sports\/concours-huawei-ict-academy-le-cameroun-arrive-2e-a-lechelle-international#breadcrumb","itemListElement":[{"@type":"ListItem","position":1,"name":"Accueil","item":"https:\/\/www.africa-press.net\/cameroun\/"},{"@type":"ListItem","position":2,"name":"Concours Huawei ICT Academy\u00a0: le Cameroun arrive 2\u00e8 \u00e0 l\u2019\u00e9chelle international"}]},{"@type":"WebSite","@id":"https:\/\/www.africa-press.net\/cameroun\/#website","url":"https:\/\/www.africa-press.net\/cameroun\/","name":"Cameroun","description":"Just another Africa News Agency Sites site","potentialAction":[{"@type":"SearchAction","target":{"@type":"EntryPoint","urlTemplate":"https:\/\/www.africa-press.net\/cameroun\/?s={search_term_string}"},"query-input":{"@type":"PropertyValueSpecification","valueRequired":true,"valueName":"search_term_string"}}],"inLanguage":"fr-FR"},{"@type":"Person","@id":"https:\/\/www.africa-press.net\/cameroun\/#\/schema\/person\/2b1cf3cd81a31e3cd26889ca66d677f1","name":"cfeditorfr"}]}},"_links":{"self":[{"href":"https:\/\/www.africa-press.net\/cameroun\/wp-json\/wp\/v2\/posts\/23282","targetHints":{"allow":["GET"]}}],"collection":[{"href":"https:\/\/www.africa-press.net\/cameroun\/wp-json\/wp\/v2\/posts"}],"about":[{"href":"https:\/\/www.africa-press.net\/cameroun\/wp-json\/wp\/v2\/types\/post"}],"author":[{"embeddable":true,"href":"https:\/\/www.africa-press.net\/cameroun\/wp-json\/wp\/v2\/users\/82"}],"replies":[{"embeddable":true,"href":"https:\/\/www.africa-press.net\/cameroun\/wp-json\/wp\/v2\/comments?post=23282"}],"version-history":[{"count":0,"href":"https:\/\/www.africa-press.net\/cameroun\/wp-json\/wp\/v2\/posts\/23282\/revisions"}],"wp:featuredmedia":[{"embeddable":true,"href":"https:\/\/www.africa-press.net\/cameroun\/wp-json\/wp\/v2\/media\/23281"}],"wp:attachment":[{"href":"https:\/\/www.africa-press.net\/cameroun\/wp-json\/wp\/v2\/media?parent=23282"}],"wp:term":[{"taxonomy":"category","embeddable":true,"href":"https:\/\/www.africa-press.net\/cameroun\/wp-json\/wp\/v2\/categories?post=23282"},{"taxonomy":"post_tag","embeddable":true,"href":"https:\/\/www.africa-press.net\/cameroun\/wp-json\/wp\/v2\/tags?post=23282"}],"curies":[{"name":"wp","href":"https:\/\/api.w.org\/{rel}","templated":true}]}}