{"id":23285,"date":"2022-07-11T14:27:32","date_gmt":"2022-07-11T14:27:32","guid":{"rendered":"https:\/\/www.africa-press.net\/cameroun\/politique\/le-cameroun-deploie-des-militaires-pour-une-mission-de-paix-en-centrafrique"},"modified":"2022-07-11T16:06:44","modified_gmt":"2022-07-11T16:06:44","slug":"le-cameroun-deploie-des-militaires-pour-une-mission-de-paix-en-centrafrique","status":"publish","type":"post","link":"https:\/\/www.africa-press.net\/cameroun\/politique\/le-cameroun-deploie-des-militaires-pour-une-mission-de-paix-en-centrafrique","title":{"rendered":"Le Cameroun d\u00e9ploie des militaires pour une mission de paix en Centrafrique"},"content":{"rendered":"<p><span style=\"color: #ff6600\"><strong>Africa-Press &#8211; Cameroun. <\/strong><\/span>Ce sera pour la 9e fois qu\u2019un contingent du pays est d\u00e9ploy\u00e9 dans le cadre de la Mission multidimensionnelle int\u00e9gr\u00e9e des Nations unies pour la stabilisation en R\u00e9publique centrafricaine (MINUSCA).<\/p>\n<p>Selon le quotidien gouvernemental Cameroon Tribune, 750 militaires composent le 9e contingent du pays et ils sont en train d\u2019\u00eatre moul\u00e9s \u00e0 l\u2019endurance dans la zone foresti\u00e8re de Motcheboum, dans la r\u00e9gion de l\u2019Est. Ceci, c\u2019est afin d\u2019acqu\u00e9rir les capacit\u00e9s sp\u00e9cifiques aux op\u00e9rations de maintien de la paix et de s\u2019habituer \u00e0 l\u2019environnement op\u00e9rationnel en RCA. Le contingent en formation a re\u00e7u le 7 juillet dernier une d\u00e9l\u00e9gation d\u2019\u00e9valuateurs Onusiens.<\/p>\n<p>Outre des militaires, le contingent camerounais comprend \u00e9galement des \u00e9l\u00e9ments de la gendarmerie et de la police, pour un total de plus de 1 000 personnels habituellement d\u00e9ploy\u00e9s pour le compte de la MINUSCA.<\/p>\n<p>Pour rappel, le 8e contingent actuellement d\u00e9ploy\u00e9 en R\u00e9publique centrafricaine a quitt\u00e9 le Cameroun en septembre 2021. Bas\u00e9 \u00e0 Bossangoa dans le nord-ouest centrafricain, il est sous le commandement du colonel Vincent Pehuie.<\/p>\n<p><strong>Pour plus d&rsquo;informations et d&rsquo;analyses sur la <a href=\"https:\/\/www.africa-press.net\/cameroun\">Cameroun<\/a>, suivez <a href=\"https:\/\/www.africa-press.net\/\">Africa-Press<\/a><\/strong><\/p>\n","protected":false},"excerpt":{"rendered":"<p>Africa-Press &#8211; Cameroun. Ce sera pour la 9e fois qu\u2019un contingent du pays est d\u00e9ploy\u00e9 dans le cadre de la Mission multidimensionnelle int\u00e9gr\u00e9e des Nations unies pour la stabilisation en R\u00e9publique centrafricaine (MINUSCA). Selon le quotidien gouvernemental Cameroon Tribune, 750 militaires composent le 9e contingent du pays et ils sont en train d\u2019\u00eatre moul\u00e9s \u00e0 [&hellip;]<\/p>\n","protected":false},"author":82,"featured_media":23284,"comment_status":"open","ping_status":"closed","sticky":false,"template":"","format":"standard","meta":{"footnotes":""},"categories":[11,2,10],"tags":[36,50,49],"class_list":["post-23285","post","type-post","status-publish","format-standard","has-post-thumbnail","hentry","category-homepage-french","category-politique","category-toutes-les-actualites","tag-africa-press","tag-africa-press-cameroun","tag-cameroun"],"yoast_head":"<!-- This site is optimized with the Yoast SEO Premium plugin v26.1 (Yoast SEO v27.0) - https:\/\/yoast.com\/product\/yoast-seo-premium-wordpress\/ -->\n<title>Le Cameroun d\u00e9ploie des militaires pour une mission de paix en Centrafrique - Cameroun<\/title>\n<meta name=\"description\" content=\"Ce sera pour la 9e fois qu\u2019un contingent du pays est d\u00e9ploy\u00e9 dans le cadre de la Mission multidimensionnelle int\u00e9gr\u00e9e de ...\" \/>\n<meta name=\"robots\" content=\"index, follow, max-snippet:-1, max-image-preview:large, max-video-preview:-1\" \/>\n<link rel=\"canonical\" href=\"https:\/\/www.africa-press.net\/cameroun\/politique\/le-cameroun-deploie-des-militaires-pour-une-mission-de-paix-en-centrafrique\" \/>\n<meta property=\"og:locale\" content=\"fr_FR\" \/>\n<meta property=\"og:type\" content=\"article\" \/>\n<meta property=\"og:title\" content=\"Le Cameroun d\u00e9ploie des militaires pour une mission de paix en Centrafrique\" \/>\n<meta property=\"og:description\" content=\"Ce sera pour la 9e fois qu\u2019un contingent du pays est d\u00e9ploy\u00e9 dans le cadre de la Mission multidimensionnelle int\u00e9gr\u00e9e de ...\" \/>\n<meta property=\"og:url\" content=\"https:\/\/www.africa-press.net\/cameroun\/politique\/le-cameroun-deploie-des-militaires-pour-une-mission-de-paix-en-centrafrique\" \/>\n<meta property=\"og:site_name\" content=\"Cameroun\" \/>\n<meta property=\"article:published_time\" content=\"2022-07-11T14:27:32+00:00\" \/>\n<meta property=\"article:modified_time\" content=\"2022-07-11T16:06:44+00:00\" \/>\n<meta property=\"og:image\" content=\"https:\/\/static.africa-press.net\/cameroun\/sites\/57\/2022\/07\/img-62cc4a830463e.jpg\" \/>\n\t<meta property=\"og:image:width\" content=\"720\" \/>\n\t<meta property=\"og:image:height\" content=\"479\" \/>\n\t<meta property=\"og:image:type\" content=\"image\/jpeg\" \/>\n<meta name=\"author\" content=\"cfeditorfr\" \/>\n<meta name=\"twitter:card\" content=\"summary_large_image\" \/>\n<meta name=\"twitter:label1\" content=\"\u00c9crit par\" \/>\n\t<meta name=\"twitter:data1\" content=\"cfeditorfr\" \/>\n\t<meta name=\"twitter:label2\" content=\"Dur\u00e9e de lecture estim\u00e9e\" \/>\n\t<meta name=\"twitter:data2\" content=\"1 minute\" \/>\n<script type=\"application\/ld+json\" class=\"yoast-schema-graph\">{\"@context\":\"https:\/\/schema.org\",\"@graph\":[{\"@type\":\"Article\",\"@id\":\"https:\/\/www.africa-press.net\/cameroun\/politique\/le-cameroun-deploie-des-militaires-pour-une-mission-de-paix-en-centrafrique#article\",\"isPartOf\":{\"@id\":\"https:\/\/www.africa-press.net\/cameroun\/politique\/le-cameroun-deploie-des-militaires-pour-une-mission-de-paix-en-centrafrique\"},\"author\":{\"name\":\"cfeditorfr\",\"@id\":\"https:\/\/www.africa-press.net\/cameroun\/#\/schema\/person\/2b1cf3cd81a31e3cd26889ca66d677f1\"},\"headline\":\"Le Cameroun d\u00e9ploie des militaires pour une mission de paix en Centrafrique\",\"datePublished\":\"2022-07-11T14:27:32+00:00\",\"dateModified\":\"2022-07-11T16:06:44+00:00\",\"mainEntityOfPage\":{\"@id\":\"https:\/\/www.africa-press.net\/cameroun\/politique\/le-cameroun-deploie-des-militaires-pour-une-mission-de-paix-en-centrafrique\"},\"wordCount\":216,\"commentCount\":0,\"image\":{\"@id\":\"https:\/\/www.africa-press.net\/cameroun\/politique\/le-cameroun-deploie-des-militaires-pour-une-mission-de-paix-en-centrafrique#primaryimage\"},\"thumbnailUrl\":\"https:\/\/static.africa-press.net\/cameroun\/sites\/57\/2022\/07\/img-62cc4a830463e.jpg\",\"keywords\":[\"Africa Press\",\"Africa Press-Cameroun\",\"Cameroun\"],\"articleSection\":[\"homepage-french\",\"Politique\",\"Toutes les actualit\u00e9s\"],\"inLanguage\":\"fr-FR\",\"potentialAction\":[{\"@type\":\"CommentAction\",\"name\":\"Comment\",\"target\":[\"https:\/\/www.africa-press.net\/cameroun\/politique\/le-cameroun-deploie-des-militaires-pour-une-mission-de-paix-en-centrafrique#respond\"]}]},{\"@type\":\"WebPage\",\"@id\":\"https:\/\/www.africa-press.net\/cameroun\/politique\/le-cameroun-deploie-des-militaires-pour-une-mission-de-paix-en-centrafrique\",\"url\":\"https:\/\/www.africa-press.net\/cameroun\/politique\/le-cameroun-deploie-des-militaires-pour-une-mission-de-paix-en-centrafrique\",\"name\":\"Le Cameroun d\u00e9ploie des militaires pour une mission de paix en Centrafrique - Cameroun\",\"isPartOf\":{\"@id\":\"https:\/\/www.africa-press.net\/cameroun\/#website\"},\"primaryImageOfPage\":{\"@id\":\"https:\/\/www.africa-press.net\/cameroun\/politique\/le-cameroun-deploie-des-militaires-pour-une-mission-de-paix-en-centrafrique#primaryimage\"},\"image\":{\"@id\":\"https:\/\/www.africa-press.net\/cameroun\/politique\/le-cameroun-deploie-des-militaires-pour-une-mission-de-paix-en-centrafrique#primaryimage\"},\"thumbnailUrl\":\"https:\/\/static.africa-press.net\/cameroun\/sites\/57\/2022\/07\/img-62cc4a830463e.jpg\",\"datePublished\":\"2022-07-11T14:27:32+00:00\",\"dateModified\":\"2022-07-11T16:06:44+00:00\",\"author\":{\"@id\":\"https:\/\/www.africa-press.net\/cameroun\/#\/schema\/person\/2b1cf3cd81a31e3cd26889ca66d677f1\"},\"description\":\"Ce sera pour la 9e fois qu\u2019un contingent du pays est d\u00e9ploy\u00e9 dans le cadre de la Mission multidimensionnelle int\u00e9gr\u00e9e de ...\",\"breadcrumb\":{\"@id\":\"https:\/\/www.africa-press.net\/cameroun\/politique\/le-cameroun-deploie-des-militaires-pour-une-mission-de-paix-en-centrafrique#breadcrumb\"},\"inLanguage\":\"fr-FR\",\"potentialAction\":[{\"@type\":\"ReadAction\",\"target\":[\"https:\/\/www.africa-press.net\/cameroun\/politique\/le-cameroun-deploie-des-militaires-pour-une-mission-de-paix-en-centrafrique\"]}]},{\"@type\":\"ImageObject\",\"inLanguage\":\"fr-FR\",\"@id\":\"https:\/\/www.africa-press.net\/cameroun\/politique\/le-cameroun-deploie-des-militaires-pour-une-mission-de-paix-en-centrafrique#primaryimage\",\"url\":\"https:\/\/static.africa-press.net\/cameroun\/sites\/57\/2022\/07\/img-62cc4a830463e.jpg\",\"contentUrl\":\"https:\/\/static.africa-press.net\/cameroun\/sites\/57\/2022\/07\/img-62cc4a830463e.jpg\",\"width\":720,\"height\":479,\"caption\":\"Le Cameroun d\u00e9ploie des militaires pour une mission de paix en Centrafrique\"},{\"@type\":\"BreadcrumbList\",\"@id\":\"https:\/\/www.africa-press.net\/cameroun\/politique\/le-cameroun-deploie-des-militaires-pour-une-mission-de-paix-en-centrafrique#breadcrumb\",\"itemListElement\":[{\"@type\":\"ListItem\",\"position\":1,\"name\":\"Accueil\",\"item\":\"https:\/\/www.africa-press.net\/cameroun\/\"},{\"@type\":\"ListItem\",\"position\":2,\"name\":\"Le Cameroun d\u00e9ploie des militaires pour une mission de paix en Centrafrique\"}]},{\"@type\":\"WebSite\",\"@id\":\"https:\/\/www.africa-press.net\/cameroun\/#website\",\"url\":\"https:\/\/www.africa-press.net\/cameroun\/\",\"name\":\"Cameroun\",\"description\":\"Just another Africa News Agency Sites site\",\"potentialAction\":[{\"@type\":\"SearchAction\",\"target\":{\"@type\":\"EntryPoint\",\"urlTemplate\":\"https:\/\/www.africa-press.net\/cameroun\/?s={search_term_string}\"},\"query-input\":{\"@type\":\"PropertyValueSpecification\",\"valueRequired\":true,\"valueName\":\"search_term_string\"}}],\"inLanguage\":\"fr-FR\"},{\"@type\":\"Person\",\"@id\":\"https:\/\/www.africa-press.net\/cameroun\/#\/schema\/person\/2b1cf3cd81a31e3cd26889ca66d677f1\",\"name\":\"cfeditorfr\"}]}<\/script>\n<!-- \/ Yoast SEO Premium plugin. -->","yoast_head_json":{"title":"Le Cameroun d\u00e9ploie des militaires pour une mission de paix en Centrafrique - Cameroun","description":"Ce sera pour la 9e fois qu\u2019un contingent du pays est d\u00e9ploy\u00e9 dans le cadre de la Mission multidimensionnelle int\u00e9gr\u00e9e de ...","robots":{"index":"index","follow":"follow","max-snippet":"max-snippet:-1","max-image-preview":"max-image-preview:large","max-video-preview":"max-video-preview:-1"},"canonical":"https:\/\/www.africa-press.net\/cameroun\/politique\/le-cameroun-deploie-des-militaires-pour-une-mission-de-paix-en-centrafrique","og_locale":"fr_FR","og_type":"article","og_title":"Le Cameroun d\u00e9ploie des militaires pour une mission de paix en Centrafrique","og_description":"Ce sera pour la 9e fois qu\u2019un contingent du pays est d\u00e9ploy\u00e9 dans le cadre de la Mission multidimensionnelle int\u00e9gr\u00e9e de ...","og_url":"https:\/\/www.africa-press.net\/cameroun\/politique\/le-cameroun-deploie-des-militaires-pour-une-mission-de-paix-en-centrafrique","og_site_name":"Cameroun","article_published_time":"2022-07-11T14:27:32+00:00","article_modified_time":"2022-07-11T16:06:44+00:00","og_image":[{"width":720,"height":479,"url":"https:\/\/static.africa-press.net\/cameroun\/sites\/57\/2022\/07\/img-62cc4a830463e.jpg","type":"image\/jpeg"}],"author":"cfeditorfr","twitter_card":"summary_large_image","twitter_misc":{"\u00c9crit par":"cfeditorfr","Dur\u00e9e de lecture estim\u00e9e":"1 minute"},"schema":{"@context":"https:\/\/schema.org","@graph":[{"@type":"Article","@id":"https:\/\/www.africa-press.net\/cameroun\/politique\/le-cameroun-deploie-des-militaires-pour-une-mission-de-paix-en-centrafrique#article","isPartOf":{"@id":"https:\/\/www.africa-press.net\/cameroun\/politique\/le-cameroun-deploie-des-militaires-pour-une-mission-de-paix-en-centrafrique"},"author":{"name":"cfeditorfr","@id":"https:\/\/www.africa-press.net\/cameroun\/#\/schema\/person\/2b1cf3cd81a31e3cd26889ca66d677f1"},"headline":"Le Cameroun d\u00e9ploie des militaires pour une mission de paix en Centrafrique","datePublished":"2022-07-11T14:27:32+00:00","dateModified":"2022-07-11T16:06:44+00:00","mainEntityOfPage":{"@id":"https:\/\/www.africa-press.net\/cameroun\/politique\/le-cameroun-deploie-des-militaires-pour-une-mission-de-paix-en-centrafrique"},"wordCount":216,"commentCount":0,"image":{"@id":"https:\/\/www.africa-press.net\/cameroun\/politique\/le-cameroun-deploie-des-militaires-pour-une-mission-de-paix-en-centrafrique#primaryimage"},"thumbnailUrl":"https:\/\/static.africa-press.net\/cameroun\/sites\/57\/2022\/07\/img-62cc4a830463e.jpg","keywords":["Africa Press","Africa Press-Cameroun","Cameroun"],"articleSection":["homepage-french","Politique","Toutes les actualit\u00e9s"],"inLanguage":"fr-FR","potentialAction":[{"@type":"CommentAction","name":"Comment","target":["https:\/\/www.africa-press.net\/cameroun\/politique\/le-cameroun-deploie-des-militaires-pour-une-mission-de-paix-en-centrafrique#respond"]}]},{"@type":"WebPage","@id":"https:\/\/www.africa-press.net\/cameroun\/politique\/le-cameroun-deploie-des-militaires-pour-une-mission-de-paix-en-centrafrique","url":"https:\/\/www.africa-press.net\/cameroun\/politique\/le-cameroun-deploie-des-militaires-pour-une-mission-de-paix-en-centrafrique","name":"Le Cameroun d\u00e9ploie des militaires pour une mission de paix en Centrafrique - Cameroun","isPartOf":{"@id":"https:\/\/www.africa-press.net\/cameroun\/#website"},"primaryImageOfPage":{"@id":"https:\/\/www.africa-press.net\/cameroun\/politique\/le-cameroun-deploie-des-militaires-pour-une-mission-de-paix-en-centrafrique#primaryimage"},"image":{"@id":"https:\/\/www.africa-press.net\/cameroun\/politique\/le-cameroun-deploie-des-militaires-pour-une-mission-de-paix-en-centrafrique#primaryimage"},"thumbnailUrl":"https:\/\/static.africa-press.net\/cameroun\/sites\/57\/2022\/07\/img-62cc4a830463e.jpg","datePublished":"2022-07-11T14:27:32+00:00","dateModified":"2022-07-11T16:06:44+00:00","author":{"@id":"https:\/\/www.africa-press.net\/cameroun\/#\/schema\/person\/2b1cf3cd81a31e3cd26889ca66d677f1"},"description":"Ce sera pour la 9e fois qu\u2019un contingent du pays est d\u00e9ploy\u00e9 dans le cadre de la Mission multidimensionnelle int\u00e9gr\u00e9e de ...","breadcrumb":{"@id":"https:\/\/www.africa-press.net\/cameroun\/politique\/le-cameroun-deploie-des-militaires-pour-une-mission-de-paix-en-centrafrique#breadcrumb"},"inLanguage":"fr-FR","potentialAction":[{"@type":"ReadAction","target":["https:\/\/www.africa-press.net\/cameroun\/politique\/le-cameroun-deploie-des-militaires-pour-une-mission-de-paix-en-centrafrique"]}]},{"@type":"ImageObject","inLanguage":"fr-FR","@id":"https:\/\/www.africa-press.net\/cameroun\/politique\/le-cameroun-deploie-des-militaires-pour-une-mission-de-paix-en-centrafrique#primaryimage","url":"https:\/\/static.africa-press.net\/cameroun\/sites\/57\/2022\/07\/img-62cc4a830463e.jpg","contentUrl":"https:\/\/static.africa-press.net\/cameroun\/sites\/57\/2022\/07\/img-62cc4a830463e.jpg","width":720,"height":479,"caption":"Le Cameroun d\u00e9ploie des militaires pour une mission de paix en Centrafrique"},{"@type":"BreadcrumbList","@id":"https:\/\/www.africa-press.net\/cameroun\/politique\/le-cameroun-deploie-des-militaires-pour-une-mission-de-paix-en-centrafrique#breadcrumb","itemListElement":[{"@type":"ListItem","position":1,"name":"Accueil","item":"https:\/\/www.africa-press.net\/cameroun\/"},{"@type":"ListItem","position":2,"name":"Le Cameroun d\u00e9ploie des militaires pour une mission de paix en Centrafrique"}]},{"@type":"WebSite","@id":"https:\/\/www.africa-press.net\/cameroun\/#website","url":"https:\/\/www.africa-press.net\/cameroun\/","name":"Cameroun","description":"Just another Africa News Agency Sites site","potentialAction":[{"@type":"SearchAction","target":{"@type":"EntryPoint","urlTemplate":"https:\/\/www.africa-press.net\/cameroun\/?s={search_term_string}"},"query-input":{"@type":"PropertyValueSpecification","valueRequired":true,"valueName":"search_term_string"}}],"inLanguage":"fr-FR"},{"@type":"Person","@id":"https:\/\/www.africa-press.net\/cameroun\/#\/schema\/person\/2b1cf3cd81a31e3cd26889ca66d677f1","name":"cfeditorfr"}]}},"_links":{"self":[{"href":"https:\/\/www.africa-press.net\/cameroun\/wp-json\/wp\/v2\/posts\/23285","targetHints":{"allow":["GET"]}}],"collection":[{"href":"https:\/\/www.africa-press.net\/cameroun\/wp-json\/wp\/v2\/posts"}],"about":[{"href":"https:\/\/www.africa-press.net\/cameroun\/wp-json\/wp\/v2\/types\/post"}],"author":[{"embeddable":true,"href":"https:\/\/www.africa-press.net\/cameroun\/wp-json\/wp\/v2\/users\/82"}],"replies":[{"embeddable":true,"href":"https:\/\/www.africa-press.net\/cameroun\/wp-json\/wp\/v2\/comments?post=23285"}],"version-history":[{"count":0,"href":"https:\/\/www.africa-press.net\/cameroun\/wp-json\/wp\/v2\/posts\/23285\/revisions"}],"wp:featuredmedia":[{"embeddable":true,"href":"https:\/\/www.africa-press.net\/cameroun\/wp-json\/wp\/v2\/media\/23284"}],"wp:attachment":[{"href":"https:\/\/www.africa-press.net\/cameroun\/wp-json\/wp\/v2\/media?parent=23285"}],"wp:term":[{"taxonomy":"category","embeddable":true,"href":"https:\/\/www.africa-press.net\/cameroun\/wp-json\/wp\/v2\/categories?post=23285"},{"taxonomy":"post_tag","embeddable":true,"href":"https:\/\/www.africa-press.net\/cameroun\/wp-json\/wp\/v2\/tags?post=23285"}],"curies":[{"name":"wp","href":"https:\/\/api.w.org\/{rel}","templated":true}]}}