{"id":2333,"date":"2021-04-23T20:50:53","date_gmt":"2021-04-23T20:50:53","guid":{"rendered":"https:\/\/www.africa-press.net\/cameroun\/politique\/cameroun-agriculture-les-jeunes-du-nyong-et-kelle-centre-invites-par-le-ministre-du-commerce-luc-magloire-mbarga-atangana-a-sinvestir-davantage-dans-la-production-du-cacao"},"modified":"2021-04-23T21:49:10","modified_gmt":"2021-04-23T21:49:10","slug":"cameroun-agriculture-les-jeunes-du-nyong-et-kelle-centre-invites-par-le-ministre-du-commerce-luc-magloire-mbarga-atangana-a-sinvestir-davantage-dans-la-production-du-cacao","status":"publish","type":"post","link":"https:\/\/www.africa-press.net\/cameroun\/economie\/cameroun-agriculture-les-jeunes-du-nyong-et-kelle-centre-invites-par-le-ministre-du-commerce-luc-magloire-mbarga-atangana-a-sinvestir-davantage-dans-la-production-du-cacao","title":{"rendered":"Cameroun &#8211; Agriculture: Les jeunes du Nyong-et-Kell\u00e9 (Centre) invit\u00e9s par le ministre du Commerce, Luc Magloire Mbarga Atangana, \u00e0 s\u2019investir davantage dans la production du cacao"},"content":{"rendered":"<p><span style=\"color: #ff6600\"><strong><a href=\"https:\/\/www.africa-press.net\/\">Africa-Press<\/a> &#8211; <a href=\"https:\/\/www.africa-press.net\/cameroun\">Cameroun<\/a>. <\/strong><\/span>Le ministre du Commerce, Luc Magloire Mbarga Atangana, est en tourn\u00e9e dans les diff\u00e9rents bassins de production du cacao \u00e0 travers le pays. Sa caravane minist\u00e9rielle s\u2019est d\u00e9j\u00e0 \u00e9branl\u00e9e dans 11 des 16 localit\u00e9s o\u00f9 il doit se rendre, dans le cadre de visite de travail qu\u2019il a initi\u00e9e dans le but de distribuer aux producteurs de cacao, le paiement de la prime de qualit\u00e9 d\u00e9cid\u00e9e en leur faveur des producteurs par le chef de l\u2019\u00c9tat Paul Biya. Hier (Jeudi 22 avril 2021), il \u00e9tait dans la commune de Bot-Makak dans le d\u00e9partement du Nyong-et-Kelle, r\u00e9gion du Centre.<\/p>\n<p>\u00abUne enveloppe de 38745740 FCFA a \u00e9t\u00e9 distribu\u00e9e \u00e0 255 b\u00e9n\u00e9ficiaires en pr\u00e9sence des diff\u00e9rents acteurs du secteur. Il s\u2019agit de la concr\u00e9tisation de la promesse faite \u00e0 l\u2019occasion de la visite dans cette localit\u00e9 par le patron du Commerce au nom du num\u00e9ro un Camerounais le 09 novembre 2017 en faveur des producteurs de cacao frapp\u00e9s par la chute drastique des cours du cacao \u00e0 l\u2019international. Parmi les b\u00e9n\u00e9ficiaires de cette \u00e9tape, figurent des chefs traditionnels f\u00e9licit\u00e9s par le membre du gouvernement qui a pr\u00e9cis\u00e9 que cette prime n\u2019est pas faite pour payer les bons dans les bars, mais pour continuer le bon travail\u00bb, indique le service de communication du minist\u00e8re du Commerce.<\/p>\n<p>Au-del\u00e0 de la remise des enveloppes, ce qui a surtout marqu\u00e9 Luc Magloire Mbarga, c\u2019est l\u2019int\u00e9r\u00eat grandissant des jeunes envers les m\u00e9tiers de l\u2019agriculture, notamment la culture du cacao. Il a surtout appr\u00e9ci\u00e9 la mise sur pied du programme New Generation mis en place par le Conseil interprofessionnel du cacao et du caf\u00e9(Cicc) qui comprend plus de 120 jeunes actifs dans la culture du cacao.<\/p>\n<p><b>\u00abL\u2019avenir de la fili\u00e8re cacaoy\u00e8re dans notre pays, repose naturellement sur le rajeunissement de la force de production. De ce point de vue le Nyong-et-Kelle montre le bon exemple<\/b>\u00bb, a-t-il d\u00e9clar\u00e9.<\/p>\n","protected":false},"excerpt":{"rendered":"<p>Africa-Press &#8211; Cameroun. Le ministre du Commerce, Luc Magloire Mbarga Atangana, est en tourn\u00e9e dans les diff\u00e9rents bassins de production du cacao \u00e0 travers le pays. Sa caravane minist\u00e9rielle s\u2019est d\u00e9j\u00e0 \u00e9branl\u00e9e dans 11 des 16 localit\u00e9s o\u00f9 il doit se rendre, dans le cadre de visite de travail qu\u2019il a initi\u00e9e dans le but [&hellip;]<\/p>\n","protected":false},"author":82,"featured_media":2332,"comment_status":"open","ping_status":"closed","sticky":false,"template":"","format":"standard","meta":{"footnotes":""},"categories":[3,11,10],"tags":[36,50,49],"class_list":["post-2333","post","type-post","status-publish","format-standard","has-post-thumbnail","hentry","category-economie","category-homepage-french","category-toutes-les-actualites","tag-africa-press","tag-africa-press-cameroun","tag-cameroun"],"yoast_head":"<!-- This site is optimized with the Yoast SEO Premium plugin v26.1 (Yoast SEO v27.0) - https:\/\/yoast.com\/product\/yoast-seo-premium-wordpress\/ -->\n<title>Cameroun - Agriculture: Les jeunes du Nyong-et-Kell\u00e9 (Centre) invit\u00e9s par le ministre du Commerce, Luc Magloire Mbarga Atangana, \u00e0 s\u2019investir davantage dans la production du cacao - Cameroun<\/title>\n<meta name=\"description\" content=\"Le ministre du Commerce, Luc Magloire Mbarga Atangana, est en tourn\u00e9e dans les diff\u00e9rents bassins de production du cacao ...\" \/>\n<meta name=\"robots\" content=\"index, follow, max-snippet:-1, max-image-preview:large, max-video-preview:-1\" \/>\n<link rel=\"canonical\" href=\"https:\/\/www.africa-press.net\/cameroun\/economie\/cameroun-agriculture-les-jeunes-du-nyong-et-kelle-centre-invites-par-le-ministre-du-commerce-luc-magloire-mbarga-atangana-a-sinvestir-davantage-dans-la-production-du-cacao\" \/>\n<meta property=\"og:locale\" content=\"fr_FR\" \/>\n<meta property=\"og:type\" content=\"article\" \/>\n<meta property=\"og:title\" content=\"Cameroun - Agriculture: Les jeunes du Nyong-et-Kell\u00e9 (Centre) invit\u00e9s par le ministre du Commerce, Luc Magloire Mbarga Atangana, \u00e0 s\u2019investir davantage dans la production du cacao\" \/>\n<meta property=\"og:description\" content=\"Le ministre du Commerce, Luc Magloire Mbarga Atangana, est en tourn\u00e9e dans les diff\u00e9rents bassins de production du cacao ...\" \/>\n<meta property=\"og:url\" content=\"https:\/\/www.africa-press.net\/cameroun\/economie\/cameroun-agriculture-les-jeunes-du-nyong-et-kelle-centre-invites-par-le-ministre-du-commerce-luc-magloire-mbarga-atangana-a-sinvestir-davantage-dans-la-production-du-cacao\" \/>\n<meta property=\"og:site_name\" content=\"Cameroun\" \/>\n<meta property=\"article:published_time\" content=\"2021-04-23T20:50:53+00:00\" \/>\n<meta property=\"article:modified_time\" content=\"2021-04-23T21:49:10+00:00\" \/>\n<meta property=\"og:image\" content=\"https:\/\/static.africa-press.net\/cameroun\/sites\/57\/2021\/04\/img-608340780dcd9.jpg\" \/>\n\t<meta property=\"og:image:width\" content=\"800\" \/>\n\t<meta property=\"og:image:height\" content=\"531\" \/>\n\t<meta property=\"og:image:type\" content=\"image\/jpeg\" \/>\n<meta name=\"author\" content=\"cfeditorfr\" \/>\n<meta name=\"twitter:card\" content=\"summary_large_image\" \/>\n<meta name=\"twitter:label1\" content=\"\u00c9crit par\" \/>\n\t<meta name=\"twitter:data1\" content=\"cfeditorfr\" \/>\n\t<meta name=\"twitter:label2\" content=\"Dur\u00e9e de lecture estim\u00e9e\" \/>\n\t<meta name=\"twitter:data2\" content=\"2 minutes\" \/>\n<script type=\"application\/ld+json\" class=\"yoast-schema-graph\">{\"@context\":\"https:\/\/schema.org\",\"@graph\":[{\"@type\":\"Article\",\"@id\":\"https:\/\/www.africa-press.net\/cameroun\/economie\/cameroun-agriculture-les-jeunes-du-nyong-et-kelle-centre-invites-par-le-ministre-du-commerce-luc-magloire-mbarga-atangana-a-sinvestir-davantage-dans-la-production-du-cacao#article\",\"isPartOf\":{\"@id\":\"https:\/\/www.africa-press.net\/cameroun\/economie\/cameroun-agriculture-les-jeunes-du-nyong-et-kelle-centre-invites-par-le-ministre-du-commerce-luc-magloire-mbarga-atangana-a-sinvestir-davantage-dans-la-production-du-cacao\"},\"author\":{\"name\":\"cfeditorfr\",\"@id\":\"https:\/\/www.africa-press.net\/cameroun\/#\/schema\/person\/2b1cf3cd81a31e3cd26889ca66d677f1\"},\"headline\":\"Cameroun &#8211; Agriculture: Les jeunes du Nyong-et-Kell\u00e9 (Centre) invit\u00e9s par le ministre du Commerce, Luc Magloire Mbarga Atangana, \u00e0 s\u2019investir davantage dans la production du cacao\",\"datePublished\":\"2021-04-23T20:50:53+00:00\",\"dateModified\":\"2021-04-23T21:49:10+00:00\",\"mainEntityOfPage\":{\"@id\":\"https:\/\/www.africa-press.net\/cameroun\/economie\/cameroun-agriculture-les-jeunes-du-nyong-et-kelle-centre-invites-par-le-ministre-du-commerce-luc-magloire-mbarga-atangana-a-sinvestir-davantage-dans-la-production-du-cacao\"},\"wordCount\":369,\"commentCount\":0,\"image\":{\"@id\":\"https:\/\/www.africa-press.net\/cameroun\/economie\/cameroun-agriculture-les-jeunes-du-nyong-et-kelle-centre-invites-par-le-ministre-du-commerce-luc-magloire-mbarga-atangana-a-sinvestir-davantage-dans-la-production-du-cacao#primaryimage\"},\"thumbnailUrl\":\"https:\/\/static.africa-press.net\/cameroun\/sites\/57\/2021\/04\/img-608340780dcd9.jpg\",\"keywords\":[\"Africa Press\",\"Africa Press-Cameroun\",\"Cameroun\"],\"articleSection\":[\"\u00c9conomie\",\"homepage-french\",\"Toutes les actualit\u00e9s\"],\"inLanguage\":\"fr-FR\",\"potentialAction\":[{\"@type\":\"CommentAction\",\"name\":\"Comment\",\"target\":[\"https:\/\/www.africa-press.net\/cameroun\/economie\/cameroun-agriculture-les-jeunes-du-nyong-et-kelle-centre-invites-par-le-ministre-du-commerce-luc-magloire-mbarga-atangana-a-sinvestir-davantage-dans-la-production-du-cacao#respond\"]}]},{\"@type\":\"WebPage\",\"@id\":\"https:\/\/www.africa-press.net\/cameroun\/economie\/cameroun-agriculture-les-jeunes-du-nyong-et-kelle-centre-invites-par-le-ministre-du-commerce-luc-magloire-mbarga-atangana-a-sinvestir-davantage-dans-la-production-du-cacao\",\"url\":\"https:\/\/www.africa-press.net\/cameroun\/economie\/cameroun-agriculture-les-jeunes-du-nyong-et-kelle-centre-invites-par-le-ministre-du-commerce-luc-magloire-mbarga-atangana-a-sinvestir-davantage-dans-la-production-du-cacao\",\"name\":\"Cameroun - Agriculture: Les jeunes du Nyong-et-Kell\u00e9 (Centre) invit\u00e9s par le ministre du Commerce, Luc Magloire Mbarga Atangana, \u00e0 s\u2019investir davantage dans la production du cacao - Cameroun\",\"isPartOf\":{\"@id\":\"https:\/\/www.africa-press.net\/cameroun\/#website\"},\"primaryImageOfPage\":{\"@id\":\"https:\/\/www.africa-press.net\/cameroun\/economie\/cameroun-agriculture-les-jeunes-du-nyong-et-kelle-centre-invites-par-le-ministre-du-commerce-luc-magloire-mbarga-atangana-a-sinvestir-davantage-dans-la-production-du-cacao#primaryimage\"},\"image\":{\"@id\":\"https:\/\/www.africa-press.net\/cameroun\/economie\/cameroun-agriculture-les-jeunes-du-nyong-et-kelle-centre-invites-par-le-ministre-du-commerce-luc-magloire-mbarga-atangana-a-sinvestir-davantage-dans-la-production-du-cacao#primaryimage\"},\"thumbnailUrl\":\"https:\/\/static.africa-press.net\/cameroun\/sites\/57\/2021\/04\/img-608340780dcd9.jpg\",\"datePublished\":\"2021-04-23T20:50:53+00:00\",\"dateModified\":\"2021-04-23T21:49:10+00:00\",\"author\":{\"@id\":\"https:\/\/www.africa-press.net\/cameroun\/#\/schema\/person\/2b1cf3cd81a31e3cd26889ca66d677f1\"},\"description\":\"Le ministre du Commerce, Luc Magloire Mbarga Atangana, est en tourn\u00e9e dans les diff\u00e9rents bassins de production du cacao ...\",\"breadcrumb\":{\"@id\":\"https:\/\/www.africa-press.net\/cameroun\/economie\/cameroun-agriculture-les-jeunes-du-nyong-et-kelle-centre-invites-par-le-ministre-du-commerce-luc-magloire-mbarga-atangana-a-sinvestir-davantage-dans-la-production-du-cacao#breadcrumb\"},\"inLanguage\":\"fr-FR\",\"potentialAction\":[{\"@type\":\"ReadAction\",\"target\":[\"https:\/\/www.africa-press.net\/cameroun\/economie\/cameroun-agriculture-les-jeunes-du-nyong-et-kelle-centre-invites-par-le-ministre-du-commerce-luc-magloire-mbarga-atangana-a-sinvestir-davantage-dans-la-production-du-cacao\"]}]},{\"@type\":\"ImageObject\",\"inLanguage\":\"fr-FR\",\"@id\":\"https:\/\/www.africa-press.net\/cameroun\/economie\/cameroun-agriculture-les-jeunes-du-nyong-et-kelle-centre-invites-par-le-ministre-du-commerce-luc-magloire-mbarga-atangana-a-sinvestir-davantage-dans-la-production-du-cacao#primaryimage\",\"url\":\"https:\/\/static.africa-press.net\/cameroun\/sites\/57\/2021\/04\/img-608340780dcd9.jpg\",\"contentUrl\":\"https:\/\/static.africa-press.net\/cameroun\/sites\/57\/2021\/04\/img-608340780dcd9.jpg\",\"width\":800,\"height\":531,\"caption\":\"Cameroun - Agriculture: Les jeunes du Nyong-et-Kell\u00e9 (Centre) invit\u00e9s par le ministre du Commerce, Luc Magloire Mbarga Atangana, \u00e0 s\u2019investir davantage dans la production du cacao\"},{\"@type\":\"BreadcrumbList\",\"@id\":\"https:\/\/www.africa-press.net\/cameroun\/economie\/cameroun-agriculture-les-jeunes-du-nyong-et-kelle-centre-invites-par-le-ministre-du-commerce-luc-magloire-mbarga-atangana-a-sinvestir-davantage-dans-la-production-du-cacao#breadcrumb\",\"itemListElement\":[{\"@type\":\"ListItem\",\"position\":1,\"name\":\"Accueil\",\"item\":\"https:\/\/www.africa-press.net\/cameroun\/\"},{\"@type\":\"ListItem\",\"position\":2,\"name\":\"Cameroun &#8211; Agriculture: Les jeunes du Nyong-et-Kell\u00e9 (Centre) invit\u00e9s par le ministre du Commerce, Luc Magloire Mbarga Atangana, \u00e0 s\u2019investir davantage dans la production du cacao\"}]},{\"@type\":\"WebSite\",\"@id\":\"https:\/\/www.africa-press.net\/cameroun\/#website\",\"url\":\"https:\/\/www.africa-press.net\/cameroun\/\",\"name\":\"Cameroun\",\"description\":\"Just another Africa News Agency Sites site\",\"potentialAction\":[{\"@type\":\"SearchAction\",\"target\":{\"@type\":\"EntryPoint\",\"urlTemplate\":\"https:\/\/www.africa-press.net\/cameroun\/?s={search_term_string}\"},\"query-input\":{\"@type\":\"PropertyValueSpecification\",\"valueRequired\":true,\"valueName\":\"search_term_string\"}}],\"inLanguage\":\"fr-FR\"},{\"@type\":\"Person\",\"@id\":\"https:\/\/www.africa-press.net\/cameroun\/#\/schema\/person\/2b1cf3cd81a31e3cd26889ca66d677f1\",\"name\":\"cfeditorfr\"}]}<\/script>\n<!-- \/ Yoast SEO Premium plugin. -->","yoast_head_json":{"title":"Cameroun - Agriculture: Les jeunes du Nyong-et-Kell\u00e9 (Centre) invit\u00e9s par le ministre du Commerce, Luc Magloire Mbarga Atangana, \u00e0 s\u2019investir davantage dans la production du cacao - Cameroun","description":"Le ministre du Commerce, Luc Magloire Mbarga Atangana, est en tourn\u00e9e dans les diff\u00e9rents bassins de production du cacao ...","robots":{"index":"index","follow":"follow","max-snippet":"max-snippet:-1","max-image-preview":"max-image-preview:large","max-video-preview":"max-video-preview:-1"},"canonical":"https:\/\/www.africa-press.net\/cameroun\/economie\/cameroun-agriculture-les-jeunes-du-nyong-et-kelle-centre-invites-par-le-ministre-du-commerce-luc-magloire-mbarga-atangana-a-sinvestir-davantage-dans-la-production-du-cacao","og_locale":"fr_FR","og_type":"article","og_title":"Cameroun - Agriculture: Les jeunes du Nyong-et-Kell\u00e9 (Centre) invit\u00e9s par le ministre du Commerce, Luc Magloire Mbarga Atangana, \u00e0 s\u2019investir davantage dans la production du cacao","og_description":"Le ministre du Commerce, Luc Magloire Mbarga Atangana, est en tourn\u00e9e dans les diff\u00e9rents bassins de production du cacao ...","og_url":"https:\/\/www.africa-press.net\/cameroun\/economie\/cameroun-agriculture-les-jeunes-du-nyong-et-kelle-centre-invites-par-le-ministre-du-commerce-luc-magloire-mbarga-atangana-a-sinvestir-davantage-dans-la-production-du-cacao","og_site_name":"Cameroun","article_published_time":"2021-04-23T20:50:53+00:00","article_modified_time":"2021-04-23T21:49:10+00:00","og_image":[{"width":800,"height":531,"url":"https:\/\/static.africa-press.net\/cameroun\/sites\/57\/2021\/04\/img-608340780dcd9.jpg","type":"image\/jpeg"}],"author":"cfeditorfr","twitter_card":"summary_large_image","twitter_misc":{"\u00c9crit par":"cfeditorfr","Dur\u00e9e de lecture estim\u00e9e":"2 minutes"},"schema":{"@context":"https:\/\/schema.org","@graph":[{"@type":"Article","@id":"https:\/\/www.africa-press.net\/cameroun\/economie\/cameroun-agriculture-les-jeunes-du-nyong-et-kelle-centre-invites-par-le-ministre-du-commerce-luc-magloire-mbarga-atangana-a-sinvestir-davantage-dans-la-production-du-cacao#article","isPartOf":{"@id":"https:\/\/www.africa-press.net\/cameroun\/economie\/cameroun-agriculture-les-jeunes-du-nyong-et-kelle-centre-invites-par-le-ministre-du-commerce-luc-magloire-mbarga-atangana-a-sinvestir-davantage-dans-la-production-du-cacao"},"author":{"name":"cfeditorfr","@id":"https:\/\/www.africa-press.net\/cameroun\/#\/schema\/person\/2b1cf3cd81a31e3cd26889ca66d677f1"},"headline":"Cameroun &#8211; Agriculture: Les jeunes du Nyong-et-Kell\u00e9 (Centre) invit\u00e9s par le ministre du Commerce, Luc Magloire Mbarga Atangana, \u00e0 s\u2019investir davantage dans la production du cacao","datePublished":"2021-04-23T20:50:53+00:00","dateModified":"2021-04-23T21:49:10+00:00","mainEntityOfPage":{"@id":"https:\/\/www.africa-press.net\/cameroun\/economie\/cameroun-agriculture-les-jeunes-du-nyong-et-kelle-centre-invites-par-le-ministre-du-commerce-luc-magloire-mbarga-atangana-a-sinvestir-davantage-dans-la-production-du-cacao"},"wordCount":369,"commentCount":0,"image":{"@id":"https:\/\/www.africa-press.net\/cameroun\/economie\/cameroun-agriculture-les-jeunes-du-nyong-et-kelle-centre-invites-par-le-ministre-du-commerce-luc-magloire-mbarga-atangana-a-sinvestir-davantage-dans-la-production-du-cacao#primaryimage"},"thumbnailUrl":"https:\/\/static.africa-press.net\/cameroun\/sites\/57\/2021\/04\/img-608340780dcd9.jpg","keywords":["Africa Press","Africa Press-Cameroun","Cameroun"],"articleSection":["\u00c9conomie","homepage-french","Toutes les actualit\u00e9s"],"inLanguage":"fr-FR","potentialAction":[{"@type":"CommentAction","name":"Comment","target":["https:\/\/www.africa-press.net\/cameroun\/economie\/cameroun-agriculture-les-jeunes-du-nyong-et-kelle-centre-invites-par-le-ministre-du-commerce-luc-magloire-mbarga-atangana-a-sinvestir-davantage-dans-la-production-du-cacao#respond"]}]},{"@type":"WebPage","@id":"https:\/\/www.africa-press.net\/cameroun\/economie\/cameroun-agriculture-les-jeunes-du-nyong-et-kelle-centre-invites-par-le-ministre-du-commerce-luc-magloire-mbarga-atangana-a-sinvestir-davantage-dans-la-production-du-cacao","url":"https:\/\/www.africa-press.net\/cameroun\/economie\/cameroun-agriculture-les-jeunes-du-nyong-et-kelle-centre-invites-par-le-ministre-du-commerce-luc-magloire-mbarga-atangana-a-sinvestir-davantage-dans-la-production-du-cacao","name":"Cameroun - Agriculture: Les jeunes du Nyong-et-Kell\u00e9 (Centre) invit\u00e9s par le ministre du Commerce, Luc Magloire Mbarga Atangana, \u00e0 s\u2019investir davantage dans la production du cacao - Cameroun","isPartOf":{"@id":"https:\/\/www.africa-press.net\/cameroun\/#website"},"primaryImageOfPage":{"@id":"https:\/\/www.africa-press.net\/cameroun\/economie\/cameroun-agriculture-les-jeunes-du-nyong-et-kelle-centre-invites-par-le-ministre-du-commerce-luc-magloire-mbarga-atangana-a-sinvestir-davantage-dans-la-production-du-cacao#primaryimage"},"image":{"@id":"https:\/\/www.africa-press.net\/cameroun\/economie\/cameroun-agriculture-les-jeunes-du-nyong-et-kelle-centre-invites-par-le-ministre-du-commerce-luc-magloire-mbarga-atangana-a-sinvestir-davantage-dans-la-production-du-cacao#primaryimage"},"thumbnailUrl":"https:\/\/static.africa-press.net\/cameroun\/sites\/57\/2021\/04\/img-608340780dcd9.jpg","datePublished":"2021-04-23T20:50:53+00:00","dateModified":"2021-04-23T21:49:10+00:00","author":{"@id":"https:\/\/www.africa-press.net\/cameroun\/#\/schema\/person\/2b1cf3cd81a31e3cd26889ca66d677f1"},"description":"Le ministre du Commerce, Luc Magloire Mbarga Atangana, est en tourn\u00e9e dans les diff\u00e9rents bassins de production du cacao ...","breadcrumb":{"@id":"https:\/\/www.africa-press.net\/cameroun\/economie\/cameroun-agriculture-les-jeunes-du-nyong-et-kelle-centre-invites-par-le-ministre-du-commerce-luc-magloire-mbarga-atangana-a-sinvestir-davantage-dans-la-production-du-cacao#breadcrumb"},"inLanguage":"fr-FR","potentialAction":[{"@type":"ReadAction","target":["https:\/\/www.africa-press.net\/cameroun\/economie\/cameroun-agriculture-les-jeunes-du-nyong-et-kelle-centre-invites-par-le-ministre-du-commerce-luc-magloire-mbarga-atangana-a-sinvestir-davantage-dans-la-production-du-cacao"]}]},{"@type":"ImageObject","inLanguage":"fr-FR","@id":"https:\/\/www.africa-press.net\/cameroun\/economie\/cameroun-agriculture-les-jeunes-du-nyong-et-kelle-centre-invites-par-le-ministre-du-commerce-luc-magloire-mbarga-atangana-a-sinvestir-davantage-dans-la-production-du-cacao#primaryimage","url":"https:\/\/static.africa-press.net\/cameroun\/sites\/57\/2021\/04\/img-608340780dcd9.jpg","contentUrl":"https:\/\/static.africa-press.net\/cameroun\/sites\/57\/2021\/04\/img-608340780dcd9.jpg","width":800,"height":531,"caption":"Cameroun - Agriculture: Les jeunes du Nyong-et-Kell\u00e9 (Centre) invit\u00e9s par le ministre du Commerce, Luc Magloire Mbarga Atangana, \u00e0 s\u2019investir davantage dans la production du cacao"},{"@type":"BreadcrumbList","@id":"https:\/\/www.africa-press.net\/cameroun\/economie\/cameroun-agriculture-les-jeunes-du-nyong-et-kelle-centre-invites-par-le-ministre-du-commerce-luc-magloire-mbarga-atangana-a-sinvestir-davantage-dans-la-production-du-cacao#breadcrumb","itemListElement":[{"@type":"ListItem","position":1,"name":"Accueil","item":"https:\/\/www.africa-press.net\/cameroun\/"},{"@type":"ListItem","position":2,"name":"Cameroun &#8211; Agriculture: Les jeunes du Nyong-et-Kell\u00e9 (Centre) invit\u00e9s par le ministre du Commerce, Luc Magloire Mbarga Atangana, \u00e0 s\u2019investir davantage dans la production du cacao"}]},{"@type":"WebSite","@id":"https:\/\/www.africa-press.net\/cameroun\/#website","url":"https:\/\/www.africa-press.net\/cameroun\/","name":"Cameroun","description":"Just another Africa News Agency Sites site","potentialAction":[{"@type":"SearchAction","target":{"@type":"EntryPoint","urlTemplate":"https:\/\/www.africa-press.net\/cameroun\/?s={search_term_string}"},"query-input":{"@type":"PropertyValueSpecification","valueRequired":true,"valueName":"search_term_string"}}],"inLanguage":"fr-FR"},{"@type":"Person","@id":"https:\/\/www.africa-press.net\/cameroun\/#\/schema\/person\/2b1cf3cd81a31e3cd26889ca66d677f1","name":"cfeditorfr"}]}},"_links":{"self":[{"href":"https:\/\/www.africa-press.net\/cameroun\/wp-json\/wp\/v2\/posts\/2333","targetHints":{"allow":["GET"]}}],"collection":[{"href":"https:\/\/www.africa-press.net\/cameroun\/wp-json\/wp\/v2\/posts"}],"about":[{"href":"https:\/\/www.africa-press.net\/cameroun\/wp-json\/wp\/v2\/types\/post"}],"author":[{"embeddable":true,"href":"https:\/\/www.africa-press.net\/cameroun\/wp-json\/wp\/v2\/users\/82"}],"replies":[{"embeddable":true,"href":"https:\/\/www.africa-press.net\/cameroun\/wp-json\/wp\/v2\/comments?post=2333"}],"version-history":[{"count":0,"href":"https:\/\/www.africa-press.net\/cameroun\/wp-json\/wp\/v2\/posts\/2333\/revisions"}],"wp:featuredmedia":[{"embeddable":true,"href":"https:\/\/www.africa-press.net\/cameroun\/wp-json\/wp\/v2\/media\/2332"}],"wp:attachment":[{"href":"https:\/\/www.africa-press.net\/cameroun\/wp-json\/wp\/v2\/media?parent=2333"}],"wp:term":[{"taxonomy":"category","embeddable":true,"href":"https:\/\/www.africa-press.net\/cameroun\/wp-json\/wp\/v2\/categories?post=2333"},{"taxonomy":"post_tag","embeddable":true,"href":"https:\/\/www.africa-press.net\/cameroun\/wp-json\/wp\/v2\/tags?post=2333"}],"curies":[{"name":"wp","href":"https:\/\/api.w.org\/{rel}","templated":true}]}}