{"id":23335,"date":"2022-07-12T16:19:01","date_gmt":"2022-07-12T16:19:01","guid":{"rendered":"https:\/\/www.africa-press.net\/cameroun\/politique\/protestation-le-mrc-denonce-l-agression-sauvage-de-son-coordonnateur-national-detenu-a-la-prison-centrale-de-yaounde"},"modified":"2022-07-12T16:19:29","modified_gmt":"2022-07-12T16:19:29","slug":"protestation-le-mrc-denonce-l-agression-sauvage-de-son-coordonnateur-national-detenu-a-la-prison-centrale-de-yaounde","status":"publish","type":"post","link":"https:\/\/www.africa-press.net\/cameroun\/politique\/protestation-le-mrc-denonce-l-agression-sauvage-de-son-coordonnateur-national-detenu-a-la-prison-centrale-de-yaounde","title":{"rendered":"Protestation: Le MRC d\u00e9nonce l\u2019 \u00ab agression sauvage \u00bb de son coordonnateur national d\u00e9tenu \u00e0 la prison centrale de Yaound\u00e9"},"content":{"rendered":"<p><span style=\"color: #ff6600\"><strong>Africa-Press &#8211; Cameroun. <\/strong><\/span>Le Mouvement pour la Renaissance du Cameroun (MRC) est en col\u00e8re contre un agent de la Prison Centrale de Yaound\u00e9. Dans un communiqu\u00e9 que signe ce 11 Juillet 2022 son secr\u00e9taire g\u00e9n\u00e9ral Christopher Ndong, il d\u00e9nonce une \u00ab agression du coordonnateur national charg\u00e9 de l&rsquo;implantation\u00bb Pascal Zambou\u00e9 \u00e0 la prison centrale de Yaound\u00e9 o\u00f9 il est d\u00e9tenu depuis bient\u00f4t deux ans.<\/p>\n<p><b>\u00ab Le MRC porte \u00e0 la connaissance de l\u2019opinion nationale et internationale que Monsieur Zamboue Pascal coordonnateur national du Parti en charge de l&rsquo;implantation, otage du r\u00e9gime \u00e0 la prison centrale de Yaound\u00e9, a \u00e9t\u00e9 sauvagement agress\u00e9 et humili\u00e9 ce 08 Juillet 2022 en pr\u00e9sence de son \u00e9pouse par le gardien de prison Nkoa en service dans cette prison immonde \u00bb<\/b><\/p>\n<p>, \u00e9crit Me Ndong. Il poursuit : \u00ab ce gardien de prison tortionnaire a d\u00e9shabill\u00e9 et d\u00e9chauss\u00e9 Pascal Zambou\u00e9 devant sa femme sous le pr\u00e9texte qu\u2019ils \u00e9taient assis su un banc du greffe, banc qui \u00e9tait pourtant \u00e0 moiti\u00e9 vide. Jusqu\u2019o\u00f9 iront-ils avec ces traitements inhumains sur les militants du MRC injustement incarc\u00e9r\u00e9s ? \u00bb.<\/p>\n<p>Et, concluant son propos, le secr\u00e9taire g\u00e9n\u00e9ral du MRC indique que son parti \u00ab s\u2019insurge contre cette d\u00e9shumanisation et demande la lib\u00e9ration imm\u00e9diate et ans condition de tous ses militants injustement et ill\u00e9galement d\u00e9tenus dans les prisons du Cameroun \u00bb.<\/p>\n<p><strong>Pour plus d&rsquo;informations et d&rsquo;analyses sur la <a href=\"https:\/\/www.africa-press.net\/cameroun\">Cameroun<\/a>, suivez <a href=\"https:\/\/www.africa-press.net\/\">Africa-Press<\/a><\/strong><\/p>\n","protected":false},"excerpt":{"rendered":"<p>Africa-Press &#8211; Cameroun. Le Mouvement pour la Renaissance du Cameroun (MRC) est en col\u00e8re contre un agent de la Prison Centrale de Yaound\u00e9. Dans un communiqu\u00e9 que signe ce 11 Juillet 2022 son secr\u00e9taire g\u00e9n\u00e9ral Christopher Ndong, il d\u00e9nonce une \u00ab agression du coordonnateur national charg\u00e9 de l&rsquo;implantation\u00bb Pascal Zambou\u00e9 \u00e0 la prison centrale de [&hellip;]<\/p>\n","protected":false},"author":82,"featured_media":23334,"comment_status":"open","ping_status":"closed","sticky":false,"template":"","format":"standard","meta":{"footnotes":""},"categories":[11,2,10],"tags":[36,50,49],"class_list":["post-23335","post","type-post","status-publish","format-standard","has-post-thumbnail","hentry","category-homepage-french","category-politique","category-toutes-les-actualites","tag-africa-press","tag-africa-press-cameroun","tag-cameroun"],"yoast_head":"<!-- This site is optimized with the Yoast SEO Premium plugin v26.1 (Yoast SEO v27.0) - https:\/\/yoast.com\/product\/yoast-seo-premium-wordpress\/ -->\n<title>Protestation: Le MRC d\u00e9nonce l\u2019 \u00ab agression sauvage \u00bb de son coordonnateur national d\u00e9tenu \u00e0 la prison centrale de Yaound\u00e9 - Cameroun<\/title>\n<meta name=\"description\" content=\"Le Mouvement pour la Renaissance du Cameroun (MRC) est en col\u00e8re contre un agent de la Prison Centrale de Yaound\u00e9. Dans ...\" \/>\n<meta name=\"robots\" content=\"index, follow, max-snippet:-1, max-image-preview:large, max-video-preview:-1\" \/>\n<link rel=\"canonical\" href=\"https:\/\/www.africa-press.net\/cameroun\/politique\/protestation-le-mrc-denonce-l-agression-sauvage-de-son-coordonnateur-national-detenu-a-la-prison-centrale-de-yaounde\" \/>\n<meta property=\"og:locale\" content=\"fr_FR\" \/>\n<meta property=\"og:type\" content=\"article\" \/>\n<meta property=\"og:title\" content=\"Protestation: Le MRC d\u00e9nonce l\u2019 \u00ab agression sauvage \u00bb de son coordonnateur national d\u00e9tenu \u00e0 la prison centrale de Yaound\u00e9\" \/>\n<meta property=\"og:description\" content=\"Le Mouvement pour la Renaissance du Cameroun (MRC) est en col\u00e8re contre un agent de la Prison Centrale de Yaound\u00e9. Dans ...\" \/>\n<meta property=\"og:url\" content=\"https:\/\/www.africa-press.net\/cameroun\/politique\/protestation-le-mrc-denonce-l-agression-sauvage-de-son-coordonnateur-national-detenu-a-la-prison-centrale-de-yaounde\" \/>\n<meta property=\"og:site_name\" content=\"Cameroun\" \/>\n<meta property=\"article:published_time\" content=\"2022-07-12T16:19:01+00:00\" \/>\n<meta property=\"article:modified_time\" content=\"2022-07-12T16:19:29+00:00\" \/>\n<meta property=\"og:image\" content=\"https:\/\/static.africa-press.net\/cameroun\/sites\/57\/2022\/07\/img-62cd9edf56b71.jpg\" \/>\n\t<meta property=\"og:image:width\" content=\"800\" \/>\n\t<meta property=\"og:image:height\" content=\"652\" \/>\n\t<meta property=\"og:image:type\" content=\"image\/jpeg\" \/>\n<meta name=\"author\" content=\"cfeditorfr\" \/>\n<meta name=\"twitter:card\" content=\"summary_large_image\" \/>\n<meta name=\"twitter:label1\" content=\"\u00c9crit par\" \/>\n\t<meta name=\"twitter:data1\" content=\"cfeditorfr\" \/>\n\t<meta name=\"twitter:label2\" content=\"Dur\u00e9e de lecture estim\u00e9e\" \/>\n\t<meta name=\"twitter:data2\" content=\"1 minute\" \/>\n<script type=\"application\/ld+json\" class=\"yoast-schema-graph\">{\"@context\":\"https:\/\/schema.org\",\"@graph\":[{\"@type\":\"Article\",\"@id\":\"https:\/\/www.africa-press.net\/cameroun\/politique\/protestation-le-mrc-denonce-l-agression-sauvage-de-son-coordonnateur-national-detenu-a-la-prison-centrale-de-yaounde#article\",\"isPartOf\":{\"@id\":\"https:\/\/www.africa-press.net\/cameroun\/politique\/protestation-le-mrc-denonce-l-agression-sauvage-de-son-coordonnateur-national-detenu-a-la-prison-centrale-de-yaounde\"},\"author\":{\"name\":\"cfeditorfr\",\"@id\":\"https:\/\/www.africa-press.net\/cameroun\/#\/schema\/person\/2b1cf3cd81a31e3cd26889ca66d677f1\"},\"headline\":\"Protestation: Le MRC d\u00e9nonce l\u2019 \u00ab agression sauvage \u00bb de son coordonnateur national d\u00e9tenu \u00e0 la prison centrale de Yaound\u00e9\",\"datePublished\":\"2022-07-12T16:19:01+00:00\",\"dateModified\":\"2022-07-12T16:19:29+00:00\",\"mainEntityOfPage\":{\"@id\":\"https:\/\/www.africa-press.net\/cameroun\/politique\/protestation-le-mrc-denonce-l-agression-sauvage-de-son-coordonnateur-national-detenu-a-la-prison-centrale-de-yaounde\"},\"wordCount\":261,\"commentCount\":0,\"image\":{\"@id\":\"https:\/\/www.africa-press.net\/cameroun\/politique\/protestation-le-mrc-denonce-l-agression-sauvage-de-son-coordonnateur-national-detenu-a-la-prison-centrale-de-yaounde#primaryimage\"},\"thumbnailUrl\":\"https:\/\/static.africa-press.net\/cameroun\/sites\/57\/2022\/07\/img-62cd9edf56b71.jpg\",\"keywords\":[\"Africa Press\",\"Africa Press-Cameroun\",\"Cameroun\"],\"articleSection\":[\"homepage-french\",\"Politique\",\"Toutes les actualit\u00e9s\"],\"inLanguage\":\"fr-FR\",\"potentialAction\":[{\"@type\":\"CommentAction\",\"name\":\"Comment\",\"target\":[\"https:\/\/www.africa-press.net\/cameroun\/politique\/protestation-le-mrc-denonce-l-agression-sauvage-de-son-coordonnateur-national-detenu-a-la-prison-centrale-de-yaounde#respond\"]}]},{\"@type\":\"WebPage\",\"@id\":\"https:\/\/www.africa-press.net\/cameroun\/politique\/protestation-le-mrc-denonce-l-agression-sauvage-de-son-coordonnateur-national-detenu-a-la-prison-centrale-de-yaounde\",\"url\":\"https:\/\/www.africa-press.net\/cameroun\/politique\/protestation-le-mrc-denonce-l-agression-sauvage-de-son-coordonnateur-national-detenu-a-la-prison-centrale-de-yaounde\",\"name\":\"Protestation: Le MRC d\u00e9nonce l\u2019 \u00ab agression sauvage \u00bb de son coordonnateur national d\u00e9tenu \u00e0 la prison centrale de Yaound\u00e9 - Cameroun\",\"isPartOf\":{\"@id\":\"https:\/\/www.africa-press.net\/cameroun\/#website\"},\"primaryImageOfPage\":{\"@id\":\"https:\/\/www.africa-press.net\/cameroun\/politique\/protestation-le-mrc-denonce-l-agression-sauvage-de-son-coordonnateur-national-detenu-a-la-prison-centrale-de-yaounde#primaryimage\"},\"image\":{\"@id\":\"https:\/\/www.africa-press.net\/cameroun\/politique\/protestation-le-mrc-denonce-l-agression-sauvage-de-son-coordonnateur-national-detenu-a-la-prison-centrale-de-yaounde#primaryimage\"},\"thumbnailUrl\":\"https:\/\/static.africa-press.net\/cameroun\/sites\/57\/2022\/07\/img-62cd9edf56b71.jpg\",\"datePublished\":\"2022-07-12T16:19:01+00:00\",\"dateModified\":\"2022-07-12T16:19:29+00:00\",\"author\":{\"@id\":\"https:\/\/www.africa-press.net\/cameroun\/#\/schema\/person\/2b1cf3cd81a31e3cd26889ca66d677f1\"},\"description\":\"Le Mouvement pour la Renaissance du Cameroun (MRC) est en col\u00e8re contre un agent de la Prison Centrale de Yaound\u00e9. Dans ...\",\"breadcrumb\":{\"@id\":\"https:\/\/www.africa-press.net\/cameroun\/politique\/protestation-le-mrc-denonce-l-agression-sauvage-de-son-coordonnateur-national-detenu-a-la-prison-centrale-de-yaounde#breadcrumb\"},\"inLanguage\":\"fr-FR\",\"potentialAction\":[{\"@type\":\"ReadAction\",\"target\":[\"https:\/\/www.africa-press.net\/cameroun\/politique\/protestation-le-mrc-denonce-l-agression-sauvage-de-son-coordonnateur-national-detenu-a-la-prison-centrale-de-yaounde\"]}]},{\"@type\":\"ImageObject\",\"inLanguage\":\"fr-FR\",\"@id\":\"https:\/\/www.africa-press.net\/cameroun\/politique\/protestation-le-mrc-denonce-l-agression-sauvage-de-son-coordonnateur-national-detenu-a-la-prison-centrale-de-yaounde#primaryimage\",\"url\":\"https:\/\/static.africa-press.net\/cameroun\/sites\/57\/2022\/07\/img-62cd9edf56b71.jpg\",\"contentUrl\":\"https:\/\/static.africa-press.net\/cameroun\/sites\/57\/2022\/07\/img-62cd9edf56b71.jpg\",\"width\":800,\"height\":652,\"caption\":\"Protestation: Le MRC d\u00e9nonce l\u2019 \u00ab agression sauvage \u00bb de son coordonnateur national d\u00e9tenu \u00e0 la prison centrale de Yaound\u00e9\"},{\"@type\":\"BreadcrumbList\",\"@id\":\"https:\/\/www.africa-press.net\/cameroun\/politique\/protestation-le-mrc-denonce-l-agression-sauvage-de-son-coordonnateur-national-detenu-a-la-prison-centrale-de-yaounde#breadcrumb\",\"itemListElement\":[{\"@type\":\"ListItem\",\"position\":1,\"name\":\"Accueil\",\"item\":\"https:\/\/www.africa-press.net\/cameroun\/\"},{\"@type\":\"ListItem\",\"position\":2,\"name\":\"Protestation: Le MRC d\u00e9nonce l\u2019 \u00ab agression sauvage \u00bb de son coordonnateur national d\u00e9tenu \u00e0 la prison centrale de Yaound\u00e9\"}]},{\"@type\":\"WebSite\",\"@id\":\"https:\/\/www.africa-press.net\/cameroun\/#website\",\"url\":\"https:\/\/www.africa-press.net\/cameroun\/\",\"name\":\"Cameroun\",\"description\":\"Just another Africa News Agency Sites site\",\"potentialAction\":[{\"@type\":\"SearchAction\",\"target\":{\"@type\":\"EntryPoint\",\"urlTemplate\":\"https:\/\/www.africa-press.net\/cameroun\/?s={search_term_string}\"},\"query-input\":{\"@type\":\"PropertyValueSpecification\",\"valueRequired\":true,\"valueName\":\"search_term_string\"}}],\"inLanguage\":\"fr-FR\"},{\"@type\":\"Person\",\"@id\":\"https:\/\/www.africa-press.net\/cameroun\/#\/schema\/person\/2b1cf3cd81a31e3cd26889ca66d677f1\",\"name\":\"cfeditorfr\"}]}<\/script>\n<!-- \/ Yoast SEO Premium plugin. -->","yoast_head_json":{"title":"Protestation: Le MRC d\u00e9nonce l\u2019 \u00ab agression sauvage \u00bb de son coordonnateur national d\u00e9tenu \u00e0 la prison centrale de Yaound\u00e9 - Cameroun","description":"Le Mouvement pour la Renaissance du Cameroun (MRC) est en col\u00e8re contre un agent de la Prison Centrale de Yaound\u00e9. Dans ...","robots":{"index":"index","follow":"follow","max-snippet":"max-snippet:-1","max-image-preview":"max-image-preview:large","max-video-preview":"max-video-preview:-1"},"canonical":"https:\/\/www.africa-press.net\/cameroun\/politique\/protestation-le-mrc-denonce-l-agression-sauvage-de-son-coordonnateur-national-detenu-a-la-prison-centrale-de-yaounde","og_locale":"fr_FR","og_type":"article","og_title":"Protestation: Le MRC d\u00e9nonce l\u2019 \u00ab agression sauvage \u00bb de son coordonnateur national d\u00e9tenu \u00e0 la prison centrale de Yaound\u00e9","og_description":"Le Mouvement pour la Renaissance du Cameroun (MRC) est en col\u00e8re contre un agent de la Prison Centrale de Yaound\u00e9. Dans ...","og_url":"https:\/\/www.africa-press.net\/cameroun\/politique\/protestation-le-mrc-denonce-l-agression-sauvage-de-son-coordonnateur-national-detenu-a-la-prison-centrale-de-yaounde","og_site_name":"Cameroun","article_published_time":"2022-07-12T16:19:01+00:00","article_modified_time":"2022-07-12T16:19:29+00:00","og_image":[{"width":800,"height":652,"url":"https:\/\/static.africa-press.net\/cameroun\/sites\/57\/2022\/07\/img-62cd9edf56b71.jpg","type":"image\/jpeg"}],"author":"cfeditorfr","twitter_card":"summary_large_image","twitter_misc":{"\u00c9crit par":"cfeditorfr","Dur\u00e9e de lecture estim\u00e9e":"1 minute"},"schema":{"@context":"https:\/\/schema.org","@graph":[{"@type":"Article","@id":"https:\/\/www.africa-press.net\/cameroun\/politique\/protestation-le-mrc-denonce-l-agression-sauvage-de-son-coordonnateur-national-detenu-a-la-prison-centrale-de-yaounde#article","isPartOf":{"@id":"https:\/\/www.africa-press.net\/cameroun\/politique\/protestation-le-mrc-denonce-l-agression-sauvage-de-son-coordonnateur-national-detenu-a-la-prison-centrale-de-yaounde"},"author":{"name":"cfeditorfr","@id":"https:\/\/www.africa-press.net\/cameroun\/#\/schema\/person\/2b1cf3cd81a31e3cd26889ca66d677f1"},"headline":"Protestation: Le MRC d\u00e9nonce l\u2019 \u00ab agression sauvage \u00bb de son coordonnateur national d\u00e9tenu \u00e0 la prison centrale de Yaound\u00e9","datePublished":"2022-07-12T16:19:01+00:00","dateModified":"2022-07-12T16:19:29+00:00","mainEntityOfPage":{"@id":"https:\/\/www.africa-press.net\/cameroun\/politique\/protestation-le-mrc-denonce-l-agression-sauvage-de-son-coordonnateur-national-detenu-a-la-prison-centrale-de-yaounde"},"wordCount":261,"commentCount":0,"image":{"@id":"https:\/\/www.africa-press.net\/cameroun\/politique\/protestation-le-mrc-denonce-l-agression-sauvage-de-son-coordonnateur-national-detenu-a-la-prison-centrale-de-yaounde#primaryimage"},"thumbnailUrl":"https:\/\/static.africa-press.net\/cameroun\/sites\/57\/2022\/07\/img-62cd9edf56b71.jpg","keywords":["Africa Press","Africa Press-Cameroun","Cameroun"],"articleSection":["homepage-french","Politique","Toutes les actualit\u00e9s"],"inLanguage":"fr-FR","potentialAction":[{"@type":"CommentAction","name":"Comment","target":["https:\/\/www.africa-press.net\/cameroun\/politique\/protestation-le-mrc-denonce-l-agression-sauvage-de-son-coordonnateur-national-detenu-a-la-prison-centrale-de-yaounde#respond"]}]},{"@type":"WebPage","@id":"https:\/\/www.africa-press.net\/cameroun\/politique\/protestation-le-mrc-denonce-l-agression-sauvage-de-son-coordonnateur-national-detenu-a-la-prison-centrale-de-yaounde","url":"https:\/\/www.africa-press.net\/cameroun\/politique\/protestation-le-mrc-denonce-l-agression-sauvage-de-son-coordonnateur-national-detenu-a-la-prison-centrale-de-yaounde","name":"Protestation: Le MRC d\u00e9nonce l\u2019 \u00ab agression sauvage \u00bb de son coordonnateur national d\u00e9tenu \u00e0 la prison centrale de Yaound\u00e9 - Cameroun","isPartOf":{"@id":"https:\/\/www.africa-press.net\/cameroun\/#website"},"primaryImageOfPage":{"@id":"https:\/\/www.africa-press.net\/cameroun\/politique\/protestation-le-mrc-denonce-l-agression-sauvage-de-son-coordonnateur-national-detenu-a-la-prison-centrale-de-yaounde#primaryimage"},"image":{"@id":"https:\/\/www.africa-press.net\/cameroun\/politique\/protestation-le-mrc-denonce-l-agression-sauvage-de-son-coordonnateur-national-detenu-a-la-prison-centrale-de-yaounde#primaryimage"},"thumbnailUrl":"https:\/\/static.africa-press.net\/cameroun\/sites\/57\/2022\/07\/img-62cd9edf56b71.jpg","datePublished":"2022-07-12T16:19:01+00:00","dateModified":"2022-07-12T16:19:29+00:00","author":{"@id":"https:\/\/www.africa-press.net\/cameroun\/#\/schema\/person\/2b1cf3cd81a31e3cd26889ca66d677f1"},"description":"Le Mouvement pour la Renaissance du Cameroun (MRC) est en col\u00e8re contre un agent de la Prison Centrale de Yaound\u00e9. Dans ...","breadcrumb":{"@id":"https:\/\/www.africa-press.net\/cameroun\/politique\/protestation-le-mrc-denonce-l-agression-sauvage-de-son-coordonnateur-national-detenu-a-la-prison-centrale-de-yaounde#breadcrumb"},"inLanguage":"fr-FR","potentialAction":[{"@type":"ReadAction","target":["https:\/\/www.africa-press.net\/cameroun\/politique\/protestation-le-mrc-denonce-l-agression-sauvage-de-son-coordonnateur-national-detenu-a-la-prison-centrale-de-yaounde"]}]},{"@type":"ImageObject","inLanguage":"fr-FR","@id":"https:\/\/www.africa-press.net\/cameroun\/politique\/protestation-le-mrc-denonce-l-agression-sauvage-de-son-coordonnateur-national-detenu-a-la-prison-centrale-de-yaounde#primaryimage","url":"https:\/\/static.africa-press.net\/cameroun\/sites\/57\/2022\/07\/img-62cd9edf56b71.jpg","contentUrl":"https:\/\/static.africa-press.net\/cameroun\/sites\/57\/2022\/07\/img-62cd9edf56b71.jpg","width":800,"height":652,"caption":"Protestation: Le MRC d\u00e9nonce l\u2019 \u00ab agression sauvage \u00bb de son coordonnateur national d\u00e9tenu \u00e0 la prison centrale de Yaound\u00e9"},{"@type":"BreadcrumbList","@id":"https:\/\/www.africa-press.net\/cameroun\/politique\/protestation-le-mrc-denonce-l-agression-sauvage-de-son-coordonnateur-national-detenu-a-la-prison-centrale-de-yaounde#breadcrumb","itemListElement":[{"@type":"ListItem","position":1,"name":"Accueil","item":"https:\/\/www.africa-press.net\/cameroun\/"},{"@type":"ListItem","position":2,"name":"Protestation: Le MRC d\u00e9nonce l\u2019 \u00ab agression sauvage \u00bb de son coordonnateur national d\u00e9tenu \u00e0 la prison centrale de Yaound\u00e9"}]},{"@type":"WebSite","@id":"https:\/\/www.africa-press.net\/cameroun\/#website","url":"https:\/\/www.africa-press.net\/cameroun\/","name":"Cameroun","description":"Just another Africa News Agency Sites site","potentialAction":[{"@type":"SearchAction","target":{"@type":"EntryPoint","urlTemplate":"https:\/\/www.africa-press.net\/cameroun\/?s={search_term_string}"},"query-input":{"@type":"PropertyValueSpecification","valueRequired":true,"valueName":"search_term_string"}}],"inLanguage":"fr-FR"},{"@type":"Person","@id":"https:\/\/www.africa-press.net\/cameroun\/#\/schema\/person\/2b1cf3cd81a31e3cd26889ca66d677f1","name":"cfeditorfr"}]}},"_links":{"self":[{"href":"https:\/\/www.africa-press.net\/cameroun\/wp-json\/wp\/v2\/posts\/23335","targetHints":{"allow":["GET"]}}],"collection":[{"href":"https:\/\/www.africa-press.net\/cameroun\/wp-json\/wp\/v2\/posts"}],"about":[{"href":"https:\/\/www.africa-press.net\/cameroun\/wp-json\/wp\/v2\/types\/post"}],"author":[{"embeddable":true,"href":"https:\/\/www.africa-press.net\/cameroun\/wp-json\/wp\/v2\/users\/82"}],"replies":[{"embeddable":true,"href":"https:\/\/www.africa-press.net\/cameroun\/wp-json\/wp\/v2\/comments?post=23335"}],"version-history":[{"count":0,"href":"https:\/\/www.africa-press.net\/cameroun\/wp-json\/wp\/v2\/posts\/23335\/revisions"}],"wp:featuredmedia":[{"embeddable":true,"href":"https:\/\/www.africa-press.net\/cameroun\/wp-json\/wp\/v2\/media\/23334"}],"wp:attachment":[{"href":"https:\/\/www.africa-press.net\/cameroun\/wp-json\/wp\/v2\/media?parent=23335"}],"wp:term":[{"taxonomy":"category","embeddable":true,"href":"https:\/\/www.africa-press.net\/cameroun\/wp-json\/wp\/v2\/categories?post=23335"},{"taxonomy":"post_tag","embeddable":true,"href":"https:\/\/www.africa-press.net\/cameroun\/wp-json\/wp\/v2\/tags?post=23335"}],"curies":[{"name":"wp","href":"https:\/\/api.w.org\/{rel}","templated":true}]}}