{"id":23338,"date":"2022-07-12T13:31:52","date_gmt":"2022-07-12T13:31:52","guid":{"rendered":"https:\/\/www.africa-press.net\/cameroun\/politique\/catastrophe-apres-les-inondations-du-week-end-dernier-dans-le-sud-ouest-le-ministere-des-travaux-publics-evalue-les-degats-et-annonce-des-mesures"},"modified":"2022-07-12T16:20:08","modified_gmt":"2022-07-12T16:20:08","slug":"catastrophe-apres-les-inondations-du-week-end-dernier-dans-le-sud-ouest-le-ministere-des-travaux-publics-evalue-les-degats-et-annonce-des-mesures","status":"publish","type":"post","link":"https:\/\/www.africa-press.net\/cameroun\/toutes-les-actualites\/catastrophe-apres-les-inondations-du-week-end-dernier-dans-le-sud-ouest-le-ministere-des-travaux-publics-evalue-les-degats-et-annonce-des-mesures","title":{"rendered":"Catastrophe: Apr\u00e8s les inondations du week-end dernier dans le Sud-Ouest, le minist\u00e8re des travaux publics \u00e9value les d\u00e9g\u00e2ts et annonce des mesures"},"content":{"rendered":"<p><span style=\"color: #ff6600\"><strong>Africa-Press &#8211; Cameroun. <\/strong><\/span>Samedi et dimanche derniers, les localit\u00e9s de Tiko, Mutengene, Limbe ont subi la furie des eaux suite \u00e0 des pluies diluviennes. Des inondations inhabituelles ont litt\u00e9ralement noy\u00e9 les rues et les habitations faisant au moins un mort. L\u2019axe Douala-Tiko a particuli\u00e8rement souffert de ce d\u00e9chainement des \u00e9l\u00e9ments de la nature. C\u2019est l\u00e0 que s\u2019est le plus attard\u00e9e la d\u00e9l\u00e9gation envoy\u00e9e par le ministre des travaux publics ce lundi 11 juillet 2022.<\/p>\n<p>Dans un reportage diffus\u00e9 au journal de 13 heures du Poste National de la CRTV, le directeur g\u00e9n\u00e9ral des travaux infrastructurels Beno\u00eft Parfait Mbole Mbole, \u00e0 la t\u00eate du groupe parti de Yaound\u00e9 a dit \u00eatre venu \u00ab identifier tous les orages qui ont caus\u00e9 des probl\u00e8mes, proposer des solutions qui permettront de r\u00e9gler imm\u00e9diatement le probl\u00e8me et adapter ces ouvrages pour qu\u2019ils puissent r\u00e9pondre aux probl\u00e8mes que nous avons observ\u00e9 ces deux derniers jours \u00bb.<\/p>\n<p>La CRTV rapporte que la d\u00e9l\u00e9gation a \u00e9valu\u00e9 les voies endommag\u00e9es, les rigoles et les ponts de Miss\u00e9l\u00e9l\u00e9 \u00e0 Mutengene. Les experts en mission attribuent la situation v\u00e9cue le wwek-en \u00e9coul\u00e9 au changement climatique, \u00e0 l\u2019incivisme des populations accus\u00e9es d\u2019avoir obstru\u00e9 les diff\u00e9rents ouvrages d\u2019assainissement. Selon elle, la pluie qui ne trouvait plus de chemin, a forc\u00e9ment d\u00e9bord\u00e9 les ouvrages d\u2019assainissement qui existaient.<\/p>\n<p>Beno\u00eft Parfait Mbole Mbole annonce d\u2019ores et d\u00e9j\u00e0 des mesures fortes. \u00ab Les foss\u00e9s vont \u00eatre cur\u00e9s et les ouvrages transversaux vont l\u2019\u00eatre \u00e9galement. L\u00e0 o\u00f9 nous avons le lit des cours d\u2019eaux qui ont \u00e9t\u00e9 r\u00e9duits par les activit\u00e9s humaines notamment les cultures qui sont faites n\u2019importe comment. Elles vont \u00eatre d\u00e9truites pour lib\u00e9rer les diff\u00e9rents lits de cours d\u2019eau \u00bb, fait-il savoir.<\/p>\n<p>La radio publique indique que le maire de Tiko a jou\u00e9 les guides, apportant \u00e0 chaque arr\u00eat des informations sur la topographie et la g\u00e9ographie de sa circonscription dans le but d\u2019aider \u00e0 avoir de bons r\u00e9sultats sur le long terme.<\/p>\n<p><strong>Pour plus d&rsquo;informations et d&rsquo;analyses sur la <a href=\"https:\/\/www.africa-press.net\/cameroun\">Cameroun<\/a>, suivez <a href=\"https:\/\/www.africa-press.net\/\">Africa-Press<\/a><\/strong><\/p>\n","protected":false},"excerpt":{"rendered":"<p>Africa-Press &#8211; Cameroun. Samedi et dimanche derniers, les localit\u00e9s de Tiko, Mutengene, Limbe ont subi la furie des eaux suite \u00e0 des pluies diluviennes. Des inondations inhabituelles ont litt\u00e9ralement noy\u00e9 les rues et les habitations faisant au moins un mort. L\u2019axe Douala-Tiko a particuli\u00e8rement souffert de ce d\u00e9chainement des \u00e9l\u00e9ments de la nature. C\u2019est l\u00e0 [&hellip;]<\/p>\n","protected":false},"author":82,"featured_media":23337,"comment_status":"open","ping_status":"closed","sticky":false,"template":"","format":"standard","meta":{"footnotes":""},"categories":[21,11,10],"tags":[36,50,49],"class_list":["post-23338","post","type-post","status-publish","format-standard","has-post-thumbnail","hentry","category-communaute","category-homepage-french","category-toutes-les-actualites","tag-africa-press","tag-africa-press-cameroun","tag-cameroun"],"yoast_head":"<!-- This site is optimized with the Yoast SEO Premium plugin v26.1 (Yoast SEO v27.0) - https:\/\/yoast.com\/product\/yoast-seo-premium-wordpress\/ -->\n<title>Catastrophe: Apr\u00e8s les inondations du week-end dernier dans le Sud-Ouest, le minist\u00e8re des travaux publics \u00e9value les d\u00e9g\u00e2ts et annonce des mesures - Cameroun<\/title>\n<meta name=\"description\" content=\"Samedi et dimanche derniers, les localit\u00e9s de Tiko, Mutengene, Limbe ont subi la furie des eaux suite \u00e0 des pluies diluv ...\" \/>\n<meta name=\"robots\" content=\"index, follow, max-snippet:-1, max-image-preview:large, max-video-preview:-1\" \/>\n<link rel=\"canonical\" href=\"https:\/\/www.africa-press.net\/cameroun\/toutes-les-actualites\/catastrophe-apres-les-inondations-du-week-end-dernier-dans-le-sud-ouest-le-ministere-des-travaux-publics-evalue-les-degats-et-annonce-des-mesures\" \/>\n<meta property=\"og:locale\" content=\"fr_FR\" \/>\n<meta property=\"og:type\" content=\"article\" \/>\n<meta property=\"og:title\" content=\"Catastrophe: Apr\u00e8s les inondations du week-end dernier dans le Sud-Ouest, le minist\u00e8re des travaux publics \u00e9value les d\u00e9g\u00e2ts et annonce des mesures\" \/>\n<meta property=\"og:description\" content=\"Samedi et dimanche derniers, les localit\u00e9s de Tiko, Mutengene, Limbe ont subi la furie des eaux suite \u00e0 des pluies diluv ...\" \/>\n<meta property=\"og:url\" content=\"https:\/\/www.africa-press.net\/cameroun\/toutes-les-actualites\/catastrophe-apres-les-inondations-du-week-end-dernier-dans-le-sud-ouest-le-ministere-des-travaux-publics-evalue-les-degats-et-annonce-des-mesures\" \/>\n<meta property=\"og:site_name\" content=\"Cameroun\" \/>\n<meta property=\"article:published_time\" content=\"2022-07-12T13:31:52+00:00\" \/>\n<meta property=\"article:modified_time\" content=\"2022-07-12T16:20:08+00:00\" \/>\n<meta property=\"og:image\" content=\"https:\/\/static.africa-press.net\/cameroun\/sites\/57\/2022\/07\/img-62cd9f1bbf1f0.jpg\" \/>\n\t<meta property=\"og:image:width\" content=\"800\" \/>\n\t<meta property=\"og:image:height\" content=\"610\" \/>\n\t<meta property=\"og:image:type\" content=\"image\/jpeg\" \/>\n<meta name=\"author\" content=\"cfeditorfr\" \/>\n<meta name=\"twitter:card\" content=\"summary_large_image\" \/>\n<meta name=\"twitter:label1\" content=\"\u00c9crit par\" \/>\n\t<meta name=\"twitter:data1\" content=\"cfeditorfr\" \/>\n\t<meta name=\"twitter:label2\" content=\"Dur\u00e9e de lecture estim\u00e9e\" \/>\n\t<meta name=\"twitter:data2\" content=\"2 minutes\" \/>\n<script type=\"application\/ld+json\" class=\"yoast-schema-graph\">{\"@context\":\"https:\/\/schema.org\",\"@graph\":[{\"@type\":\"Article\",\"@id\":\"https:\/\/www.africa-press.net\/cameroun\/toutes-les-actualites\/catastrophe-apres-les-inondations-du-week-end-dernier-dans-le-sud-ouest-le-ministere-des-travaux-publics-evalue-les-degats-et-annonce-des-mesures#article\",\"isPartOf\":{\"@id\":\"https:\/\/www.africa-press.net\/cameroun\/toutes-les-actualites\/catastrophe-apres-les-inondations-du-week-end-dernier-dans-le-sud-ouest-le-ministere-des-travaux-publics-evalue-les-degats-et-annonce-des-mesures\"},\"author\":{\"name\":\"cfeditorfr\",\"@id\":\"https:\/\/www.africa-press.net\/cameroun\/#\/schema\/person\/2b1cf3cd81a31e3cd26889ca66d677f1\"},\"headline\":\"Catastrophe: Apr\u00e8s les inondations du week-end dernier dans le Sud-Ouest, le minist\u00e8re des travaux publics \u00e9value les d\u00e9g\u00e2ts et annonce des mesures\",\"datePublished\":\"2022-07-12T13:31:52+00:00\",\"dateModified\":\"2022-07-12T16:20:08+00:00\",\"mainEntityOfPage\":{\"@id\":\"https:\/\/www.africa-press.net\/cameroun\/toutes-les-actualites\/catastrophe-apres-les-inondations-du-week-end-dernier-dans-le-sud-ouest-le-ministere-des-travaux-publics-evalue-les-degats-et-annonce-des-mesures\"},\"wordCount\":398,\"commentCount\":0,\"image\":{\"@id\":\"https:\/\/www.africa-press.net\/cameroun\/toutes-les-actualites\/catastrophe-apres-les-inondations-du-week-end-dernier-dans-le-sud-ouest-le-ministere-des-travaux-publics-evalue-les-degats-et-annonce-des-mesures#primaryimage\"},\"thumbnailUrl\":\"https:\/\/static.africa-press.net\/cameroun\/sites\/57\/2022\/07\/img-62cd9f1bbf1f0.jpg\",\"keywords\":[\"Africa Press\",\"Africa Press-Cameroun\",\"Cameroun\"],\"articleSection\":[\"Communaut\u00e9\",\"homepage-french\",\"Toutes les actualit\u00e9s\"],\"inLanguage\":\"fr-FR\",\"potentialAction\":[{\"@type\":\"CommentAction\",\"name\":\"Comment\",\"target\":[\"https:\/\/www.africa-press.net\/cameroun\/toutes-les-actualites\/catastrophe-apres-les-inondations-du-week-end-dernier-dans-le-sud-ouest-le-ministere-des-travaux-publics-evalue-les-degats-et-annonce-des-mesures#respond\"]}]},{\"@type\":\"WebPage\",\"@id\":\"https:\/\/www.africa-press.net\/cameroun\/toutes-les-actualites\/catastrophe-apres-les-inondations-du-week-end-dernier-dans-le-sud-ouest-le-ministere-des-travaux-publics-evalue-les-degats-et-annonce-des-mesures\",\"url\":\"https:\/\/www.africa-press.net\/cameroun\/toutes-les-actualites\/catastrophe-apres-les-inondations-du-week-end-dernier-dans-le-sud-ouest-le-ministere-des-travaux-publics-evalue-les-degats-et-annonce-des-mesures\",\"name\":\"Catastrophe: Apr\u00e8s les inondations du week-end dernier dans le Sud-Ouest, le minist\u00e8re des travaux publics \u00e9value les d\u00e9g\u00e2ts et annonce des mesures - Cameroun\",\"isPartOf\":{\"@id\":\"https:\/\/www.africa-press.net\/cameroun\/#website\"},\"primaryImageOfPage\":{\"@id\":\"https:\/\/www.africa-press.net\/cameroun\/toutes-les-actualites\/catastrophe-apres-les-inondations-du-week-end-dernier-dans-le-sud-ouest-le-ministere-des-travaux-publics-evalue-les-degats-et-annonce-des-mesures#primaryimage\"},\"image\":{\"@id\":\"https:\/\/www.africa-press.net\/cameroun\/toutes-les-actualites\/catastrophe-apres-les-inondations-du-week-end-dernier-dans-le-sud-ouest-le-ministere-des-travaux-publics-evalue-les-degats-et-annonce-des-mesures#primaryimage\"},\"thumbnailUrl\":\"https:\/\/static.africa-press.net\/cameroun\/sites\/57\/2022\/07\/img-62cd9f1bbf1f0.jpg\",\"datePublished\":\"2022-07-12T13:31:52+00:00\",\"dateModified\":\"2022-07-12T16:20:08+00:00\",\"author\":{\"@id\":\"https:\/\/www.africa-press.net\/cameroun\/#\/schema\/person\/2b1cf3cd81a31e3cd26889ca66d677f1\"},\"description\":\"Samedi et dimanche derniers, les localit\u00e9s de Tiko, Mutengene, Limbe ont subi la furie des eaux suite \u00e0 des pluies diluv ...\",\"breadcrumb\":{\"@id\":\"https:\/\/www.africa-press.net\/cameroun\/toutes-les-actualites\/catastrophe-apres-les-inondations-du-week-end-dernier-dans-le-sud-ouest-le-ministere-des-travaux-publics-evalue-les-degats-et-annonce-des-mesures#breadcrumb\"},\"inLanguage\":\"fr-FR\",\"potentialAction\":[{\"@type\":\"ReadAction\",\"target\":[\"https:\/\/www.africa-press.net\/cameroun\/toutes-les-actualites\/catastrophe-apres-les-inondations-du-week-end-dernier-dans-le-sud-ouest-le-ministere-des-travaux-publics-evalue-les-degats-et-annonce-des-mesures\"]}]},{\"@type\":\"ImageObject\",\"inLanguage\":\"fr-FR\",\"@id\":\"https:\/\/www.africa-press.net\/cameroun\/toutes-les-actualites\/catastrophe-apres-les-inondations-du-week-end-dernier-dans-le-sud-ouest-le-ministere-des-travaux-publics-evalue-les-degats-et-annonce-des-mesures#primaryimage\",\"url\":\"https:\/\/static.africa-press.net\/cameroun\/sites\/57\/2022\/07\/img-62cd9f1bbf1f0.jpg\",\"contentUrl\":\"https:\/\/static.africa-press.net\/cameroun\/sites\/57\/2022\/07\/img-62cd9f1bbf1f0.jpg\",\"width\":800,\"height\":610,\"caption\":\"Catastrophe: Apr\u00e8s les inondations du week-end dernier dans le Sud-Ouest, le minist\u00e8re des travaux publics \u00e9value les d\u00e9g\u00e2ts et annonce des mesures\"},{\"@type\":\"BreadcrumbList\",\"@id\":\"https:\/\/www.africa-press.net\/cameroun\/toutes-les-actualites\/catastrophe-apres-les-inondations-du-week-end-dernier-dans-le-sud-ouest-le-ministere-des-travaux-publics-evalue-les-degats-et-annonce-des-mesures#breadcrumb\",\"itemListElement\":[{\"@type\":\"ListItem\",\"position\":1,\"name\":\"Accueil\",\"item\":\"https:\/\/www.africa-press.net\/cameroun\/\"},{\"@type\":\"ListItem\",\"position\":2,\"name\":\"Catastrophe: Apr\u00e8s les inondations du week-end dernier dans le Sud-Ouest, le minist\u00e8re des travaux publics \u00e9value les d\u00e9g\u00e2ts et annonce des mesures\"}]},{\"@type\":\"WebSite\",\"@id\":\"https:\/\/www.africa-press.net\/cameroun\/#website\",\"url\":\"https:\/\/www.africa-press.net\/cameroun\/\",\"name\":\"Cameroun\",\"description\":\"Just another Africa News Agency Sites site\",\"potentialAction\":[{\"@type\":\"SearchAction\",\"target\":{\"@type\":\"EntryPoint\",\"urlTemplate\":\"https:\/\/www.africa-press.net\/cameroun\/?s={search_term_string}\"},\"query-input\":{\"@type\":\"PropertyValueSpecification\",\"valueRequired\":true,\"valueName\":\"search_term_string\"}}],\"inLanguage\":\"fr-FR\"},{\"@type\":\"Person\",\"@id\":\"https:\/\/www.africa-press.net\/cameroun\/#\/schema\/person\/2b1cf3cd81a31e3cd26889ca66d677f1\",\"name\":\"cfeditorfr\"}]}<\/script>\n<!-- \/ Yoast SEO Premium plugin. -->","yoast_head_json":{"title":"Catastrophe: Apr\u00e8s les inondations du week-end dernier dans le Sud-Ouest, le minist\u00e8re des travaux publics \u00e9value les d\u00e9g\u00e2ts et annonce des mesures - Cameroun","description":"Samedi et dimanche derniers, les localit\u00e9s de Tiko, Mutengene, Limbe ont subi la furie des eaux suite \u00e0 des pluies diluv ...","robots":{"index":"index","follow":"follow","max-snippet":"max-snippet:-1","max-image-preview":"max-image-preview:large","max-video-preview":"max-video-preview:-1"},"canonical":"https:\/\/www.africa-press.net\/cameroun\/toutes-les-actualites\/catastrophe-apres-les-inondations-du-week-end-dernier-dans-le-sud-ouest-le-ministere-des-travaux-publics-evalue-les-degats-et-annonce-des-mesures","og_locale":"fr_FR","og_type":"article","og_title":"Catastrophe: Apr\u00e8s les inondations du week-end dernier dans le Sud-Ouest, le minist\u00e8re des travaux publics \u00e9value les d\u00e9g\u00e2ts et annonce des mesures","og_description":"Samedi et dimanche derniers, les localit\u00e9s de Tiko, Mutengene, Limbe ont subi la furie des eaux suite \u00e0 des pluies diluv ...","og_url":"https:\/\/www.africa-press.net\/cameroun\/toutes-les-actualites\/catastrophe-apres-les-inondations-du-week-end-dernier-dans-le-sud-ouest-le-ministere-des-travaux-publics-evalue-les-degats-et-annonce-des-mesures","og_site_name":"Cameroun","article_published_time":"2022-07-12T13:31:52+00:00","article_modified_time":"2022-07-12T16:20:08+00:00","og_image":[{"width":800,"height":610,"url":"https:\/\/static.africa-press.net\/cameroun\/sites\/57\/2022\/07\/img-62cd9f1bbf1f0.jpg","type":"image\/jpeg"}],"author":"cfeditorfr","twitter_card":"summary_large_image","twitter_misc":{"\u00c9crit par":"cfeditorfr","Dur\u00e9e de lecture estim\u00e9e":"2 minutes"},"schema":{"@context":"https:\/\/schema.org","@graph":[{"@type":"Article","@id":"https:\/\/www.africa-press.net\/cameroun\/toutes-les-actualites\/catastrophe-apres-les-inondations-du-week-end-dernier-dans-le-sud-ouest-le-ministere-des-travaux-publics-evalue-les-degats-et-annonce-des-mesures#article","isPartOf":{"@id":"https:\/\/www.africa-press.net\/cameroun\/toutes-les-actualites\/catastrophe-apres-les-inondations-du-week-end-dernier-dans-le-sud-ouest-le-ministere-des-travaux-publics-evalue-les-degats-et-annonce-des-mesures"},"author":{"name":"cfeditorfr","@id":"https:\/\/www.africa-press.net\/cameroun\/#\/schema\/person\/2b1cf3cd81a31e3cd26889ca66d677f1"},"headline":"Catastrophe: Apr\u00e8s les inondations du week-end dernier dans le Sud-Ouest, le minist\u00e8re des travaux publics \u00e9value les d\u00e9g\u00e2ts et annonce des mesures","datePublished":"2022-07-12T13:31:52+00:00","dateModified":"2022-07-12T16:20:08+00:00","mainEntityOfPage":{"@id":"https:\/\/www.africa-press.net\/cameroun\/toutes-les-actualites\/catastrophe-apres-les-inondations-du-week-end-dernier-dans-le-sud-ouest-le-ministere-des-travaux-publics-evalue-les-degats-et-annonce-des-mesures"},"wordCount":398,"commentCount":0,"image":{"@id":"https:\/\/www.africa-press.net\/cameroun\/toutes-les-actualites\/catastrophe-apres-les-inondations-du-week-end-dernier-dans-le-sud-ouest-le-ministere-des-travaux-publics-evalue-les-degats-et-annonce-des-mesures#primaryimage"},"thumbnailUrl":"https:\/\/static.africa-press.net\/cameroun\/sites\/57\/2022\/07\/img-62cd9f1bbf1f0.jpg","keywords":["Africa Press","Africa Press-Cameroun","Cameroun"],"articleSection":["Communaut\u00e9","homepage-french","Toutes les actualit\u00e9s"],"inLanguage":"fr-FR","potentialAction":[{"@type":"CommentAction","name":"Comment","target":["https:\/\/www.africa-press.net\/cameroun\/toutes-les-actualites\/catastrophe-apres-les-inondations-du-week-end-dernier-dans-le-sud-ouest-le-ministere-des-travaux-publics-evalue-les-degats-et-annonce-des-mesures#respond"]}]},{"@type":"WebPage","@id":"https:\/\/www.africa-press.net\/cameroun\/toutes-les-actualites\/catastrophe-apres-les-inondations-du-week-end-dernier-dans-le-sud-ouest-le-ministere-des-travaux-publics-evalue-les-degats-et-annonce-des-mesures","url":"https:\/\/www.africa-press.net\/cameroun\/toutes-les-actualites\/catastrophe-apres-les-inondations-du-week-end-dernier-dans-le-sud-ouest-le-ministere-des-travaux-publics-evalue-les-degats-et-annonce-des-mesures","name":"Catastrophe: Apr\u00e8s les inondations du week-end dernier dans le Sud-Ouest, le minist\u00e8re des travaux publics \u00e9value les d\u00e9g\u00e2ts et annonce des mesures - Cameroun","isPartOf":{"@id":"https:\/\/www.africa-press.net\/cameroun\/#website"},"primaryImageOfPage":{"@id":"https:\/\/www.africa-press.net\/cameroun\/toutes-les-actualites\/catastrophe-apres-les-inondations-du-week-end-dernier-dans-le-sud-ouest-le-ministere-des-travaux-publics-evalue-les-degats-et-annonce-des-mesures#primaryimage"},"image":{"@id":"https:\/\/www.africa-press.net\/cameroun\/toutes-les-actualites\/catastrophe-apres-les-inondations-du-week-end-dernier-dans-le-sud-ouest-le-ministere-des-travaux-publics-evalue-les-degats-et-annonce-des-mesures#primaryimage"},"thumbnailUrl":"https:\/\/static.africa-press.net\/cameroun\/sites\/57\/2022\/07\/img-62cd9f1bbf1f0.jpg","datePublished":"2022-07-12T13:31:52+00:00","dateModified":"2022-07-12T16:20:08+00:00","author":{"@id":"https:\/\/www.africa-press.net\/cameroun\/#\/schema\/person\/2b1cf3cd81a31e3cd26889ca66d677f1"},"description":"Samedi et dimanche derniers, les localit\u00e9s de Tiko, Mutengene, Limbe ont subi la furie des eaux suite \u00e0 des pluies diluv ...","breadcrumb":{"@id":"https:\/\/www.africa-press.net\/cameroun\/toutes-les-actualites\/catastrophe-apres-les-inondations-du-week-end-dernier-dans-le-sud-ouest-le-ministere-des-travaux-publics-evalue-les-degats-et-annonce-des-mesures#breadcrumb"},"inLanguage":"fr-FR","potentialAction":[{"@type":"ReadAction","target":["https:\/\/www.africa-press.net\/cameroun\/toutes-les-actualites\/catastrophe-apres-les-inondations-du-week-end-dernier-dans-le-sud-ouest-le-ministere-des-travaux-publics-evalue-les-degats-et-annonce-des-mesures"]}]},{"@type":"ImageObject","inLanguage":"fr-FR","@id":"https:\/\/www.africa-press.net\/cameroun\/toutes-les-actualites\/catastrophe-apres-les-inondations-du-week-end-dernier-dans-le-sud-ouest-le-ministere-des-travaux-publics-evalue-les-degats-et-annonce-des-mesures#primaryimage","url":"https:\/\/static.africa-press.net\/cameroun\/sites\/57\/2022\/07\/img-62cd9f1bbf1f0.jpg","contentUrl":"https:\/\/static.africa-press.net\/cameroun\/sites\/57\/2022\/07\/img-62cd9f1bbf1f0.jpg","width":800,"height":610,"caption":"Catastrophe: Apr\u00e8s les inondations du week-end dernier dans le Sud-Ouest, le minist\u00e8re des travaux publics \u00e9value les d\u00e9g\u00e2ts et annonce des mesures"},{"@type":"BreadcrumbList","@id":"https:\/\/www.africa-press.net\/cameroun\/toutes-les-actualites\/catastrophe-apres-les-inondations-du-week-end-dernier-dans-le-sud-ouest-le-ministere-des-travaux-publics-evalue-les-degats-et-annonce-des-mesures#breadcrumb","itemListElement":[{"@type":"ListItem","position":1,"name":"Accueil","item":"https:\/\/www.africa-press.net\/cameroun\/"},{"@type":"ListItem","position":2,"name":"Catastrophe: Apr\u00e8s les inondations du week-end dernier dans le Sud-Ouest, le minist\u00e8re des travaux publics \u00e9value les d\u00e9g\u00e2ts et annonce des mesures"}]},{"@type":"WebSite","@id":"https:\/\/www.africa-press.net\/cameroun\/#website","url":"https:\/\/www.africa-press.net\/cameroun\/","name":"Cameroun","description":"Just another Africa News Agency Sites site","potentialAction":[{"@type":"SearchAction","target":{"@type":"EntryPoint","urlTemplate":"https:\/\/www.africa-press.net\/cameroun\/?s={search_term_string}"},"query-input":{"@type":"PropertyValueSpecification","valueRequired":true,"valueName":"search_term_string"}}],"inLanguage":"fr-FR"},{"@type":"Person","@id":"https:\/\/www.africa-press.net\/cameroun\/#\/schema\/person\/2b1cf3cd81a31e3cd26889ca66d677f1","name":"cfeditorfr"}]}},"_links":{"self":[{"href":"https:\/\/www.africa-press.net\/cameroun\/wp-json\/wp\/v2\/posts\/23338","targetHints":{"allow":["GET"]}}],"collection":[{"href":"https:\/\/www.africa-press.net\/cameroun\/wp-json\/wp\/v2\/posts"}],"about":[{"href":"https:\/\/www.africa-press.net\/cameroun\/wp-json\/wp\/v2\/types\/post"}],"author":[{"embeddable":true,"href":"https:\/\/www.africa-press.net\/cameroun\/wp-json\/wp\/v2\/users\/82"}],"replies":[{"embeddable":true,"href":"https:\/\/www.africa-press.net\/cameroun\/wp-json\/wp\/v2\/comments?post=23338"}],"version-history":[{"count":0,"href":"https:\/\/www.africa-press.net\/cameroun\/wp-json\/wp\/v2\/posts\/23338\/revisions"}],"wp:featuredmedia":[{"embeddable":true,"href":"https:\/\/www.africa-press.net\/cameroun\/wp-json\/wp\/v2\/media\/23337"}],"wp:attachment":[{"href":"https:\/\/www.africa-press.net\/cameroun\/wp-json\/wp\/v2\/media?parent=23338"}],"wp:term":[{"taxonomy":"category","embeddable":true,"href":"https:\/\/www.africa-press.net\/cameroun\/wp-json\/wp\/v2\/categories?post=23338"},{"taxonomy":"post_tag","embeddable":true,"href":"https:\/\/www.africa-press.net\/cameroun\/wp-json\/wp\/v2\/tags?post=23338"}],"curies":[{"name":"wp","href":"https:\/\/api.w.org\/{rel}","templated":true}]}}