{"id":23344,"date":"2022-07-12T13:45:55","date_gmt":"2022-07-12T13:45:55","guid":{"rendered":"https:\/\/www.africa-press.net\/cameroun\/politique\/sante-plus-de-60-des-enfants-de-moins-de-5-ans-souffrent-dune-carence-en-fer"},"modified":"2022-07-12T16:21:07","modified_gmt":"2022-07-12T16:21:07","slug":"sante-plus-de-60-des-enfants-de-moins-de-5-ans-souffrent-dune-carence-en-fer","status":"publish","type":"post","link":"https:\/\/www.africa-press.net\/cameroun\/toutes-les-actualites\/sante-plus-de-60-des-enfants-de-moins-de-5-ans-souffrent-dune-carence-en-fer","title":{"rendered":"Sant\u00e9 : Plus de 60% des enfants de moins de 5 ans souffrent d\u2019une carence en fer"},"content":{"rendered":"<p><span style=\"color: #ff6600\"><strong>Africa-Press &#8211; Cameroun. <\/strong><\/span>Des journalistes et blogueurs savent d\u00e9sormais ce qui cause la carence en fer et comment l\u2019\u00e9viter. Ils ont \u00e9t\u00e9 outill\u00e9s au cours d\u2019une session de formation organis\u00e9e le 7 Juillet 2022 \u00e0 Douala. Tout en rappelant que les carences en Fer sont un probl\u00e8me de sant\u00e9 publique mondial, ils en ont expos\u00e9 les causes. Elles sont nombreuses. L\u2019on retrouve l\u2019insuffisance d\u2019apports \u00e0 l\u2019instar des r\u00e9gimes amaigrissants, de l\u2019anorexie, de la malnutrition. La mauvaise absorption du fer, la perte du fer et l\u2019augmentation des besoins en fer compl\u00e8tent cette liste.<\/p>\n<p>Les enfants sont les principales victimes de la carence en fer. Au Cameroun, 60,3% des moins de 5 ans en souffrent ainsi 57,1% des nourrissons de moins de 3 mois. Les autres grandes victimes sont les femmes. 39, 5% d\u2019entre elles \u00e2g\u00e9es de 15 \u00e0 49 ans en souffrent.<\/p>\n<p>Voici le portrait de l\u2019enfant en manque de fer dress\u00e9 par le p\u00e9diatre Benedictus Genty : \u00abun enfant carenc\u00e9 en fer sera de petite taille. Il ne peut pas se d\u00e9fendre contre les infections. Les enfants carenc\u00e9s en fer sont moins intellectuels, ont un probl\u00e8me de r\u00e9tention et de concentration\u00a0\u00bb.<\/p>\n<p>Il existe deux types de traitements des carences. Le premier est le traitement pr\u00e9ventif (fer m\u00e9dicamenteux, fer alimentaire). Le second est le traitement curatif (fer m\u00e9dicamenteux).<\/p>\n<p>Le nutritionniste Samuel Fotso recommande parmi les aliments riches en fer, la consommation r\u00e9guli\u00e8re du haricot, du moringa, de la spiruline, des graines de pistache, de l\u2019\u0153uf, de la viande et du poisson, les f\u00e8ves de cacao, les graines de courge par exemple. Il demande de ne pas consommer plus de 30% de lipides chaque jour et fait savoir que les mangues, oranges et autres fruits de saison sont particuli\u00e8rement riches en vitamines C, principal constituant du fer.<\/p>\n<p>La session de sensibilisation des m\u00e9dias et blogueurs \u00e0 Douala rentre dans le cadre de la campagne baptis\u00e9e \u00ab Une Sant\u00e9 de Fer \u00bb promue par la multinationale agro-alimentaire Nestl\u00e9. Elle contribue \u00e0 sa fa\u00e7on \u00e0 la strat\u00e9gie sectorielle de sant\u00e9 2016-2017 du gouvernement camerounais. Celle-ci encourage la promotion des bonnes habitudes alimentaires et nutritionnelles afin de r\u00e9duire l\u2019exposition des populations aux maladies dues \u00e0 la mauvaise alimentation.<\/p>\n<p><strong>Pour plus d&rsquo;informations et d&rsquo;analyses sur la <a href=\"https:\/\/www.africa-press.net\/cameroun\">Cameroun<\/a>, suivez <a href=\"https:\/\/www.africa-press.net\/\">Africa-Press<\/a><\/strong><\/p>\n","protected":false},"excerpt":{"rendered":"<p>Africa-Press &#8211; Cameroun. Des journalistes et blogueurs savent d\u00e9sormais ce qui cause la carence en fer et comment l\u2019\u00e9viter. Ils ont \u00e9t\u00e9 outill\u00e9s au cours d\u2019une session de formation organis\u00e9e le 7 Juillet 2022 \u00e0 Douala. Tout en rappelant que les carences en Fer sont un probl\u00e8me de sant\u00e9 publique mondial, ils en ont expos\u00e9 [&hellip;]<\/p>\n","protected":false},"author":82,"featured_media":23343,"comment_status":"open","ping_status":"closed","sticky":false,"template":"","format":"standard","meta":{"footnotes":""},"categories":[21,11,10],"tags":[36,50,49],"class_list":["post-23344","post","type-post","status-publish","format-standard","has-post-thumbnail","hentry","category-communaute","category-homepage-french","category-toutes-les-actualites","tag-africa-press","tag-africa-press-cameroun","tag-cameroun"],"yoast_head":"<!-- This site is optimized with the Yoast SEO Premium plugin v26.1 (Yoast SEO v27.0) - https:\/\/yoast.com\/product\/yoast-seo-premium-wordpress\/ -->\n<title>Sant\u00e9 : Plus de 60% des enfants de moins de 5 ans souffrent d\u2019une carence en fer - Cameroun<\/title>\n<meta name=\"description\" content=\"Des journalistes et blogueurs savent d\u00e9sormais ce qui cause la carence en fer et comment l\u2019\u00e9viter. Ils ont \u00e9t\u00e9 outill\u00e9s ...\" \/>\n<meta name=\"robots\" content=\"index, follow, max-snippet:-1, max-image-preview:large, max-video-preview:-1\" \/>\n<link rel=\"canonical\" href=\"https:\/\/www.africa-press.net\/cameroun\/toutes-les-actualites\/sante-plus-de-60-des-enfants-de-moins-de-5-ans-souffrent-dune-carence-en-fer\" \/>\n<meta property=\"og:locale\" content=\"fr_FR\" \/>\n<meta property=\"og:type\" content=\"article\" \/>\n<meta property=\"og:title\" content=\"Sant\u00e9 : Plus de 60% des enfants de moins de 5 ans souffrent d\u2019une carence en fer\" \/>\n<meta property=\"og:description\" content=\"Des journalistes et blogueurs savent d\u00e9sormais ce qui cause la carence en fer et comment l\u2019\u00e9viter. Ils ont \u00e9t\u00e9 outill\u00e9s ...\" \/>\n<meta property=\"og:url\" content=\"https:\/\/www.africa-press.net\/cameroun\/toutes-les-actualites\/sante-plus-de-60-des-enfants-de-moins-de-5-ans-souffrent-dune-carence-en-fer\" \/>\n<meta property=\"og:site_name\" content=\"Cameroun\" \/>\n<meta property=\"article:published_time\" content=\"2022-07-12T13:45:55+00:00\" \/>\n<meta property=\"article:modified_time\" content=\"2022-07-12T16:21:07+00:00\" \/>\n<meta property=\"og:image\" content=\"https:\/\/static.africa-press.net\/cameroun\/sites\/57\/2022\/07\/img-62cd9f5ef20ed.jpg\" \/>\n\t<meta property=\"og:image:width\" content=\"800\" \/>\n\t<meta property=\"og:image:height\" content=\"600\" \/>\n\t<meta property=\"og:image:type\" content=\"image\/jpeg\" \/>\n<meta name=\"author\" content=\"cfeditorfr\" \/>\n<meta name=\"twitter:card\" content=\"summary_large_image\" \/>\n<meta name=\"twitter:label1\" content=\"\u00c9crit par\" \/>\n\t<meta name=\"twitter:data1\" content=\"cfeditorfr\" \/>\n\t<meta name=\"twitter:label2\" content=\"Dur\u00e9e de lecture estim\u00e9e\" \/>\n\t<meta name=\"twitter:data2\" content=\"2 minutes\" \/>\n<script type=\"application\/ld+json\" class=\"yoast-schema-graph\">{\"@context\":\"https:\/\/schema.org\",\"@graph\":[{\"@type\":\"Article\",\"@id\":\"https:\/\/www.africa-press.net\/cameroun\/toutes-les-actualites\/sante-plus-de-60-des-enfants-de-moins-de-5-ans-souffrent-dune-carence-en-fer#article\",\"isPartOf\":{\"@id\":\"https:\/\/www.africa-press.net\/cameroun\/toutes-les-actualites\/sante-plus-de-60-des-enfants-de-moins-de-5-ans-souffrent-dune-carence-en-fer\"},\"author\":{\"name\":\"cfeditorfr\",\"@id\":\"https:\/\/www.africa-press.net\/cameroun\/#\/schema\/person\/2b1cf3cd81a31e3cd26889ca66d677f1\"},\"headline\":\"Sant\u00e9 : Plus de 60% des enfants de moins de 5 ans souffrent d\u2019une carence en fer\",\"datePublished\":\"2022-07-12T13:45:55+00:00\",\"dateModified\":\"2022-07-12T16:21:07+00:00\",\"mainEntityOfPage\":{\"@id\":\"https:\/\/www.africa-press.net\/cameroun\/toutes-les-actualites\/sante-plus-de-60-des-enfants-de-moins-de-5-ans-souffrent-dune-carence-en-fer\"},\"wordCount\":405,\"commentCount\":0,\"image\":{\"@id\":\"https:\/\/www.africa-press.net\/cameroun\/toutes-les-actualites\/sante-plus-de-60-des-enfants-de-moins-de-5-ans-souffrent-dune-carence-en-fer#primaryimage\"},\"thumbnailUrl\":\"https:\/\/static.africa-press.net\/cameroun\/sites\/57\/2022\/07\/img-62cd9f5ef20ed.jpg\",\"keywords\":[\"Africa Press\",\"Africa Press-Cameroun\",\"Cameroun\"],\"articleSection\":[\"Communaut\u00e9\",\"homepage-french\",\"Toutes les actualit\u00e9s\"],\"inLanguage\":\"fr-FR\",\"potentialAction\":[{\"@type\":\"CommentAction\",\"name\":\"Comment\",\"target\":[\"https:\/\/www.africa-press.net\/cameroun\/toutes-les-actualites\/sante-plus-de-60-des-enfants-de-moins-de-5-ans-souffrent-dune-carence-en-fer#respond\"]}]},{\"@type\":\"WebPage\",\"@id\":\"https:\/\/www.africa-press.net\/cameroun\/toutes-les-actualites\/sante-plus-de-60-des-enfants-de-moins-de-5-ans-souffrent-dune-carence-en-fer\",\"url\":\"https:\/\/www.africa-press.net\/cameroun\/toutes-les-actualites\/sante-plus-de-60-des-enfants-de-moins-de-5-ans-souffrent-dune-carence-en-fer\",\"name\":\"Sant\u00e9 : Plus de 60% des enfants de moins de 5 ans souffrent d\u2019une carence en fer - Cameroun\",\"isPartOf\":{\"@id\":\"https:\/\/www.africa-press.net\/cameroun\/#website\"},\"primaryImageOfPage\":{\"@id\":\"https:\/\/www.africa-press.net\/cameroun\/toutes-les-actualites\/sante-plus-de-60-des-enfants-de-moins-de-5-ans-souffrent-dune-carence-en-fer#primaryimage\"},\"image\":{\"@id\":\"https:\/\/www.africa-press.net\/cameroun\/toutes-les-actualites\/sante-plus-de-60-des-enfants-de-moins-de-5-ans-souffrent-dune-carence-en-fer#primaryimage\"},\"thumbnailUrl\":\"https:\/\/static.africa-press.net\/cameroun\/sites\/57\/2022\/07\/img-62cd9f5ef20ed.jpg\",\"datePublished\":\"2022-07-12T13:45:55+00:00\",\"dateModified\":\"2022-07-12T16:21:07+00:00\",\"author\":{\"@id\":\"https:\/\/www.africa-press.net\/cameroun\/#\/schema\/person\/2b1cf3cd81a31e3cd26889ca66d677f1\"},\"description\":\"Des journalistes et blogueurs savent d\u00e9sormais ce qui cause la carence en fer et comment l\u2019\u00e9viter. Ils ont \u00e9t\u00e9 outill\u00e9s ...\",\"breadcrumb\":{\"@id\":\"https:\/\/www.africa-press.net\/cameroun\/toutes-les-actualites\/sante-plus-de-60-des-enfants-de-moins-de-5-ans-souffrent-dune-carence-en-fer#breadcrumb\"},\"inLanguage\":\"fr-FR\",\"potentialAction\":[{\"@type\":\"ReadAction\",\"target\":[\"https:\/\/www.africa-press.net\/cameroun\/toutes-les-actualites\/sante-plus-de-60-des-enfants-de-moins-de-5-ans-souffrent-dune-carence-en-fer\"]}]},{\"@type\":\"ImageObject\",\"inLanguage\":\"fr-FR\",\"@id\":\"https:\/\/www.africa-press.net\/cameroun\/toutes-les-actualites\/sante-plus-de-60-des-enfants-de-moins-de-5-ans-souffrent-dune-carence-en-fer#primaryimage\",\"url\":\"https:\/\/static.africa-press.net\/cameroun\/sites\/57\/2022\/07\/img-62cd9f5ef20ed.jpg\",\"contentUrl\":\"https:\/\/static.africa-press.net\/cameroun\/sites\/57\/2022\/07\/img-62cd9f5ef20ed.jpg\",\"width\":800,\"height\":600,\"caption\":\"Sant\u00e9 : Plus de 60% des enfants de moins de 5 ans souffrent d\u2019une carence en fer\"},{\"@type\":\"BreadcrumbList\",\"@id\":\"https:\/\/www.africa-press.net\/cameroun\/toutes-les-actualites\/sante-plus-de-60-des-enfants-de-moins-de-5-ans-souffrent-dune-carence-en-fer#breadcrumb\",\"itemListElement\":[{\"@type\":\"ListItem\",\"position\":1,\"name\":\"Accueil\",\"item\":\"https:\/\/www.africa-press.net\/cameroun\/\"},{\"@type\":\"ListItem\",\"position\":2,\"name\":\"Sant\u00e9 : Plus de 60% des enfants de moins de 5 ans souffrent d\u2019une carence en fer\"}]},{\"@type\":\"WebSite\",\"@id\":\"https:\/\/www.africa-press.net\/cameroun\/#website\",\"url\":\"https:\/\/www.africa-press.net\/cameroun\/\",\"name\":\"Cameroun\",\"description\":\"Just another Africa News Agency Sites site\",\"potentialAction\":[{\"@type\":\"SearchAction\",\"target\":{\"@type\":\"EntryPoint\",\"urlTemplate\":\"https:\/\/www.africa-press.net\/cameroun\/?s={search_term_string}\"},\"query-input\":{\"@type\":\"PropertyValueSpecification\",\"valueRequired\":true,\"valueName\":\"search_term_string\"}}],\"inLanguage\":\"fr-FR\"},{\"@type\":\"Person\",\"@id\":\"https:\/\/www.africa-press.net\/cameroun\/#\/schema\/person\/2b1cf3cd81a31e3cd26889ca66d677f1\",\"name\":\"cfeditorfr\"}]}<\/script>\n<!-- \/ Yoast SEO Premium plugin. -->","yoast_head_json":{"title":"Sant\u00e9 : Plus de 60% des enfants de moins de 5 ans souffrent d\u2019une carence en fer - Cameroun","description":"Des journalistes et blogueurs savent d\u00e9sormais ce qui cause la carence en fer et comment l\u2019\u00e9viter. Ils ont \u00e9t\u00e9 outill\u00e9s ...","robots":{"index":"index","follow":"follow","max-snippet":"max-snippet:-1","max-image-preview":"max-image-preview:large","max-video-preview":"max-video-preview:-1"},"canonical":"https:\/\/www.africa-press.net\/cameroun\/toutes-les-actualites\/sante-plus-de-60-des-enfants-de-moins-de-5-ans-souffrent-dune-carence-en-fer","og_locale":"fr_FR","og_type":"article","og_title":"Sant\u00e9 : Plus de 60% des enfants de moins de 5 ans souffrent d\u2019une carence en fer","og_description":"Des journalistes et blogueurs savent d\u00e9sormais ce qui cause la carence en fer et comment l\u2019\u00e9viter. Ils ont \u00e9t\u00e9 outill\u00e9s ...","og_url":"https:\/\/www.africa-press.net\/cameroun\/toutes-les-actualites\/sante-plus-de-60-des-enfants-de-moins-de-5-ans-souffrent-dune-carence-en-fer","og_site_name":"Cameroun","article_published_time":"2022-07-12T13:45:55+00:00","article_modified_time":"2022-07-12T16:21:07+00:00","og_image":[{"width":800,"height":600,"url":"https:\/\/static.africa-press.net\/cameroun\/sites\/57\/2022\/07\/img-62cd9f5ef20ed.jpg","type":"image\/jpeg"}],"author":"cfeditorfr","twitter_card":"summary_large_image","twitter_misc":{"\u00c9crit par":"cfeditorfr","Dur\u00e9e de lecture estim\u00e9e":"2 minutes"},"schema":{"@context":"https:\/\/schema.org","@graph":[{"@type":"Article","@id":"https:\/\/www.africa-press.net\/cameroun\/toutes-les-actualites\/sante-plus-de-60-des-enfants-de-moins-de-5-ans-souffrent-dune-carence-en-fer#article","isPartOf":{"@id":"https:\/\/www.africa-press.net\/cameroun\/toutes-les-actualites\/sante-plus-de-60-des-enfants-de-moins-de-5-ans-souffrent-dune-carence-en-fer"},"author":{"name":"cfeditorfr","@id":"https:\/\/www.africa-press.net\/cameroun\/#\/schema\/person\/2b1cf3cd81a31e3cd26889ca66d677f1"},"headline":"Sant\u00e9 : Plus de 60% des enfants de moins de 5 ans souffrent d\u2019une carence en fer","datePublished":"2022-07-12T13:45:55+00:00","dateModified":"2022-07-12T16:21:07+00:00","mainEntityOfPage":{"@id":"https:\/\/www.africa-press.net\/cameroun\/toutes-les-actualites\/sante-plus-de-60-des-enfants-de-moins-de-5-ans-souffrent-dune-carence-en-fer"},"wordCount":405,"commentCount":0,"image":{"@id":"https:\/\/www.africa-press.net\/cameroun\/toutes-les-actualites\/sante-plus-de-60-des-enfants-de-moins-de-5-ans-souffrent-dune-carence-en-fer#primaryimage"},"thumbnailUrl":"https:\/\/static.africa-press.net\/cameroun\/sites\/57\/2022\/07\/img-62cd9f5ef20ed.jpg","keywords":["Africa Press","Africa Press-Cameroun","Cameroun"],"articleSection":["Communaut\u00e9","homepage-french","Toutes les actualit\u00e9s"],"inLanguage":"fr-FR","potentialAction":[{"@type":"CommentAction","name":"Comment","target":["https:\/\/www.africa-press.net\/cameroun\/toutes-les-actualites\/sante-plus-de-60-des-enfants-de-moins-de-5-ans-souffrent-dune-carence-en-fer#respond"]}]},{"@type":"WebPage","@id":"https:\/\/www.africa-press.net\/cameroun\/toutes-les-actualites\/sante-plus-de-60-des-enfants-de-moins-de-5-ans-souffrent-dune-carence-en-fer","url":"https:\/\/www.africa-press.net\/cameroun\/toutes-les-actualites\/sante-plus-de-60-des-enfants-de-moins-de-5-ans-souffrent-dune-carence-en-fer","name":"Sant\u00e9 : Plus de 60% des enfants de moins de 5 ans souffrent d\u2019une carence en fer - Cameroun","isPartOf":{"@id":"https:\/\/www.africa-press.net\/cameroun\/#website"},"primaryImageOfPage":{"@id":"https:\/\/www.africa-press.net\/cameroun\/toutes-les-actualites\/sante-plus-de-60-des-enfants-de-moins-de-5-ans-souffrent-dune-carence-en-fer#primaryimage"},"image":{"@id":"https:\/\/www.africa-press.net\/cameroun\/toutes-les-actualites\/sante-plus-de-60-des-enfants-de-moins-de-5-ans-souffrent-dune-carence-en-fer#primaryimage"},"thumbnailUrl":"https:\/\/static.africa-press.net\/cameroun\/sites\/57\/2022\/07\/img-62cd9f5ef20ed.jpg","datePublished":"2022-07-12T13:45:55+00:00","dateModified":"2022-07-12T16:21:07+00:00","author":{"@id":"https:\/\/www.africa-press.net\/cameroun\/#\/schema\/person\/2b1cf3cd81a31e3cd26889ca66d677f1"},"description":"Des journalistes et blogueurs savent d\u00e9sormais ce qui cause la carence en fer et comment l\u2019\u00e9viter. Ils ont \u00e9t\u00e9 outill\u00e9s ...","breadcrumb":{"@id":"https:\/\/www.africa-press.net\/cameroun\/toutes-les-actualites\/sante-plus-de-60-des-enfants-de-moins-de-5-ans-souffrent-dune-carence-en-fer#breadcrumb"},"inLanguage":"fr-FR","potentialAction":[{"@type":"ReadAction","target":["https:\/\/www.africa-press.net\/cameroun\/toutes-les-actualites\/sante-plus-de-60-des-enfants-de-moins-de-5-ans-souffrent-dune-carence-en-fer"]}]},{"@type":"ImageObject","inLanguage":"fr-FR","@id":"https:\/\/www.africa-press.net\/cameroun\/toutes-les-actualites\/sante-plus-de-60-des-enfants-de-moins-de-5-ans-souffrent-dune-carence-en-fer#primaryimage","url":"https:\/\/static.africa-press.net\/cameroun\/sites\/57\/2022\/07\/img-62cd9f5ef20ed.jpg","contentUrl":"https:\/\/static.africa-press.net\/cameroun\/sites\/57\/2022\/07\/img-62cd9f5ef20ed.jpg","width":800,"height":600,"caption":"Sant\u00e9 : Plus de 60% des enfants de moins de 5 ans souffrent d\u2019une carence en fer"},{"@type":"BreadcrumbList","@id":"https:\/\/www.africa-press.net\/cameroun\/toutes-les-actualites\/sante-plus-de-60-des-enfants-de-moins-de-5-ans-souffrent-dune-carence-en-fer#breadcrumb","itemListElement":[{"@type":"ListItem","position":1,"name":"Accueil","item":"https:\/\/www.africa-press.net\/cameroun\/"},{"@type":"ListItem","position":2,"name":"Sant\u00e9 : Plus de 60% des enfants de moins de 5 ans souffrent d\u2019une carence en fer"}]},{"@type":"WebSite","@id":"https:\/\/www.africa-press.net\/cameroun\/#website","url":"https:\/\/www.africa-press.net\/cameroun\/","name":"Cameroun","description":"Just another Africa News Agency Sites site","potentialAction":[{"@type":"SearchAction","target":{"@type":"EntryPoint","urlTemplate":"https:\/\/www.africa-press.net\/cameroun\/?s={search_term_string}"},"query-input":{"@type":"PropertyValueSpecification","valueRequired":true,"valueName":"search_term_string"}}],"inLanguage":"fr-FR"},{"@type":"Person","@id":"https:\/\/www.africa-press.net\/cameroun\/#\/schema\/person\/2b1cf3cd81a31e3cd26889ca66d677f1","name":"cfeditorfr"}]}},"_links":{"self":[{"href":"https:\/\/www.africa-press.net\/cameroun\/wp-json\/wp\/v2\/posts\/23344","targetHints":{"allow":["GET"]}}],"collection":[{"href":"https:\/\/www.africa-press.net\/cameroun\/wp-json\/wp\/v2\/posts"}],"about":[{"href":"https:\/\/www.africa-press.net\/cameroun\/wp-json\/wp\/v2\/types\/post"}],"author":[{"embeddable":true,"href":"https:\/\/www.africa-press.net\/cameroun\/wp-json\/wp\/v2\/users\/82"}],"replies":[{"embeddable":true,"href":"https:\/\/www.africa-press.net\/cameroun\/wp-json\/wp\/v2\/comments?post=23344"}],"version-history":[{"count":0,"href":"https:\/\/www.africa-press.net\/cameroun\/wp-json\/wp\/v2\/posts\/23344\/revisions"}],"wp:featuredmedia":[{"embeddable":true,"href":"https:\/\/www.africa-press.net\/cameroun\/wp-json\/wp\/v2\/media\/23343"}],"wp:attachment":[{"href":"https:\/\/www.africa-press.net\/cameroun\/wp-json\/wp\/v2\/media?parent=23344"}],"wp:term":[{"taxonomy":"category","embeddable":true,"href":"https:\/\/www.africa-press.net\/cameroun\/wp-json\/wp\/v2\/categories?post=23344"},{"taxonomy":"post_tag","embeddable":true,"href":"https:\/\/www.africa-press.net\/cameroun\/wp-json\/wp\/v2\/tags?post=23344"}],"curies":[{"name":"wp","href":"https:\/\/api.w.org\/{rel}","templated":true}]}}