{"id":23353,"date":"2022-07-12T14:09:38","date_gmt":"2022-07-12T14:09:38","guid":{"rendered":"https:\/\/www.africa-press.net\/cameroun\/politique\/grogne-greve-des-conducteurs-de-taxis-a-bafoussam-ouest-en-protestation-aux-tracasseries-policieres"},"modified":"2022-07-12T16:22:52","modified_gmt":"2022-07-12T16:22:52","slug":"grogne-greve-des-conducteurs-de-taxis-a-bafoussam-ouest-en-protestation-aux-tracasseries-policieres","status":"publish","type":"post","link":"https:\/\/www.africa-press.net\/cameroun\/toutes-les-actualites\/grogne-greve-des-conducteurs-de-taxis-a-bafoussam-ouest-en-protestation-aux-tracasseries-policieres","title":{"rendered":"Grogne\u00a0: Gr\u00e8ve des conducteurs de taxis \u00e0 Bafoussam (Ouest) en protestation aux tracasseries polici\u00e8res"},"content":{"rendered":"<p><span style=\"color: #ff6600\"><strong>Africa-Press &#8211; Cameroun. <\/strong><\/span>Le quotidien Le Jour de ce mardi 12 juillet 2022 annonce \u00e0 sa Une principale qu\u2019une gr\u00e8ve des conducteurs de taxi paralyse la ville de Bafoussam depuis le lundi 11 juillet 2022. Les taximen ont d\u00e9cid\u00e9 de lancer une \u00ab op\u00e9ration taxi mort \u00bb dans la ville, pour protester contre de r\u00e9centes mesures prises par la d\u00e9l\u00e9gation d\u00e9partementale des Transports de la Mifi.<\/p>\n<p>Un conducteur de taxi s\u2019est confi\u00e9 sous anonymat au journal de Haman Mana en ces termes : \u00ab nous avons d\u00e9cid\u00e9 de garer. Nous sommes des conducteurs de taxi. Nous avons tous les papiers qui nous permettent d\u2019exercer. Nous avons une licence de transport. Une carte bleue qui nous permet d\u2019aller jusqu\u2019\u00e0 40 km. Depuis la cr\u00e9ation de la gare routi\u00e8re de Bamougoum, les autorit\u00e9s de la ville nous emp\u00eachent de traverser le Carrefour Bamougoum. Je ne veux pas parler de Mbouda ou Balessing \u00bb, couine-t-il.<\/p>\n<p>En effet, l\u2019une des r\u00e9centes mesures prises par la d\u00e9l\u00e9gation d\u00e9partementale de la Mifi est la d\u00e9localisation de la gare routi\u00e8re du March\u00e9 B, \u00e0 partir de laquelle des v\u00e9hicules clandestins desservaient plusieurs villages dans les d\u00e9partements des Bamboutos et de la Menoua, vers le nouveau site \u00e0 Bamougoum pr\u00e8s du \u00ab Carrefour Dschang \u00bb, sur environ 4km. D\u00e8s lors, cette nouvelle mesure implique une circonscription de l\u2019activit\u00e9 des taximen, qui se voient subtiliser ainsi des parts de march\u00e9 dans un d\u00e9partement o\u00f9 les conducteurs de motos font \u00e9galement la loi.<\/p>\n<p>Les taximen d\u00e9noncent \u00e9galement les tracasseries dont ils sont victimes de la part des policiers et des agents communaux. Martin Kamta, confie que : \u00ab dans la ville, c\u2019est le contr\u00f4le partout. Non seulement, nous n\u2019avons pas la possibilit\u00e9 de bien stationner avec les conducteurs de motos qui occupent les entr\u00e9es des march\u00e9s mais aussi, nous ne pouvons plus porter quatre passagers. Pourtant, en ville, nous prenons les passagers \u00e0 100F. Le contr\u00f4le nous interpelle et exige le paiement de 1.000F sans parler des agents de la communaut\u00e9 urbaine avec qui exigent 25.000F en cas de nouveau stationnement avec les commer\u00e7ants qui ne les inqui\u00e8tent pas. Lorsque nos papiers vont expirer, avec quoi allons-nous les renouveler ? \u00bb, peste-t-il.<\/p>\n<p>Cette grogne des taximen intervient dans un contexte marqu\u00e9 par la p\u00e9nurie de carburant dans plusieurs villes camerounaises, alors que les rumeurs sur une hausse du prix du carburant \u00e0 la pompe persistent. Ce qui pourrait induire une hausse des tarifs de transport si \u00e7a se confirme.<\/p>\n<p><strong>Pour plus d&rsquo;informations et d&rsquo;analyses sur la <a href=\"https:\/\/www.africa-press.net\/cameroun\">Cameroun<\/a>, suivez <a href=\"https:\/\/www.africa-press.net\/\">Africa-Press<\/a><\/strong><\/p>\n","protected":false},"excerpt":{"rendered":"<p>Africa-Press &#8211; Cameroun. Le quotidien Le Jour de ce mardi 12 juillet 2022 annonce \u00e0 sa Une principale qu\u2019une gr\u00e8ve des conducteurs de taxi paralyse la ville de Bafoussam depuis le lundi 11 juillet 2022. Les taximen ont d\u00e9cid\u00e9 de lancer une \u00ab op\u00e9ration taxi mort \u00bb dans la ville, pour protester contre de r\u00e9centes [&hellip;]<\/p>\n","protected":false},"author":82,"featured_media":23352,"comment_status":"open","ping_status":"closed","sticky":false,"template":"","format":"standard","meta":{"footnotes":""},"categories":[21,11,10],"tags":[36,50,49],"class_list":["post-23353","post","type-post","status-publish","format-standard","has-post-thumbnail","hentry","category-communaute","category-homepage-french","category-toutes-les-actualites","tag-africa-press","tag-africa-press-cameroun","tag-cameroun"],"yoast_head":"<!-- This site is optimized with the Yoast SEO Premium plugin v26.1 (Yoast SEO v27.0) - https:\/\/yoast.com\/product\/yoast-seo-premium-wordpress\/ -->\n<title>Grogne\u00a0: Gr\u00e8ve des conducteurs de taxis \u00e0 Bafoussam (Ouest) en protestation aux tracasseries polici\u00e8res - Cameroun<\/title>\n<meta name=\"description\" content=\"Le quotidien Le Jour de ce mardi 12 juillet 2022 annonce \u00e0 sa Une principale qu\u2019une gr\u00e8ve des conducteurs de taxi paraly ...\" \/>\n<meta name=\"robots\" content=\"index, follow, max-snippet:-1, max-image-preview:large, max-video-preview:-1\" \/>\n<link rel=\"canonical\" href=\"https:\/\/www.africa-press.net\/cameroun\/toutes-les-actualites\/grogne-greve-des-conducteurs-de-taxis-a-bafoussam-ouest-en-protestation-aux-tracasseries-policieres\" \/>\n<meta property=\"og:locale\" content=\"fr_FR\" \/>\n<meta property=\"og:type\" content=\"article\" \/>\n<meta property=\"og:title\" content=\"Grogne\u00a0: Gr\u00e8ve des conducteurs de taxis \u00e0 Bafoussam (Ouest) en protestation aux tracasseries polici\u00e8res\" \/>\n<meta property=\"og:description\" content=\"Le quotidien Le Jour de ce mardi 12 juillet 2022 annonce \u00e0 sa Une principale qu\u2019une gr\u00e8ve des conducteurs de taxi paraly ...\" \/>\n<meta property=\"og:url\" content=\"https:\/\/www.africa-press.net\/cameroun\/toutes-les-actualites\/grogne-greve-des-conducteurs-de-taxis-a-bafoussam-ouest-en-protestation-aux-tracasseries-policieres\" \/>\n<meta property=\"og:site_name\" content=\"Cameroun\" \/>\n<meta property=\"article:published_time\" content=\"2022-07-12T14:09:38+00:00\" \/>\n<meta property=\"article:modified_time\" content=\"2022-07-12T16:22:52+00:00\" \/>\n<meta property=\"og:image\" content=\"https:\/\/static.africa-press.net\/cameroun\/sites\/57\/2022\/07\/img-62cd9fc49569a.jpg\" \/>\n\t<meta property=\"og:image:width\" content=\"800\" \/>\n\t<meta property=\"og:image:height\" content=\"331\" \/>\n\t<meta property=\"og:image:type\" content=\"image\/jpeg\" \/>\n<meta name=\"author\" content=\"cfeditorfr\" \/>\n<meta name=\"twitter:card\" content=\"summary_large_image\" \/>\n<meta name=\"twitter:label1\" content=\"\u00c9crit par\" \/>\n\t<meta name=\"twitter:data1\" content=\"cfeditorfr\" \/>\n\t<meta name=\"twitter:label2\" content=\"Dur\u00e9e de lecture estim\u00e9e\" \/>\n\t<meta name=\"twitter:data2\" content=\"2 minutes\" \/>\n<script type=\"application\/ld+json\" class=\"yoast-schema-graph\">{\"@context\":\"https:\/\/schema.org\",\"@graph\":[{\"@type\":\"Article\",\"@id\":\"https:\/\/www.africa-press.net\/cameroun\/toutes-les-actualites\/grogne-greve-des-conducteurs-de-taxis-a-bafoussam-ouest-en-protestation-aux-tracasseries-policieres#article\",\"isPartOf\":{\"@id\":\"https:\/\/www.africa-press.net\/cameroun\/toutes-les-actualites\/grogne-greve-des-conducteurs-de-taxis-a-bafoussam-ouest-en-protestation-aux-tracasseries-policieres\"},\"author\":{\"name\":\"cfeditorfr\",\"@id\":\"https:\/\/www.africa-press.net\/cameroun\/#\/schema\/person\/2b1cf3cd81a31e3cd26889ca66d677f1\"},\"headline\":\"Grogne\u00a0: Gr\u00e8ve des conducteurs de taxis \u00e0 Bafoussam (Ouest) en protestation aux tracasseries polici\u00e8res\",\"datePublished\":\"2022-07-12T14:09:38+00:00\",\"dateModified\":\"2022-07-12T16:22:52+00:00\",\"mainEntityOfPage\":{\"@id\":\"https:\/\/www.africa-press.net\/cameroun\/toutes-les-actualites\/grogne-greve-des-conducteurs-de-taxis-a-bafoussam-ouest-en-protestation-aux-tracasseries-policieres\"},\"wordCount\":454,\"commentCount\":0,\"image\":{\"@id\":\"https:\/\/www.africa-press.net\/cameroun\/toutes-les-actualites\/grogne-greve-des-conducteurs-de-taxis-a-bafoussam-ouest-en-protestation-aux-tracasseries-policieres#primaryimage\"},\"thumbnailUrl\":\"https:\/\/static.africa-press.net\/cameroun\/sites\/57\/2022\/07\/img-62cd9fc49569a.jpg\",\"keywords\":[\"Africa Press\",\"Africa Press-Cameroun\",\"Cameroun\"],\"articleSection\":[\"Communaut\u00e9\",\"homepage-french\",\"Toutes les actualit\u00e9s\"],\"inLanguage\":\"fr-FR\",\"potentialAction\":[{\"@type\":\"CommentAction\",\"name\":\"Comment\",\"target\":[\"https:\/\/www.africa-press.net\/cameroun\/toutes-les-actualites\/grogne-greve-des-conducteurs-de-taxis-a-bafoussam-ouest-en-protestation-aux-tracasseries-policieres#respond\"]}]},{\"@type\":\"WebPage\",\"@id\":\"https:\/\/www.africa-press.net\/cameroun\/toutes-les-actualites\/grogne-greve-des-conducteurs-de-taxis-a-bafoussam-ouest-en-protestation-aux-tracasseries-policieres\",\"url\":\"https:\/\/www.africa-press.net\/cameroun\/toutes-les-actualites\/grogne-greve-des-conducteurs-de-taxis-a-bafoussam-ouest-en-protestation-aux-tracasseries-policieres\",\"name\":\"Grogne\u00a0: Gr\u00e8ve des conducteurs de taxis \u00e0 Bafoussam (Ouest) en protestation aux tracasseries polici\u00e8res - Cameroun\",\"isPartOf\":{\"@id\":\"https:\/\/www.africa-press.net\/cameroun\/#website\"},\"primaryImageOfPage\":{\"@id\":\"https:\/\/www.africa-press.net\/cameroun\/toutes-les-actualites\/grogne-greve-des-conducteurs-de-taxis-a-bafoussam-ouest-en-protestation-aux-tracasseries-policieres#primaryimage\"},\"image\":{\"@id\":\"https:\/\/www.africa-press.net\/cameroun\/toutes-les-actualites\/grogne-greve-des-conducteurs-de-taxis-a-bafoussam-ouest-en-protestation-aux-tracasseries-policieres#primaryimage\"},\"thumbnailUrl\":\"https:\/\/static.africa-press.net\/cameroun\/sites\/57\/2022\/07\/img-62cd9fc49569a.jpg\",\"datePublished\":\"2022-07-12T14:09:38+00:00\",\"dateModified\":\"2022-07-12T16:22:52+00:00\",\"author\":{\"@id\":\"https:\/\/www.africa-press.net\/cameroun\/#\/schema\/person\/2b1cf3cd81a31e3cd26889ca66d677f1\"},\"description\":\"Le quotidien Le Jour de ce mardi 12 juillet 2022 annonce \u00e0 sa Une principale qu\u2019une gr\u00e8ve des conducteurs de taxi paraly ...\",\"breadcrumb\":{\"@id\":\"https:\/\/www.africa-press.net\/cameroun\/toutes-les-actualites\/grogne-greve-des-conducteurs-de-taxis-a-bafoussam-ouest-en-protestation-aux-tracasseries-policieres#breadcrumb\"},\"inLanguage\":\"fr-FR\",\"potentialAction\":[{\"@type\":\"ReadAction\",\"target\":[\"https:\/\/www.africa-press.net\/cameroun\/toutes-les-actualites\/grogne-greve-des-conducteurs-de-taxis-a-bafoussam-ouest-en-protestation-aux-tracasseries-policieres\"]}]},{\"@type\":\"ImageObject\",\"inLanguage\":\"fr-FR\",\"@id\":\"https:\/\/www.africa-press.net\/cameroun\/toutes-les-actualites\/grogne-greve-des-conducteurs-de-taxis-a-bafoussam-ouest-en-protestation-aux-tracasseries-policieres#primaryimage\",\"url\":\"https:\/\/static.africa-press.net\/cameroun\/sites\/57\/2022\/07\/img-62cd9fc49569a.jpg\",\"contentUrl\":\"https:\/\/static.africa-press.net\/cameroun\/sites\/57\/2022\/07\/img-62cd9fc49569a.jpg\",\"width\":800,\"height\":331,\"caption\":\"Grogne\u00a0: Gr\u00e8ve des conducteurs de taxis \u00e0 Bafoussam (Ouest) en protestation aux tracasseries polici\u00e8res\"},{\"@type\":\"BreadcrumbList\",\"@id\":\"https:\/\/www.africa-press.net\/cameroun\/toutes-les-actualites\/grogne-greve-des-conducteurs-de-taxis-a-bafoussam-ouest-en-protestation-aux-tracasseries-policieres#breadcrumb\",\"itemListElement\":[{\"@type\":\"ListItem\",\"position\":1,\"name\":\"Accueil\",\"item\":\"https:\/\/www.africa-press.net\/cameroun\/\"},{\"@type\":\"ListItem\",\"position\":2,\"name\":\"Grogne\u00a0: Gr\u00e8ve des conducteurs de taxis \u00e0 Bafoussam (Ouest) en protestation aux tracasseries polici\u00e8res\"}]},{\"@type\":\"WebSite\",\"@id\":\"https:\/\/www.africa-press.net\/cameroun\/#website\",\"url\":\"https:\/\/www.africa-press.net\/cameroun\/\",\"name\":\"Cameroun\",\"description\":\"Just another Africa News Agency Sites site\",\"potentialAction\":[{\"@type\":\"SearchAction\",\"target\":{\"@type\":\"EntryPoint\",\"urlTemplate\":\"https:\/\/www.africa-press.net\/cameroun\/?s={search_term_string}\"},\"query-input\":{\"@type\":\"PropertyValueSpecification\",\"valueRequired\":true,\"valueName\":\"search_term_string\"}}],\"inLanguage\":\"fr-FR\"},{\"@type\":\"Person\",\"@id\":\"https:\/\/www.africa-press.net\/cameroun\/#\/schema\/person\/2b1cf3cd81a31e3cd26889ca66d677f1\",\"name\":\"cfeditorfr\"}]}<\/script>\n<!-- \/ Yoast SEO Premium plugin. -->","yoast_head_json":{"title":"Grogne\u00a0: Gr\u00e8ve des conducteurs de taxis \u00e0 Bafoussam (Ouest) en protestation aux tracasseries polici\u00e8res - Cameroun","description":"Le quotidien Le Jour de ce mardi 12 juillet 2022 annonce \u00e0 sa Une principale qu\u2019une gr\u00e8ve des conducteurs de taxi paraly ...","robots":{"index":"index","follow":"follow","max-snippet":"max-snippet:-1","max-image-preview":"max-image-preview:large","max-video-preview":"max-video-preview:-1"},"canonical":"https:\/\/www.africa-press.net\/cameroun\/toutes-les-actualites\/grogne-greve-des-conducteurs-de-taxis-a-bafoussam-ouest-en-protestation-aux-tracasseries-policieres","og_locale":"fr_FR","og_type":"article","og_title":"Grogne\u00a0: Gr\u00e8ve des conducteurs de taxis \u00e0 Bafoussam (Ouest) en protestation aux tracasseries polici\u00e8res","og_description":"Le quotidien Le Jour de ce mardi 12 juillet 2022 annonce \u00e0 sa Une principale qu\u2019une gr\u00e8ve des conducteurs de taxi paraly ...","og_url":"https:\/\/www.africa-press.net\/cameroun\/toutes-les-actualites\/grogne-greve-des-conducteurs-de-taxis-a-bafoussam-ouest-en-protestation-aux-tracasseries-policieres","og_site_name":"Cameroun","article_published_time":"2022-07-12T14:09:38+00:00","article_modified_time":"2022-07-12T16:22:52+00:00","og_image":[{"width":800,"height":331,"url":"https:\/\/static.africa-press.net\/cameroun\/sites\/57\/2022\/07\/img-62cd9fc49569a.jpg","type":"image\/jpeg"}],"author":"cfeditorfr","twitter_card":"summary_large_image","twitter_misc":{"\u00c9crit par":"cfeditorfr","Dur\u00e9e de lecture estim\u00e9e":"2 minutes"},"schema":{"@context":"https:\/\/schema.org","@graph":[{"@type":"Article","@id":"https:\/\/www.africa-press.net\/cameroun\/toutes-les-actualites\/grogne-greve-des-conducteurs-de-taxis-a-bafoussam-ouest-en-protestation-aux-tracasseries-policieres#article","isPartOf":{"@id":"https:\/\/www.africa-press.net\/cameroun\/toutes-les-actualites\/grogne-greve-des-conducteurs-de-taxis-a-bafoussam-ouest-en-protestation-aux-tracasseries-policieres"},"author":{"name":"cfeditorfr","@id":"https:\/\/www.africa-press.net\/cameroun\/#\/schema\/person\/2b1cf3cd81a31e3cd26889ca66d677f1"},"headline":"Grogne\u00a0: Gr\u00e8ve des conducteurs de taxis \u00e0 Bafoussam (Ouest) en protestation aux tracasseries polici\u00e8res","datePublished":"2022-07-12T14:09:38+00:00","dateModified":"2022-07-12T16:22:52+00:00","mainEntityOfPage":{"@id":"https:\/\/www.africa-press.net\/cameroun\/toutes-les-actualites\/grogne-greve-des-conducteurs-de-taxis-a-bafoussam-ouest-en-protestation-aux-tracasseries-policieres"},"wordCount":454,"commentCount":0,"image":{"@id":"https:\/\/www.africa-press.net\/cameroun\/toutes-les-actualites\/grogne-greve-des-conducteurs-de-taxis-a-bafoussam-ouest-en-protestation-aux-tracasseries-policieres#primaryimage"},"thumbnailUrl":"https:\/\/static.africa-press.net\/cameroun\/sites\/57\/2022\/07\/img-62cd9fc49569a.jpg","keywords":["Africa Press","Africa Press-Cameroun","Cameroun"],"articleSection":["Communaut\u00e9","homepage-french","Toutes les actualit\u00e9s"],"inLanguage":"fr-FR","potentialAction":[{"@type":"CommentAction","name":"Comment","target":["https:\/\/www.africa-press.net\/cameroun\/toutes-les-actualites\/grogne-greve-des-conducteurs-de-taxis-a-bafoussam-ouest-en-protestation-aux-tracasseries-policieres#respond"]}]},{"@type":"WebPage","@id":"https:\/\/www.africa-press.net\/cameroun\/toutes-les-actualites\/grogne-greve-des-conducteurs-de-taxis-a-bafoussam-ouest-en-protestation-aux-tracasseries-policieres","url":"https:\/\/www.africa-press.net\/cameroun\/toutes-les-actualites\/grogne-greve-des-conducteurs-de-taxis-a-bafoussam-ouest-en-protestation-aux-tracasseries-policieres","name":"Grogne\u00a0: Gr\u00e8ve des conducteurs de taxis \u00e0 Bafoussam (Ouest) en protestation aux tracasseries polici\u00e8res - Cameroun","isPartOf":{"@id":"https:\/\/www.africa-press.net\/cameroun\/#website"},"primaryImageOfPage":{"@id":"https:\/\/www.africa-press.net\/cameroun\/toutes-les-actualites\/grogne-greve-des-conducteurs-de-taxis-a-bafoussam-ouest-en-protestation-aux-tracasseries-policieres#primaryimage"},"image":{"@id":"https:\/\/www.africa-press.net\/cameroun\/toutes-les-actualites\/grogne-greve-des-conducteurs-de-taxis-a-bafoussam-ouest-en-protestation-aux-tracasseries-policieres#primaryimage"},"thumbnailUrl":"https:\/\/static.africa-press.net\/cameroun\/sites\/57\/2022\/07\/img-62cd9fc49569a.jpg","datePublished":"2022-07-12T14:09:38+00:00","dateModified":"2022-07-12T16:22:52+00:00","author":{"@id":"https:\/\/www.africa-press.net\/cameroun\/#\/schema\/person\/2b1cf3cd81a31e3cd26889ca66d677f1"},"description":"Le quotidien Le Jour de ce mardi 12 juillet 2022 annonce \u00e0 sa Une principale qu\u2019une gr\u00e8ve des conducteurs de taxi paraly ...","breadcrumb":{"@id":"https:\/\/www.africa-press.net\/cameroun\/toutes-les-actualites\/grogne-greve-des-conducteurs-de-taxis-a-bafoussam-ouest-en-protestation-aux-tracasseries-policieres#breadcrumb"},"inLanguage":"fr-FR","potentialAction":[{"@type":"ReadAction","target":["https:\/\/www.africa-press.net\/cameroun\/toutes-les-actualites\/grogne-greve-des-conducteurs-de-taxis-a-bafoussam-ouest-en-protestation-aux-tracasseries-policieres"]}]},{"@type":"ImageObject","inLanguage":"fr-FR","@id":"https:\/\/www.africa-press.net\/cameroun\/toutes-les-actualites\/grogne-greve-des-conducteurs-de-taxis-a-bafoussam-ouest-en-protestation-aux-tracasseries-policieres#primaryimage","url":"https:\/\/static.africa-press.net\/cameroun\/sites\/57\/2022\/07\/img-62cd9fc49569a.jpg","contentUrl":"https:\/\/static.africa-press.net\/cameroun\/sites\/57\/2022\/07\/img-62cd9fc49569a.jpg","width":800,"height":331,"caption":"Grogne\u00a0: Gr\u00e8ve des conducteurs de taxis \u00e0 Bafoussam (Ouest) en protestation aux tracasseries polici\u00e8res"},{"@type":"BreadcrumbList","@id":"https:\/\/www.africa-press.net\/cameroun\/toutes-les-actualites\/grogne-greve-des-conducteurs-de-taxis-a-bafoussam-ouest-en-protestation-aux-tracasseries-policieres#breadcrumb","itemListElement":[{"@type":"ListItem","position":1,"name":"Accueil","item":"https:\/\/www.africa-press.net\/cameroun\/"},{"@type":"ListItem","position":2,"name":"Grogne\u00a0: Gr\u00e8ve des conducteurs de taxis \u00e0 Bafoussam (Ouest) en protestation aux tracasseries polici\u00e8res"}]},{"@type":"WebSite","@id":"https:\/\/www.africa-press.net\/cameroun\/#website","url":"https:\/\/www.africa-press.net\/cameroun\/","name":"Cameroun","description":"Just another Africa News Agency Sites site","potentialAction":[{"@type":"SearchAction","target":{"@type":"EntryPoint","urlTemplate":"https:\/\/www.africa-press.net\/cameroun\/?s={search_term_string}"},"query-input":{"@type":"PropertyValueSpecification","valueRequired":true,"valueName":"search_term_string"}}],"inLanguage":"fr-FR"},{"@type":"Person","@id":"https:\/\/www.africa-press.net\/cameroun\/#\/schema\/person\/2b1cf3cd81a31e3cd26889ca66d677f1","name":"cfeditorfr"}]}},"_links":{"self":[{"href":"https:\/\/www.africa-press.net\/cameroun\/wp-json\/wp\/v2\/posts\/23353","targetHints":{"allow":["GET"]}}],"collection":[{"href":"https:\/\/www.africa-press.net\/cameroun\/wp-json\/wp\/v2\/posts"}],"about":[{"href":"https:\/\/www.africa-press.net\/cameroun\/wp-json\/wp\/v2\/types\/post"}],"author":[{"embeddable":true,"href":"https:\/\/www.africa-press.net\/cameroun\/wp-json\/wp\/v2\/users\/82"}],"replies":[{"embeddable":true,"href":"https:\/\/www.africa-press.net\/cameroun\/wp-json\/wp\/v2\/comments?post=23353"}],"version-history":[{"count":0,"href":"https:\/\/www.africa-press.net\/cameroun\/wp-json\/wp\/v2\/posts\/23353\/revisions"}],"wp:featuredmedia":[{"embeddable":true,"href":"https:\/\/www.africa-press.net\/cameroun\/wp-json\/wp\/v2\/media\/23352"}],"wp:attachment":[{"href":"https:\/\/www.africa-press.net\/cameroun\/wp-json\/wp\/v2\/media?parent=23353"}],"wp:term":[{"taxonomy":"category","embeddable":true,"href":"https:\/\/www.africa-press.net\/cameroun\/wp-json\/wp\/v2\/categories?post=23353"},{"taxonomy":"post_tag","embeddable":true,"href":"https:\/\/www.africa-press.net\/cameroun\/wp-json\/wp\/v2\/tags?post=23353"}],"curies":[{"name":"wp","href":"https:\/\/api.w.org\/{rel}","templated":true}]}}