{"id":23359,"date":"2022-07-12T14:21:20","date_gmt":"2022-07-12T14:21:20","guid":{"rendered":"https:\/\/www.africa-press.net\/cameroun\/politique\/cameroun-la-guerre-des-clans-sinvite-a-linauguration-dun-centre-commercial"},"modified":"2022-07-12T16:24:35","modified_gmt":"2022-07-12T16:24:35","slug":"cameroun-la-guerre-des-clans-sinvite-a-linauguration-dun-centre-commercial","status":"publish","type":"post","link":"https:\/\/www.africa-press.net\/cameroun\/politique\/cameroun-la-guerre-des-clans-sinvite-a-linauguration-dun-centre-commercial","title":{"rendered":"Cameroun : la guerre des clans s\u2019invite \u00e0 l\u2019inauguration d\u2019un centre commercial"},"content":{"rendered":"<p><span style=\"color: #ff6600\"><strong>Africa-Press &#8211; Cameroun. <\/strong><\/span>Un centre commercial con\u00e7u et op\u00e9r\u00e9 par CFAO Consumer Retail a \u00e9t\u00e9 inaugur\u00e9 le 5 juillet par le secr\u00e9taire g\u00e9n\u00e9ral de la pr\u00e9sidence (SGPR), Ferdinand Ngoh Ngoh, repr\u00e9sentant Paul Biya. L\u2019autorit\u00e9 du tout-puissant proche collaborateur du chef de l\u2019\u00c9tat est toujours contest\u00e9e par quelques cadors du gouvernement, qui le soup\u00e7onnent d\u2019usurper le pouvoir au travers de d\u00e9l\u00e9gations de signatures accord\u00e9es par le pr\u00e9sident. Aussi, ceux-ci et leurs alli\u00e9s boudent g\u00e9n\u00e9ralement les \u00e9v\u00e9nements auxquels il prend part.<\/p>\n<p>De plus, ces c\u00e9r\u00e9monies imposent un ordre protocolaire obligeant \u00e0 patienter avant l\u2019arriv\u00e9e du SGPR, qui a rang de ministre d\u2019\u00c9tat. Ce qui insupporte ses rivaux. Certes, l\u2019ensemble du corps diplomatique et les grands patrons install\u00e9s dans le pays \u00e9taient pr\u00e9sents. Mais Ferdinand Ngoh Ngoh a pu constater que, parmi la soixantaine de membres du gouvernement invit\u00e9s, vingt-deux seulement se sont pr\u00e9sent\u00e9s.<\/p>\n<p><b>Grands absents<\/b><\/p>\n<p><strong>Pour plus d&rsquo;informations et d&rsquo;analyses sur la <a href=\"https:\/\/www.africa-press.net\/cameroun\">Cameroun<\/a>, suivez <a href=\"https:\/\/www.africa-press.net\/\">Africa-Press<\/a><\/strong><\/p>\n","protected":false},"excerpt":{"rendered":"<p>Africa-Press &#8211; Cameroun. Un centre commercial con\u00e7u et op\u00e9r\u00e9 par CFAO Consumer Retail a \u00e9t\u00e9 inaugur\u00e9 le 5 juillet par le secr\u00e9taire g\u00e9n\u00e9ral de la pr\u00e9sidence (SGPR), Ferdinand Ngoh Ngoh, repr\u00e9sentant Paul Biya. L\u2019autorit\u00e9 du tout-puissant proche collaborateur du chef de l\u2019\u00c9tat est toujours contest\u00e9e par quelques cadors du gouvernement, qui le soup\u00e7onnent d\u2019usurper le [&hellip;]<\/p>\n","protected":false},"author":82,"featured_media":23358,"comment_status":"open","ping_status":"closed","sticky":false,"template":"","format":"standard","meta":{"footnotes":""},"categories":[11,2,10],"tags":[36,50,49],"class_list":["post-23359","post","type-post","status-publish","format-standard","has-post-thumbnail","hentry","category-homepage-french","category-politique","category-toutes-les-actualites","tag-africa-press","tag-africa-press-cameroun","tag-cameroun"],"yoast_head":"<!-- This site is optimized with the Yoast SEO Premium plugin v26.1 (Yoast SEO v27.0) - https:\/\/yoast.com\/product\/yoast-seo-premium-wordpress\/ -->\n<title>Cameroun : la guerre des clans s\u2019invite \u00e0 l\u2019inauguration d\u2019un centre commercial - Cameroun<\/title>\n<meta name=\"description\" content=\"Un centre commercial con\u00e7u et op\u00e9r\u00e9 par CFAO Consumer Retail a \u00e9t\u00e9 inaugur\u00e9 le 5 juillet par le secr\u00e9taire g\u00e9n\u00e9ral de la ...\" \/>\n<meta name=\"robots\" content=\"index, follow, max-snippet:-1, max-image-preview:large, max-video-preview:-1\" \/>\n<link rel=\"canonical\" href=\"https:\/\/www.africa-press.net\/cameroun\/politique\/cameroun-la-guerre-des-clans-sinvite-a-linauguration-dun-centre-commercial\" \/>\n<meta property=\"og:locale\" content=\"fr_FR\" \/>\n<meta property=\"og:type\" content=\"article\" \/>\n<meta property=\"og:title\" content=\"Cameroun : la guerre des clans s\u2019invite \u00e0 l\u2019inauguration d\u2019un centre commercial\" \/>\n<meta property=\"og:description\" content=\"Un centre commercial con\u00e7u et op\u00e9r\u00e9 par CFAO Consumer Retail a \u00e9t\u00e9 inaugur\u00e9 le 5 juillet par le secr\u00e9taire g\u00e9n\u00e9ral de la ...\" \/>\n<meta property=\"og:url\" content=\"https:\/\/www.africa-press.net\/cameroun\/politique\/cameroun-la-guerre-des-clans-sinvite-a-linauguration-dun-centre-commercial\" \/>\n<meta property=\"og:site_name\" content=\"Cameroun\" \/>\n<meta property=\"article:published_time\" content=\"2022-07-12T14:21:20+00:00\" \/>\n<meta property=\"article:modified_time\" content=\"2022-07-12T16:24:35+00:00\" \/>\n<meta property=\"og:image\" content=\"https:\/\/static.africa-press.net\/cameroun\/sites\/57\/2022\/07\/img-62cda02922937.jpg\" \/>\n\t<meta property=\"og:image:width\" content=\"1256\" \/>\n\t<meta property=\"og:image:height\" content=\"628\" \/>\n\t<meta property=\"og:image:type\" content=\"image\/jpeg\" \/>\n<meta name=\"author\" content=\"cfeditorfr\" \/>\n<meta name=\"twitter:card\" content=\"summary_large_image\" \/>\n<meta name=\"twitter:label1\" content=\"\u00c9crit par\" \/>\n\t<meta name=\"twitter:data1\" content=\"cfeditorfr\" \/>\n\t<meta name=\"twitter:label2\" content=\"Dur\u00e9e de lecture estim\u00e9e\" \/>\n\t<meta name=\"twitter:data2\" content=\"1 minute\" \/>\n<script type=\"application\/ld+json\" class=\"yoast-schema-graph\">{\"@context\":\"https:\/\/schema.org\",\"@graph\":[{\"@type\":\"Article\",\"@id\":\"https:\/\/www.africa-press.net\/cameroun\/politique\/cameroun-la-guerre-des-clans-sinvite-a-linauguration-dun-centre-commercial#article\",\"isPartOf\":{\"@id\":\"https:\/\/www.africa-press.net\/cameroun\/politique\/cameroun-la-guerre-des-clans-sinvite-a-linauguration-dun-centre-commercial\"},\"author\":{\"name\":\"cfeditorfr\",\"@id\":\"https:\/\/www.africa-press.net\/cameroun\/#\/schema\/person\/2b1cf3cd81a31e3cd26889ca66d677f1\"},\"headline\":\"Cameroun : la guerre des clans s\u2019invite \u00e0 l\u2019inauguration d\u2019un centre commercial\",\"datePublished\":\"2022-07-12T14:21:20+00:00\",\"dateModified\":\"2022-07-12T16:24:35+00:00\",\"mainEntityOfPage\":{\"@id\":\"https:\/\/www.africa-press.net\/cameroun\/politique\/cameroun-la-guerre-des-clans-sinvite-a-linauguration-dun-centre-commercial\"},\"wordCount\":197,\"commentCount\":0,\"image\":{\"@id\":\"https:\/\/www.africa-press.net\/cameroun\/politique\/cameroun-la-guerre-des-clans-sinvite-a-linauguration-dun-centre-commercial#primaryimage\"},\"thumbnailUrl\":\"https:\/\/static.africa-press.net\/cameroun\/sites\/57\/2022\/07\/img-62cda02922937.jpg\",\"keywords\":[\"Africa Press\",\"Africa Press-Cameroun\",\"Cameroun\"],\"articleSection\":[\"homepage-french\",\"Politique\",\"Toutes les actualit\u00e9s\"],\"inLanguage\":\"fr-FR\",\"potentialAction\":[{\"@type\":\"CommentAction\",\"name\":\"Comment\",\"target\":[\"https:\/\/www.africa-press.net\/cameroun\/politique\/cameroun-la-guerre-des-clans-sinvite-a-linauguration-dun-centre-commercial#respond\"]}]},{\"@type\":\"WebPage\",\"@id\":\"https:\/\/www.africa-press.net\/cameroun\/politique\/cameroun-la-guerre-des-clans-sinvite-a-linauguration-dun-centre-commercial\",\"url\":\"https:\/\/www.africa-press.net\/cameroun\/politique\/cameroun-la-guerre-des-clans-sinvite-a-linauguration-dun-centre-commercial\",\"name\":\"Cameroun : la guerre des clans s\u2019invite \u00e0 l\u2019inauguration d\u2019un centre commercial - Cameroun\",\"isPartOf\":{\"@id\":\"https:\/\/www.africa-press.net\/cameroun\/#website\"},\"primaryImageOfPage\":{\"@id\":\"https:\/\/www.africa-press.net\/cameroun\/politique\/cameroun-la-guerre-des-clans-sinvite-a-linauguration-dun-centre-commercial#primaryimage\"},\"image\":{\"@id\":\"https:\/\/www.africa-press.net\/cameroun\/politique\/cameroun-la-guerre-des-clans-sinvite-a-linauguration-dun-centre-commercial#primaryimage\"},\"thumbnailUrl\":\"https:\/\/static.africa-press.net\/cameroun\/sites\/57\/2022\/07\/img-62cda02922937.jpg\",\"datePublished\":\"2022-07-12T14:21:20+00:00\",\"dateModified\":\"2022-07-12T16:24:35+00:00\",\"author\":{\"@id\":\"https:\/\/www.africa-press.net\/cameroun\/#\/schema\/person\/2b1cf3cd81a31e3cd26889ca66d677f1\"},\"description\":\"Un centre commercial con\u00e7u et op\u00e9r\u00e9 par CFAO Consumer Retail a \u00e9t\u00e9 inaugur\u00e9 le 5 juillet par le secr\u00e9taire g\u00e9n\u00e9ral de la ...\",\"breadcrumb\":{\"@id\":\"https:\/\/www.africa-press.net\/cameroun\/politique\/cameroun-la-guerre-des-clans-sinvite-a-linauguration-dun-centre-commercial#breadcrumb\"},\"inLanguage\":\"fr-FR\",\"potentialAction\":[{\"@type\":\"ReadAction\",\"target\":[\"https:\/\/www.africa-press.net\/cameroun\/politique\/cameroun-la-guerre-des-clans-sinvite-a-linauguration-dun-centre-commercial\"]}]},{\"@type\":\"ImageObject\",\"inLanguage\":\"fr-FR\",\"@id\":\"https:\/\/www.africa-press.net\/cameroun\/politique\/cameroun-la-guerre-des-clans-sinvite-a-linauguration-dun-centre-commercial#primaryimage\",\"url\":\"https:\/\/static.africa-press.net\/cameroun\/sites\/57\/2022\/07\/img-62cda02922937.jpg\",\"contentUrl\":\"https:\/\/static.africa-press.net\/cameroun\/sites\/57\/2022\/07\/img-62cda02922937.jpg\",\"width\":1256,\"height\":628,\"caption\":\"Cameroun : la guerre des clans s\u2019invite \u00e0 l\u2019inauguration d\u2019un centre commercial\"},{\"@type\":\"BreadcrumbList\",\"@id\":\"https:\/\/www.africa-press.net\/cameroun\/politique\/cameroun-la-guerre-des-clans-sinvite-a-linauguration-dun-centre-commercial#breadcrumb\",\"itemListElement\":[{\"@type\":\"ListItem\",\"position\":1,\"name\":\"Accueil\",\"item\":\"https:\/\/www.africa-press.net\/cameroun\/\"},{\"@type\":\"ListItem\",\"position\":2,\"name\":\"Cameroun : la guerre des clans s\u2019invite \u00e0 l\u2019inauguration d\u2019un centre commercial\"}]},{\"@type\":\"WebSite\",\"@id\":\"https:\/\/www.africa-press.net\/cameroun\/#website\",\"url\":\"https:\/\/www.africa-press.net\/cameroun\/\",\"name\":\"Cameroun\",\"description\":\"Just another Africa News Agency Sites site\",\"potentialAction\":[{\"@type\":\"SearchAction\",\"target\":{\"@type\":\"EntryPoint\",\"urlTemplate\":\"https:\/\/www.africa-press.net\/cameroun\/?s={search_term_string}\"},\"query-input\":{\"@type\":\"PropertyValueSpecification\",\"valueRequired\":true,\"valueName\":\"search_term_string\"}}],\"inLanguage\":\"fr-FR\"},{\"@type\":\"Person\",\"@id\":\"https:\/\/www.africa-press.net\/cameroun\/#\/schema\/person\/2b1cf3cd81a31e3cd26889ca66d677f1\",\"name\":\"cfeditorfr\"}]}<\/script>\n<!-- \/ Yoast SEO Premium plugin. -->","yoast_head_json":{"title":"Cameroun : la guerre des clans s\u2019invite \u00e0 l\u2019inauguration d\u2019un centre commercial - Cameroun","description":"Un centre commercial con\u00e7u et op\u00e9r\u00e9 par CFAO Consumer Retail a \u00e9t\u00e9 inaugur\u00e9 le 5 juillet par le secr\u00e9taire g\u00e9n\u00e9ral de la ...","robots":{"index":"index","follow":"follow","max-snippet":"max-snippet:-1","max-image-preview":"max-image-preview:large","max-video-preview":"max-video-preview:-1"},"canonical":"https:\/\/www.africa-press.net\/cameroun\/politique\/cameroun-la-guerre-des-clans-sinvite-a-linauguration-dun-centre-commercial","og_locale":"fr_FR","og_type":"article","og_title":"Cameroun : la guerre des clans s\u2019invite \u00e0 l\u2019inauguration d\u2019un centre commercial","og_description":"Un centre commercial con\u00e7u et op\u00e9r\u00e9 par CFAO Consumer Retail a \u00e9t\u00e9 inaugur\u00e9 le 5 juillet par le secr\u00e9taire g\u00e9n\u00e9ral de la ...","og_url":"https:\/\/www.africa-press.net\/cameroun\/politique\/cameroun-la-guerre-des-clans-sinvite-a-linauguration-dun-centre-commercial","og_site_name":"Cameroun","article_published_time":"2022-07-12T14:21:20+00:00","article_modified_time":"2022-07-12T16:24:35+00:00","og_image":[{"width":1256,"height":628,"url":"https:\/\/static.africa-press.net\/cameroun\/sites\/57\/2022\/07\/img-62cda02922937.jpg","type":"image\/jpeg"}],"author":"cfeditorfr","twitter_card":"summary_large_image","twitter_misc":{"\u00c9crit par":"cfeditorfr","Dur\u00e9e de lecture estim\u00e9e":"1 minute"},"schema":{"@context":"https:\/\/schema.org","@graph":[{"@type":"Article","@id":"https:\/\/www.africa-press.net\/cameroun\/politique\/cameroun-la-guerre-des-clans-sinvite-a-linauguration-dun-centre-commercial#article","isPartOf":{"@id":"https:\/\/www.africa-press.net\/cameroun\/politique\/cameroun-la-guerre-des-clans-sinvite-a-linauguration-dun-centre-commercial"},"author":{"name":"cfeditorfr","@id":"https:\/\/www.africa-press.net\/cameroun\/#\/schema\/person\/2b1cf3cd81a31e3cd26889ca66d677f1"},"headline":"Cameroun : la guerre des clans s\u2019invite \u00e0 l\u2019inauguration d\u2019un centre commercial","datePublished":"2022-07-12T14:21:20+00:00","dateModified":"2022-07-12T16:24:35+00:00","mainEntityOfPage":{"@id":"https:\/\/www.africa-press.net\/cameroun\/politique\/cameroun-la-guerre-des-clans-sinvite-a-linauguration-dun-centre-commercial"},"wordCount":197,"commentCount":0,"image":{"@id":"https:\/\/www.africa-press.net\/cameroun\/politique\/cameroun-la-guerre-des-clans-sinvite-a-linauguration-dun-centre-commercial#primaryimage"},"thumbnailUrl":"https:\/\/static.africa-press.net\/cameroun\/sites\/57\/2022\/07\/img-62cda02922937.jpg","keywords":["Africa Press","Africa Press-Cameroun","Cameroun"],"articleSection":["homepage-french","Politique","Toutes les actualit\u00e9s"],"inLanguage":"fr-FR","potentialAction":[{"@type":"CommentAction","name":"Comment","target":["https:\/\/www.africa-press.net\/cameroun\/politique\/cameroun-la-guerre-des-clans-sinvite-a-linauguration-dun-centre-commercial#respond"]}]},{"@type":"WebPage","@id":"https:\/\/www.africa-press.net\/cameroun\/politique\/cameroun-la-guerre-des-clans-sinvite-a-linauguration-dun-centre-commercial","url":"https:\/\/www.africa-press.net\/cameroun\/politique\/cameroun-la-guerre-des-clans-sinvite-a-linauguration-dun-centre-commercial","name":"Cameroun : la guerre des clans s\u2019invite \u00e0 l\u2019inauguration d\u2019un centre commercial - Cameroun","isPartOf":{"@id":"https:\/\/www.africa-press.net\/cameroun\/#website"},"primaryImageOfPage":{"@id":"https:\/\/www.africa-press.net\/cameroun\/politique\/cameroun-la-guerre-des-clans-sinvite-a-linauguration-dun-centre-commercial#primaryimage"},"image":{"@id":"https:\/\/www.africa-press.net\/cameroun\/politique\/cameroun-la-guerre-des-clans-sinvite-a-linauguration-dun-centre-commercial#primaryimage"},"thumbnailUrl":"https:\/\/static.africa-press.net\/cameroun\/sites\/57\/2022\/07\/img-62cda02922937.jpg","datePublished":"2022-07-12T14:21:20+00:00","dateModified":"2022-07-12T16:24:35+00:00","author":{"@id":"https:\/\/www.africa-press.net\/cameroun\/#\/schema\/person\/2b1cf3cd81a31e3cd26889ca66d677f1"},"description":"Un centre commercial con\u00e7u et op\u00e9r\u00e9 par CFAO Consumer Retail a \u00e9t\u00e9 inaugur\u00e9 le 5 juillet par le secr\u00e9taire g\u00e9n\u00e9ral de la ...","breadcrumb":{"@id":"https:\/\/www.africa-press.net\/cameroun\/politique\/cameroun-la-guerre-des-clans-sinvite-a-linauguration-dun-centre-commercial#breadcrumb"},"inLanguage":"fr-FR","potentialAction":[{"@type":"ReadAction","target":["https:\/\/www.africa-press.net\/cameroun\/politique\/cameroun-la-guerre-des-clans-sinvite-a-linauguration-dun-centre-commercial"]}]},{"@type":"ImageObject","inLanguage":"fr-FR","@id":"https:\/\/www.africa-press.net\/cameroun\/politique\/cameroun-la-guerre-des-clans-sinvite-a-linauguration-dun-centre-commercial#primaryimage","url":"https:\/\/static.africa-press.net\/cameroun\/sites\/57\/2022\/07\/img-62cda02922937.jpg","contentUrl":"https:\/\/static.africa-press.net\/cameroun\/sites\/57\/2022\/07\/img-62cda02922937.jpg","width":1256,"height":628,"caption":"Cameroun : la guerre des clans s\u2019invite \u00e0 l\u2019inauguration d\u2019un centre commercial"},{"@type":"BreadcrumbList","@id":"https:\/\/www.africa-press.net\/cameroun\/politique\/cameroun-la-guerre-des-clans-sinvite-a-linauguration-dun-centre-commercial#breadcrumb","itemListElement":[{"@type":"ListItem","position":1,"name":"Accueil","item":"https:\/\/www.africa-press.net\/cameroun\/"},{"@type":"ListItem","position":2,"name":"Cameroun : la guerre des clans s\u2019invite \u00e0 l\u2019inauguration d\u2019un centre commercial"}]},{"@type":"WebSite","@id":"https:\/\/www.africa-press.net\/cameroun\/#website","url":"https:\/\/www.africa-press.net\/cameroun\/","name":"Cameroun","description":"Just another Africa News Agency Sites site","potentialAction":[{"@type":"SearchAction","target":{"@type":"EntryPoint","urlTemplate":"https:\/\/www.africa-press.net\/cameroun\/?s={search_term_string}"},"query-input":{"@type":"PropertyValueSpecification","valueRequired":true,"valueName":"search_term_string"}}],"inLanguage":"fr-FR"},{"@type":"Person","@id":"https:\/\/www.africa-press.net\/cameroun\/#\/schema\/person\/2b1cf3cd81a31e3cd26889ca66d677f1","name":"cfeditorfr"}]}},"_links":{"self":[{"href":"https:\/\/www.africa-press.net\/cameroun\/wp-json\/wp\/v2\/posts\/23359","targetHints":{"allow":["GET"]}}],"collection":[{"href":"https:\/\/www.africa-press.net\/cameroun\/wp-json\/wp\/v2\/posts"}],"about":[{"href":"https:\/\/www.africa-press.net\/cameroun\/wp-json\/wp\/v2\/types\/post"}],"author":[{"embeddable":true,"href":"https:\/\/www.africa-press.net\/cameroun\/wp-json\/wp\/v2\/users\/82"}],"replies":[{"embeddable":true,"href":"https:\/\/www.africa-press.net\/cameroun\/wp-json\/wp\/v2\/comments?post=23359"}],"version-history":[{"count":0,"href":"https:\/\/www.africa-press.net\/cameroun\/wp-json\/wp\/v2\/posts\/23359\/revisions"}],"wp:featuredmedia":[{"embeddable":true,"href":"https:\/\/www.africa-press.net\/cameroun\/wp-json\/wp\/v2\/media\/23358"}],"wp:attachment":[{"href":"https:\/\/www.africa-press.net\/cameroun\/wp-json\/wp\/v2\/media?parent=23359"}],"wp:term":[{"taxonomy":"category","embeddable":true,"href":"https:\/\/www.africa-press.net\/cameroun\/wp-json\/wp\/v2\/categories?post=23359"},{"taxonomy":"post_tag","embeddable":true,"href":"https:\/\/www.africa-press.net\/cameroun\/wp-json\/wp\/v2\/tags?post=23359"}],"curies":[{"name":"wp","href":"https:\/\/api.w.org\/{rel}","templated":true}]}}