{"id":23371,"date":"2022-07-12T14:52:29","date_gmt":"2022-07-12T14:52:29","guid":{"rendered":"https:\/\/www.africa-press.net\/cameroun\/politique\/cameroun-une-nouvelle-ecole-dagriculture-en-gestation"},"modified":"2022-07-12T16:26:51","modified_gmt":"2022-07-12T16:26:51","slug":"cameroun-une-nouvelle-ecole-dagriculture-en-gestation","status":"publish","type":"post","link":"https:\/\/www.africa-press.net\/cameroun\/economie\/cameroun-une-nouvelle-ecole-dagriculture-en-gestation","title":{"rendered":"Cameroun : une nouvelle \u00e9cole d\u2019agriculture en gestation"},"content":{"rendered":"<p><span style=\"color: #ff6600\"><strong>Africa-Press &#8211; Cameroun. <\/strong><\/span>Il s\u2019agit d\u2019une usine-\u00e9cole que l\u2019Agence fran\u00e7aise pour la formation professionnelle veut impl\u00e9menter au Cameroun afin de cr\u00e9er l\u2019environnement d\u2019un atelier de production et tous les probl\u00e8mes inh\u00e9rents \u00e0 ce secteur.<\/p>\n<p>C\u2019est aupr\u00e8s du ministre en charge de l\u2019agriculture, Gabriel Mbairobe que le projet a \u00e9t\u00e9 pr\u00e9sent\u00e9. C\u2019est Alex Lenoir, charg\u00e9 de l\u2019ing\u00e9nierie \u00e0 l\u2019Agence fran\u00e7aise pour la formation professionnelle qui a pris les devants le 6 juillet dernier. Ce dernier explique qu\u2019il s\u2019agit d\u2019une usine-\u00e9cole qui vise \u00e0 faciliter l\u2019insertion des populations vuln\u00e9rables.<\/p>\n<p>L\u2019usine-\u00e9cole permettra ainsi l\u2019impr\u00e9gnation des acquis p\u00e9dagogiques et pourra \u00e9galement favoriser la pratique dans des champs d\u2019exp\u00e9rimentation r\u00e9elle. Les apprentissages au sein de cette structure vont ainsi permettre aux jeunes d\u2019int\u00e9grer le processus tout en acqu\u00e9rant les gestes professionnels.<\/p>\n<p>Le projet va s\u2019articuler autour de l\u2019apprentissage et de la valorisation des m\u00e9tiers professionnels. Pour le ministre de l\u2019Agriculture, c\u2019est une opportunit\u00e9 pour permettre aux agriculteurs de ma\u00eetriser les cha\u00eenes de valeur de sp\u00e9culations dans les bassins de production du Moungo qui serviront de centre pilote \u00e0 ce projet. Il pr\u00e9cise que cette formation qu\u2019apporte l\u2019Agence fran\u00e7aise pour la formation professionnelle pourra apporter un plus dans le d\u00e9veloppement agricole au Cameroun.<\/p>\n<p>Le projet de l\u2019usine-\u00e9cole appara\u00eet dans un contexte o\u00f9 le Cameroun veut assurer une s\u00e9curit\u00e9 alimentaire optimale face \u00e0 une demande de plus en plus croissante pour sa population comme l\u2019a indiqu\u00e9 le ministre de l\u2019Agriculture. A c\u00f4t\u00e9 de cela, il y a le besoin a laiss\u00e9 entendre le ministre de la recherche semenci\u00e8re sur la production du ma\u00efs. Le Cameroun voulant passer de 30 tonnes \u00e0 40 tonnes<\/p>\n<p><strong>Pour plus d&rsquo;informations et d&rsquo;analyses sur la <a href=\"https:\/\/www.africa-press.net\/cameroun\">Cameroun<\/a>, suivez <a href=\"https:\/\/www.africa-press.net\/\">Africa-Press<\/a><\/strong><\/p>\n","protected":false},"excerpt":{"rendered":"<p>Africa-Press &#8211; Cameroun. Il s\u2019agit d\u2019une usine-\u00e9cole que l\u2019Agence fran\u00e7aise pour la formation professionnelle veut impl\u00e9menter au Cameroun afin de cr\u00e9er l\u2019environnement d\u2019un atelier de production et tous les probl\u00e8mes inh\u00e9rents \u00e0 ce secteur. C\u2019est aupr\u00e8s du ministre en charge de l\u2019agriculture, Gabriel Mbairobe que le projet a \u00e9t\u00e9 pr\u00e9sent\u00e9. C\u2019est Alex Lenoir, charg\u00e9 de [&hellip;]<\/p>\n","protected":false},"author":82,"featured_media":23370,"comment_status":"open","ping_status":"closed","sticky":false,"template":"","format":"standard","meta":{"footnotes":""},"categories":[3,11,10],"tags":[36,50,49],"class_list":["post-23371","post","type-post","status-publish","format-standard","has-post-thumbnail","hentry","category-economie","category-homepage-french","category-toutes-les-actualites","tag-africa-press","tag-africa-press-cameroun","tag-cameroun"],"yoast_head":"<!-- This site is optimized with the Yoast SEO Premium plugin v26.1 (Yoast SEO v27.0) - https:\/\/yoast.com\/product\/yoast-seo-premium-wordpress\/ -->\n<title>Cameroun : une nouvelle \u00e9cole d\u2019agriculture en gestation - Cameroun<\/title>\n<meta name=\"description\" content=\"Il s\u2019agit d\u2019une usine-\u00e9cole que l\u2019Agence fran\u00e7aise pour la formation professionnelle veut impl\u00e9menter au Cameroun afin d ...\" \/>\n<meta name=\"robots\" content=\"index, follow, max-snippet:-1, max-image-preview:large, max-video-preview:-1\" \/>\n<link rel=\"canonical\" href=\"https:\/\/www.africa-press.net\/cameroun\/economie\/cameroun-une-nouvelle-ecole-dagriculture-en-gestation\" \/>\n<meta property=\"og:locale\" content=\"fr_FR\" \/>\n<meta property=\"og:type\" content=\"article\" \/>\n<meta property=\"og:title\" content=\"Cameroun : une nouvelle \u00e9cole d\u2019agriculture en gestation\" \/>\n<meta property=\"og:description\" content=\"Il s\u2019agit d\u2019une usine-\u00e9cole que l\u2019Agence fran\u00e7aise pour la formation professionnelle veut impl\u00e9menter au Cameroun afin d ...\" \/>\n<meta property=\"og:url\" content=\"https:\/\/www.africa-press.net\/cameroun\/economie\/cameroun-une-nouvelle-ecole-dagriculture-en-gestation\" \/>\n<meta property=\"og:site_name\" content=\"Cameroun\" \/>\n<meta property=\"article:published_time\" content=\"2022-07-12T14:52:29+00:00\" \/>\n<meta property=\"article:modified_time\" content=\"2022-07-12T16:26:51+00:00\" \/>\n<meta property=\"og:image\" content=\"https:\/\/static.africa-press.net\/cameroun\/sites\/57\/2022\/07\/img-62cda0a5202b6.jpg\" \/>\n\t<meta property=\"og:image:width\" content=\"1920\" \/>\n\t<meta property=\"og:image:height\" content=\"1440\" \/>\n\t<meta property=\"og:image:type\" content=\"image\/jpeg\" \/>\n<meta name=\"author\" content=\"cfeditorfr\" \/>\n<meta name=\"twitter:card\" content=\"summary_large_image\" \/>\n<meta name=\"twitter:label1\" content=\"\u00c9crit par\" \/>\n\t<meta name=\"twitter:data1\" content=\"cfeditorfr\" \/>\n\t<meta name=\"twitter:label2\" content=\"Dur\u00e9e de lecture estim\u00e9e\" \/>\n\t<meta name=\"twitter:data2\" content=\"2 minutes\" \/>\n<script type=\"application\/ld+json\" class=\"yoast-schema-graph\">{\"@context\":\"https:\/\/schema.org\",\"@graph\":[{\"@type\":\"Article\",\"@id\":\"https:\/\/www.africa-press.net\/cameroun\/economie\/cameroun-une-nouvelle-ecole-dagriculture-en-gestation#article\",\"isPartOf\":{\"@id\":\"https:\/\/www.africa-press.net\/cameroun\/economie\/cameroun-une-nouvelle-ecole-dagriculture-en-gestation\"},\"author\":{\"name\":\"cfeditorfr\",\"@id\":\"https:\/\/www.africa-press.net\/cameroun\/#\/schema\/person\/2b1cf3cd81a31e3cd26889ca66d677f1\"},\"headline\":\"Cameroun : une nouvelle \u00e9cole d\u2019agriculture en gestation\",\"datePublished\":\"2022-07-12T14:52:29+00:00\",\"dateModified\":\"2022-07-12T16:26:51+00:00\",\"mainEntityOfPage\":{\"@id\":\"https:\/\/www.africa-press.net\/cameroun\/economie\/cameroun-une-nouvelle-ecole-dagriculture-en-gestation\"},\"wordCount\":336,\"commentCount\":0,\"image\":{\"@id\":\"https:\/\/www.africa-press.net\/cameroun\/economie\/cameroun-une-nouvelle-ecole-dagriculture-en-gestation#primaryimage\"},\"thumbnailUrl\":\"https:\/\/static.africa-press.net\/cameroun\/sites\/57\/2022\/07\/img-62cda0a5202b6.jpg\",\"keywords\":[\"Africa Press\",\"Africa Press-Cameroun\",\"Cameroun\"],\"articleSection\":[\"\u00c9conomie\",\"homepage-french\",\"Toutes les actualit\u00e9s\"],\"inLanguage\":\"fr-FR\",\"potentialAction\":[{\"@type\":\"CommentAction\",\"name\":\"Comment\",\"target\":[\"https:\/\/www.africa-press.net\/cameroun\/economie\/cameroun-une-nouvelle-ecole-dagriculture-en-gestation#respond\"]}]},{\"@type\":\"WebPage\",\"@id\":\"https:\/\/www.africa-press.net\/cameroun\/economie\/cameroun-une-nouvelle-ecole-dagriculture-en-gestation\",\"url\":\"https:\/\/www.africa-press.net\/cameroun\/economie\/cameroun-une-nouvelle-ecole-dagriculture-en-gestation\",\"name\":\"Cameroun : une nouvelle \u00e9cole d\u2019agriculture en gestation - Cameroun\",\"isPartOf\":{\"@id\":\"https:\/\/www.africa-press.net\/cameroun\/#website\"},\"primaryImageOfPage\":{\"@id\":\"https:\/\/www.africa-press.net\/cameroun\/economie\/cameroun-une-nouvelle-ecole-dagriculture-en-gestation#primaryimage\"},\"image\":{\"@id\":\"https:\/\/www.africa-press.net\/cameroun\/economie\/cameroun-une-nouvelle-ecole-dagriculture-en-gestation#primaryimage\"},\"thumbnailUrl\":\"https:\/\/static.africa-press.net\/cameroun\/sites\/57\/2022\/07\/img-62cda0a5202b6.jpg\",\"datePublished\":\"2022-07-12T14:52:29+00:00\",\"dateModified\":\"2022-07-12T16:26:51+00:00\",\"author\":{\"@id\":\"https:\/\/www.africa-press.net\/cameroun\/#\/schema\/person\/2b1cf3cd81a31e3cd26889ca66d677f1\"},\"description\":\"Il s\u2019agit d\u2019une usine-\u00e9cole que l\u2019Agence fran\u00e7aise pour la formation professionnelle veut impl\u00e9menter au Cameroun afin d ...\",\"breadcrumb\":{\"@id\":\"https:\/\/www.africa-press.net\/cameroun\/economie\/cameroun-une-nouvelle-ecole-dagriculture-en-gestation#breadcrumb\"},\"inLanguage\":\"fr-FR\",\"potentialAction\":[{\"@type\":\"ReadAction\",\"target\":[\"https:\/\/www.africa-press.net\/cameroun\/economie\/cameroun-une-nouvelle-ecole-dagriculture-en-gestation\"]}]},{\"@type\":\"ImageObject\",\"inLanguage\":\"fr-FR\",\"@id\":\"https:\/\/www.africa-press.net\/cameroun\/economie\/cameroun-une-nouvelle-ecole-dagriculture-en-gestation#primaryimage\",\"url\":\"https:\/\/static.africa-press.net\/cameroun\/sites\/57\/2022\/07\/img-62cda0a5202b6.jpg\",\"contentUrl\":\"https:\/\/static.africa-press.net\/cameroun\/sites\/57\/2022\/07\/img-62cda0a5202b6.jpg\",\"width\":1920,\"height\":1440,\"caption\":\"Cameroun : une nouvelle \u00e9cole d\u2019agriculture en gestation\"},{\"@type\":\"BreadcrumbList\",\"@id\":\"https:\/\/www.africa-press.net\/cameroun\/economie\/cameroun-une-nouvelle-ecole-dagriculture-en-gestation#breadcrumb\",\"itemListElement\":[{\"@type\":\"ListItem\",\"position\":1,\"name\":\"Accueil\",\"item\":\"https:\/\/www.africa-press.net\/cameroun\/\"},{\"@type\":\"ListItem\",\"position\":2,\"name\":\"Cameroun : une nouvelle \u00e9cole d\u2019agriculture en gestation\"}]},{\"@type\":\"WebSite\",\"@id\":\"https:\/\/www.africa-press.net\/cameroun\/#website\",\"url\":\"https:\/\/www.africa-press.net\/cameroun\/\",\"name\":\"Cameroun\",\"description\":\"Just another Africa News Agency Sites site\",\"potentialAction\":[{\"@type\":\"SearchAction\",\"target\":{\"@type\":\"EntryPoint\",\"urlTemplate\":\"https:\/\/www.africa-press.net\/cameroun\/?s={search_term_string}\"},\"query-input\":{\"@type\":\"PropertyValueSpecification\",\"valueRequired\":true,\"valueName\":\"search_term_string\"}}],\"inLanguage\":\"fr-FR\"},{\"@type\":\"Person\",\"@id\":\"https:\/\/www.africa-press.net\/cameroun\/#\/schema\/person\/2b1cf3cd81a31e3cd26889ca66d677f1\",\"name\":\"cfeditorfr\"}]}<\/script>\n<!-- \/ Yoast SEO Premium plugin. -->","yoast_head_json":{"title":"Cameroun : une nouvelle \u00e9cole d\u2019agriculture en gestation - Cameroun","description":"Il s\u2019agit d\u2019une usine-\u00e9cole que l\u2019Agence fran\u00e7aise pour la formation professionnelle veut impl\u00e9menter au Cameroun afin d ...","robots":{"index":"index","follow":"follow","max-snippet":"max-snippet:-1","max-image-preview":"max-image-preview:large","max-video-preview":"max-video-preview:-1"},"canonical":"https:\/\/www.africa-press.net\/cameroun\/economie\/cameroun-une-nouvelle-ecole-dagriculture-en-gestation","og_locale":"fr_FR","og_type":"article","og_title":"Cameroun : une nouvelle \u00e9cole d\u2019agriculture en gestation","og_description":"Il s\u2019agit d\u2019une usine-\u00e9cole que l\u2019Agence fran\u00e7aise pour la formation professionnelle veut impl\u00e9menter au Cameroun afin d ...","og_url":"https:\/\/www.africa-press.net\/cameroun\/economie\/cameroun-une-nouvelle-ecole-dagriculture-en-gestation","og_site_name":"Cameroun","article_published_time":"2022-07-12T14:52:29+00:00","article_modified_time":"2022-07-12T16:26:51+00:00","og_image":[{"width":1920,"height":1440,"url":"https:\/\/static.africa-press.net\/cameroun\/sites\/57\/2022\/07\/img-62cda0a5202b6.jpg","type":"image\/jpeg"}],"author":"cfeditorfr","twitter_card":"summary_large_image","twitter_misc":{"\u00c9crit par":"cfeditorfr","Dur\u00e9e de lecture estim\u00e9e":"2 minutes"},"schema":{"@context":"https:\/\/schema.org","@graph":[{"@type":"Article","@id":"https:\/\/www.africa-press.net\/cameroun\/economie\/cameroun-une-nouvelle-ecole-dagriculture-en-gestation#article","isPartOf":{"@id":"https:\/\/www.africa-press.net\/cameroun\/economie\/cameroun-une-nouvelle-ecole-dagriculture-en-gestation"},"author":{"name":"cfeditorfr","@id":"https:\/\/www.africa-press.net\/cameroun\/#\/schema\/person\/2b1cf3cd81a31e3cd26889ca66d677f1"},"headline":"Cameroun : une nouvelle \u00e9cole d\u2019agriculture en gestation","datePublished":"2022-07-12T14:52:29+00:00","dateModified":"2022-07-12T16:26:51+00:00","mainEntityOfPage":{"@id":"https:\/\/www.africa-press.net\/cameroun\/economie\/cameroun-une-nouvelle-ecole-dagriculture-en-gestation"},"wordCount":336,"commentCount":0,"image":{"@id":"https:\/\/www.africa-press.net\/cameroun\/economie\/cameroun-une-nouvelle-ecole-dagriculture-en-gestation#primaryimage"},"thumbnailUrl":"https:\/\/static.africa-press.net\/cameroun\/sites\/57\/2022\/07\/img-62cda0a5202b6.jpg","keywords":["Africa Press","Africa Press-Cameroun","Cameroun"],"articleSection":["\u00c9conomie","homepage-french","Toutes les actualit\u00e9s"],"inLanguage":"fr-FR","potentialAction":[{"@type":"CommentAction","name":"Comment","target":["https:\/\/www.africa-press.net\/cameroun\/economie\/cameroun-une-nouvelle-ecole-dagriculture-en-gestation#respond"]}]},{"@type":"WebPage","@id":"https:\/\/www.africa-press.net\/cameroun\/economie\/cameroun-une-nouvelle-ecole-dagriculture-en-gestation","url":"https:\/\/www.africa-press.net\/cameroun\/economie\/cameroun-une-nouvelle-ecole-dagriculture-en-gestation","name":"Cameroun : une nouvelle \u00e9cole d\u2019agriculture en gestation - Cameroun","isPartOf":{"@id":"https:\/\/www.africa-press.net\/cameroun\/#website"},"primaryImageOfPage":{"@id":"https:\/\/www.africa-press.net\/cameroun\/economie\/cameroun-une-nouvelle-ecole-dagriculture-en-gestation#primaryimage"},"image":{"@id":"https:\/\/www.africa-press.net\/cameroun\/economie\/cameroun-une-nouvelle-ecole-dagriculture-en-gestation#primaryimage"},"thumbnailUrl":"https:\/\/static.africa-press.net\/cameroun\/sites\/57\/2022\/07\/img-62cda0a5202b6.jpg","datePublished":"2022-07-12T14:52:29+00:00","dateModified":"2022-07-12T16:26:51+00:00","author":{"@id":"https:\/\/www.africa-press.net\/cameroun\/#\/schema\/person\/2b1cf3cd81a31e3cd26889ca66d677f1"},"description":"Il s\u2019agit d\u2019une usine-\u00e9cole que l\u2019Agence fran\u00e7aise pour la formation professionnelle veut impl\u00e9menter au Cameroun afin d ...","breadcrumb":{"@id":"https:\/\/www.africa-press.net\/cameroun\/economie\/cameroun-une-nouvelle-ecole-dagriculture-en-gestation#breadcrumb"},"inLanguage":"fr-FR","potentialAction":[{"@type":"ReadAction","target":["https:\/\/www.africa-press.net\/cameroun\/economie\/cameroun-une-nouvelle-ecole-dagriculture-en-gestation"]}]},{"@type":"ImageObject","inLanguage":"fr-FR","@id":"https:\/\/www.africa-press.net\/cameroun\/economie\/cameroun-une-nouvelle-ecole-dagriculture-en-gestation#primaryimage","url":"https:\/\/static.africa-press.net\/cameroun\/sites\/57\/2022\/07\/img-62cda0a5202b6.jpg","contentUrl":"https:\/\/static.africa-press.net\/cameroun\/sites\/57\/2022\/07\/img-62cda0a5202b6.jpg","width":1920,"height":1440,"caption":"Cameroun : une nouvelle \u00e9cole d\u2019agriculture en gestation"},{"@type":"BreadcrumbList","@id":"https:\/\/www.africa-press.net\/cameroun\/economie\/cameroun-une-nouvelle-ecole-dagriculture-en-gestation#breadcrumb","itemListElement":[{"@type":"ListItem","position":1,"name":"Accueil","item":"https:\/\/www.africa-press.net\/cameroun\/"},{"@type":"ListItem","position":2,"name":"Cameroun : une nouvelle \u00e9cole d\u2019agriculture en gestation"}]},{"@type":"WebSite","@id":"https:\/\/www.africa-press.net\/cameroun\/#website","url":"https:\/\/www.africa-press.net\/cameroun\/","name":"Cameroun","description":"Just another Africa News Agency Sites site","potentialAction":[{"@type":"SearchAction","target":{"@type":"EntryPoint","urlTemplate":"https:\/\/www.africa-press.net\/cameroun\/?s={search_term_string}"},"query-input":{"@type":"PropertyValueSpecification","valueRequired":true,"valueName":"search_term_string"}}],"inLanguage":"fr-FR"},{"@type":"Person","@id":"https:\/\/www.africa-press.net\/cameroun\/#\/schema\/person\/2b1cf3cd81a31e3cd26889ca66d677f1","name":"cfeditorfr"}]}},"_links":{"self":[{"href":"https:\/\/www.africa-press.net\/cameroun\/wp-json\/wp\/v2\/posts\/23371","targetHints":{"allow":["GET"]}}],"collection":[{"href":"https:\/\/www.africa-press.net\/cameroun\/wp-json\/wp\/v2\/posts"}],"about":[{"href":"https:\/\/www.africa-press.net\/cameroun\/wp-json\/wp\/v2\/types\/post"}],"author":[{"embeddable":true,"href":"https:\/\/www.africa-press.net\/cameroun\/wp-json\/wp\/v2\/users\/82"}],"replies":[{"embeddable":true,"href":"https:\/\/www.africa-press.net\/cameroun\/wp-json\/wp\/v2\/comments?post=23371"}],"version-history":[{"count":0,"href":"https:\/\/www.africa-press.net\/cameroun\/wp-json\/wp\/v2\/posts\/23371\/revisions"}],"wp:featuredmedia":[{"embeddable":true,"href":"https:\/\/www.africa-press.net\/cameroun\/wp-json\/wp\/v2\/media\/23370"}],"wp:attachment":[{"href":"https:\/\/www.africa-press.net\/cameroun\/wp-json\/wp\/v2\/media?parent=23371"}],"wp:term":[{"taxonomy":"category","embeddable":true,"href":"https:\/\/www.africa-press.net\/cameroun\/wp-json\/wp\/v2\/categories?post=23371"},{"taxonomy":"post_tag","embeddable":true,"href":"https:\/\/www.africa-press.net\/cameroun\/wp-json\/wp\/v2\/tags?post=23371"}],"curies":[{"name":"wp","href":"https:\/\/api.w.org\/{rel}","templated":true}]}}